{"id":742,"date":"2017-03-17T13:49:07","date_gmt":"2017-03-17T12:49:07","guid":{"rendered":"http:\/\/cepronda.com\/blog\/?p=742"},"modified":"2017-03-17T13:49:07","modified_gmt":"2017-03-17T12:49:07","slug":"ejemplo-de-una-buena-practica","status":"publish","type":"post","link":"https:\/\/cepronda.com\/blog\/ejemplo-de-una-buena-practica\/","title":{"rendered":"Ejemplo de una buena pr\u00e1ctica"},"content":{"rendered":"<p>Muy buenas,<\/p>\n<p>Antes de irnos de descanso en este fin de semana, queremos compartir con todas y todos vosotros un ejemplo de buena pr\u00e1ctica que han realizado en el CEIP Nuestro Padre Jes\u00fas de Ronda. Para poder acceder a las fotos y v\u00eddeos de esta pr\u00e1ctica haz <a href=\"https:\/\/sites.google.com\/cepronda.com\/proyectoegipto\" target=\"_blank\">clic en la imagen<\/a>.<\/p>\n<div style=\"width: 719px\" class=\"wp-caption aligncenter\"><a href=\"https:\/\/sites.google.com\/cepronda.com\/proyectoegipto\" target=\"_blank\"><img loading=\"lazy\" decoding=\"async\" src=\"https:\/\/lh3.googleusercontent.com\/0-bnAANnDVVoqkSolmsfFeJ4ei2ZNHRkvQWsxmkrwNN6hQ86X59QRkOSwcp1BlzlX3ere5vKSxcnzptfO4jjsxb_PyGaL2RlgRtfIUbfbts-Nf7OL5Mhtrx8te-VxDWpg9mK-UuGLSVAQuGkgbSWtqbn_lnl9LthxyC7n0_PAYVvJ-BQGW-ZkGut5DJjDZHXK0D56GYok8SbsPJuBtNYfZxikkEZRAmj6N1sL8FGqGmOP7H-8_qNQ43uKTlDUQsp6EVhRymFp3PHoFwNY267K_t7LXtDGxfxK9YQhgRZVbD5RxlTkTzjivN95CX_Q_8CF5myXfJWaO5L9DA5N4rWaXBLfI0KxA0yxJPcFVCi_iqQUBOf6fI1wcuqbkwHS31iOSdsAaxuhgmHeB8ObKOJ1AibsegL7SrMnntoDMaVDFzjUQSZVlLrurHmrmK9TdL-_3wnTSUOyJQGcBm_d7Lgi5hXBxBBBvec02zo3z78jAxyFo-GDQiL_I2Cwii9UtpLWAuuEPzqf-JrTjlndEili4lrtnMaBgdvJfH9soTBHXXTwXlz8tOOigFRLZhnUGy7hcl4IdCSQaJcplKAgg6ZeLP0QeomY9GSY5aq8Z6jmmD9bKaaGJLP_D4KXC-eacHhF5rBZukUupA5falR5SJXYCMsaJcKt-t1owIHg74Ggw=w709-h407-no\" width=\"709\" height=\"407\" \/><\/a><p class=\"wp-caption-text\">Protagonistas del Proyecto \u00abEgipto\u00bb<\/p><\/div>\n<p>Adem\u00e1s queremos aprovechar para animaros a que compart\u00e1is todas vuestras grandes experiencias con nuestro equipo, y desde aqu\u00ed os aseguramos darle la mayor difusi\u00f3n posible. Para ello pod\u00e9is enviarnos el siguiente <a href=\"https:\/\/goo.gl\/forms\/XJdagbB6CnlLKJLu2\" target=\"_blank\"><strong>formulario<\/strong><\/a>.<\/p>\n","protected":false},"excerpt":{"rendered":"<p>Muy buenas, Antes de irnos de descanso en este fin de semana, queremos compartir con todas y todos vosotros un ejemplo de buena pr\u00e1ctica que han realizado en el CEIP Nuestro Padre Jes\u00fas de Ronda. Para poder acceder a las fotos y v\u00eddeos de esta pr\u00e1ctica haz clic en la imagen. Adem\u00e1s queremos aprovechar para [&hellip;]<\/p>\n","protected":false},"author":3,"featured_media":745,"comment_status":"open","ping_status":"open","sticky":false,"template":"","format":"standard","meta":{"_crdt_document":"","advanced_seo_description":"","jetpack_seo_html_title":"","jetpack_seo_noindex":false,"jetpack_post_was_ever_published":false,"_jetpack_newsletter_access":"","_jetpack_dont_email_post_to_subs":false,"_jetpack_newsletter_tier_id":0,"_jetpack_memberships_contains_paywalled_content":false,"_jetpack_memberships_contains_paid_content":false,"footnotes":"","jetpack_publicize_message":"","jetpack_publicize_feature_enabled":true,"jetpack_social_post_already_shared":false,"jetpack_social_options":{"image_generator_settings":{"template":"highway","default_image_id":0,"font":"","enabled":false},"version":2}},"categories":[5],"tags":[13],"class_list":{"0":"post-742","1":"post","2":"type-post","3":"status-publish","4":"format-standard","5":"has-post-thumbnail","7":"category-noticias","8":"tag-buenas-practicas","9":"czr-hentry"},"jetpack_publicize_connections":[],"jetpack_featured_media_url":"","jetpack_shortlink":"https:\/\/wp.me\/p8M4X7-bY","jetpack-related-posts":[{"id":8021,"url":"https:\/\/cepronda.com\/blog\/curso-creacion-de-un-coro-escolar-como-modelo-de-buena-practica-educativa-codigo-252926ge706\/","url_meta":{"origin":742,"position":0},"title":"CURSO CREACI\u00d3N DE UN CORO ESCOLAR COMO MODELO DE BUENA PR\u00c1CTICA EDUCATIVA, C\u00d3DIGO 252926GE706.","author":"Inmaculada Garc\u00eda","date":"9 enero, 2025","format":false,"excerpt":"Se informa de que est\u00e1 abierto el plazo de inscripci\u00f3n para la actividad provincial presencial: CREACI\u00d3N DE UN CORO ESCOLAR COMO MODELO DE BUENA PR\u00c1CTICA EDUCATIVA, con c\u00f3digo 252926GE706. Duraci\u00f3n: 12 horas. Lugar de realizaci\u00f3n: CEP de V\u00e9lez M\u00e1laga. Fecha actividad:\u00a022\/01\/2025 hasta 12\/02\/2025 Fecha inscripci\u00f3n:\u00a019\/12\/2024 hasta 17\/01\/2025 Detalle e inscripci\u00f3n:\u2026","rel":"","context":"En \u00abFormaciones\u00bb","block_context":{"text":"Formaciones","link":"https:\/\/cepronda.com\/blog\/category\/formaciones\/"},"img":{"alt_text":"","src":"https:\/\/i0.wp.com\/cepronda.com\/blog\/wp-content\/uploads\/2025\/01\/WhatsApp-Image-2025-01-09-at-13.34.53.jpeg?fit=848%2C1200&ssl=1&resize=350%2C200","width":350,"height":200,"srcset":"https:\/\/i0.wp.com\/cepronda.com\/blog\/wp-content\/uploads\/2025\/01\/WhatsApp-Image-2025-01-09-at-13.34.53.jpeg?fit=848%2C1200&ssl=1&resize=350%2C200 1x, https:\/\/i0.wp.com\/cepronda.com\/blog\/wp-content\/uploads\/2025\/01\/WhatsApp-Image-2025-01-09-at-13.34.53.jpeg?fit=848%2C1200&ssl=1&resize=525%2C300 1.5x, https:\/\/i0.wp.com\/cepronda.com\/blog\/wp-content\/uploads\/2025\/01\/WhatsApp-Image-2025-01-09-at-13.34.53.jpeg?fit=848%2C1200&ssl=1&resize=700%2C400 2x"},"classes":[]},{"id":2302,"url":"https:\/\/cepronda.com\/blog\/concurso-nacional-de-buenas-practicas\/","url_meta":{"origin":742,"position":1},"title":"Concurso nacional de Buenas Pr\u00e1cticas","author":"V\u00edctor Caballero","date":"11 septiembre, 2018","format":false,"excerpt":"\u00bfQu\u00e9 tal? Para todos aquellos centros que est\u00e9is interesados en presentar alguna de vuestra buena pr\u00e1ctica sabed que desde el Ministerio de Educaci\u00f3n han convocado un concurso nacional. Os dejamos con el enlace al extracto de las instrucciones, para que as\u00ed lo pod\u00e1is consultar. El plazo es hasta el 30\u2026","rel":"","context":"En \u00abFormaciones\u00bb","block_context":{"text":"Formaciones","link":"https:\/\/cepronda.com\/blog\/category\/formaciones\/"},"img":{"alt_text":"","src":"https:\/\/i0.wp.com\/cepronda.com\/blog\/wp-content\/uploads\/2018\/09\/escudo-mefp-mcd.gif?resize=350%2C200","width":350,"height":200},"classes":[]},{"id":4834,"url":"https:\/\/cepronda.com\/blog\/actividad-formativa-masculinidades-diversas-y-adolescencia-propuesta-practica-2\/","url_meta":{"origin":742,"position":2},"title":"ACTIVIDAD FORMATIVA MASCULINIDADES DIVERSAS Y ADOLESCENCIA. PROPUESTA PR\u00c1CTICA.","author":"Inmaculada Garc\u00eda","date":"28 octubre, 2021","format":false,"excerpt":"Buenas tardes compa\u00f1eros y compa\u00f1eras, el pr\u00f3ximo 11 de Noviembre comenzar\u00e1 la actividad formativa \"MASCULINIDADES DIVERSAS Y ADOLECENCIA. PROPUESTA PR\u00c1CTICA\" Pod\u00e9is acceder a m\u00e1s informaci\u00f3n y realizar vuestra inscripci\u00f3n en ESTE ENLACE. Esta actividad forma parte de nuestro ITINERARIO FORMATIVO EN CONVIVENCIA E IGUALDAD.\u00a0 Esperamos que sea de vuestro inter\u00e9s.\u00a0\u2026","rel":"","context":"En \u00abNoticias\u00bb","block_context":{"text":"Noticias","link":"https:\/\/cepronda.com\/blog\/category\/noticias\/"},"img":{"alt_text":"","src":"https:\/\/i0.wp.com\/cepronda.com\/blog\/wp-content\/uploads\/2021\/10\/MASCULINIDADES-DIVERSAS-Y-ADOLESCENCIA-PROPUESTA-PRACTICA-1-212x300.jpg?resize=350%2C200","width":350,"height":200},"classes":[]},{"id":4801,"url":"https:\/\/cepronda.com\/blog\/actividad-formativa-masculinidades-diversas-y-adolescencia-propuesta-practica\/","url_meta":{"origin":742,"position":3},"title":"ACTIVIDAD FORMATIVA \u00abMASCULINIDADES DIVERSAS Y ADOLESCENCIA: PROPUESTA PR\u00c1CTICA\u00bb","author":"Inmaculada Garc\u00eda","date":"21 octubre, 2021","format":false,"excerpt":"Buenas tardes compa\u00f1eros y compa\u00f1eras, os informamos de que est\u00e1 abierto el plazo de inscripci\u00f3n para la actividad formativa \"MASCULINIDADES DIVERSAS Y ADOLESCENCIA: PROPUESTA PR\u00c1CTICA\" en la que contaremos con Borja Rodr\u00edguez N\u00fa\u00f1ez, psic\u00f3logo, formador y experto en el trabajo con adolescentes, entre otros muchos \u00e1mbitos. El curso se presenta\u2026","rel":"","context":"En \u00abNoticias\u00bb","block_context":{"text":"Noticias","link":"https:\/\/cepronda.com\/blog\/category\/noticias\/"},"img":{"alt_text":"","src":"https:\/\/i0.wp.com\/cepronda.com\/blog\/wp-content\/uploads\/2021\/10\/MASCULINIDADES-DIVERSAS-Y-ADOLESCENCIA-PROPUESTA-PRACTICA-212x300.jpg?resize=350%2C200","width":350,"height":200},"classes":[]},{"id":4231,"url":"https:\/\/cepronda.com\/blog\/revista-andalucia-educativa-2\/","url_meta":{"origin":742,"position":4},"title":"REVISTA ANDALUC\u00cdA EDUCATIVA","author":"Maribel Mu\u00f1oz","date":"2 marzo, 2021","format":false,"excerpt":"Buenas tardes campa\u00f1eras y compa\u00f1eros, Os informamos que desde la revista Andalucia Educativa se ha habilitado un nuevo formulario para que cualquier persona pueda enviar una colaboraci\u00f3n directamente a la revista: ESTE FORMULARIO.\u00a0Si, por ejemplo, ten\u00e9is localizada alguna buena pr\u00e1ctica o una experiencia interesante en un centro, ahora es posible\u2026","rel":"","context":"En \u00abNoticias\u00bb","block_context":{"text":"Noticias","link":"https:\/\/cepronda.com\/blog\/category\/noticias\/"},"img":{"alt_text":"","src":"https:\/\/i0.wp.com\/cepronda.com\/blog\/wp-content\/uploads\/2020\/12\/Revsita-andalucia-cabecera.jpg?fit=1200%2C429&ssl=1&resize=350%2C200","width":350,"height":200,"srcset":"https:\/\/i0.wp.com\/cepronda.com\/blog\/wp-content\/uploads\/2020\/12\/Revsita-andalucia-cabecera.jpg?fit=1200%2C429&ssl=1&resize=350%2C200 1x, https:\/\/i0.wp.com\/cepronda.com\/blog\/wp-content\/uploads\/2020\/12\/Revsita-andalucia-cabecera.jpg?fit=1200%2C429&ssl=1&resize=525%2C300 1.5x, https:\/\/i0.wp.com\/cepronda.com\/blog\/wp-content\/uploads\/2020\/12\/Revsita-andalucia-cabecera.jpg?fit=1200%2C429&ssl=1&resize=700%2C400 2x, https:\/\/i0.wp.com\/cepronda.com\/blog\/wp-content\/uploads\/2020\/12\/Revsita-andalucia-cabecera.jpg?fit=1200%2C429&ssl=1&resize=1050%2C600 3x"},"classes":[]},{"id":3126,"url":"https:\/\/cepronda.com\/blog\/senderos-didacticos-en-parques-naturales-de-la-serrania-de-ronda\/","url_meta":{"origin":742,"position":5},"title":"SENDEROS DID\u00c1CTICOS EN PARQUES NATURALES DE LA SERRAN\u00cdA DE RONDA","author":"V\u00edctor Caballero","date":"7 noviembre, 2019","format":false,"excerpt":"Muy buenas familia, Para las personas amantes de las rutas de senderismo de nuestra comarca, y que adem\u00e1s quieran poner en pr\u00e1ctica alguna con su alumnado, volvemos a convocar esta actividad. Para inscribiros y ver las fechas, os dejamos el siguiente enlace.","rel":"","context":"En \u00abFormaciones\u00bb","block_context":{"text":"Formaciones","link":"https:\/\/cepronda.com\/blog\/category\/formaciones\/"},"img":{"alt_text":"","src":"https:\/\/i0.wp.com\/cepronda.com\/blog\/wp-content\/uploads\/2019\/11\/senderos_did%C3%A1cticos.png?fit=570%2C807&ssl=1&resize=350%2C200","width":350,"height":200,"srcset":"https:\/\/i0.wp.com\/cepronda.com\/blog\/wp-content\/uploads\/2019\/11\/senderos_did%C3%A1cticos.png?fit=570%2C807&ssl=1&resize=350%2C200 1x, https:\/\/i0.wp.com\/cepronda.com\/blog\/wp-content\/uploads\/2019\/11\/senderos_did%C3%A1cticos.png?fit=570%2C807&ssl=1&resize=525%2C300 1.5x"},"classes":[]}],"jetpack_sharing_enabled":true,"_links":{"self":[{"href":"https:\/\/cepronda.com\/blog\/wp-json\/wp\/v2\/posts\/742","targetHints":{"allow":["GET"]}}],"collection":[{"href":"https:\/\/cepronda.com\/blog\/wp-json\/wp\/v2\/posts"}],"about":[{"href":"https:\/\/cepronda.com\/blog\/wp-json\/wp\/v2\/types\/post"}],"author":[{"embeddable":true,"href":"https:\/\/cepronda.com\/blog\/wp-json\/wp\/v2\/users\/3"}],"replies":[{"embeddable":true,"href":"https:\/\/cepronda.com\/blog\/wp-json\/wp\/v2\/comments?post=742"}],"version-history":[{"count":0,"href":"https:\/\/cepronda.com\/blog\/wp-json\/wp\/v2\/posts\/742\/revisions"}],"wp:featuredmedia":[{"embeddable":true,"href":"https:\/\/cepronda.com\/blog\/wp-json\/"}],"wp:attachment":[{"href":"https:\/\/cepronda.com\/blog\/wp-json\/wp\/v2\/media?parent=742"}],"wp:term":[{"taxonomy":"category","embeddable":true,"href":"https:\/\/cepronda.com\/blog\/wp-json\/wp\/v2\/categories?post=742"},{"taxonomy":"post_tag","embeddable":true,"href":"https:\/\/cepronda.com\/blog\/wp-json\/wp\/v2\/tags?post=742"}],"curies":[{"name":"wp","href":"https:\/\/api.w.org\/{rel}","templated":true}]}}