{"id":7404,"date":"2024-01-22T12:16:33","date_gmt":"2024-01-22T11:16:33","guid":{"rendered":"https:\/\/cepronda.com\/blog\/?p=7404"},"modified":"2024-01-22T12:16:33","modified_gmt":"2024-01-22T11:16:33","slug":"formacion-google-certified-educator-level-2-249902kpf457","status":"publish","type":"post","link":"https:\/\/cepronda.com\/blog\/formacion-google-certified-educator-level-2-249902kpf457\/","title":{"rendered":"FORMACI\u00d3N \u00abGOOGLE CERTIFIED EDUCATOR. LEVEL 2\u00bb (249902KPF457)"},"content":{"rendered":"<div class=\"gmail_default\"><span style=\"font-weight: inherit;\">Os informamos que se encuentra abierta la inscripci\u00f3n en el curso regional a distancia, gestionado por el CEP de El Ejido,<strong> \u00abGOOGLE CERTIFIED EDUCATOR. LEVEL 2\u00bb<\/strong><\/span><strong> con <\/strong><strong>c\u00f3digo 249902KPF457.<\/strong><\/div>\n<div class=\"gmail_default\">\n<p><strong>Inscripciones:<\/strong> 18\/01\/2024 hasta 25\/01\/2024, hasta las 10:00h.<\/p>\n<p><strong>Fecha actividad:<\/strong> 31\/01\/2024 hasta 08\/03\/2024<\/p>\n<p><strong>Duraci\u00f3n:<\/strong> 50 no presenciales en AVFP.<\/p>\n<p><strong>N\u00famero de plazas:<\/strong> 300<br \/>\n<strong>Lugar de realizaci\u00f3n:<\/strong> AVFP<\/p>\n<p><strong>Detalle e inscripci\u00f3n en el siguiente enlace: <\/strong><a href=\"https:\/\/www.juntadeandalucia.es\/educacion\/secretariavirtual\/consultaCEP\/actividad\/249902KPF457\/\">https:\/\/www.juntadeandalucia.es\/educacion\/secretariavirtual\/consultaCEP\/actividad\/249902KPF457\/<\/a><\/p>\n<\/div>\n<div class=\"gmail_default\">\n<p><strong>Dirigido a:<\/strong><br \/>\n-Asesores ATD.<\/p>\n<p>-Coordinadores CompDigEdu.<\/p>\n<p>-Inspectores.<\/p>\n<p>-Coordinadores TDE.<\/p>\n<\/div>\n<p><img data-recalc-dims=\"1\" loading=\"lazy\" decoding=\"async\" class=\"aligncenter size-large wp-image-7406\" src=\"https:\/\/i0.wp.com\/cepronda.com\/blog\/wp-content\/uploads\/2024\/01\/flyer-formacion-google-solutia_RRSS-Twitter.png?resize=1024%2C667&#038;ssl=1\" alt=\"\" width=\"1024\" height=\"667\" srcset=\"https:\/\/i0.wp.com\/cepronda.com\/blog\/wp-content\/uploads\/2024\/01\/flyer-formacion-google-solutia_RRSS-Twitter.png?resize=1024%2C667&amp;ssl=1 1024w, https:\/\/i0.wp.com\/cepronda.com\/blog\/wp-content\/uploads\/2024\/01\/flyer-formacion-google-solutia_RRSS-Twitter.png?resize=300%2C195&amp;ssl=1 300w, https:\/\/i0.wp.com\/cepronda.com\/blog\/wp-content\/uploads\/2024\/01\/flyer-formacion-google-solutia_RRSS-Twitter.png?resize=768%2C500&amp;ssl=1 768w, https:\/\/i0.wp.com\/cepronda.com\/blog\/wp-content\/uploads\/2024\/01\/flyer-formacion-google-solutia_RRSS-Twitter.png?resize=1536%2C1001&amp;ssl=1 1536w, https:\/\/i0.wp.com\/cepronda.com\/blog\/wp-content\/uploads\/2024\/01\/flyer-formacion-google-solutia_RRSS-Twitter.png?resize=2048%2C1334&amp;ssl=1 2048w, https:\/\/i0.wp.com\/cepronda.com\/blog\/wp-content\/uploads\/2024\/01\/flyer-formacion-google-solutia_RRSS-Twitter.png?w=2340&amp;ssl=1 2340w\" sizes=\"auto, (max-width: 1024px) 100vw, 1024px\" \/><\/p>\n<p>&nbsp;<\/p>\n<p>&nbsp;<\/p>\n","protected":false},"excerpt":{"rendered":"<p>Os informamos que se encuentra abierta la inscripci\u00f3n en el curso regional a distancia, gestionado por el CEP de El Ejido, \u00abGOOGLE CERTIFIED EDUCATOR. LEVEL 2\u00bb con c\u00f3digo 249902KPF457. Inscripciones: 18\/01\/2024 hasta 25\/01\/2024, hasta las 10:00h. Fecha actividad: 31\/01\/2024 hasta 08\/03\/2024 Duraci\u00f3n: 50 no presenciales en AVFP. N\u00famero de plazas: 300 Lugar de realizaci\u00f3n: AVFP [&hellip;]<\/p>\n","protected":false},"author":9,"featured_media":7406,"comment_status":"closed","ping_status":"open","sticky":false,"template":"","format":"standard","meta":{"_crdt_document":"","advanced_seo_description":"","jetpack_seo_html_title":"","jetpack_seo_noindex":false,"jetpack_post_was_ever_published":false,"_jetpack_newsletter_access":"","_jetpack_dont_email_post_to_subs":false,"_jetpack_newsletter_tier_id":0,"_jetpack_memberships_contains_paywalled_content":false,"_jetpack_memberships_contains_paid_content":false,"footnotes":"","jetpack_publicize_message":"","jetpack_publicize_feature_enabled":true,"jetpack_social_post_already_shared":false,"jetpack_social_options":{"image_generator_settings":{"template":"highway","default_image_id":0,"font":"","enabled":false},"version":2}},"categories":[3,5],"tags":[],"class_list":{"0":"post-7404","1":"post","2":"type-post","3":"status-publish","4":"format-standard","5":"has-post-thumbnail","7":"category-formaciones","8":"category-noticias","9":"czr-hentry"},"jetpack_publicize_connections":[],"jetpack_featured_media_url":"https:\/\/i0.wp.com\/cepronda.com\/blog\/wp-content\/uploads\/2024\/01\/flyer-formacion-google-solutia_RRSS-Twitter.png?fit=2539%2C1654&ssl=1","jetpack_shortlink":"https:\/\/wp.me\/p8M4X7-1Vq","jetpack-related-posts":[{"id":7543,"url":"https:\/\/cepronda.com\/blog\/google-certified-educator-level-2\/","url_meta":{"origin":7404,"position":0},"title":"GOOGLE CERTIFIED EDUCATOR LEVEL 2","author":"Mamen Moreno","date":"2 abril, 2024","format":false,"excerpt":"GOOGLE CERTIFIED EDUCATOR LEVEL 2 C\u00f3digo: 249902QPF457 Dirigido: Asesores ATD, coordinadores CompDigEdu, inspectores y coordinadores TDE. Contenidos: - Gmail: Automatizaci\u00f3n de tareas - Drive: fomentando la colaboraci\u00f3n - Calendar: Calendarios compartidos con padres y docentes - Documentos: Digitalizaci\u00f3n del trabajo de aula - Formularios: Personalizando el aprendizaje y digitalizando la\u2026","rel":"","context":"En \u00abFormaciones\u00bb","block_context":{"text":"Formaciones","link":"https:\/\/cepronda.com\/blog\/category\/formaciones\/"},"img":{"alt_text":"","src":"https:\/\/i0.wp.com\/cepronda.com\/blog\/wp-content\/uploads\/2024\/04\/flyer-formacion-google-solutia_RRSS-Twitter-1.png?fit=1200%2C782&ssl=1&resize=350%2C200","width":350,"height":200,"srcset":"https:\/\/i0.wp.com\/cepronda.com\/blog\/wp-content\/uploads\/2024\/04\/flyer-formacion-google-solutia_RRSS-Twitter-1.png?fit=1200%2C782&ssl=1&resize=350%2C200 1x, https:\/\/i0.wp.com\/cepronda.com\/blog\/wp-content\/uploads\/2024\/04\/flyer-formacion-google-solutia_RRSS-Twitter-1.png?fit=1200%2C782&ssl=1&resize=525%2C300 1.5x, https:\/\/i0.wp.com\/cepronda.com\/blog\/wp-content\/uploads\/2024\/04\/flyer-formacion-google-solutia_RRSS-Twitter-1.png?fit=1200%2C782&ssl=1&resize=700%2C400 2x, https:\/\/i0.wp.com\/cepronda.com\/blog\/wp-content\/uploads\/2024\/04\/flyer-formacion-google-solutia_RRSS-Twitter-1.png?fit=1200%2C782&ssl=1&resize=1050%2C600 3x"},"classes":[]},{"id":7712,"url":"https:\/\/cepronda.com\/blog\/convocatoria-regional-de-cursos-avfp-curso-2024-25\/","url_meta":{"origin":7404,"position":1},"title":"CONVOCATORIA REGIONAL DE CURSOS AVFP. CURSO 2024\/25.","author":"Inmaculada Garc\u00eda","date":"19 septiembre, 2024","format":false,"excerpt":"\u00a0 \u00a0 CONVOCATORIA REGIONAL DE CURSOS AVFP \u00a0 Os informamos que se encuentra abierto el plazo de inscripci\u00f3n en la convocatoria de cursos regional. La superaci\u00f3n de estos cursos supone la certificaci\u00f3n de diversos niveles de Competencia Digital Docente. - HERRAMIENTAS DIGITALES APLICADAS A LA DOCENCIA EN LA FORMACI\u00d3N PROFESIONAL,\u2026","rel":"","context":"En \u00abFormaciones\u00bb","block_context":{"text":"Formaciones","link":"https:\/\/cepronda.com\/blog\/category\/formaciones\/"},"img":{"alt_text":"","src":"https:\/\/i0.wp.com\/cepronda.com\/blog\/wp-content\/uploads\/2024\/09\/CURSOS.png?fit=1200%2C1200&ssl=1&resize=350%2C200","width":350,"height":200,"srcset":"https:\/\/i0.wp.com\/cepronda.com\/blog\/wp-content\/uploads\/2024\/09\/CURSOS.png?fit=1200%2C1200&ssl=1&resize=350%2C200 1x, https:\/\/i0.wp.com\/cepronda.com\/blog\/wp-content\/uploads\/2024\/09\/CURSOS.png?fit=1200%2C1200&ssl=1&resize=525%2C300 1.5x, https:\/\/i0.wp.com\/cepronda.com\/blog\/wp-content\/uploads\/2024\/09\/CURSOS.png?fit=1200%2C1200&ssl=1&resize=700%2C400 2x, https:\/\/i0.wp.com\/cepronda.com\/blog\/wp-content\/uploads\/2024\/09\/CURSOS.png?fit=1200%2C1200&ssl=1&resize=1050%2C600 3x"},"classes":[]},{"id":7762,"url":"https:\/\/cepronda.com\/blog\/cuaderno-de-clase-de-seneca-para-la-evaluacion-competencial-online\/","url_meta":{"origin":7404,"position":2},"title":"CUADERNO DE CLASE DE S\u00c9NECA PARA LA EVALUACI\u00d3N COMPETENCIAL (ONLINE)","author":"V\u00edctor Caballero","date":"27 septiembre, 2024","format":false,"excerpt":"Abierto el plazo de inscripciones en la actividad online \"CUADERNO DE CLASE DE S\u00c9NECA PARA LA EVALUACI\u00d3N COMPETENCIAL\"\u00a0 con c\u00f3digo 259924KPF470 Duraci\u00f3n de la actividad: 40 horas no presenciales Fecha de inscripci\u00f3n: 27\/09\/2024 hasta 10\/10\/2024 Fecha de la actividad:\u00a0 11\/10\/2024 hasta 09\/12\/2024 Profesorado destinatario: Internivelar. Lugar de realizaci\u00f3n:\u00a0 AVFP Enlace\u2026","rel":"","context":"En \u00abFormaciones\u00bb","block_context":{"text":"Formaciones","link":"https:\/\/cepronda.com\/blog\/category\/formaciones\/"},"img":{"alt_text":"","src":"https:\/\/i0.wp.com\/cepronda.com\/blog\/wp-content\/uploads\/2024\/09\/259924KPF470_Cartel-Cuaderno-Seneca.png?fit=1080%2C1080&ssl=1&resize=350%2C200","width":350,"height":200,"srcset":"https:\/\/i0.wp.com\/cepronda.com\/blog\/wp-content\/uploads\/2024\/09\/259924KPF470_Cartel-Cuaderno-Seneca.png?fit=1080%2C1080&ssl=1&resize=350%2C200 1x, https:\/\/i0.wp.com\/cepronda.com\/blog\/wp-content\/uploads\/2024\/09\/259924KPF470_Cartel-Cuaderno-Seneca.png?fit=1080%2C1080&ssl=1&resize=525%2C300 1.5x, https:\/\/i0.wp.com\/cepronda.com\/blog\/wp-content\/uploads\/2024\/09\/259924KPF470_Cartel-Cuaderno-Seneca.png?fit=1080%2C1080&ssl=1&resize=700%2C400 2x, https:\/\/i0.wp.com\/cepronda.com\/blog\/wp-content\/uploads\/2024\/09\/259924KPF470_Cartel-Cuaderno-Seneca.png?fit=1080%2C1080&ssl=1&resize=1050%2C600 3x"},"classes":[]},{"id":7300,"url":"https:\/\/cepronda.com\/blog\/disena-y-crea-materiales-educativos-para-educacion-infantil-con-canva-y-genially\/","url_meta":{"origin":7404,"position":3},"title":"DISE\u00d1A Y CREA MATERIALES EDUCATIVOS PARA EDUCACI\u00d3N INFANTIL CON CANVA Y GENIALLY","author":"Mamen Moreno","date":"10 enero, 2024","format":false,"excerpt":"Se encuentra abierto el plazo de inscripci\u00f3n para la formaci\u00f3n\u00a0\u201c DISE\u00d1A Y CREA MATERIALES EDUCATIVOS PARA EDUCACI\u00d3N INFANTIL CON CANVA Y GENIALLY\"\u00a0 C\u00d3DIGO 242924GE050. Fechas de la actividad: 30\/01\/2024 hasta el 04\/03\/2024 Duraci\u00f3n de la actividad: 12 horas tutorizadas en el AVFP Lugar de realizaci\u00f3n:\u00a0 Plataforma de videoconferencias AVFP Fecha\u2026","rel":"","context":"En \u00abFormaciones\u00bb","block_context":{"text":"Formaciones","link":"https:\/\/cepronda.com\/blog\/category\/formaciones\/"},"img":{"alt_text":"","src":"https:\/\/i0.wp.com\/cepronda.com\/blog\/wp-content\/uploads\/2024\/01\/DISENA-Y-CREA-MATERIALES-EDUCATIVOS-PARA-EDUCACION-INFANTIL-CON-CANVA-Y-GENIALLY-codigo-242924GE050-2.jpg?fit=1080%2C1080&ssl=1&resize=350%2C200","width":350,"height":200,"srcset":"https:\/\/i0.wp.com\/cepronda.com\/blog\/wp-content\/uploads\/2024\/01\/DISENA-Y-CREA-MATERIALES-EDUCATIVOS-PARA-EDUCACION-INFANTIL-CON-CANVA-Y-GENIALLY-codigo-242924GE050-2.jpg?fit=1080%2C1080&ssl=1&resize=350%2C200 1x, https:\/\/i0.wp.com\/cepronda.com\/blog\/wp-content\/uploads\/2024\/01\/DISENA-Y-CREA-MATERIALES-EDUCATIVOS-PARA-EDUCACION-INFANTIL-CON-CANVA-Y-GENIALLY-codigo-242924GE050-2.jpg?fit=1080%2C1080&ssl=1&resize=525%2C300 1.5x, https:\/\/i0.wp.com\/cepronda.com\/blog\/wp-content\/uploads\/2024\/01\/DISENA-Y-CREA-MATERIALES-EDUCATIVOS-PARA-EDUCACION-INFANTIL-CON-CANVA-Y-GENIALLY-codigo-242924GE050-2.jpg?fit=1080%2C1080&ssl=1&resize=700%2C400 2x, https:\/\/i0.wp.com\/cepronda.com\/blog\/wp-content\/uploads\/2024\/01\/DISENA-Y-CREA-MATERIALES-EDUCATIVOS-PARA-EDUCACION-INFANTIL-CON-CANVA-Y-GENIALLY-codigo-242924GE050-2.jpg?fit=1080%2C1080&ssl=1&resize=1050%2C600 3x"},"classes":[]},{"id":7255,"url":"https:\/\/cepronda.com\/blog\/formacion-avanzada-para-orientadores-as-codigo-242922ge045\/","url_meta":{"origin":7404,"position":4},"title":"FORMACI\u00d3N AVANZADA PARA ORIENTADORES\/AS: C\u00f3digo: 242922GE045","author":"Inmaculada Garc\u00eda","date":"4 diciembre, 2023","format":false,"excerpt":"Se encuentra abierto el plazo de inscripci\u00f3n en la actividad provincial a Distancia (AVFP), de 30 horas, \"FORMACI\u00d3N AVANZADA PARA ORIENTADORES\/AS\"(C\u00f3digo: 242922GE045) M\u00e1s informaci\u00f3n e inscripci\u00f3n en: https:\/\/bit.ly\/46uz2G0 Fecha actividad:\u00a015\/01\/2024 hasta 15\/03\/2024 Fecha inscripci\u00f3n:\u00a004\/12\/2023 hasta 15\/12\/2023 Horas totales:\u00a030","rel":"","context":"En \u00abFormaciones\u00bb","block_context":{"text":"Formaciones","link":"https:\/\/cepronda.com\/blog\/category\/formaciones\/"},"img":{"alt_text":"","src":"https:\/\/i0.wp.com\/cepronda.com\/blog\/wp-content\/uploads\/2023\/12\/FORMACION-AVANZADA-PARA-ORIENTADORES242922GE045.jpg?fit=1080%2C1080&ssl=1&resize=350%2C200","width":350,"height":200,"srcset":"https:\/\/i0.wp.com\/cepronda.com\/blog\/wp-content\/uploads\/2023\/12\/FORMACION-AVANZADA-PARA-ORIENTADORES242922GE045.jpg?fit=1080%2C1080&ssl=1&resize=350%2C200 1x, https:\/\/i0.wp.com\/cepronda.com\/blog\/wp-content\/uploads\/2023\/12\/FORMACION-AVANZADA-PARA-ORIENTADORES242922GE045.jpg?fit=1080%2C1080&ssl=1&resize=525%2C300 1.5x, https:\/\/i0.wp.com\/cepronda.com\/blog\/wp-content\/uploads\/2023\/12\/FORMACION-AVANZADA-PARA-ORIENTADORES242922GE045.jpg?fit=1080%2C1080&ssl=1&resize=700%2C400 2x, https:\/\/i0.wp.com\/cepronda.com\/blog\/wp-content\/uploads\/2023\/12\/FORMACION-AVANZADA-PARA-ORIENTADORES242922GE045.jpg?fit=1080%2C1080&ssl=1&resize=1050%2C600 3x"},"classes":[]},{"id":7350,"url":"https:\/\/cepronda.com\/blog\/formaciones-en-competencia-digital-docente-niveles-a2-0-a-6-anos-b1-y-b2\/","url_meta":{"origin":7404,"position":5},"title":"FORMACIONES EN COMPETENCIA DIGITAL DOCENTE. NIVELES A2 (0 a 6 a\u00f1os), B1 Y B2.","author":"Inmaculada Garc\u00eda","date":"17 enero, 2024","format":false,"excerpt":"Est\u00e1 abierto el plazo de inscripci\u00f3n en los siguientes cursos de Competencia Digital Docente: Nivel A2 de Competencia Digital Docente para Educaci\u00f3n infantil de 0 a 6 a\u00f1os. (50 horas). C\u00f3digo: 242924KPF448\u00a0\u00a0 \u00a0 \u00a0 \u00a0 \u00a0 \u00a0 \u00a0 \u00a0Fecha actividad: 04\/03\/2024 hasta 06\/05\/2024 Fecha inscripci\u00f3n: 15\/01\/2024 hasta 15\/02\/2024. Nivel B1\u2026","rel":"","context":"En \u00abFormaciones\u00bb","block_context":{"text":"Formaciones","link":"https:\/\/cepronda.com\/blog\/category\/formaciones\/"},"img":{"alt_text":"","src":"https:\/\/i0.wp.com\/cepronda.com\/blog\/wp-content\/uploads\/2024\/01\/Cartel-CDD.jpg?fit=1200%2C1200&ssl=1&resize=350%2C200","width":350,"height":200,"srcset":"https:\/\/i0.wp.com\/cepronda.com\/blog\/wp-content\/uploads\/2024\/01\/Cartel-CDD.jpg?fit=1200%2C1200&ssl=1&resize=350%2C200 1x, https:\/\/i0.wp.com\/cepronda.com\/blog\/wp-content\/uploads\/2024\/01\/Cartel-CDD.jpg?fit=1200%2C1200&ssl=1&resize=525%2C300 1.5x, https:\/\/i0.wp.com\/cepronda.com\/blog\/wp-content\/uploads\/2024\/01\/Cartel-CDD.jpg?fit=1200%2C1200&ssl=1&resize=700%2C400 2x, https:\/\/i0.wp.com\/cepronda.com\/blog\/wp-content\/uploads\/2024\/01\/Cartel-CDD.jpg?fit=1200%2C1200&ssl=1&resize=1050%2C600 3x"},"classes":[]}],"jetpack_sharing_enabled":true,"_links":{"self":[{"href":"https:\/\/cepronda.com\/blog\/wp-json\/wp\/v2\/posts\/7404","targetHints":{"allow":["GET"]}}],"collection":[{"href":"https:\/\/cepronda.com\/blog\/wp-json\/wp\/v2\/posts"}],"about":[{"href":"https:\/\/cepronda.com\/blog\/wp-json\/wp\/v2\/types\/post"}],"author":[{"embeddable":true,"href":"https:\/\/cepronda.com\/blog\/wp-json\/wp\/v2\/users\/9"}],"replies":[{"embeddable":true,"href":"https:\/\/cepronda.com\/blog\/wp-json\/wp\/v2\/comments?post=7404"}],"version-history":[{"count":2,"href":"https:\/\/cepronda.com\/blog\/wp-json\/wp\/v2\/posts\/7404\/revisions"}],"predecessor-version":[{"id":7407,"href":"https:\/\/cepronda.com\/blog\/wp-json\/wp\/v2\/posts\/7404\/revisions\/7407"}],"wp:featuredmedia":[{"embeddable":true,"href":"https:\/\/cepronda.com\/blog\/wp-json\/wp\/v2\/media\/7406"}],"wp:attachment":[{"href":"https:\/\/cepronda.com\/blog\/wp-json\/wp\/v2\/media?parent=7404"}],"wp:term":[{"taxonomy":"category","embeddable":true,"href":"https:\/\/cepronda.com\/blog\/wp-json\/wp\/v2\/categories?post=7404"},{"taxonomy":"post_tag","embeddable":true,"href":"https:\/\/cepronda.com\/blog\/wp-json\/wp\/v2\/tags?post=7404"}],"curies":[{"name":"wp","href":"https:\/\/api.w.org\/{rel}","templated":true}]}}