{"id":7389,"date":"2024-01-18T13:48:13","date_gmt":"2024-01-18T12:48:13","guid":{"rendered":"https:\/\/cepronda.com\/blog\/?p=7389"},"modified":"2025-04-25T12:06:13","modified_gmt":"2025-04-25T10:06:13","slug":"iii-feria-de-inventos-y-talentos-its-ronda-2024","status":"publish","type":"post","link":"https:\/\/cepronda.com\/blog\/iii-feria-de-inventos-y-talentos-its-ronda-2024\/","title":{"rendered":"III FERIA DE INVENTOS Y TALENTOS. It\u00b4s Ronda 2024"},"content":{"rendered":"<p>\u00bfQuieres mostrar a la comunidad educativa de Ronda y la comarca el Proyecto que hac\u00e9is en vuestro centro? \u00bfHac\u00e9is <span style=\"font-weight: 400;\">actividades innovadoras, creativas o art\u00edsticas en vuestras aulas? \u00bf<\/span>Te gustar\u00eda que tu alumnado tuviera un espacio donde mostrar su talento?&#8230;<\/p>\n<p><span style=\"font-weight: 400;\">Desde el Centro del Profesorado de Ronda, en colaboraci\u00f3n con el Excmo. Ayuntamiento de Ronda, el IES Mart\u00edn Rivero (Ronda), el IES P\u00e9rez de Guzm\u00e1n (Ronda), IES Gran Capit\u00e1n (C\u00f3rdoba) y el CEIP Juan Mart\u00edn Pinz\u00f3n (Ronda),hemos creado un comit\u00e9 para organizar la <\/span><b>III FERIA DE INVENTOS Y TALENTOS<\/b><span style=\"font-weight: 400;\">, <\/span><b>IT\u00b4s RONDA: Invents and Talents show in Ronda, <\/b><span style=\"font-weight: 400;\">un evento en el que podamos dar visibilidad a las actividades innovadoras, creativas o art\u00edsticas que realizamos en nuestras aulas y que tendr\u00e1 lugar los d\u00edas <strong>25 y 26 de abril<\/strong>, en horario de ma\u00f1ana, <\/span><span style=\"font-weight: 400;\">en el <\/span><b>Palacio de Ferias y Congresos de Ronda.<\/b><\/p>\n<p>Esta feria de inventos y talentos, como las anteriores ediciones, es un evento emocionante que destaca la creatividad y la innovaci\u00f3n de nuestro alumnado y profesorado.<\/p>\n<p>En esta convocatoria, os queremos animar a participar, ya sea mostrando los talentos, los inventos, las propuestas de tecnolog\u00eda, arte, ciencia, m\u00fasica, deportes, etc, que el alumnado y el profesorado de nuestros centros est\u00e1n llevando a cabo. Para ello, se adjunta\u00a0<a href=\"https:\/\/docs.google.com\/forms\/d\/e\/1FAIpQLSfdOGWSzhoi4Cg7_jD5CTCsJGbO2c1qaRry_0Le3y2Awpdvbg\/viewform?usp=sf_link\" target=\"_blank\" rel=\"noopener\" data-saferedirecturl=\"https:\/\/www.google.com\/url?q=https:\/\/docs.google.com\/forms\/d\/e\/1FAIpQLSfdOGWSzhoi4Cg7_jD5CTCsJGbO2c1qaRry_0Le3y2Awpdvbg\/viewform?usp%3Dsf_link&amp;source=gmail&amp;ust=1705661821549000&amp;usg=AOvVaw03eUeL-ubEAiawVtpI6k6R\">un cuestionario de participaci\u00f3n<\/a>, donde recogeremos informaci\u00f3n sobre el tipo de experiencia que est\u00e1is interesados e interesadas en compartir, es decir, con stands interactivos, exposiciones orales y conferencias, mon\u00f3logos, exposiciones en carteles, actividades art\u00edsticas, talleres participativos, gimkanas, teatros, etc. La participaci\u00f3n tiene asociada una formaci\u00f3n b\u00e1sica sobre el tema de la exposici\u00f3n.<\/p>\n<p><span style=\"font-weight: 400;\">AN\u00cdMATE Y AP\u00daNTATE a participar con tus alumnos y alumnas, sea cual sea tu \u00e1rea, departamento o materia.\u00a0<\/span><\/p>\n<p>FORMULARIO DE INSCRIPCI\u00d3N: <a href=\"https:\/\/docs.google.com\/forms\/d\/e\/1FAIpQLSfdOGWSzhoi4Cg7_jD5CTCsJGbO2c1qaRry_0Le3y2Awpdvbg\/viewform?usp=sf_link\">https:\/\/forms.gle\/9n3SX8GfMEsKKESLA<\/a><\/p>\n<p><span style=\"font-weight: 400;\">Si este a\u00f1o no puedes participar en la organizaci\u00f3n y quieres llevar a tus estudiantes para que disfruten de este IT\u00b4s\u00a0 Ronda 2024, abriremos un periodo de inscripci\u00f3n para que puedas solicitar la visita.<\/span><\/p>\n<p><span style=\"font-weight: 400;\">NO dudes en preguntar cualquier duda. Te podemos ayudar a incorporarlo en tu programaci\u00f3n y\/o dentro de los planes y programas del centro (Igualdad, Escuela espacio de Paz, Biblioteca, etc.), as\u00ed como en\u00a0 los \u00e1mbitos de conocimiento del Programa para la Innovaci\u00f3n y Mejora del Aprendizaje (CIMA).<\/span><\/p>\n<p><span style=\"font-weight: 400;\">Se convoca tambi\u00e9n concurso de carteles para crear el cartel oficial de <\/span><b>\u00a0III IT\u2019S Ronda<\/b><span style=\"font-weight: 400;\">\u00a0 con el\u00a0 objetivo de estimular la creatividad de nuestros j\u00f3venes artistas, as\u00ed como fomentar la difusi\u00f3n de la imagen de nuestro Show de Inventos y Talentos dentro y fuera de nuestra Serran\u00eda. <\/span>Como novedad, habr\u00e1 dos categor\u00edas, una para alumnado de Ed. Infantil y Ed. Primaria, y otra para el alumnado de Ed. Secundaria, Bachillerato y FP.<span style=\"font-weight: 400;\">\u00a0Las bases para dicho concurso las pod\u00e9is encontrar <\/span><a href=\"https:\/\/drive.google.com\/file\/d\/1qhwKWSuoFl2E2U8jh6OMlvTiV4iKl1bA\/view?usp=sharing\"><span style=\"font-weight: 400;\">AQU\u00cd<\/span><\/a><\/p>\n<p><span style=\"font-weight: 400;\">\u00a1OS ESPERAMOS!<\/span><\/p>\n<p><img data-recalc-dims=\"1\" loading=\"lazy\" decoding=\"async\" class=\"aligncenter wp-image-7390 \" src=\"https:\/\/i0.wp.com\/cepronda.com\/blog\/wp-content\/uploads\/2024\/01\/Concurso-artistico-post-para-instagram-3.jpg?resize=459%2C459&#038;ssl=1\" alt=\"\" width=\"459\" height=\"459\" srcset=\"https:\/\/i0.wp.com\/cepronda.com\/blog\/wp-content\/uploads\/2024\/01\/Concurso-artistico-post-para-instagram-3.jpg?resize=1024%2C1024&amp;ssl=1 1024w, https:\/\/i0.wp.com\/cepronda.com\/blog\/wp-content\/uploads\/2024\/01\/Concurso-artistico-post-para-instagram-3.jpg?resize=300%2C300&amp;ssl=1 300w, https:\/\/i0.wp.com\/cepronda.com\/blog\/wp-content\/uploads\/2024\/01\/Concurso-artistico-post-para-instagram-3.jpg?resize=150%2C150&amp;ssl=1 150w, https:\/\/i0.wp.com\/cepronda.com\/blog\/wp-content\/uploads\/2024\/01\/Concurso-artistico-post-para-instagram-3.jpg?resize=768%2C768&amp;ssl=1 768w, https:\/\/i0.wp.com\/cepronda.com\/blog\/wp-content\/uploads\/2024\/01\/Concurso-artistico-post-para-instagram-3.jpg?resize=1536%2C1536&amp;ssl=1 1536w, https:\/\/i0.wp.com\/cepronda.com\/blog\/wp-content\/uploads\/2024\/01\/Concurso-artistico-post-para-instagram-3.jpg?resize=2048%2C2048&amp;ssl=1 2048w, https:\/\/i0.wp.com\/cepronda.com\/blog\/wp-content\/uploads\/2024\/01\/Concurso-artistico-post-para-instagram-3.jpg?resize=50%2C50&amp;ssl=1 50w\" sizes=\"auto, (max-width: 459px) 100vw, 459px\" \/><\/p>\n","protected":false},"excerpt":{"rendered":"<p>\u00bfQuieres mostrar a la comunidad educativa de Ronda y la comarca el Proyecto que hac\u00e9is en vuestro centro? \u00bfHac\u00e9is actividades innovadoras, creativas o art\u00edsticas en vuestras aulas? \u00bfTe gustar\u00eda que tu alumnado tuviera un espacio donde mostrar su talento?&#8230; Desde el Centro del Profesorado de Ronda, en colaboraci\u00f3n con el Excmo. Ayuntamiento de Ronda, el [&hellip;]<\/p>\n","protected":false},"author":9,"featured_media":7391,"comment_status":"closed","ping_status":"open","sticky":false,"template":"","format":"standard","meta":{"_crdt_document":"","advanced_seo_description":"","jetpack_seo_html_title":"","jetpack_seo_noindex":false,"jetpack_post_was_ever_published":false,"_jetpack_newsletter_access":"","_jetpack_dont_email_post_to_subs":false,"_jetpack_newsletter_tier_id":0,"_jetpack_memberships_contains_paywalled_content":false,"_jetpack_memberships_contains_paid_content":false,"footnotes":"","jetpack_publicize_message":"","jetpack_publicize_feature_enabled":true,"jetpack_social_post_already_shared":false,"jetpack_social_options":{"image_generator_settings":{"template":"highway","default_image_id":0,"font":"","enabled":false},"version":2}},"categories":[5],"tags":[180],"class_list":{"0":"post-7389","1":"post","2":"type-post","3":"status-publish","4":"format-standard","5":"has-post-thumbnail","7":"category-noticias","8":"tag-concursos","9":"czr-hentry"},"jetpack_publicize_connections":[],"jetpack_featured_media_url":"https:\/\/i0.wp.com\/cepronda.com\/blog\/wp-content\/uploads\/2024\/01\/WhatsApp-Image-2023-03-21-at-11.39.26.jpg?fit=500%2C500&ssl=1","jetpack_shortlink":"https:\/\/wp.me\/p8M4X7-1Vb","jetpack-related-posts":[{"id":5729,"url":"https:\/\/cepronda.com\/blog\/ii-feria-de-inventos-y-talentos-its-ronda-2023\/","url_meta":{"origin":7389,"position":0},"title":"II FERIA DE INVENTOS Y TALENTOS. It\u00b4s Ronda 2023","author":"Inmaculada Garc\u00eda","date":"23 enero, 2023","format":false,"excerpt":"\u00bfQuieres mostrar a la comunidad educativa de Ronda y la comarca el Proyecto que hac\u00e9is en vuestro centro? \u00bfHac\u00e9is actividades innovadoras, creativas o art\u00edsticas en vuestras aulas? \u00bfTe gustar\u00eda que tu alumnado tuviera un espacio donde mostrar su talento?...\u00a0 Desde el Centro del Profesorado de Ronda, en colaboraci\u00f3n con el\u2026","rel":"","context":"En \u00abNoticias\u00bb","block_context":{"text":"Noticias","link":"https:\/\/cepronda.com\/blog\/category\/noticias\/"},"img":{"alt_text":"","src":"https:\/\/i0.wp.com\/cepronda.com\/blog\/wp-content\/uploads\/2022\/03\/It%C2%B4s-Ronda.png?fit=848%2C1200&ssl=1&resize=350%2C200","width":350,"height":200,"srcset":"https:\/\/i0.wp.com\/cepronda.com\/blog\/wp-content\/uploads\/2022\/03\/It%C2%B4s-Ronda.png?fit=848%2C1200&ssl=1&resize=350%2C200 1x, https:\/\/i0.wp.com\/cepronda.com\/blog\/wp-content\/uploads\/2022\/03\/It%C2%B4s-Ronda.png?fit=848%2C1200&ssl=1&resize=525%2C300 1.5x, https:\/\/i0.wp.com\/cepronda.com\/blog\/wp-content\/uploads\/2022\/03\/It%C2%B4s-Ronda.png?fit=848%2C1200&ssl=1&resize=700%2C400 2x"},"classes":[]},{"id":7552,"url":"https:\/\/cepronda.com\/blog\/iii-feria-de-inventos-y-talentos-its-ronda-2024-2\/","url_meta":{"origin":7389,"position":1},"title":"III Feria de Inventos y Talentos. IT\u00b4S RONDA 2024.","author":"Mamen Moreno","date":"8 abril, 2024","format":false,"excerpt":"Desde el CEP de Ronda, nos complace invitaros a visitar la III Feria de Inventos y Talentos. IT\u00b4s RONDA 2024. Se desarrollar\u00e1 los d\u00edas jueves 25 de abril (centros de ESO y Bachillerato) y el viernes 26 de abril (centros de Educaci\u00f3n Infantil y Primaria). Os recordamos que ten\u00e9is hasta\u2026","rel":"","context":"En \u00abNoticias\u00bb","block_context":{"text":"Noticias","link":"https:\/\/cepronda.com\/blog\/category\/noticias\/"},"img":{"alt_text":"","src":"https:\/\/i0.wp.com\/cepronda.com\/blog\/wp-content\/uploads\/2024\/04\/IMAGEN-VIDEO.png?fit=1200%2C707&ssl=1&resize=350%2C200","width":350,"height":200,"srcset":"https:\/\/i0.wp.com\/cepronda.com\/blog\/wp-content\/uploads\/2024\/04\/IMAGEN-VIDEO.png?fit=1200%2C707&ssl=1&resize=350%2C200 1x, https:\/\/i0.wp.com\/cepronda.com\/blog\/wp-content\/uploads\/2024\/04\/IMAGEN-VIDEO.png?fit=1200%2C707&ssl=1&resize=525%2C300 1.5x, https:\/\/i0.wp.com\/cepronda.com\/blog\/wp-content\/uploads\/2024\/04\/IMAGEN-VIDEO.png?fit=1200%2C707&ssl=1&resize=700%2C400 2x, https:\/\/i0.wp.com\/cepronda.com\/blog\/wp-content\/uploads\/2024\/04\/IMAGEN-VIDEO.png?fit=1200%2C707&ssl=1&resize=1050%2C600 3x"},"classes":[]},{"id":7672,"url":"https:\/\/cepronda.com\/blog\/el-ies-martin-rivero-de-ronda-junto-con-ies-gran-capitan-de-cordoba-premidados-por-su-fabrica-de-ideas-e-inventos\/","url_meta":{"origin":7389,"position":2},"title":"EL IES MART\u00cdN RIVERO DE RONDA JUNTO CON EL IES GRAN CAPIT\u00c1N DE C\u00d3RDOBA PREMIDADOS POR SU F\u00c1BRICA DE IDEAS E INVENTOS","author":"Mamen Moreno","date":"12 julio, 2024","format":false,"excerpt":"El IES Mart\u00edn Rivero ha sido premiado por su F\u00e1brica de Ideas e Inventos de estudiantes, junto con el IES Gran Capit\u00e1n de C\u00f3rdoba. El Ministerio de Ciencia, Innovaci\u00f3n y Universidades ha reconocido este prestigioso reconocimiento a la RED de centros andaluces FAB-IDI \"F\u00e1bricas de Ideas e Inventos\", coordinada en\u2026","rel":"","context":"En \u00abNoticias\u00bb","block_context":{"text":"Noticias","link":"https:\/\/cepronda.com\/blog\/category\/noticias\/"},"img":{"alt_text":"","src":"https:\/\/i0.wp.com\/cepronda.com\/blog\/wp-content\/uploads\/2024\/07\/WhatsApp-Image-2024-07-12-at-11.33.31-e1720792423312.jpeg?fit=871%2C515&ssl=1&resize=350%2C200","width":350,"height":200,"srcset":"https:\/\/i0.wp.com\/cepronda.com\/blog\/wp-content\/uploads\/2024\/07\/WhatsApp-Image-2024-07-12-at-11.33.31-e1720792423312.jpeg?fit=871%2C515&ssl=1&resize=350%2C200 1x, https:\/\/i0.wp.com\/cepronda.com\/blog\/wp-content\/uploads\/2024\/07\/WhatsApp-Image-2024-07-12-at-11.33.31-e1720792423312.jpeg?fit=871%2C515&ssl=1&resize=525%2C300 1.5x, https:\/\/i0.wp.com\/cepronda.com\/blog\/wp-content\/uploads\/2024\/07\/WhatsApp-Image-2024-07-12-at-11.33.31-e1720792423312.jpeg?fit=871%2C515&ssl=1&resize=700%2C400 2x"},"classes":[]},{"id":5906,"url":"https:\/\/cepronda.com\/blog\/quieres-visitar-la-feria-de-inventos-y-talentos-its-ronda-2023-apuntate\/","url_meta":{"origin":7389,"position":3},"title":"\u00bfQUIERES VISITAR LA FERIA DE INVENTOS Y TALENTOS. IT\u00b4S RONDA 2023? AP\u00daNTATE.","author":"Inmaculada Garc\u00eda","date":"11 abril, 2023","format":false,"excerpt":"Ya est\u00e1 habilitado el cuestionario para registrarte como visitante de la Feria de Inventos y Talentos. IT\u00b4s Ronda 2023. Si est\u00e1is interesados en asistir, ten\u00e9is hasta el d\u00eda 16 de abril del 2023 para rellenarlo. Este a\u00f1o contamos con nuevos talleres, nuevos experiencias educativas en nuestros Stands, actuaciones musicales y\u2026","rel":"","context":"En \u00abNoticias\u00bb","block_context":{"text":"Noticias","link":"https:\/\/cepronda.com\/blog\/category\/noticias\/"},"img":{"alt_text":"","src":"https:\/\/i0.wp.com\/cepronda.com\/blog\/wp-content\/uploads\/2023\/04\/WhatsApp-Image-2023-03-29-at-13.12.52.jpeg?fit=848%2C1200&ssl=1&resize=350%2C200","width":350,"height":200,"srcset":"https:\/\/i0.wp.com\/cepronda.com\/blog\/wp-content\/uploads\/2023\/04\/WhatsApp-Image-2023-03-29-at-13.12.52.jpeg?fit=848%2C1200&ssl=1&resize=350%2C200 1x, https:\/\/i0.wp.com\/cepronda.com\/blog\/wp-content\/uploads\/2023\/04\/WhatsApp-Image-2023-03-29-at-13.12.52.jpeg?fit=848%2C1200&ssl=1&resize=525%2C300 1.5x, https:\/\/i0.wp.com\/cepronda.com\/blog\/wp-content\/uploads\/2023\/04\/WhatsApp-Image-2023-03-29-at-13.12.52.jpeg?fit=848%2C1200&ssl=1&resize=700%2C400 2x"},"classes":[]},{"id":5182,"url":"https:\/\/cepronda.com\/blog\/feria-de-inventos-y-talentos-its-ronda-invents-and-talents-show-in-ronda\/","url_meta":{"origin":7389,"position":4},"title":"FERIA DE INVENTOS Y TALENTOS \u00abIT&#8217;S RONDA: Invents and Talents Show in Ronda\u00bb","author":"Inmaculada Garc\u00eda","date":"17 marzo, 2022","format":false,"excerpt":"Desde el centro del Profesorado de Ronda os invitamos a participar en el \"IT'S RONDA: Invents and Talents Show in Ronda\", una FERIA DE INVENTOS Y TALENTOS en la queremos visibilizar las actividades que se realizan en las aulas de los centros educativos de todo nuestro \u00e1mbito de actuaci\u00f3n. Este\u2026","rel":"","context":"En \u00abFormaciones\u00bb","block_context":{"text":"Formaciones","link":"https:\/\/cepronda.com\/blog\/category\/formaciones\/"},"img":{"alt_text":"","src":"https:\/\/i0.wp.com\/cepronda.com\/blog\/wp-content\/uploads\/2022\/03\/It%C2%B4s-Ronda.png?fit=848%2C1200&ssl=1&resize=350%2C200","width":350,"height":200,"srcset":"https:\/\/i0.wp.com\/cepronda.com\/blog\/wp-content\/uploads\/2022\/03\/It%C2%B4s-Ronda.png?fit=848%2C1200&ssl=1&resize=350%2C200 1x, https:\/\/i0.wp.com\/cepronda.com\/blog\/wp-content\/uploads\/2022\/03\/It%C2%B4s-Ronda.png?fit=848%2C1200&ssl=1&resize=525%2C300 1.5x, https:\/\/i0.wp.com\/cepronda.com\/blog\/wp-content\/uploads\/2022\/03\/It%C2%B4s-Ronda.png?fit=848%2C1200&ssl=1&resize=700%2C400 2x"},"classes":[]},{"id":6001,"url":"https:\/\/cepronda.com\/blog\/el-ies-gran-capitan-de-cordoba-y-martin-rivero-de-ronda-logran-el-primer-premio-ciccartuja-futuros-investigadores\/","url_meta":{"origin":7389,"position":5},"title":"El IES Gran Capit\u00e1n de C\u00f3rdoba y Mart\u00edn Rivero de Ronda, logran el primer Premio CicCartuja \u201cfuturos investigadores\u201d","author":"Inmaculada Garc\u00eda","date":"17 mayo, 2023","format":false,"excerpt":"Desde el CEP de Ronda queremos dar la enhorabuena al alumnado y al profesorado del I.E.S. MArt\u00edn Rivero (Ronda) por su premio. \u201cDocumentales y Youtube: En busca de ideas para nuevas investigaciones\u201d es el t\u00edtulo del trabajo realizado de manera simult\u00e1nea durante este curso escolar en los IES Gran Capit\u00e1n\u2026","rel":"","context":"En \u00abNoticias\u00bb","block_context":{"text":"Noticias","link":"https:\/\/cepronda.com\/blog\/category\/noticias\/"},"img":{"alt_text":"","src":"https:\/\/i0.wp.com\/cepronda.com\/blog\/wp-content\/uploads\/2023\/05\/Entrega-premio-total.jpg?fit=853%2C841&ssl=1&resize=350%2C200","width":350,"height":200,"srcset":"https:\/\/i0.wp.com\/cepronda.com\/blog\/wp-content\/uploads\/2023\/05\/Entrega-premio-total.jpg?fit=853%2C841&ssl=1&resize=350%2C200 1x, https:\/\/i0.wp.com\/cepronda.com\/blog\/wp-content\/uploads\/2023\/05\/Entrega-premio-total.jpg?fit=853%2C841&ssl=1&resize=525%2C300 1.5x, https:\/\/i0.wp.com\/cepronda.com\/blog\/wp-content\/uploads\/2023\/05\/Entrega-premio-total.jpg?fit=853%2C841&ssl=1&resize=700%2C400 2x"},"classes":[]}],"jetpack_sharing_enabled":true,"_links":{"self":[{"href":"https:\/\/cepronda.com\/blog\/wp-json\/wp\/v2\/posts\/7389","targetHints":{"allow":["GET"]}}],"collection":[{"href":"https:\/\/cepronda.com\/blog\/wp-json\/wp\/v2\/posts"}],"about":[{"href":"https:\/\/cepronda.com\/blog\/wp-json\/wp\/v2\/types\/post"}],"author":[{"embeddable":true,"href":"https:\/\/cepronda.com\/blog\/wp-json\/wp\/v2\/users\/9"}],"replies":[{"embeddable":true,"href":"https:\/\/cepronda.com\/blog\/wp-json\/wp\/v2\/comments?post=7389"}],"version-history":[{"count":6,"href":"https:\/\/cepronda.com\/blog\/wp-json\/wp\/v2\/posts\/7389\/revisions"}],"predecessor-version":[{"id":7426,"href":"https:\/\/cepronda.com\/blog\/wp-json\/wp\/v2\/posts\/7389\/revisions\/7426"}],"wp:featuredmedia":[{"embeddable":true,"href":"https:\/\/cepronda.com\/blog\/wp-json\/wp\/v2\/media\/7391"}],"wp:attachment":[{"href":"https:\/\/cepronda.com\/blog\/wp-json\/wp\/v2\/media?parent=7389"}],"wp:term":[{"taxonomy":"category","embeddable":true,"href":"https:\/\/cepronda.com\/blog\/wp-json\/wp\/v2\/categories?post=7389"},{"taxonomy":"post_tag","embeddable":true,"href":"https:\/\/cepronda.com\/blog\/wp-json\/wp\/v2\/tags?post=7389"}],"curies":[{"name":"wp","href":"https:\/\/api.w.org\/{rel}","templated":true}]}}