{"id":7374,"date":"2024-01-16T12:13:26","date_gmt":"2024-01-16T11:13:26","guid":{"rendered":"https:\/\/cepronda.com\/blog\/?p=7374"},"modified":"2025-04-28T11:48:14","modified_gmt":"2025-04-28T09:48:14","slug":"ix-certamen-de-teatro-en-el-aula-ciudad-de-ronda","status":"publish","type":"post","link":"https:\/\/cepronda.com\/blog\/ix-certamen-de-teatro-en-el-aula-ciudad-de-ronda\/","title":{"rendered":"IX CERTAMEN DE TEATRO EN EL AULA. CIUDAD DE RONDA."},"content":{"rendered":"<p><strong>Desde el d\u00eda 02 de enero hasta el 31 de enero los centros educativos de Educaci\u00f3n Secundaria y Bachillerato de Ronda y la Comarca que lo deseen, podr\u00e1n inscribirse en el IX CERTAMEN DE TEATRO EN EL AULA \u201cCIUDAD DE RONDA\u201d para participar con una o dos obras de teatro rellenado el cuestionario que aparece en el siguiente enlace: Deber\u00e1n rellenar un cuestionario por obra.<\/strong><\/p>\n<ul>\n<li>ENLACE AL FORMULARIO DE INSCRIPCI\u00d3N:\u00a0<a href=\"https:\/\/docs.google.com\/forms\/d\/e\/1FAIpQLSep4eHM1Y4NMTiXlEX6zJ2AoKZn6nrv3J09_aHAN1K9Wgkz-Q\/viewform?usp=sf_link\">\u201cPINCHA AQU\u00cd\u201d.<\/a><\/li>\n<li>ENLACE CONSULTA BASES DEL CERTAMEN:\u00a0<a href=\"https:\/\/drive.google.com\/file\/d\/1DN5RaxJj6F9kkzMriIASOl9XpiwXJIHf\/view?usp=sharing\">\u201cPINCHA AQU\u00cd\u201d<\/a>.<br \/>\n<a style=\"color: #1a8d43; text-decoration-line: underline;\" href=\"https:\/\/drive.google.com\/file\/d\/1DN5RaxJj6F9kkzMriIASOl9XpiwXJIHf\/view?usp=sharing\"><img data-recalc-dims=\"1\" loading=\"lazy\" decoding=\"async\" class=\"size-medium wp-image-7375 aligncenter\" src=\"https:\/\/i0.wp.com\/cepronda.com\/blog\/wp-content\/uploads\/2024\/01\/Logo-Tacir-768x733-1.jpg?resize=300%2C286&#038;ssl=1\" alt=\"\" width=\"300\" height=\"286\" srcset=\"https:\/\/i0.wp.com\/cepronda.com\/blog\/wp-content\/uploads\/2024\/01\/Logo-Tacir-768x733-1.jpg?resize=300%2C286&amp;ssl=1 300w, https:\/\/i0.wp.com\/cepronda.com\/blog\/wp-content\/uploads\/2024\/01\/Logo-Tacir-768x733-1.jpg?w=768&amp;ssl=1 768w\" sizes=\"auto, (max-width: 300px) 100vw, 300px\" \/><\/a><\/li>\n<\/ul>\n","protected":false},"excerpt":{"rendered":"<p>Desde el d\u00eda 02 de enero hasta el 31 de enero los centros educativos de Educaci\u00f3n Secundaria y Bachillerato de Ronda y la Comarca que lo deseen, podr\u00e1n inscribirse en el IX CERTAMEN DE TEATRO EN EL AULA \u201cCIUDAD DE RONDA\u201d para participar con una o dos obras de teatro rellenado el cuestionario que aparece [&hellip;]<\/p>\n","protected":false},"author":13,"featured_media":7375,"comment_status":"closed","ping_status":"open","sticky":false,"template":"","format":"standard","meta":{"_crdt_document":"","advanced_seo_description":"","jetpack_seo_html_title":"","jetpack_seo_noindex":false,"jetpack_post_was_ever_published":false,"_jetpack_newsletter_access":"","_jetpack_dont_email_post_to_subs":false,"_jetpack_newsletter_tier_id":0,"_jetpack_memberships_contains_paywalled_content":false,"_jetpack_memberships_contains_paid_content":false,"footnotes":"","jetpack_publicize_message":"","jetpack_publicize_feature_enabled":true,"jetpack_social_post_already_shared":false,"jetpack_social_options":{"image_generator_settings":{"template":"highway","default_image_id":0,"font":"","enabled":false},"version":2}},"categories":[3,5],"tags":[],"class_list":{"0":"post-7374","1":"post","2":"type-post","3":"status-publish","4":"format-standard","5":"has-post-thumbnail","7":"category-formaciones","8":"category-noticias","9":"czr-hentry"},"jetpack_publicize_connections":[],"jetpack_featured_media_url":"https:\/\/i0.wp.com\/cepronda.com\/blog\/wp-content\/uploads\/2024\/01\/Logo-Tacir-768x733-1.jpg?fit=768%2C733&ssl=1","jetpack_shortlink":"https:\/\/wp.me\/p8M4X7-1UW","jetpack-related-posts":[{"id":7514,"url":"https:\/\/cepronda.com\/blog\/enlace-inscripcion-centros-asistir-ix-certamen-de-teatro-en-el-aula-ciudad-de-ronda-tacir\/","url_meta":{"origin":7374,"position":0},"title":"Enlace Inscripci\u00f3n Centros Asistir \u201cIX CERTAMEN DE TEATRO EN EL AULA\u201d CIUDAD DE RONDA (TACIR)","author":"Mamen Moreno","date":"18 marzo, 2024","format":false,"excerpt":"Abierto el plazo para la inscripci\u00f3n como p\u00fablico\u00a0a las obras de teatro que se presentan en el \u201cIX CERTAMEN DE TEATRO EN EL AULA\u201d. ENLACE:\u00a0\u201d Pincha Aqu\u00ed\u201d. NOTA:\u00a0 EL PLAZO PARA LA INSCRIPCI\u00d3N COMO P\u00daBLICO ES DESDE EL 15 DE MARZO HASTA EL 15 DE ABRIL.","rel":"","context":"En \u00abNoticias\u00bb","block_context":{"text":"Noticias","link":"https:\/\/cepronda.com\/blog\/category\/noticias\/"},"img":{"alt_text":"","src":"https:\/\/i0.wp.com\/cepronda.com\/blog\/wp-content\/uploads\/2024\/03\/Logo-Tacir-1024x977-1.jpg?fit=1024%2C977&ssl=1&resize=350%2C200","width":350,"height":200,"srcset":"https:\/\/i0.wp.com\/cepronda.com\/blog\/wp-content\/uploads\/2024\/03\/Logo-Tacir-1024x977-1.jpg?fit=1024%2C977&ssl=1&resize=350%2C200 1x, https:\/\/i0.wp.com\/cepronda.com\/blog\/wp-content\/uploads\/2024\/03\/Logo-Tacir-1024x977-1.jpg?fit=1024%2C977&ssl=1&resize=525%2C300 1.5x, https:\/\/i0.wp.com\/cepronda.com\/blog\/wp-content\/uploads\/2024\/03\/Logo-Tacir-1024x977-1.jpg?fit=1024%2C977&ssl=1&resize=700%2C400 2x"},"classes":[]},{"id":5007,"url":"https:\/\/cepronda.com\/blog\/vii-certamen-de-teatro-en-el-aula-ciudad-de-ronda-2\/","url_meta":{"origin":7374,"position":1},"title":"VII CERTAMEN DE TEATRO EN EL AULA \u00abCIUDAD DE RONDA\u00bb","author":"Antonio Montes","date":"18 enero, 2022","format":false,"excerpt":"Buenos d\u00edas, Desde el Centro del Profesorado de Ronda os anunciamos que, desde el 1 de enero al 31 de enero de 2022, est\u00e1 abierto el plazo para inscribirse como participantes en el VII certamen de teatro en el aula \"Ciudad de Ronda\". Esta edici\u00f3n quiere rendir un homenaje a\u2026","rel":"","context":"En \u00abNoticias\u00bb","block_context":{"text":"Noticias","link":"https:\/\/cepronda.com\/blog\/category\/noticias\/"},"img":{"alt_text":"","src":"https:\/\/i0.wp.com\/cepronda.com\/blog\/wp-content\/uploads\/2019\/12\/theatre-430552_1920.jpg?fit=1200%2C821&ssl=1&resize=350%2C200","width":350,"height":200,"srcset":"https:\/\/i0.wp.com\/cepronda.com\/blog\/wp-content\/uploads\/2019\/12\/theatre-430552_1920.jpg?fit=1200%2C821&ssl=1&resize=350%2C200 1x, https:\/\/i0.wp.com\/cepronda.com\/blog\/wp-content\/uploads\/2019\/12\/theatre-430552_1920.jpg?fit=1200%2C821&ssl=1&resize=525%2C300 1.5x, https:\/\/i0.wp.com\/cepronda.com\/blog\/wp-content\/uploads\/2019\/12\/theatre-430552_1920.jpg?fit=1200%2C821&ssl=1&resize=700%2C400 2x, https:\/\/i0.wp.com\/cepronda.com\/blog\/wp-content\/uploads\/2019\/12\/theatre-430552_1920.jpg?fit=1200%2C821&ssl=1&resize=1050%2C600 3x"},"classes":[]},{"id":5949,"url":"https:\/\/cepronda.com\/blog\/viii-certamen-de-teatro-en-el-aula-ciudad-de-ronda\/","url_meta":{"origin":7374,"position":2},"title":"VIII CERTAMEN DE TEATRO EN EL AULA \u00abCIUDAD DE RONDA\u00bb","author":"Mamen Moreno","date":"18 abril, 2023","format":false,"excerpt":"Os informamos que el pasado lunes 17 de abril se presento el cartel anunciador del VII Certamen de Teatro en el aula Ciudad de Ronda (TACIR) Este certamen se de desarrollara durante el 26 de mayo al 2 de junio Los teatros se realizaran en el Teatro Vicente Espinel de\u2026","rel":"","context":"En \u00abNoticias\u00bb","block_context":{"text":"Noticias","link":"https:\/\/cepronda.com\/blog\/category\/noticias\/"},"img":{"alt_text":"","src":"https:\/\/i0.wp.com\/cepronda.com\/blog\/wp-content\/uploads\/2023\/04\/CARTEL-CERTAMEN-DEFINITIVO.jpg?fit=1200%2C812&ssl=1&resize=350%2C200","width":350,"height":200,"srcset":"https:\/\/i0.wp.com\/cepronda.com\/blog\/wp-content\/uploads\/2023\/04\/CARTEL-CERTAMEN-DEFINITIVO.jpg?fit=1200%2C812&ssl=1&resize=350%2C200 1x, https:\/\/i0.wp.com\/cepronda.com\/blog\/wp-content\/uploads\/2023\/04\/CARTEL-CERTAMEN-DEFINITIVO.jpg?fit=1200%2C812&ssl=1&resize=525%2C300 1.5x, https:\/\/i0.wp.com\/cepronda.com\/blog\/wp-content\/uploads\/2023\/04\/CARTEL-CERTAMEN-DEFINITIVO.jpg?fit=1200%2C812&ssl=1&resize=700%2C400 2x, https:\/\/i0.wp.com\/cepronda.com\/blog\/wp-content\/uploads\/2023\/04\/CARTEL-CERTAMEN-DEFINITIVO.jpg?fit=1200%2C812&ssl=1&resize=1050%2C600 3x"},"classes":[]},{"id":3235,"url":"https:\/\/cepronda.com\/blog\/vii-certamen-de-teatro-en-el-aula-ciudad-de-ronda\/","url_meta":{"origin":7374,"position":3},"title":"VII CERTAMEN DE TEATRO EN EL AULA \u00abCIUDAD DE RONDA\u00bb","author":"V\u00edctor Caballero","date":"10 diciembre, 2019","format":false,"excerpt":"Muy buenas familia, Os comentamos que est\u00e1 abierto el plazo para inscribirse como participantes desde el 9 de diciembre de 2019 al 31 de enero de 2020 en el VII certamen de teatro en el aula \"Ciudad de Ronda\" El formulario para la inscripci\u00f3n est\u00e1 en el siguiente\u00a0enlace: https:\/\/forms.gle\/xrw7u9h6pUFbdo6r7 Adem\u00e1s\u2026","rel":"","context":"En \u00abNoticias\u00bb","block_context":{"text":"Noticias","link":"https:\/\/cepronda.com\/blog\/category\/noticias\/"},"img":{"alt_text":"","src":"https:\/\/i0.wp.com\/cepronda.com\/blog\/wp-content\/uploads\/2019\/12\/theatre-430552_1920.jpg?fit=1200%2C821&ssl=1&resize=350%2C200","width":350,"height":200,"srcset":"https:\/\/i0.wp.com\/cepronda.com\/blog\/wp-content\/uploads\/2019\/12\/theatre-430552_1920.jpg?fit=1200%2C821&ssl=1&resize=350%2C200 1x, https:\/\/i0.wp.com\/cepronda.com\/blog\/wp-content\/uploads\/2019\/12\/theatre-430552_1920.jpg?fit=1200%2C821&ssl=1&resize=525%2C300 1.5x, https:\/\/i0.wp.com\/cepronda.com\/blog\/wp-content\/uploads\/2019\/12\/theatre-430552_1920.jpg?fit=1200%2C821&ssl=1&resize=700%2C400 2x, https:\/\/i0.wp.com\/cepronda.com\/blog\/wp-content\/uploads\/2019\/12\/theatre-430552_1920.jpg?fit=1200%2C821&ssl=1&resize=1050%2C600 3x"},"classes":[]},{"id":1432,"url":"https:\/\/cepronda.com\/blog\/formularios-v-certamen-de-teatro-ciudad-de-ronda\/","url_meta":{"origin":7374,"position":4},"title":"FORMULARIOS V CERTAMEN DE TEATRO \u00abCIUDAD DE RONDA\u00bb","author":"V\u00edctor Caballero","date":"30 noviembre, 2017","format":false,"excerpt":"\u00a1\u00a1Saludos teatrales compa\u00f1eros\/as!!: Aqu\u00ed os dejamos los enlaces para participar como grupo teatral en el V CERTAMEN DE TEATRO \"CIUDAD DE RONDA\" as\u00ed como al CURSO DE FORMACI\u00d3N para el profesorado paralelo al certamen. Dicha formaci\u00f3n tiene como t\u00edtulo: INTERPRETACI\u00d3N TEATRAL PARA EL PROFESORADO con una duraci\u00f3n de 12 horas\u2026","rel":"","context":"En \u00abFormaciones\u00bb","block_context":{"text":"Formaciones","link":"https:\/\/cepronda.com\/blog\/category\/formaciones\/"},"img":{"alt_text":"","src":"https:\/\/i0.wp.com\/cepronda.com\/blog\/wp-content\/uploads\/2017\/11\/mask-1636121_960_720-300x199.jpg?resize=350%2C200","width":350,"height":200},"classes":[]},{"id":408,"url":"https:\/\/cepronda.com\/blog\/iv-certamen-de-teatro-ciudad-de-ronda\/","url_meta":{"origin":7374,"position":5},"title":"IV CERTAMEN DE TEATRO CIUDAD DE RONDA","author":"V\u00edctor Caballero","date":"1 diciembre, 2016","format":false,"excerpt":"Nos es grato anunciaros que desde hoy 1 DE DICIEMBRE est\u00e1n abiertos los formularios de inscripci\u00f3n y participaci\u00f3n como p\u00fablico en el\u00a0 IV CERTAMEN DE TEATRO \"CIUDAD DE RONDA\" que ya est\u00e1 convirti\u00e9ndose en un cl\u00e1sico en nuestra ciudad: El IES Dr. Rodr\u00edguez Delgado a trav\u00e9s de su Departamento de\u2026","rel":"","context":"En \u00abNoticias\u00bb","block_context":{"text":"Noticias","link":"https:\/\/cepronda.com\/blog\/category\/noticias\/"},"img":{"alt_text":"theater-1477670_1280","src":"https:\/\/i0.wp.com\/cepronda.com\/blog\/wp-content\/uploads\/2016\/12\/theater-1477670_1280-300x199.jpg?resize=350%2C200","width":350,"height":200},"classes":[]}],"jetpack_sharing_enabled":true,"_links":{"self":[{"href":"https:\/\/cepronda.com\/blog\/wp-json\/wp\/v2\/posts\/7374","targetHints":{"allow":["GET"]}}],"collection":[{"href":"https:\/\/cepronda.com\/blog\/wp-json\/wp\/v2\/posts"}],"about":[{"href":"https:\/\/cepronda.com\/blog\/wp-json\/wp\/v2\/types\/post"}],"author":[{"embeddable":true,"href":"https:\/\/cepronda.com\/blog\/wp-json\/wp\/v2\/users\/13"}],"replies":[{"embeddable":true,"href":"https:\/\/cepronda.com\/blog\/wp-json\/wp\/v2\/comments?post=7374"}],"version-history":[{"count":1,"href":"https:\/\/cepronda.com\/blog\/wp-json\/wp\/v2\/posts\/7374\/revisions"}],"predecessor-version":[{"id":7376,"href":"https:\/\/cepronda.com\/blog\/wp-json\/wp\/v2\/posts\/7374\/revisions\/7376"}],"wp:featuredmedia":[{"embeddable":true,"href":"https:\/\/cepronda.com\/blog\/wp-json\/wp\/v2\/media\/7375"}],"wp:attachment":[{"href":"https:\/\/cepronda.com\/blog\/wp-json\/wp\/v2\/media?parent=7374"}],"wp:term":[{"taxonomy":"category","embeddable":true,"href":"https:\/\/cepronda.com\/blog\/wp-json\/wp\/v2\/categories?post=7374"},{"taxonomy":"post_tag","embeddable":true,"href":"https:\/\/cepronda.com\/blog\/wp-json\/wp\/v2\/tags?post=7374"}],"curies":[{"name":"wp","href":"https:\/\/api.w.org\/{rel}","templated":true}]}}