{"id":7370,"date":"2024-01-16T10:08:57","date_gmt":"2024-01-16T09:08:57","guid":{"rendered":"https:\/\/cepronda.com\/blog\/?p=7370"},"modified":"2025-04-28T12:00:09","modified_gmt":"2025-04-28T10:00:09","slug":"v-campeonato-malagueno-de-orientacion-por-centros-educativos-cmceo-2024-en-ronda","status":"publish","type":"post","link":"https:\/\/cepronda.com\/blog\/v-campeonato-malagueno-de-orientacion-por-centros-educativos-cmceo-2024-en-ronda\/","title":{"rendered":"V CAMPEONATO MALAGUE\u00d1O DE ORIENTACI\u00d3N POR CENTROS EDUCATIVOS (CMCEO 2024) -En Ronda-"},"content":{"rendered":"<p><em><strong>V CAMPEONATO MALAGUE\u00d1O DE ORIENTACI\u00d3N POR CENTROS EDUCATIVOS (CMCEO 2024)<\/strong><\/em><\/p>\n<div>Informaci\u00f3n\u00a0general:<\/div>\n<div><a href=\"https:\/\/clubcoma.org\/2024-cp-ronda\/\" target=\"_blank\" rel=\"noopener\" data-saferedirecturl=\"https:\/\/www.google.com\/url?q=https:\/\/clubcoma.org\/2024-cp-ronda\/&amp;source=gmail&amp;ust=1705479629641000&amp;usg=AOvVaw127hvEhhJ5n2i0TH94sIcG\">CP \u2013 2\u00aa prueba del Circuito Provincial + CMCEO \u2013 Ronda (10 febrero 2024) \u2013 Club de Orientaci\u00f3n de M\u00e1laga (clubcoma.org)<\/a><\/div>\n<div><\/div>\n<div>Informaci\u00f3n espec\u00edfica CMCEO\u00a02024:<\/div>\n<div><a href=\"https:\/\/drive.google.com\/file\/d\/1phCiwszdN0DRT5bmNF9nxSQSPtsJkznw\/view\" target=\"_blank\" rel=\"noopener\" data-saferedirecturl=\"https:\/\/www.google.com\/url?q=https:\/\/drive.google.com\/file\/d\/1phCiwszdN0DRT5bmNF9nxSQSPtsJkznw\/view&amp;source=gmail&amp;ust=1705479629641000&amp;usg=AOvVaw1IQGQdep6dVWPsX_fto-IU\">CMCEO24 &#8211; Bolet\u00edn Informativo.pdf &#8211; Google Drive<\/a><\/div>\n<p><strong>BOLET\u00cdN INFORMATIVO<\/strong><\/p>\n<p>Fecha: 10\/02\/2024<br \/>\nLugar: Ronda (M\u00e1laga)<br \/>\nHorario: 10:30 a 14:30h<br \/>\nOrganiza: Delegaci\u00f3n Malague\u00f1a de la FADO<br \/>\nJueces: Club Orientaci\u00f3n de M\u00e1laga \u2013 COMA<br \/>\nInformaci\u00f3n: www.clubcoma.org<\/p>\n<p><strong>Categor\u00edas*<\/strong><br \/>\n* Son por a\u00f1os de nacimiento, no por el nivel educativo que cursan.<br \/>\n(M=masculina y F= Femenina):<br \/>\n\u25cf M-Alev\u00edn: ni\u00f1os nacidos en 2012 y 2013. Excepcionalmente 2014<br \/>\n\u25cf F-Alev\u00edn: ni\u00f1as nacidas en 2012 y 2013. Excepcionalmente 2014<br \/>\n\u25cf M-Infantil: ni\u00f1os nacidos en 2010 y 2011. Excepcionalmente en 2012<br \/>\n\u25cf F-Infantil: ni\u00f1as nacidas en 2010 y 2011. Excepcionalmente en 2012<br \/>\n\u25cf M-Cadete: ni\u00f1os nacidos en 2008 y 2009. Excepcionalmente en 2010<br \/>\n\u25cf F-Cadete: ni\u00f1as nacidas en 2008 y 2009. Excepcionalmente en 2010<br \/>\n\u25cf M-Juvenil: ni\u00f1os nacidos en 2006 y 2007.<br \/>\n\u25cf F-Juvenil: ni\u00f1as nacidas en 2006 y 2007.<\/p>\n<p>&nbsp;<\/p>\n<p><strong>Centros educativos<\/strong><br \/>\nPodr\u00e1n participar todos los centros educativos de la provincia de M\u00e1laga. Los<br \/>\nde otras provincias podr\u00e1n participar, pero no tendr\u00e1n opci\u00f3n a premio.<\/p>\n<p><strong>Programa<\/strong><br \/>\n\u25cf 10:00 a 10:15 llegada y<br \/>\nrecogida de documentaci\u00f3n<br \/>\nde los participantes en la<br \/>\ncarpa de recepci\u00f3n.<br \/>\n\u25cf 10:30 peque\u00f1a charla<br \/>\ninformativa<br \/>\n\u25cf 11:00 primeras salidas<br \/>\n\u25cf 12:45 cierre de salidas<br \/>\n\u25cf 14:00 cierre de meta<br \/>\n\u25cf 14:30 entrega de premios<\/p>\n<div dir=\"auto\"><strong>M\u00c1S INFORMACI\u00d3N EN LOS ENLACES<\/strong><\/div>\n<div dir=\"auto\"><\/div>\n<div dir=\"auto\"><img data-recalc-dims=\"1\" loading=\"lazy\" decoding=\"async\" class=\"aligncenter wp-image-7371 size-full\" src=\"https:\/\/i0.wp.com\/cepronda.com\/blog\/wp-content\/uploads\/2024\/01\/Captura-de-pantalla-2024-01-16-a-las-10.01.38.png?resize=678%2C410&#038;ssl=1\" alt=\"\" width=\"678\" height=\"410\" srcset=\"https:\/\/i0.wp.com\/cepronda.com\/blog\/wp-content\/uploads\/2024\/01\/Captura-de-pantalla-2024-01-16-a-las-10.01.38.png?w=678&amp;ssl=1 678w, https:\/\/i0.wp.com\/cepronda.com\/blog\/wp-content\/uploads\/2024\/01\/Captura-de-pantalla-2024-01-16-a-las-10.01.38.png?resize=300%2C181&amp;ssl=1 300w\" sizes=\"auto, (max-width: 678px) 100vw, 678px\" \/><\/div>\n<div dir=\"auto\"><\/div>\n","protected":false},"excerpt":{"rendered":"<p>V CAMPEONATO MALAGUE\u00d1O DE ORIENTACI\u00d3N POR CENTROS EDUCATIVOS (CMCEO 2024) Informaci\u00f3n\u00a0general: CP \u2013 2\u00aa prueba del Circuito Provincial + CMCEO \u2013 Ronda (10 febrero 2024) \u2013 Club de Orientaci\u00f3n de M\u00e1laga (clubcoma.org) Informaci\u00f3n espec\u00edfica CMCEO\u00a02024: CMCEO24 &#8211; Bolet\u00edn Informativo.pdf &#8211; Google Drive BOLET\u00cdN INFORMATIVO Fecha: 10\/02\/2024 Lugar: Ronda (M\u00e1laga) Horario: 10:30 a 14:30h Organiza: Delegaci\u00f3n [&hellip;]<\/p>\n","protected":false},"author":3,"featured_media":7371,"comment_status":"closed","ping_status":"open","sticky":false,"template":"","format":"standard","meta":{"_crdt_document":"","advanced_seo_description":"","jetpack_seo_html_title":"","jetpack_seo_noindex":false,"jetpack_post_was_ever_published":false,"_jetpack_newsletter_access":"","_jetpack_dont_email_post_to_subs":false,"_jetpack_newsletter_tier_id":0,"_jetpack_memberships_contains_paywalled_content":false,"_jetpack_memberships_contains_paid_content":false,"footnotes":"","jetpack_publicize_message":"","jetpack_publicize_feature_enabled":true,"jetpack_social_post_already_shared":false,"jetpack_social_options":{"image_generator_settings":{"template":"highway","default_image_id":0,"font":"","enabled":false},"version":2}},"categories":[3,5],"tags":[],"class_list":{"0":"post-7370","1":"post","2":"type-post","3":"status-publish","4":"format-standard","5":"has-post-thumbnail","7":"category-formaciones","8":"category-noticias","9":"czr-hentry"},"jetpack_publicize_connections":[],"jetpack_featured_media_url":"https:\/\/i0.wp.com\/cepronda.com\/blog\/wp-content\/uploads\/2024\/01\/Captura-de-pantalla-2024-01-16-a-las-10.01.38.png?fit=678%2C410&ssl=1","jetpack_shortlink":"https:\/\/wp.me\/p8M4X7-1US","jetpack-related-posts":[{"id":7522,"url":"https:\/\/cepronda.com\/blog\/jornadas-formativas-provinciales-de-ensenanzas-de-regimen-especial-para-profesionales-de-la-orientacion-educativa-242922ge253\/","url_meta":{"origin":7370,"position":0},"title":"JORNADAS FORMATIVAS PROVINCIALES DE ENSE\u00d1ANZAS DE R\u00c9GIMEN ESPECIAL PARA PROFESIONALES DE LA ORIENTACI\u00d3N EDUCATIVA. (242922GE253)","author":"Inmaculada Garc\u00eda","date":"18 marzo, 2024","format":false,"excerpt":"Se encuentra abierto el plazo de inscripci\u00f3n de la actividad provincial \u201cJORNADAS FORMATIVAS PROVINCIALES DE ENSE\u00d1ANZAS DE R\u00c9GIMEN ESPECIAL PARA PROFESIONALES DE LA ORIENTACI\u00d3N EDUCATIVA\u201d, dirigida a orientadores y orientadoras de centros p\u00fablicos dependientes de la Junta de Andaluc\u00eda. T\u00edtulo: JORNADAS FORMATIVAS PROVINCIALES DE ENSE\u00d1ANZAS DE R\u00c9GIMEN ESPECIAL PARA PROFESIONALES\u2026","rel":"","context":"En \u00abFormaciones\u00bb","block_context":{"text":"Formaciones","link":"https:\/\/cepronda.com\/blog\/category\/formaciones\/"},"img":{"alt_text":"","src":"https:\/\/i0.wp.com\/cepronda.com\/blog\/wp-content\/uploads\/2024\/03\/WhatsApp-Image-2024-03-18-at-13.32.28.jpeg?fit=1199%2C1200&ssl=1&resize=350%2C200","width":350,"height":200,"srcset":"https:\/\/i0.wp.com\/cepronda.com\/blog\/wp-content\/uploads\/2024\/03\/WhatsApp-Image-2024-03-18-at-13.32.28.jpeg?fit=1199%2C1200&ssl=1&resize=350%2C200 1x, https:\/\/i0.wp.com\/cepronda.com\/blog\/wp-content\/uploads\/2024\/03\/WhatsApp-Image-2024-03-18-at-13.32.28.jpeg?fit=1199%2C1200&ssl=1&resize=525%2C300 1.5x, https:\/\/i0.wp.com\/cepronda.com\/blog\/wp-content\/uploads\/2024\/03\/WhatsApp-Image-2024-03-18-at-13.32.28.jpeg?fit=1199%2C1200&ssl=1&resize=700%2C400 2x, https:\/\/i0.wp.com\/cepronda.com\/blog\/wp-content\/uploads\/2024\/03\/WhatsApp-Image-2024-03-18-at-13.32.28.jpeg?fit=1199%2C1200&ssl=1&resize=1050%2C600 3x"},"classes":[]},{"id":7672,"url":"https:\/\/cepronda.com\/blog\/el-ies-martin-rivero-de-ronda-junto-con-ies-gran-capitan-de-cordoba-premidados-por-su-fabrica-de-ideas-e-inventos\/","url_meta":{"origin":7370,"position":1},"title":"EL IES MART\u00cdN RIVERO DE RONDA JUNTO CON EL IES GRAN CAPIT\u00c1N DE C\u00d3RDOBA PREMIDADOS POR SU F\u00c1BRICA DE IDEAS E INVENTOS","author":"Mamen Moreno","date":"12 julio, 2024","format":false,"excerpt":"El IES Mart\u00edn Rivero ha sido premiado por su F\u00e1brica de Ideas e Inventos de estudiantes, junto con el IES Gran Capit\u00e1n de C\u00f3rdoba. El Ministerio de Ciencia, Innovaci\u00f3n y Universidades ha reconocido este prestigioso reconocimiento a la RED de centros andaluces FAB-IDI \"F\u00e1bricas de Ideas e Inventos\", coordinada en\u2026","rel":"","context":"En \u00abNoticias\u00bb","block_context":{"text":"Noticias","link":"https:\/\/cepronda.com\/blog\/category\/noticias\/"},"img":{"alt_text":"","src":"https:\/\/i0.wp.com\/cepronda.com\/blog\/wp-content\/uploads\/2024\/07\/WhatsApp-Image-2024-07-12-at-11.33.31-e1720792423312.jpeg?fit=871%2C515&ssl=1&resize=350%2C200","width":350,"height":200,"srcset":"https:\/\/i0.wp.com\/cepronda.com\/blog\/wp-content\/uploads\/2024\/07\/WhatsApp-Image-2024-07-12-at-11.33.31-e1720792423312.jpeg?fit=871%2C515&ssl=1&resize=350%2C200 1x, https:\/\/i0.wp.com\/cepronda.com\/blog\/wp-content\/uploads\/2024\/07\/WhatsApp-Image-2024-07-12-at-11.33.31-e1720792423312.jpeg?fit=871%2C515&ssl=1&resize=525%2C300 1.5x, https:\/\/i0.wp.com\/cepronda.com\/blog\/wp-content\/uploads\/2024\/07\/WhatsApp-Image-2024-07-12-at-11.33.31-e1720792423312.jpeg?fit=871%2C515&ssl=1&resize=700%2C400 2x"},"classes":[]},{"id":7552,"url":"https:\/\/cepronda.com\/blog\/iii-feria-de-inventos-y-talentos-its-ronda-2024-2\/","url_meta":{"origin":7370,"position":2},"title":"III Feria de Inventos y Talentos. IT\u00b4S RONDA 2024.","author":"Mamen Moreno","date":"8 abril, 2024","format":false,"excerpt":"Desde el CEP de Ronda, nos complace invitaros a visitar la III Feria de Inventos y Talentos. IT\u00b4s RONDA 2024. Se desarrollar\u00e1 los d\u00edas jueves 25 de abril (centros de ESO y Bachillerato) y el viernes 26 de abril (centros de Educaci\u00f3n Infantil y Primaria). Os recordamos que ten\u00e9is hasta\u2026","rel":"","context":"En \u00abNoticias\u00bb","block_context":{"text":"Noticias","link":"https:\/\/cepronda.com\/blog\/category\/noticias\/"},"img":{"alt_text":"","src":"https:\/\/i0.wp.com\/cepronda.com\/blog\/wp-content\/uploads\/2024\/04\/IMAGEN-VIDEO.png?fit=1200%2C707&ssl=1&resize=350%2C200","width":350,"height":200,"srcset":"https:\/\/i0.wp.com\/cepronda.com\/blog\/wp-content\/uploads\/2024\/04\/IMAGEN-VIDEO.png?fit=1200%2C707&ssl=1&resize=350%2C200 1x, https:\/\/i0.wp.com\/cepronda.com\/blog\/wp-content\/uploads\/2024\/04\/IMAGEN-VIDEO.png?fit=1200%2C707&ssl=1&resize=525%2C300 1.5x, https:\/\/i0.wp.com\/cepronda.com\/blog\/wp-content\/uploads\/2024\/04\/IMAGEN-VIDEO.png?fit=1200%2C707&ssl=1&resize=700%2C400 2x, https:\/\/i0.wp.com\/cepronda.com\/blog\/wp-content\/uploads\/2024\/04\/IMAGEN-VIDEO.png?fit=1200%2C707&ssl=1&resize=1050%2C600 3x"},"classes":[]},{"id":7732,"url":"https:\/\/cepronda.com\/blog\/curso-objetos-digitales-educativos-en-las-aavv-moodle-centros-integra-motiva-y-enriquece-tus-clases-con-codigo-252923kpf534\/","url_meta":{"origin":7370,"position":3},"title":"CURSO: OBJETOS DIGITALES EDUCATIVOS EN LAS AAVV MOODLE CENTROS: INTEGRA, MOTIVA Y ENRIQUECE TUS CLASES, con c\u00f3digo 259923KPF534.","author":"Inmaculada Garc\u00eda","date":"20 septiembre, 2024","format":false,"excerpt":"Abierto el plazo de inscripci\u00f3n del curso PROVINCIAL a distancia: OBJETOS DIGITALES EDUCATIVOS EN LAS AAVV MOODLE CENTROS: INTEGRA, MOTIVA Y ENRIQUECE TUS CLASES, con c\u00f3digo 259923KPF534. Curso Provincial a Distancia (AVFP) de 40 horas. Fecha inscripci\u00f3n del 19\/09\/2024 hasta 30\/09\/2024 Fecha actividad del 16\/10\/2024 hasta 16\/12\/2024 \u2795M\u00e1s informaci\u00f3n e\u2026","rel":"","context":"En \u00abFormaciones\u00bb","block_context":{"text":"Formaciones","link":"https:\/\/cepronda.com\/blog\/category\/formaciones\/"},"img":{"alt_text":"","src":"https:\/\/i0.wp.com\/cepronda.com\/blog\/wp-content\/uploads\/2024\/09\/WhatsApp-Image-2024-09-20-at-13.40.28.jpeg?fit=1200%2C675&ssl=1&resize=350%2C200","width":350,"height":200,"srcset":"https:\/\/i0.wp.com\/cepronda.com\/blog\/wp-content\/uploads\/2024\/09\/WhatsApp-Image-2024-09-20-at-13.40.28.jpeg?fit=1200%2C675&ssl=1&resize=350%2C200 1x, https:\/\/i0.wp.com\/cepronda.com\/blog\/wp-content\/uploads\/2024\/09\/WhatsApp-Image-2024-09-20-at-13.40.28.jpeg?fit=1200%2C675&ssl=1&resize=525%2C300 1.5x, https:\/\/i0.wp.com\/cepronda.com\/blog\/wp-content\/uploads\/2024\/09\/WhatsApp-Image-2024-09-20-at-13.40.28.jpeg?fit=1200%2C675&ssl=1&resize=700%2C400 2x, https:\/\/i0.wp.com\/cepronda.com\/blog\/wp-content\/uploads\/2024\/09\/WhatsApp-Image-2024-09-20-at-13.40.28.jpeg?fit=1200%2C675&ssl=1&resize=1050%2C600 3x"},"classes":[]},{"id":5233,"url":"https:\/\/cepronda.com\/blog\/prevencion-del-suicidio-en-la-adolescencia-desde-los-centros-educativos\/","url_meta":{"origin":7370,"position":4},"title":"PREVENCI\u00d3N DEL SUICIDIO EN LA ADOLESCENCIA DESDE LOS CENTROS EDUCATIVOS","author":"Maribel Mu\u00f1oz","date":"18 abril, 2022","format":false,"excerpt":"Buenas tardes compa\u00f1eras y compa\u00f1eros, Os informamos que est\u00e1 abierto el plazo de solicitudes para\u00a0 el curso PREVENCI\u00d3N DEL SUICIDIO EN LA ADOLESCENCIA DESDE LOS CENTROS EDUCATIVOS con c\u00f3digo 222924GE064. Fechas de inscripci\u00f3n : del\u00a0 18\/04\/2022 al 27\/04\/2022 Fecha de inicio: 28\/04\/2022 Fecha finalizaci\u00f3n: 12\/05\/2022 Horas: 10\u00a0 ( 8 horas\u2026","rel":"","context":"En \u00abFormaciones\u00bb","block_context":{"text":"Formaciones","link":"https:\/\/cepronda.com\/blog\/category\/formaciones\/"},"img":{"alt_text":"","src":"https:\/\/i0.wp.com\/cepronda.com\/blog\/wp-content\/uploads\/2022\/04\/New-Prevencion-del-suicidio-222924GE064-1.jpg?fit=848%2C1200&ssl=1&resize=350%2C200","width":350,"height":200,"srcset":"https:\/\/i0.wp.com\/cepronda.com\/blog\/wp-content\/uploads\/2022\/04\/New-Prevencion-del-suicidio-222924GE064-1.jpg?fit=848%2C1200&ssl=1&resize=350%2C200 1x, https:\/\/i0.wp.com\/cepronda.com\/blog\/wp-content\/uploads\/2022\/04\/New-Prevencion-del-suicidio-222924GE064-1.jpg?fit=848%2C1200&ssl=1&resize=525%2C300 1.5x, https:\/\/i0.wp.com\/cepronda.com\/blog\/wp-content\/uploads\/2022\/04\/New-Prevencion-del-suicidio-222924GE064-1.jpg?fit=848%2C1200&ssl=1&resize=700%2C400 2x"},"classes":[]},{"id":7786,"url":"https:\/\/cepronda.com\/blog\/diseno-y-elaboracion-del-plan-de-lectura-planificada-en-los-centros-educativos-codigo-252923ge602\/","url_meta":{"origin":7370,"position":5},"title":"DISE\u00d1O Y ELABORACI\u00d3N DEL PLAN DE LECTURA PLANIFICADA EN LOS CENTROS EDUCATIVOS, c\u00f3digo 252923GE602.","author":"Inmaculada Garc\u00eda","date":"9 octubre, 2024","format":false,"excerpt":"Abierto el plazo de inscripci\u00f3n para el curso semipresencial provincial: DISE\u00d1O Y ELABORACI\u00d3N DEL PLAN DE LECTURA PLANIFICADA EN LOS CENTROS EDUCATIVOS, con c\u00f3digo 252923GE602, correspondiente a la Fase I del itinerario provincial de apoyo y dinamizaci\u00f3n del plan de lectura. De especial inter\u00e9s para los grupos de trabajo que\u2026","rel":"","context":"En \u00abFormaciones\u00bb","block_context":{"text":"Formaciones","link":"https:\/\/cepronda.com\/blog\/category\/formaciones\/"},"img":{"alt_text":"","src":"https:\/\/i0.wp.com\/cepronda.com\/blog\/wp-content\/uploads\/2024\/10\/unnamed.png?fit=800%2C800&ssl=1&resize=350%2C200","width":350,"height":200,"srcset":"https:\/\/i0.wp.com\/cepronda.com\/blog\/wp-content\/uploads\/2024\/10\/unnamed.png?fit=800%2C800&ssl=1&resize=350%2C200 1x, https:\/\/i0.wp.com\/cepronda.com\/blog\/wp-content\/uploads\/2024\/10\/unnamed.png?fit=800%2C800&ssl=1&resize=525%2C300 1.5x, https:\/\/i0.wp.com\/cepronda.com\/blog\/wp-content\/uploads\/2024\/10\/unnamed.png?fit=800%2C800&ssl=1&resize=700%2C400 2x"},"classes":[]}],"jetpack_sharing_enabled":true,"_links":{"self":[{"href":"https:\/\/cepronda.com\/blog\/wp-json\/wp\/v2\/posts\/7370","targetHints":{"allow":["GET"]}}],"collection":[{"href":"https:\/\/cepronda.com\/blog\/wp-json\/wp\/v2\/posts"}],"about":[{"href":"https:\/\/cepronda.com\/blog\/wp-json\/wp\/v2\/types\/post"}],"author":[{"embeddable":true,"href":"https:\/\/cepronda.com\/blog\/wp-json\/wp\/v2\/users\/3"}],"replies":[{"embeddable":true,"href":"https:\/\/cepronda.com\/blog\/wp-json\/wp\/v2\/comments?post=7370"}],"version-history":[{"count":1,"href":"https:\/\/cepronda.com\/blog\/wp-json\/wp\/v2\/posts\/7370\/revisions"}],"predecessor-version":[{"id":7372,"href":"https:\/\/cepronda.com\/blog\/wp-json\/wp\/v2\/posts\/7370\/revisions\/7372"}],"wp:featuredmedia":[{"embeddable":true,"href":"https:\/\/cepronda.com\/blog\/wp-json\/wp\/v2\/media\/7371"}],"wp:attachment":[{"href":"https:\/\/cepronda.com\/blog\/wp-json\/wp\/v2\/media?parent=7370"}],"wp:term":[{"taxonomy":"category","embeddable":true,"href":"https:\/\/cepronda.com\/blog\/wp-json\/wp\/v2\/categories?post=7370"},{"taxonomy":"post_tag","embeddable":true,"href":"https:\/\/cepronda.com\/blog\/wp-json\/wp\/v2\/tags?post=7370"}],"curies":[{"name":"wp","href":"https:\/\/api.w.org\/{rel}","templated":true}]}}