{"id":7367,"date":"2024-01-16T09:48:11","date_gmt":"2024-01-16T08:48:11","guid":{"rendered":"https:\/\/cepronda.com\/blog\/?p=7367"},"modified":"2025-04-28T12:05:52","modified_gmt":"2025-04-28T10:05:52","slug":"jornada-de-formacion-trinity-soft-skill-in-the-english-language-classroom","status":"publish","type":"post","link":"https:\/\/cepronda.com\/blog\/jornada-de-formacion-trinity-soft-skill-in-the-english-language-classroom\/","title":{"rendered":"SOFT SKILL IN THE ENGLISH LANGUAGE CLASSROOM"},"content":{"rendered":"<p>Se abre plazo para la inscripci\u00f3n en el curso provincial \u00a0<b>\u00ab<\/b><b>JORNADA DE FORMACI\u00d3N TRINITY: SOFT SKILL IN THE ENGLISH LANGUAGE CLASSROOM<\/b><b>\u00ab<\/b>\u00a0c\u00f3digo\u00a0\u00a0<b>249900KPI371<\/b><br \/>\nCurso a distancia de 10 horas no presenciales<br \/>\n<b>90 plazas por provincia<\/b> (CURSO \u00daNICO)\u00a0\u00a0<b>AVFP: PI371<\/b><\/p>\n<p>Tutora-Ponente y responsable de la actividad formativa:\u00a0<b>Sally Bolton<\/b><br \/>\n<b>Dirigido a Profesorado de Ingl\u00e9s Lengua Extranjera y de ANL en ingl\u00e9s de centros docentes sostenidos con fondos p\u00fablicos.<br \/>\n<\/b><br \/>\n<b>INSCRIPCIONES: del 16 al 25 de enero de 2024<\/b><br \/>\n<b>LISTADOS PROVISIONALES: 26 de enero de 2024\u00a0<span style=\"color: #ff0000;\">entre las 9:00 y las 10:00<\/span><\/b><br \/>\n<b>LISTADOS DEFINITIVOS:\u00a0 30\u00a0 de enero de 2024\u00a0\u00a0<\/b><b><span style=\"color: #ff0000;\">entre las 9:00 y las 10:00<\/span><\/b><br \/>\n<b>INICIO:\u00a0 1 de febrero de 2024\u00a0<span style=\"color: #ff0000;\">a las 10:00<\/span><\/b><br \/>\n<b>FIN:\u00a0 29 de febrero de 2024<\/b><\/p>\n<div>M\u00e1s informaci\u00f3n e inscripci\u00f3n en el siguiente enlace:<\/div>\n<div><a href=\"https:\/\/www.juntadeandalucia.es\/educacion\/secretariavirtual\/consultaCEP\/actividad\/249925KPI371\/\" target=\"_blank\" rel=\"noopener\" data-saferedirecturl=\"https:\/\/www.google.com\/url?q=https:\/\/www.juntadeandalucia.es\/educacion\/secretariavirtual\/consultaCEP\/actividad\/249925KPI371\/&amp;source=gmail&amp;ust=1705513846663000&amp;usg=AOvVaw1nvGsmQ9EzcKvLwjLoy-_B\">https:\/\/www.juntadeandalucia.<wbr \/>es\/educacion\/<wbr \/>secretariavirtual\/consultaCEP\/<wbr \/>actividad\/249925KPI371\/<\/a><\/div>\n<p><img data-recalc-dims=\"1\" loading=\"lazy\" decoding=\"async\" class=\"size-medium wp-image-7379 aligncenter\" src=\"https:\/\/i0.wp.com\/cepronda.com\/blog\/wp-content\/uploads\/2024\/01\/CURSO-EN-AULA-VIRTUAL.png?resize=300%2C300&#038;ssl=1\" alt=\"\" width=\"300\" height=\"300\" srcset=\"https:\/\/i0.wp.com\/cepronda.com\/blog\/wp-content\/uploads\/2024\/01\/CURSO-EN-AULA-VIRTUAL.png?resize=300%2C300&amp;ssl=1 300w, https:\/\/i0.wp.com\/cepronda.com\/blog\/wp-content\/uploads\/2024\/01\/CURSO-EN-AULA-VIRTUAL.png?resize=1024%2C1024&amp;ssl=1 1024w, https:\/\/i0.wp.com\/cepronda.com\/blog\/wp-content\/uploads\/2024\/01\/CURSO-EN-AULA-VIRTUAL.png?resize=150%2C150&amp;ssl=1 150w, https:\/\/i0.wp.com\/cepronda.com\/blog\/wp-content\/uploads\/2024\/01\/CURSO-EN-AULA-VIRTUAL.png?resize=768%2C768&amp;ssl=1 768w, https:\/\/i0.wp.com\/cepronda.com\/blog\/wp-content\/uploads\/2024\/01\/CURSO-EN-AULA-VIRTUAL.png?resize=50%2C50&amp;ssl=1 50w, https:\/\/i0.wp.com\/cepronda.com\/blog\/wp-content\/uploads\/2024\/01\/CURSO-EN-AULA-VIRTUAL.png?w=1080&amp;ssl=1 1080w\" sizes=\"auto, (max-width: 300px) 100vw, 300px\" \/><\/p>\n<p><b>\u00a0<\/b><\/p>\n","protected":false},"excerpt":{"rendered":"<p>Se abre plazo para la inscripci\u00f3n en el curso provincial \u00a0\u00abJORNADA DE FORMACI\u00d3N TRINITY: SOFT SKILL IN THE ENGLISH LANGUAGE CLASSROOM\u00ab\u00a0c\u00f3digo\u00a0\u00a0249900KPI371 Curso a distancia de 10 horas no presenciales 90 plazas por provincia (CURSO \u00daNICO)\u00a0\u00a0AVFP: PI371 Tutora-Ponente y responsable de la actividad formativa:\u00a0Sally Bolton Dirigido a Profesorado de Ingl\u00e9s Lengua Extranjera y de ANL en [&hellip;]<\/p>\n","protected":false},"author":13,"featured_media":7379,"comment_status":"closed","ping_status":"open","sticky":false,"template":"","format":"standard","meta":{"_crdt_document":"","advanced_seo_description":"","jetpack_seo_html_title":"","jetpack_seo_noindex":false,"jetpack_post_was_ever_published":false,"_jetpack_newsletter_access":"","_jetpack_dont_email_post_to_subs":false,"_jetpack_newsletter_tier_id":0,"_jetpack_memberships_contains_paywalled_content":false,"_jetpack_memberships_contains_paid_content":false,"footnotes":"","jetpack_publicize_message":"","jetpack_publicize_feature_enabled":true,"jetpack_social_post_already_shared":false,"jetpack_social_options":{"image_generator_settings":{"template":"highway","default_image_id":0,"font":"","enabled":false},"version":2}},"categories":[5],"tags":[174],"class_list":{"0":"post-7367","1":"post","2":"type-post","3":"status-publish","4":"format-standard","5":"has-post-thumbnail","7":"category-noticias","8":"tag-jornadas","9":"czr-hentry"},"jetpack_publicize_connections":[],"jetpack_featured_media_url":"https:\/\/i0.wp.com\/cepronda.com\/blog\/wp-content\/uploads\/2024\/01\/CURSO-EN-AULA-VIRTUAL.png?fit=1080%2C1080&ssl=1","jetpack_shortlink":"https:\/\/wp.me\/p8M4X7-1UP","jetpack-related-posts":[{"id":7308,"url":"https:\/\/cepronda.com\/blog\/innovative-teaching-practices-supported-by-the-focused-use-of-ict-tools-in-the-language-classroom-2\/","url_meta":{"origin":7367,"position":0},"title":"\u00abINNOVATIVE TEACHING PRACTICES SUPPORTED BY THE FOCUSED USE OF ICT TOOLS IN THE LANGUAGE CLASSROOM\u00bb","author":"Mamen Moreno","date":"10 enero, 2024","format":false,"excerpt":"\u00a0Actividad formativa REGIONAL: \"INNOVATIVE TEACHING PRACTICES SUPPORTED BY THE FOCUSED USE OF ICT TOOLS IN THE LANGUAGE CLASSROOM\" \u00a0Dirigida a profesorado de Ingl\u00e9s de todos los niveles educativos \u00a0Necesario tener conocimiento de competencia digital \u00a0Plazo de inscripci\u00f3n abierto hasta el 12 de febrero de 2024 \u00a0Curso a distancia (as\u00edncrono) en\u2026","rel":"","context":"En \u00abFormaciones\u00bb","block_context":{"text":"Formaciones","link":"https:\/\/cepronda.com\/blog\/category\/formaciones\/"},"img":{"alt_text":"","src":"https:\/\/i0.wp.com\/cepronda.com\/blog\/wp-content\/uploads\/2024\/01\/5e07b0af.png?fit=1200%2C741&ssl=1&resize=350%2C200","width":350,"height":200,"srcset":"https:\/\/i0.wp.com\/cepronda.com\/blog\/wp-content\/uploads\/2024\/01\/5e07b0af.png?fit=1200%2C741&ssl=1&resize=350%2C200 1x, https:\/\/i0.wp.com\/cepronda.com\/blog\/wp-content\/uploads\/2024\/01\/5e07b0af.png?fit=1200%2C741&ssl=1&resize=525%2C300 1.5x, https:\/\/i0.wp.com\/cepronda.com\/blog\/wp-content\/uploads\/2024\/01\/5e07b0af.png?fit=1200%2C741&ssl=1&resize=700%2C400 2x, https:\/\/i0.wp.com\/cepronda.com\/blog\/wp-content\/uploads\/2024\/01\/5e07b0af.png?fit=1200%2C741&ssl=1&resize=1050%2C600 3x"},"classes":[]},{"id":7246,"url":"https:\/\/cepronda.com\/blog\/curso-para-el-profesorado-area-no-linguistica-anl-en-ingles\/","url_meta":{"origin":7367,"position":1},"title":"CURSO PARA EL PROFESORADO \u00c1REA NO LING\u00dc\u00cdSTICA (ANL) EN INGL\u00c9S","author":"Mamen Moreno","date":"5 diciembre, 2023","format":false,"excerpt":"Abierto el plazo de inscripci\u00f3n para el curso regional a distancia, dirigido al profesorado de \u00e1reas no ling\u00fc\u00edsticas de centros biling\u00fces ingl\u00e9s: CURSO PARA PROFESORADO DE \u00c1REA NO LING\u00dc\u00cdSTICA EN INGL\u00c9S c\u00f3digo: 24K9926AV156 Plazo de Inscripci\u00f3n: 04\/12\/2023 al 18\/12\/2023 Del 08\/01\/2024 hasta 29\/02\/2024 Enlace de inscripci\u00f3n:\u00a0https:\/\/www.juntadeandalucia.es\/educacion\/secretariavirtual\/consultaCEP\/actividad\/24K9926AV156\/","rel":"","context":"En \u00abFormaciones\u00bb","block_context":{"text":"Formaciones","link":"https:\/\/cepronda.com\/blog\/category\/formaciones\/"},"img":{"alt_text":"","src":"https:\/\/i0.wp.com\/cepronda.com\/blog\/wp-content\/uploads\/2023\/12\/Learn-language-2.png?fit=1080%2C1080&ssl=1&resize=350%2C200","width":350,"height":200,"srcset":"https:\/\/i0.wp.com\/cepronda.com\/blog\/wp-content\/uploads\/2023\/12\/Learn-language-2.png?fit=1080%2C1080&ssl=1&resize=350%2C200 1x, https:\/\/i0.wp.com\/cepronda.com\/blog\/wp-content\/uploads\/2023\/12\/Learn-language-2.png?fit=1080%2C1080&ssl=1&resize=525%2C300 1.5x, https:\/\/i0.wp.com\/cepronda.com\/blog\/wp-content\/uploads\/2023\/12\/Learn-language-2.png?fit=1080%2C1080&ssl=1&resize=700%2C400 2x, https:\/\/i0.wp.com\/cepronda.com\/blog\/wp-content\/uploads\/2023\/12\/Learn-language-2.png?fit=1080%2C1080&ssl=1&resize=1050%2C600 3x"},"classes":[]},{"id":8072,"url":"https:\/\/cepronda.com\/blog\/jornadas-soft-skills-in-the-english-language-classroom-codigo259925kpi371\/","url_meta":{"origin":7367,"position":2},"title":"JORNADAS: SOFT SKILLS IN THE ENGLISH LANGUAGE CLASSROOM, c\u00f3digo:259925KPI371.","author":"Inmaculada Garc\u00eda","date":"22 enero, 2025","format":false,"excerpt":"Se abre plazo para la inscripci\u00f3n en la jornada Dirigido a Profesorado de Ingl\u00e9s Lengua Extranjera y de ANL en ingl\u00e9s de centros docentes sostenidos con fondos p\u00fablicos. Duraci\u00f3n: 10 horas no presenciales. Inscripciones: 22\/01\/2025 hasta 03\/02\/2025 Fecha actividad: 11\/02\/2025 hasta 11\/03\/2025 Lugar: Aula Virtual de Formaci\u00f3n del profesorado. Para\u2026","rel":"","context":"En \u00abFormaciones\u00bb","block_context":{"text":"Formaciones","link":"https:\/\/cepronda.com\/blog\/category\/formaciones\/"},"img":{"alt_text":"","src":"https:\/\/i0.wp.com\/cepronda.com\/blog\/wp-content\/uploads\/2025\/01\/11-de-Febrero.jpg?fit=1080%2C1080&ssl=1&resize=350%2C200","width":350,"height":200,"srcset":"https:\/\/i0.wp.com\/cepronda.com\/blog\/wp-content\/uploads\/2025\/01\/11-de-Febrero.jpg?fit=1080%2C1080&ssl=1&resize=350%2C200 1x, https:\/\/i0.wp.com\/cepronda.com\/blog\/wp-content\/uploads\/2025\/01\/11-de-Febrero.jpg?fit=1080%2C1080&ssl=1&resize=525%2C300 1.5x, https:\/\/i0.wp.com\/cepronda.com\/blog\/wp-content\/uploads\/2025\/01\/11-de-Febrero.jpg?fit=1080%2C1080&ssl=1&resize=700%2C400 2x, https:\/\/i0.wp.com\/cepronda.com\/blog\/wp-content\/uploads\/2025\/01\/11-de-Febrero.jpg?fit=1080%2C1080&ssl=1&resize=1050%2C600 3x"},"classes":[]},{"id":9106,"url":"https:\/\/cepronda.com\/blog\/mediacion-escolar-un-recurso-en-el-entorno-educativo\/","url_meta":{"origin":7367,"position":3},"title":"MEDIACI\u00d3N ESCOLAR. UN RECURSO EN EL ENTORNO EDUCATIVO","author":"Maribel Mu\u00f1oz","date":"5 diciembre, 2025","format":false,"excerpt":"Se encuentra abierto el plazo de inscripci\u00f3n en el curso provincial, \"MEDIACI\u00d3N ESCOLAR. UN RECURSO EN EL ENTORNO EDUCATIVO\", con c\u00f3digo: 262924GE174. Inscripciones: del 5 de diciembre al 8 de enero. Inicio del curso: 13 de enero de 2026. Fin del curso de formaci\u00f3n: 12 de febrero de 2026. Lugar:\u2026","rel":"","context":"En \u00abFormaciones\u00bb","block_context":{"text":"Formaciones","link":"https:\/\/cepronda.com\/blog\/category\/formaciones\/"},"img":{"alt_text":"","src":"https:\/\/i0.wp.com\/cepronda.com\/blog\/wp-content\/uploads\/2025\/12\/MEDIACION-262924GE174-1.png?fit=1080%2C1080&ssl=1&resize=350%2C200","width":350,"height":200,"srcset":"https:\/\/i0.wp.com\/cepronda.com\/blog\/wp-content\/uploads\/2025\/12\/MEDIACION-262924GE174-1.png?fit=1080%2C1080&ssl=1&resize=350%2C200 1x, https:\/\/i0.wp.com\/cepronda.com\/blog\/wp-content\/uploads\/2025\/12\/MEDIACION-262924GE174-1.png?fit=1080%2C1080&ssl=1&resize=525%2C300 1.5x, https:\/\/i0.wp.com\/cepronda.com\/blog\/wp-content\/uploads\/2025\/12\/MEDIACION-262924GE174-1.png?fit=1080%2C1080&ssl=1&resize=700%2C400 2x, https:\/\/i0.wp.com\/cepronda.com\/blog\/wp-content\/uploads\/2025\/12\/MEDIACION-262924GE174-1.png?fit=1080%2C1080&ssl=1&resize=1050%2C600 3x"},"classes":[]},{"id":7327,"url":"https:\/\/cepronda.com\/blog\/gestion-economica-para-secretarias-3\/","url_meta":{"origin":7367,"position":4},"title":"GESTI\u00d3N ECON\u00d3MICA PARA SECRETAR\u00cdAS","author":"Mamen Moreno","date":"12 enero, 2024","format":false,"excerpt":"Os informamos que se encuentra abierta la inscripci\u00f3n en el curso Provincial\u00a0GESTI\u00d3N ECON\u00d3MICA PARA SECRETAR\u00cdAS con c\u00f3digo 242924KPF230, organizado por el CEP de Ronda: Inscripciones:\u00a0 12\/01\/2024 al 26\/01\/2024 Fecha actividad: 30 de enero hasta el 11 de marzo de 2024 Fechas de las videoconferencias: \u00a030 de enero, 6 y 13\u2026","rel":"","context":"En \u00abFormaciones\u00bb","block_context":{"text":"Formaciones","link":"https:\/\/cepronda.com\/blog\/category\/formaciones\/"},"img":{"alt_text":"","src":"https:\/\/i0.wp.com\/cepronda.com\/blog\/wp-content\/uploads\/2024\/01\/WhatsApp-Image-2024-01-12-at-11.03.42.jpeg?fit=848%2C1200&ssl=1&resize=350%2C200","width":350,"height":200,"srcset":"https:\/\/i0.wp.com\/cepronda.com\/blog\/wp-content\/uploads\/2024\/01\/WhatsApp-Image-2024-01-12-at-11.03.42.jpeg?fit=848%2C1200&ssl=1&resize=350%2C200 1x, https:\/\/i0.wp.com\/cepronda.com\/blog\/wp-content\/uploads\/2024\/01\/WhatsApp-Image-2024-01-12-at-11.03.42.jpeg?fit=848%2C1200&ssl=1&resize=525%2C300 1.5x, https:\/\/i0.wp.com\/cepronda.com\/blog\/wp-content\/uploads\/2024\/01\/WhatsApp-Image-2024-01-12-at-11.03.42.jpeg?fit=848%2C1200&ssl=1&resize=700%2C400 2x"},"classes":[]},{"id":7867,"url":"https:\/\/cepronda.com\/blog\/la-coeducacion-aterriza-en-el-aula-estrategias-para-promover-la-igualdad\/","url_meta":{"origin":7367,"position":5},"title":"LA COEDUCACI\u00d3N ATERRIZA EN EL AULA: ESTRATEGIAS PARA PROMOVER LA IGUALDAD","author":"Mamen Moreno","date":"22 noviembre, 2024","format":false,"excerpt":"Abierto el plazo de inscripci\u00f3n para el curso \"LA COEDUCACI\u00d3N ATERRIZA EN EL AULA: ESTRATEGIAS PARA PROMOVER LA IGUALDAD\" con c\u00f3digo 252924GE015 Profesorado destinatario: Internivelar Inscripciones desde el 22\/11\/2024 hasta el 17\/12\/2024 Duraci\u00f3n: 20 horas (16 horas presenciales por videoconferencias y 4 horas no presenciales) Fechas de realizaci\u00f3n: 15 de\u2026","rel":"","context":"En \u00abFormaciones\u00bb","block_context":{"text":"Formaciones","link":"https:\/\/cepronda.com\/blog\/category\/formaciones\/"},"img":{"alt_text":"","src":"https:\/\/i0.wp.com\/cepronda.com\/blog\/wp-content\/uploads\/2024\/11\/Invitacion-vertical-Boda-Nos-casamos-Floral-Verde-y-Beige-Post-de-Instagram-1.jpg?fit=1080%2C1080&ssl=1&resize=350%2C200","width":350,"height":200,"srcset":"https:\/\/i0.wp.com\/cepronda.com\/blog\/wp-content\/uploads\/2024\/11\/Invitacion-vertical-Boda-Nos-casamos-Floral-Verde-y-Beige-Post-de-Instagram-1.jpg?fit=1080%2C1080&ssl=1&resize=350%2C200 1x, https:\/\/i0.wp.com\/cepronda.com\/blog\/wp-content\/uploads\/2024\/11\/Invitacion-vertical-Boda-Nos-casamos-Floral-Verde-y-Beige-Post-de-Instagram-1.jpg?fit=1080%2C1080&ssl=1&resize=525%2C300 1.5x, https:\/\/i0.wp.com\/cepronda.com\/blog\/wp-content\/uploads\/2024\/11\/Invitacion-vertical-Boda-Nos-casamos-Floral-Verde-y-Beige-Post-de-Instagram-1.jpg?fit=1080%2C1080&ssl=1&resize=700%2C400 2x, https:\/\/i0.wp.com\/cepronda.com\/blog\/wp-content\/uploads\/2024\/11\/Invitacion-vertical-Boda-Nos-casamos-Floral-Verde-y-Beige-Post-de-Instagram-1.jpg?fit=1080%2C1080&ssl=1&resize=1050%2C600 3x"},"classes":[]}],"jetpack_sharing_enabled":true,"_links":{"self":[{"href":"https:\/\/cepronda.com\/blog\/wp-json\/wp\/v2\/posts\/7367","targetHints":{"allow":["GET"]}}],"collection":[{"href":"https:\/\/cepronda.com\/blog\/wp-json\/wp\/v2\/posts"}],"about":[{"href":"https:\/\/cepronda.com\/blog\/wp-json\/wp\/v2\/types\/post"}],"author":[{"embeddable":true,"href":"https:\/\/cepronda.com\/blog\/wp-json\/wp\/v2\/users\/13"}],"replies":[{"embeddable":true,"href":"https:\/\/cepronda.com\/blog\/wp-json\/wp\/v2\/comments?post=7367"}],"version-history":[{"count":4,"href":"https:\/\/cepronda.com\/blog\/wp-json\/wp\/v2\/posts\/7367\/revisions"}],"predecessor-version":[{"id":7382,"href":"https:\/\/cepronda.com\/blog\/wp-json\/wp\/v2\/posts\/7367\/revisions\/7382"}],"wp:featuredmedia":[{"embeddable":true,"href":"https:\/\/cepronda.com\/blog\/wp-json\/wp\/v2\/media\/7379"}],"wp:attachment":[{"href":"https:\/\/cepronda.com\/blog\/wp-json\/wp\/v2\/media?parent=7367"}],"wp:term":[{"taxonomy":"category","embeddable":true,"href":"https:\/\/cepronda.com\/blog\/wp-json\/wp\/v2\/categories?post=7367"},{"taxonomy":"post_tag","embeddable":true,"href":"https:\/\/cepronda.com\/blog\/wp-json\/wp\/v2\/tags?post=7367"}],"curies":[{"name":"wp","href":"https:\/\/api.w.org\/{rel}","templated":true}]}}