{"id":7356,"date":"2024-01-15T12:37:55","date_gmt":"2024-01-15T11:37:55","guid":{"rendered":"https:\/\/cepronda.com\/blog\/?p=7356"},"modified":"2025-04-25T11:59:08","modified_gmt":"2025-04-25T09:59:08","slug":"gestion-administrativa-y-economica-de-proyectos-erasmus","status":"publish","type":"post","link":"https:\/\/cepronda.com\/blog\/gestion-administrativa-y-economica-de-proyectos-erasmus\/","title":{"rendered":"GESTI\u00d3N ADMINISTRATIVA Y ECON\u00d3MICA DE PROYECTOS ERASMUS+"},"content":{"rendered":"<p>Os informamos que se encuentra abierta la inscripci\u00f3n en el curso Provincial <strong>GESTI\u00d3N ADMINISTRATIVA Y ECON\u00d3MICA DE PROYECTOS ERASMUS+<\/strong>\u00a0con c\u00f3digo\u00a0<strong>249924KPI461<\/strong>, organizado por el CEP de Ronda:<\/p>\n<p>Inscripciones:\u00a0\u00a0<strong>15\/01\/2024 al 23\/01\/2024<\/strong><\/p>\n<p>Fecha actividad:\u00a0<strong>30 de enero hasta el 15 de marzo de 2024<\/strong><\/p>\n<p>Fechas de las videoconferencias:\u00a0<strong> 21 de febrero y 6\u00a0 de marzo\u00a0<\/strong><\/p>\n<p>Duraci\u00f3n: 3<strong>0 horas. 6 horas presenciales por videoconferencias y 24 horas no presenciales en AVFP<\/strong><\/p>\n<p>Detalle e inscripci\u00f3n en el siguiente enlace:<br \/>\n<a href=\"https:\/\/www.juntadeandalucia.es\/educacion\/secretariavirtual\/consultaCEP\/actividad\/249924KPI461\/\">https:\/\/www.juntadeandalucia.es\/educacion\/secretariavirtual\/consultaCEP\/actividad\/249924KPI461\/<\/a><\/p>\n<p><img data-recalc-dims=\"1\" loading=\"lazy\" decoding=\"async\" class=\"wp-image-7357 size-medium aligncenter\" src=\"https:\/\/i0.wp.com\/cepronda.com\/blog\/wp-content\/uploads\/2024\/01\/Gestion-Economica-y-Administrativa-de-Proyectos-Erasmus-249924KPI461.png?resize=300%2C300&#038;ssl=1\" alt=\"\" width=\"300\" height=\"300\" srcset=\"https:\/\/i0.wp.com\/cepronda.com\/blog\/wp-content\/uploads\/2024\/01\/Gestion-Economica-y-Administrativa-de-Proyectos-Erasmus-249924KPI461.png?resize=300%2C300&amp;ssl=1 300w, https:\/\/i0.wp.com\/cepronda.com\/blog\/wp-content\/uploads\/2024\/01\/Gestion-Economica-y-Administrativa-de-Proyectos-Erasmus-249924KPI461.png?resize=1024%2C1024&amp;ssl=1 1024w, https:\/\/i0.wp.com\/cepronda.com\/blog\/wp-content\/uploads\/2024\/01\/Gestion-Economica-y-Administrativa-de-Proyectos-Erasmus-249924KPI461.png?resize=150%2C150&amp;ssl=1 150w, https:\/\/i0.wp.com\/cepronda.com\/blog\/wp-content\/uploads\/2024\/01\/Gestion-Economica-y-Administrativa-de-Proyectos-Erasmus-249924KPI461.png?resize=768%2C768&amp;ssl=1 768w, https:\/\/i0.wp.com\/cepronda.com\/blog\/wp-content\/uploads\/2024\/01\/Gestion-Economica-y-Administrativa-de-Proyectos-Erasmus-249924KPI461.png?resize=50%2C50&amp;ssl=1 50w, https:\/\/i0.wp.com\/cepronda.com\/blog\/wp-content\/uploads\/2024\/01\/Gestion-Economica-y-Administrativa-de-Proyectos-Erasmus-249924KPI461.png?w=1080&amp;ssl=1 1080w\" sizes=\"auto, (max-width: 300px) 100vw, 300px\" \/><\/p>\n<p style=\"text-align: center;\">\n","protected":false},"excerpt":{"rendered":"<p>Os informamos que se encuentra abierta la inscripci\u00f3n en el curso Provincial GESTI\u00d3N ADMINISTRATIVA Y ECON\u00d3MICA DE PROYECTOS ERASMUS+\u00a0con c\u00f3digo\u00a0249924KPI461, organizado por el CEP de Ronda: Inscripciones:\u00a0\u00a015\/01\/2024 al 23\/01\/2024 Fecha actividad:\u00a030 de enero hasta el 15 de marzo de 2024 Fechas de las videoconferencias:\u00a0 21 de febrero y 6\u00a0 de marzo\u00a0 Duraci\u00f3n: 30 horas. 6 [&hellip;]<\/p>\n","protected":false},"author":10,"featured_media":7357,"comment_status":"closed","ping_status":"open","sticky":false,"template":"","format":"standard","meta":{"_crdt_document":"","advanced_seo_description":"","jetpack_seo_html_title":"","jetpack_seo_noindex":false,"jetpack_post_was_ever_published":false,"_jetpack_newsletter_access":"","_jetpack_dont_email_post_to_subs":false,"_jetpack_newsletter_tier_id":0,"_jetpack_memberships_contains_paywalled_content":false,"_jetpack_memberships_contains_paid_content":false,"footnotes":"","jetpack_publicize_message":"","jetpack_publicize_feature_enabled":true,"jetpack_social_post_already_shared":false,"jetpack_social_options":{"image_generator_settings":{"template":"highway","default_image_id":0,"font":"","enabled":false},"version":2}},"categories":[3,5],"tags":[96],"class_list":{"0":"post-7356","1":"post","2":"type-post","3":"status-publish","4":"format-standard","5":"has-post-thumbnail","7":"category-formaciones","8":"category-noticias","9":"tag-erasmus","10":"czr-hentry"},"jetpack_publicize_connections":[],"jetpack_featured_media_url":"https:\/\/i0.wp.com\/cepronda.com\/blog\/wp-content\/uploads\/2024\/01\/Gestion-Economica-y-Administrativa-de-Proyectos-Erasmus-249924KPI461.png?fit=1080%2C1080&ssl=1","jetpack_shortlink":"https:\/\/wp.me\/p8M4X7-1UE","jetpack-related-posts":[{"id":8965,"url":"https:\/\/cepronda.com\/blog\/gestion-administrativa-y-economica-de-proyectos-erasmus-2\/","url_meta":{"origin":7356,"position":0},"title":"GESTI\u00d3N ADMINISTRATIVA Y ECON\u00d3MICA DE PROYECTOS ERASMUS+","author":"Maribel Mu\u00f1oz","date":"22 octubre, 2025","format":false,"excerpt":"Se encuentra abierto el plazo de inscripci\u00f3n en el curso provincial, \"GESTI\u00d3N ADMINISTRATIVA Y ECON\u00d3MICA DE PROYECTOS ERASMUS+\", con c\u00f3digo: 269924KPI461. Inscripciones: del 22\u00a0 de octubre al 30\u00a0 de octubre. Publicaci\u00f3n del listado de admisi\u00f3n provisional:\u00a031 de octubre de 2025 a las 10:00 horas. Publicaci\u00f3n del listado de admisi\u00f3n definitiva:\u2026","rel":"","context":"En \u00abFormaciones\u00bb","block_context":{"text":"Formaciones","link":"https:\/\/cepronda.com\/blog\/category\/formaciones\/"},"img":{"alt_text":"","src":"https:\/\/i0.wp.com\/cepronda.com\/blog\/wp-content\/uploads\/2025\/10\/WhatsApp-Image-2025-10-23-at-10.24.03.jpeg?fit=960%2C1200&ssl=1&resize=350%2C200","width":350,"height":200,"srcset":"https:\/\/i0.wp.com\/cepronda.com\/blog\/wp-content\/uploads\/2025\/10\/WhatsApp-Image-2025-10-23-at-10.24.03.jpeg?fit=960%2C1200&ssl=1&resize=350%2C200 1x, https:\/\/i0.wp.com\/cepronda.com\/blog\/wp-content\/uploads\/2025\/10\/WhatsApp-Image-2025-10-23-at-10.24.03.jpeg?fit=960%2C1200&ssl=1&resize=525%2C300 1.5x, https:\/\/i0.wp.com\/cepronda.com\/blog\/wp-content\/uploads\/2025\/10\/WhatsApp-Image-2025-10-23-at-10.24.03.jpeg?fit=960%2C1200&ssl=1&resize=700%2C400 2x"},"classes":[]},{"id":7817,"url":"https:\/\/cepronda.com\/blog\/gestion-administrativa-de-proyectos-erasmus-2\/","url_meta":{"origin":7356,"position":1},"title":"GESTI\u00d3N ADMINISTRATIVA DE PROYECTOS ERASMUS+","author":"Maribel Mu\u00f1oz","date":"30 octubre, 2024","format":false,"excerpt":"Abierto el plazo de inscripciones en la actividad provincial GESTI\u00d3N ADMINISTRATIVA DE PROYECTOS ERASMUS+\u00a0 con c\u00f3digo 259924KPI468. Duraci\u00f3n de la actividad: 24 horas ( 3 horas de videoconferencia\u00a0 y 21 horas\u00a0 para tareas en el AVFP) Fecha de inscripci\u00f3n: 30\/10\/2024 hasta 14\/11\/2024 Fecha de la actividad:\u00a0 25 de noviembre al\u2026","rel":"","context":"En \u00abFormaciones\u00bb","block_context":{"text":"Formaciones","link":"https:\/\/cepronda.com\/blog\/category\/formaciones\/"},"img":{"alt_text":"","src":"https:\/\/i0.wp.com\/cepronda.com\/blog\/wp-content\/uploads\/2024\/10\/259924KPI468-GESTION-ADMINISTRATIVA-DE-PROYECTOS-ERASMUS-1.png?fit=1080%2C1080&ssl=1&resize=350%2C200","width":350,"height":200,"srcset":"https:\/\/i0.wp.com\/cepronda.com\/blog\/wp-content\/uploads\/2024\/10\/259924KPI468-GESTION-ADMINISTRATIVA-DE-PROYECTOS-ERASMUS-1.png?fit=1080%2C1080&ssl=1&resize=350%2C200 1x, https:\/\/i0.wp.com\/cepronda.com\/blog\/wp-content\/uploads\/2024\/10\/259924KPI468-GESTION-ADMINISTRATIVA-DE-PROYECTOS-ERASMUS-1.png?fit=1080%2C1080&ssl=1&resize=525%2C300 1.5x, https:\/\/i0.wp.com\/cepronda.com\/blog\/wp-content\/uploads\/2024\/10\/259924KPI468-GESTION-ADMINISTRATIVA-DE-PROYECTOS-ERASMUS-1.png?fit=1080%2C1080&ssl=1&resize=700%2C400 2x, https:\/\/i0.wp.com\/cepronda.com\/blog\/wp-content\/uploads\/2024\/10\/259924KPI468-GESTION-ADMINISTRATIVA-DE-PROYECTOS-ERASMUS-1.png?fit=1080%2C1080&ssl=1&resize=1050%2C600 3x"},"classes":[]},{"id":7822,"url":"https:\/\/cepronda.com\/blog\/gestion-economica-de-proyectos-erasmus-3\/","url_meta":{"origin":7356,"position":2},"title":"GESTI\u00d3N ECON\u00d3MICA DE PROYECTOS ERASMUS+","author":"Maribel Mu\u00f1oz","date":"30 octubre, 2024","format":false,"excerpt":"Abierto el plazo de inscripciones en la actividad provincial GESTI\u00d3N ECON\u00d3MICA DE PROYECTOS ERASMUS+\u00a0 con c\u00f3digo 259924KPI469. Duraci\u00f3n de la actividad: 12 horas ( 3 horas por videoconferencia\u00a0 y\u00a0 9 horas\u00a0 para tareas en el AVFP) Fecha de inscripci\u00f3n: 30\/10\/2024 hasta 17\/11\/2024 Fecha de la actividad:\u00a0 2\u00a0 al 18 de\u2026","rel":"","context":"En \u00abFormaciones\u00bb","block_context":{"text":"Formaciones","link":"https:\/\/cepronda.com\/blog\/category\/formaciones\/"},"img":{"alt_text":"","src":"https:\/\/i0.wp.com\/cepronda.com\/blog\/wp-content\/uploads\/2024\/10\/259924KPI469-GESTION-ECONOMICA-DE-PROYECTOS-ERASMUS.png?fit=1080%2C1080&ssl=1&resize=350%2C200","width":350,"height":200,"srcset":"https:\/\/i0.wp.com\/cepronda.com\/blog\/wp-content\/uploads\/2024\/10\/259924KPI469-GESTION-ECONOMICA-DE-PROYECTOS-ERASMUS.png?fit=1080%2C1080&ssl=1&resize=350%2C200 1x, https:\/\/i0.wp.com\/cepronda.com\/blog\/wp-content\/uploads\/2024\/10\/259924KPI469-GESTION-ECONOMICA-DE-PROYECTOS-ERASMUS.png?fit=1080%2C1080&ssl=1&resize=525%2C300 1.5x, https:\/\/i0.wp.com\/cepronda.com\/blog\/wp-content\/uploads\/2024\/10\/259924KPI469-GESTION-ECONOMICA-DE-PROYECTOS-ERASMUS.png?fit=1080%2C1080&ssl=1&resize=700%2C400 2x, https:\/\/i0.wp.com\/cepronda.com\/blog\/wp-content\/uploads\/2024\/10\/259924KPI469-GESTION-ECONOMICA-DE-PROYECTOS-ERASMUS.png?fit=1080%2C1080&ssl=1&resize=1050%2C600 3x"},"classes":[]},{"id":4847,"url":"https:\/\/cepronda.com\/blog\/gestion-economica-de-proyectos-erasmus\/","url_meta":{"origin":7356,"position":3},"title":"GESTI\u00d3N ECON\u00d3MICA DE PROYECTOS ERASMUS","author":"Maribel Mu\u00f1oz","date":"2 noviembre, 2021","format":false,"excerpt":"Buenas tardes compa\u00f1eras y compa\u00f1eros, Os informamos que est\u00e1 abierto el plazo de inscripci\u00f3n en la actividad GESTI\u00d3N ECON\u00d3MICA DE PROYECTOS ERASMUS con c\u00f3digo 229924PI002. Es una actividad PROVINCIAL.\u00a0 Se desarrollar\u00e1 en el Aula Virtual de Formaci\u00f3n del Profesorado. Consta de 10 horas , 6 de ellas se desarrollaran mediante\u2026","rel":"","context":"En \u00abFormaciones\u00bb","block_context":{"text":"Formaciones","link":"https:\/\/cepronda.com\/blog\/category\/formaciones\/"},"img":{"alt_text":"","src":"https:\/\/i0.wp.com\/cepronda.com\/blog\/wp-content\/uploads\/2021\/11\/229924PI002-Gestion-Economica-Erasmus-212x300.png?resize=350%2C200","width":350,"height":200},"classes":[]},{"id":5606,"url":"https:\/\/cepronda.com\/blog\/gestion-economica-de-proyectos-erasmus-2\/","url_meta":{"origin":7356,"position":4},"title":"GESTI\u00d3N ECON\u00d3MICA DE PROYECTOS ERASMUS","author":"Maribel Mu\u00f1oz","date":"11 noviembre, 2022","format":false,"excerpt":"Buenas tardes compa\u00f1eras y compa\u00f1eros, Os\u00a0 informamos que est\u00e1 abierto el plazo de inscripci\u00f3n en el curso provincial\u00a0 GESTI\u00d3N ECON\u00d3MICA DE PROYECTOS ERASMUS\u00a0con c\u00f3digo 232924PI002. Fechas de inscripci\u00f3n : del 11\/11\/2022 al 25\/11\/2022 Fecha de inicio: 30\/11\/2022 Fecha finalizaci\u00f3n: 19\/12\/2022 Horas: 10\u00a0 ( 6h de videoconferencias y 4 h de\u2026","rel":"","context":"En \u00abFormaciones\u00bb","block_context":{"text":"Formaciones","link":"https:\/\/cepronda.com\/blog\/category\/formaciones\/"},"img":{"alt_text":"","src":"https:\/\/i0.wp.com\/cepronda.com\/blog\/wp-content\/uploads\/2022\/11\/WhatsApp-Image-2022-11-10-at-17.04.45.jpeg?fit=848%2C1200&ssl=1&resize=350%2C200","width":350,"height":200,"srcset":"https:\/\/i0.wp.com\/cepronda.com\/blog\/wp-content\/uploads\/2022\/11\/WhatsApp-Image-2022-11-10-at-17.04.45.jpeg?fit=848%2C1200&ssl=1&resize=350%2C200 1x, https:\/\/i0.wp.com\/cepronda.com\/blog\/wp-content\/uploads\/2022\/11\/WhatsApp-Image-2022-11-10-at-17.04.45.jpeg?fit=848%2C1200&ssl=1&resize=525%2C300 1.5x, https:\/\/i0.wp.com\/cepronda.com\/blog\/wp-content\/uploads\/2022\/11\/WhatsApp-Image-2022-11-10-at-17.04.45.jpeg?fit=848%2C1200&ssl=1&resize=700%2C400 2x"},"classes":[]},{"id":7327,"url":"https:\/\/cepronda.com\/blog\/gestion-economica-para-secretarias-3\/","url_meta":{"origin":7356,"position":5},"title":"GESTI\u00d3N ECON\u00d3MICA PARA SECRETAR\u00cdAS","author":"Mamen Moreno","date":"12 enero, 2024","format":false,"excerpt":"Os informamos que se encuentra abierta la inscripci\u00f3n en el curso Provincial\u00a0GESTI\u00d3N ECON\u00d3MICA PARA SECRETAR\u00cdAS con c\u00f3digo 242924KPF230, organizado por el CEP de Ronda: Inscripciones:\u00a0 12\/01\/2024 al 26\/01\/2024 Fecha actividad: 30 de enero hasta el 11 de marzo de 2024 Fechas de las videoconferencias: \u00a030 de enero, 6 y 13\u2026","rel":"","context":"En \u00abFormaciones\u00bb","block_context":{"text":"Formaciones","link":"https:\/\/cepronda.com\/blog\/category\/formaciones\/"},"img":{"alt_text":"","src":"https:\/\/i0.wp.com\/cepronda.com\/blog\/wp-content\/uploads\/2024\/01\/WhatsApp-Image-2024-01-12-at-11.03.42.jpeg?fit=848%2C1200&ssl=1&resize=350%2C200","width":350,"height":200,"srcset":"https:\/\/i0.wp.com\/cepronda.com\/blog\/wp-content\/uploads\/2024\/01\/WhatsApp-Image-2024-01-12-at-11.03.42.jpeg?fit=848%2C1200&ssl=1&resize=350%2C200 1x, https:\/\/i0.wp.com\/cepronda.com\/blog\/wp-content\/uploads\/2024\/01\/WhatsApp-Image-2024-01-12-at-11.03.42.jpeg?fit=848%2C1200&ssl=1&resize=525%2C300 1.5x, https:\/\/i0.wp.com\/cepronda.com\/blog\/wp-content\/uploads\/2024\/01\/WhatsApp-Image-2024-01-12-at-11.03.42.jpeg?fit=848%2C1200&ssl=1&resize=700%2C400 2x"},"classes":[]}],"jetpack_sharing_enabled":true,"_links":{"self":[{"href":"https:\/\/cepronda.com\/blog\/wp-json\/wp\/v2\/posts\/7356","targetHints":{"allow":["GET"]}}],"collection":[{"href":"https:\/\/cepronda.com\/blog\/wp-json\/wp\/v2\/posts"}],"about":[{"href":"https:\/\/cepronda.com\/blog\/wp-json\/wp\/v2\/types\/post"}],"author":[{"embeddable":true,"href":"https:\/\/cepronda.com\/blog\/wp-json\/wp\/v2\/users\/10"}],"replies":[{"embeddable":true,"href":"https:\/\/cepronda.com\/blog\/wp-json\/wp\/v2\/comments?post=7356"}],"version-history":[{"count":2,"href":"https:\/\/cepronda.com\/blog\/wp-json\/wp\/v2\/posts\/7356\/revisions"}],"predecessor-version":[{"id":7360,"href":"https:\/\/cepronda.com\/blog\/wp-json\/wp\/v2\/posts\/7356\/revisions\/7360"}],"wp:featuredmedia":[{"embeddable":true,"href":"https:\/\/cepronda.com\/blog\/wp-json\/wp\/v2\/media\/7357"}],"wp:attachment":[{"href":"https:\/\/cepronda.com\/blog\/wp-json\/wp\/v2\/media?parent=7356"}],"wp:term":[{"taxonomy":"category","embeddable":true,"href":"https:\/\/cepronda.com\/blog\/wp-json\/wp\/v2\/categories?post=7356"},{"taxonomy":"post_tag","embeddable":true,"href":"https:\/\/cepronda.com\/blog\/wp-json\/wp\/v2\/tags?post=7356"}],"curies":[{"name":"wp","href":"https:\/\/api.w.org\/{rel}","templated":true}]}}