{"id":7337,"date":"2024-01-12T13:29:55","date_gmt":"2024-01-12T12:29:55","guid":{"rendered":"https:\/\/cepronda.com\/blog\/?p=7337"},"modified":"2025-04-28T12:00:09","modified_gmt":"2025-04-28T10:00:09","slug":"jefatura-de-estudios-organizacion-y-funcionamiento-de-los-centros-educacion-infantil-y-primaria-online","status":"publish","type":"post","link":"https:\/\/cepronda.com\/blog\/jefatura-de-estudios-organizacion-y-funcionamiento-de-los-centros-educacion-infantil-y-primaria-online\/","title":{"rendered":"JEFATURA\u00a0DE\u00a0ESTUDIOS:\u00a0ORGANIZACI\u00d3N\u00a0Y\u00a0FUNCIONAMIENTO\u00a0DE\u00a0LOS\u00a0CENTROS\u00a0(EDUCACI\u00d3N\u00a0INFANTIL\u00a0Y\u00a0PRIMARIA &#8211; ONLINE)"},"content":{"rendered":"<div>Informamos que se encuentra abierto el plazo de inscripci\u00f3n del <strong>curso\u00a0provincial<\/strong>:\u00a0\u00a0<strong>\u00ab<\/strong>JEFATU<wbr \/>RA\u00a0DE\u00a0ESTUDIOS:\u00a0ORGANIZACI\u00d3N\u00a0<wbr \/>Y\u00a0FUNCIONAMIENTO\u00a0DE\u00a0LOS\u00a0<wbr \/>CENTROS\u00a0(EDUCACI\u00d3N\u00a0INFANTIL\u00a0Y\u00a0<wbr \/>PRIMARIA &#8211; ONLINE)<strong>\u00bb\u00a0<\/strong>\u00a0C\u00f3digo:\u00a0249925KPF372<\/div>\n<div><\/div>\n<div>Inscripciones: del 11\/01\/2024 al 22\/01\/2024<\/div>\n<div>Fechas de realizaci\u00f3n: del 29 de enero al 18 de marzo de 2024<br \/>\nLugar de realizaci\u00f3n: AULA VIRTUAL DE FORMACI\u00d3N DEL PROFESORADO (Curso\u00a0a distancia)<\/p>\n<\/div>\n<div>Detalle e inscripci\u00f3n en el siguiente enlace:<br \/>\n<a href=\"https:\/\/www.juntadeandalucia.es\/educacion\/secretariavirtual\/consultaCEP\/actividad\/249925KPF372\/\" target=\"_blank\" rel=\"noopener\" data-saferedirecturl=\"https:\/\/www.google.com\/url?q=https:\/\/www.juntadeandalucia.es\/educacion\/secretariavirtual\/consultaCEP\/actividad\/249925KPF372\/&amp;source=gmail&amp;ust=1705146499591000&amp;usg=AOvVaw2WA64m-I_wto-u2EZnmXVb\">https:\/\/www.juntadeandalucia.<wbr \/>es\/educacion\/<wbr \/>secretariavirtual\/consultaCEP\/<wbr \/>actividad\/249925KPF372<\/a><\/div>\n<div><\/div>\n<div><img data-recalc-dims=\"1\" loading=\"lazy\" decoding=\"async\" class=\"size-medium wp-image-7338 aligncenter\" src=\"https:\/\/i0.wp.com\/cepronda.com\/blog\/wp-content\/uploads\/2024\/01\/JEFATURA-ESTUDIOS-CEIP-3.png?resize=212%2C300&#038;ssl=1\" alt=\"\" width=\"212\" height=\"300\" srcset=\"https:\/\/i0.wp.com\/cepronda.com\/blog\/wp-content\/uploads\/2024\/01\/JEFATURA-ESTUDIOS-CEIP-3.png?resize=212%2C300&amp;ssl=1 212w, https:\/\/i0.wp.com\/cepronda.com\/blog\/wp-content\/uploads\/2024\/01\/JEFATURA-ESTUDIOS-CEIP-3.png?resize=724%2C1024&amp;ssl=1 724w, https:\/\/i0.wp.com\/cepronda.com\/blog\/wp-content\/uploads\/2024\/01\/JEFATURA-ESTUDIOS-CEIP-3.png?resize=768%2C1086&amp;ssl=1 768w, https:\/\/i0.wp.com\/cepronda.com\/blog\/wp-content\/uploads\/2024\/01\/JEFATURA-ESTUDIOS-CEIP-3.png?resize=1086%2C1536&amp;ssl=1 1086w, https:\/\/i0.wp.com\/cepronda.com\/blog\/wp-content\/uploads\/2024\/01\/JEFATURA-ESTUDIOS-CEIP-3.png?resize=1448%2C2048&amp;ssl=1 1448w, https:\/\/i0.wp.com\/cepronda.com\/blog\/wp-content\/uploads\/2024\/01\/JEFATURA-ESTUDIOS-CEIP-3.png?w=1587&amp;ssl=1 1587w\" sizes=\"auto, (max-width: 212px) 100vw, 212px\" \/><\/div>\n<div><\/div>\n","protected":false},"excerpt":{"rendered":"<p>Informamos que se encuentra abierto el plazo de inscripci\u00f3n del curso\u00a0provincial:\u00a0\u00a0\u00abJEFATURA\u00a0DE\u00a0ESTUDIOS:\u00a0ORGANIZACI\u00d3N\u00a0Y\u00a0FUNCIONAMIENTO\u00a0DE\u00a0LOS\u00a0CENTROS\u00a0(EDUCACI\u00d3N\u00a0INFANTIL\u00a0Y\u00a0PRIMARIA &#8211; ONLINE)\u00bb\u00a0\u00a0C\u00f3digo:\u00a0249925KPF372 Inscripciones: del 11\/01\/2024 al 22\/01\/2024 Fechas de realizaci\u00f3n: del 29 de enero al 18 de marzo de 2024 Lugar de realizaci\u00f3n: AULA VIRTUAL DE FORMACI\u00d3N DEL PROFESORADO (Curso\u00a0a distancia) Detalle e inscripci\u00f3n en el siguiente enlace: https:\/\/www.juntadeandalucia.es\/educacion\/secretariavirtual\/consultaCEP\/actividad\/249925KPF372<\/p>\n","protected":false},"author":13,"featured_media":7339,"comment_status":"closed","ping_status":"open","sticky":false,"template":"","format":"standard","meta":{"_crdt_document":"","advanced_seo_description":"","jetpack_seo_html_title":"","jetpack_seo_noindex":false,"jetpack_post_was_ever_published":false,"_jetpack_newsletter_access":"","_jetpack_dont_email_post_to_subs":false,"_jetpack_newsletter_tier_id":0,"_jetpack_memberships_contains_paywalled_content":false,"_jetpack_memberships_contains_paid_content":false,"footnotes":"","jetpack_publicize_message":"","jetpack_publicize_feature_enabled":true,"jetpack_social_post_already_shared":false,"jetpack_social_options":{"image_generator_settings":{"template":"highway","default_image_id":0,"font":"","enabled":false},"version":2}},"categories":[3,5],"tags":[],"class_list":{"0":"post-7337","1":"post","2":"type-post","3":"status-publish","4":"format-standard","5":"has-post-thumbnail","7":"category-formaciones","8":"category-noticias","9":"czr-hentry"},"jetpack_publicize_connections":[],"jetpack_featured_media_url":"https:\/\/i0.wp.com\/cepronda.com\/blog\/wp-content\/uploads\/2024\/01\/JEFATURA-ESTUDIOS-CEIP-3-1.png?fit=1587%2C2245&ssl=1","jetpack_shortlink":"https:\/\/wp.me\/p8M4X7-1Ul","jetpack-related-posts":[{"id":5716,"url":"https:\/\/cepronda.com\/blog\/jefatura-de-estudios-organizacion-y-funcionamiento-de-los-centros-educacion-infantil-y-primaria-232925ge607\/","url_meta":{"origin":7337,"position":0},"title":"JEFATURA DE ESTUDIOS: ORGANIZACI\u00d3N Y FUNCIONAMIENTO DE LOS CENTROS (EDUCACI\u00d3N INFANTIL Y PRIMARIA) (232925GE607)","author":"Inmaculada Garc\u00eda","date":"20 enero, 2023","format":false,"excerpt":"Estimado\/a compa\u00f1ero\/a, Te informo que est\u00e1 abierto el plazo de inscripci\u00f3n del curso provincial, organizado por el CEP de Antequera: \"JEFATURA DE ESTUDIOS: ORGANIZACI\u00d3N Y FUNCIONAMIENTO DE LOS CENTROS (EDUCACI\u00d3N INFANTIL Y PRIMARIA)\" C\u00f3digo: 232925GE607 Inscripciones: desde 20\/01\/2023 al 03\/02\/2023 Fechas de realizaci\u00f3n: del 13 de febrero al 27 de\u2026","rel":"","context":"En \u00abFormaciones\u00bb","block_context":{"text":"Formaciones","link":"https:\/\/cepronda.com\/blog\/category\/formaciones\/"},"img":{"alt_text":"","src":"https:\/\/i0.wp.com\/cepronda.com\/blog\/wp-content\/uploads\/2023\/01\/WhatsApp-Image-2023-01-20-at-13.21.21.jpeg?fit=848%2C1200&ssl=1&resize=350%2C200","width":350,"height":200,"srcset":"https:\/\/i0.wp.com\/cepronda.com\/blog\/wp-content\/uploads\/2023\/01\/WhatsApp-Image-2023-01-20-at-13.21.21.jpeg?fit=848%2C1200&ssl=1&resize=350%2C200 1x, https:\/\/i0.wp.com\/cepronda.com\/blog\/wp-content\/uploads\/2023\/01\/WhatsApp-Image-2023-01-20-at-13.21.21.jpeg?fit=848%2C1200&ssl=1&resize=525%2C300 1.5x, https:\/\/i0.wp.com\/cepronda.com\/blog\/wp-content\/uploads\/2023\/01\/WhatsApp-Image-2023-01-20-at-13.21.21.jpeg?fit=848%2C1200&ssl=1&resize=700%2C400 2x"},"classes":[]},{"id":5110,"url":"https:\/\/cepronda.com\/blog\/jefatura-de-estudios-organizacion-y-funcionamiento-de-los-centros-e-infantil-y-primaria\/","url_meta":{"origin":7337,"position":1},"title":"JEFATURA DE ESTUDIOS: ORGANIZACI\u00d3N Y FUNCIONAMIENTO DE LOS CENTROS (E. INFANTIL Y PRIMARIA)","author":"Maribel Mu\u00f1oz","date":"15 febrero, 2022","format":false,"excerpt":"Buenas tardes compa\u00f1eras y compa\u00f1eros Os informamos que se encuentra abierta la inscripci\u00f3n del Curso a distancia provincial JEFATURA DE ESTUDIOS: ORGANIZACI\u00d3N Y FUNCIONAMIENTO DE LOS CENTROS (E. INFANTIL Y PRIMARIA)\"\u00a0 C\u00f3digo: 229925PF372 Inscripciones: Del 14\/2\/22 hasta el 10\/03\/2022 Comienzo del curso: 15\/03\/2022 Lugar de realizaci\u00f3n: AVFP (Aula virtual de\u2026","rel":"","context":"En \u00abFormaciones\u00bb","block_context":{"text":"Formaciones","link":"https:\/\/cepronda.com\/blog\/category\/formaciones\/"},"img":{"alt_text":"","src":"https:\/\/i0.wp.com\/cepronda.com\/blog\/wp-content\/uploads\/2022\/02\/WhatsApp-Image-2022-02-15-at-13.41.17.jpeg?fit=848%2C1200&ssl=1&resize=350%2C200","width":350,"height":200,"srcset":"https:\/\/i0.wp.com\/cepronda.com\/blog\/wp-content\/uploads\/2022\/02\/WhatsApp-Image-2022-02-15-at-13.41.17.jpeg?fit=848%2C1200&ssl=1&resize=350%2C200 1x, https:\/\/i0.wp.com\/cepronda.com\/blog\/wp-content\/uploads\/2022\/02\/WhatsApp-Image-2022-02-15-at-13.41.17.jpeg?fit=848%2C1200&ssl=1&resize=525%2C300 1.5x, https:\/\/i0.wp.com\/cepronda.com\/blog\/wp-content\/uploads\/2022\/02\/WhatsApp-Image-2022-02-15-at-13.41.17.jpeg?fit=848%2C1200&ssl=1&resize=700%2C400 2x"},"classes":[]},{"id":7928,"url":"https:\/\/cepronda.com\/blog\/jefatura-de-estudios-organizacion-y-funcionamiento-infantil-y-primaria-codigo-259925pf493\/","url_meta":{"origin":7337,"position":2},"title":"\u00abJEFATURA DE ESTUDIOS: ORGANIZACI\u00d3N Y FUNCIONAMIENTO (INFANTIL Y PRIMARIA)\u00bb C\u00f3digo: 259925PF493.","author":"Inmaculada Garc\u00eda","date":"11 diciembre, 2024","format":false,"excerpt":"Abierto el plazo de inscripci\u00f3n para la actividad provincial: \"JEFATURA DE ESTUDIOS: ORGANIZACI\u00d3N Y FUNCIONAMIENTO (INFANTIL Y PRIMARIA)\" C\u00f3digo: 259925PF493. Lugar de realizaci\u00f3n: Curso a distancia en el Aula Virtual de Formaci\u00f3n del Profesorado. \u270f\ufe0fFecha inscripci\u00f3n: del 11\/12\/2024 al 13\/01\/2025. Fecha actividad:del 20 de enero al 24 de marzo de\u2026","rel":"","context":"En \u00abFormaciones\u00bb","block_context":{"text":"Formaciones","link":"https:\/\/cepronda.com\/blog\/category\/formaciones\/"},"img":{"alt_text":"","src":"https:\/\/i0.wp.com\/cepronda.com\/blog\/wp-content\/uploads\/2024\/12\/JEFATURA-ESTUDIOS-CEIP-1_page-0001-1-scaled.jpg?fit=848%2C1200&ssl=1&resize=350%2C200","width":350,"height":200,"srcset":"https:\/\/i0.wp.com\/cepronda.com\/blog\/wp-content\/uploads\/2024\/12\/JEFATURA-ESTUDIOS-CEIP-1_page-0001-1-scaled.jpg?fit=848%2C1200&ssl=1&resize=350%2C200 1x, https:\/\/i0.wp.com\/cepronda.com\/blog\/wp-content\/uploads\/2024\/12\/JEFATURA-ESTUDIOS-CEIP-1_page-0001-1-scaled.jpg?fit=848%2C1200&ssl=1&resize=525%2C300 1.5x, https:\/\/i0.wp.com\/cepronda.com\/blog\/wp-content\/uploads\/2024\/12\/JEFATURA-ESTUDIOS-CEIP-1_page-0001-1-scaled.jpg?fit=848%2C1200&ssl=1&resize=700%2C400 2x"},"classes":[]},{"id":8833,"url":"https:\/\/cepronda.com\/blog\/jefatura-de-estudios-organizacion-y-funcionamiento-infantil-y-primaria-269925kpf493\/","url_meta":{"origin":7337,"position":3},"title":"JEFATURA DE ESTUDIOS: ORGANIZACI\u00d3N Y FUNCIONAMIENTO (INFANTIL Y PRIMARIA). (269925KPF493)","author":"Inmaculada Garc\u00eda","date":"25 septiembre, 2025","format":false,"excerpt":"Se abre el plazo de inscripci\u00f3n para la actividad formativa provincial \"JEFATURA DE ESTUDIOS: ORGANIZACI\u00d3N Y FUNCIONAMIENTO (INFANTIL Y PRIMARIA)\", con c\u00f3digo 269925KPF493, que se desarrollar\u00e1,\u00a0 en modalidad A Distancia, en el Aula Virtual de Formaci\u00f3n del Profesorado, con un aprovechamiento de 40 horas. Fecha actividad:\u00a020\/10\/2025 hasta 23\/12\/2025 Fecha inscripci\u00f3n:\u00a024\/09\/2025\u2026","rel":"","context":"En \u00abFormaciones\u00bb","block_context":{"text":"Formaciones","link":"https:\/\/cepronda.com\/blog\/category\/formaciones\/"},"img":{"alt_text":"","src":"https:\/\/i0.wp.com\/cepronda.com\/blog\/wp-content\/uploads\/2025\/09\/Jefatura-de-estudios-1_page-0001.jpg?fit=960%2C1200&ssl=1&resize=350%2C200","width":350,"height":200,"srcset":"https:\/\/i0.wp.com\/cepronda.com\/blog\/wp-content\/uploads\/2025\/09\/Jefatura-de-estudios-1_page-0001.jpg?fit=960%2C1200&ssl=1&resize=350%2C200 1x, https:\/\/i0.wp.com\/cepronda.com\/blog\/wp-content\/uploads\/2025\/09\/Jefatura-de-estudios-1_page-0001.jpg?fit=960%2C1200&ssl=1&resize=525%2C300 1.5x, https:\/\/i0.wp.com\/cepronda.com\/blog\/wp-content\/uploads\/2025\/09\/Jefatura-de-estudios-1_page-0001.jpg?fit=960%2C1200&ssl=1&resize=700%2C400 2x"},"classes":[]},{"id":7399,"url":"https:\/\/cepronda.com\/blog\/jefatura-de-estudios-organizacion-y-funcionamiento-de-los-centros-secundaria-2\/","url_meta":{"origin":7337,"position":4},"title":"JEFATURA DE ESTUDIOS: ORGANIZACI\u00d3N Y FUNCIONAMIENTO DE LOS CENTROS (SECUNDARIA)","author":"Mamen Moreno","date":"19 enero, 2024","format":false,"excerpt":"Os informamos que se encuentra abierta la inscripci\u00f3n en el curso provincial, JEFATURA DE ESTUDIOS: ORGANIZACI\u00d3N Y FUNCIONAMIENTO DE LOS CENTROS (SECUNDARIA) con c\u00f3digo 249923PF373 Inscripciones: 18\/01\/2024 al 31\/01\/2024 Fecha actividad: 7 de febrero hasta el 7 de abril de 2024 Duraci\u00f3n: 30 horas no presenciales en AVFP Detalle e\u2026","rel":"","context":"En \u00abFormaciones\u00bb","block_context":{"text":"Formaciones","link":"https:\/\/cepronda.com\/blog\/category\/formaciones\/"},"img":{"alt_text":"","src":"https:\/\/i0.wp.com\/cepronda.com\/blog\/wp-content\/uploads\/2024\/01\/WhatsApp-Image-2024-01-18-at-19.45.23.jpeg?fit=1080%2C1080&ssl=1&resize=350%2C200","width":350,"height":200,"srcset":"https:\/\/i0.wp.com\/cepronda.com\/blog\/wp-content\/uploads\/2024\/01\/WhatsApp-Image-2024-01-18-at-19.45.23.jpeg?fit=1080%2C1080&ssl=1&resize=350%2C200 1x, https:\/\/i0.wp.com\/cepronda.com\/blog\/wp-content\/uploads\/2024\/01\/WhatsApp-Image-2024-01-18-at-19.45.23.jpeg?fit=1080%2C1080&ssl=1&resize=525%2C300 1.5x, https:\/\/i0.wp.com\/cepronda.com\/blog\/wp-content\/uploads\/2024\/01\/WhatsApp-Image-2024-01-18-at-19.45.23.jpeg?fit=1080%2C1080&ssl=1&resize=700%2C400 2x, https:\/\/i0.wp.com\/cepronda.com\/blog\/wp-content\/uploads\/2024\/01\/WhatsApp-Image-2024-01-18-at-19.45.23.jpeg?fit=1080%2C1080&ssl=1&resize=1050%2C600 3x"},"classes":[]},{"id":5102,"url":"https:\/\/cepronda.com\/blog\/jefatura-de-estudios-organizacion-y-funcionamiento-de-los-centros-secundaria\/","url_meta":{"origin":7337,"position":5},"title":"JEFATURA DE ESTUDIOS: ORGANIZACI\u00d3N Y FUNCIONAMIENTO DE LOS CENTROS (SECUNDARIA)","author":"Maribel Mu\u00f1oz","date":"14 febrero, 2022","format":false,"excerpt":"Buenos d\u00edas compa\u00f1eras y compa\u00f1eros Os informamos que se encuentra abierta la inscripci\u00f3n del Curso a distancia provincial JEFATURA DE ESTUDIOS: ORGANIZACI\u00d3N Y FUNCIONAMIENTO DE LOS CENTROS (SECUNDARIA) C\u00f3digo: 229923PF373 Inscripciones: Del 14\/2\/22 hasta el 04\/03\/2022 Comienzo del curso: 15\/03\/2022 Lugar de realizaci\u00f3n: AVFP (Aula virtual de formaci\u00f3n del Profesorado)\u2026","rel":"","context":"En \u00abFormaciones\u00bb","block_context":{"text":"Formaciones","link":"https:\/\/cepronda.com\/blog\/category\/formaciones\/"},"img":{"alt_text":"","src":"https:\/\/i0.wp.com\/cepronda.com\/blog\/wp-content\/uploads\/2022\/02\/WhatsApp-Image-2022-02-14-at-10.50.24.jpeg?fit=848%2C1200&ssl=1&resize=350%2C200","width":350,"height":200,"srcset":"https:\/\/i0.wp.com\/cepronda.com\/blog\/wp-content\/uploads\/2022\/02\/WhatsApp-Image-2022-02-14-at-10.50.24.jpeg?fit=848%2C1200&ssl=1&resize=350%2C200 1x, https:\/\/i0.wp.com\/cepronda.com\/blog\/wp-content\/uploads\/2022\/02\/WhatsApp-Image-2022-02-14-at-10.50.24.jpeg?fit=848%2C1200&ssl=1&resize=525%2C300 1.5x, https:\/\/i0.wp.com\/cepronda.com\/blog\/wp-content\/uploads\/2022\/02\/WhatsApp-Image-2022-02-14-at-10.50.24.jpeg?fit=848%2C1200&ssl=1&resize=700%2C400 2x"},"classes":[]}],"jetpack_sharing_enabled":true,"_links":{"self":[{"href":"https:\/\/cepronda.com\/blog\/wp-json\/wp\/v2\/posts\/7337","targetHints":{"allow":["GET"]}}],"collection":[{"href":"https:\/\/cepronda.com\/blog\/wp-json\/wp\/v2\/posts"}],"about":[{"href":"https:\/\/cepronda.com\/blog\/wp-json\/wp\/v2\/types\/post"}],"author":[{"embeddable":true,"href":"https:\/\/cepronda.com\/blog\/wp-json\/wp\/v2\/users\/13"}],"replies":[{"embeddable":true,"href":"https:\/\/cepronda.com\/blog\/wp-json\/wp\/v2\/comments?post=7337"}],"version-history":[{"count":1,"href":"https:\/\/cepronda.com\/blog\/wp-json\/wp\/v2\/posts\/7337\/revisions"}],"predecessor-version":[{"id":7340,"href":"https:\/\/cepronda.com\/blog\/wp-json\/wp\/v2\/posts\/7337\/revisions\/7340"}],"wp:featuredmedia":[{"embeddable":true,"href":"https:\/\/cepronda.com\/blog\/wp-json\/wp\/v2\/media\/7339"}],"wp:attachment":[{"href":"https:\/\/cepronda.com\/blog\/wp-json\/wp\/v2\/media?parent=7337"}],"wp:term":[{"taxonomy":"category","embeddable":true,"href":"https:\/\/cepronda.com\/blog\/wp-json\/wp\/v2\/categories?post=7337"},{"taxonomy":"post_tag","embeddable":true,"href":"https:\/\/cepronda.com\/blog\/wp-json\/wp\/v2\/tags?post=7337"}],"curies":[{"name":"wp","href":"https:\/\/api.w.org\/{rel}","templated":true}]}}