{"id":7334,"date":"2024-01-12T13:23:38","date_gmt":"2024-01-12T12:23:38","guid":{"rendered":"https:\/\/cepronda.com\/blog\/?p=7334"},"modified":"2025-04-28T11:48:14","modified_gmt":"2025-04-28T09:48:14","slug":"el-aprendizaje-cooperativo-como-estrategia-de-gestion-del-aula","status":"publish","type":"post","link":"https:\/\/cepronda.com\/blog\/el-aprendizaje-cooperativo-como-estrategia-de-gestion-del-aula\/","title":{"rendered":"\u00abEL APRENDIZAJE COOPERATIVO COMO ESTRATEGIA DE GESTI\u00d3N DEL AULA\u00bb"},"content":{"rendered":"<p>Abierto el plazo para la inscripci\u00f3n de la actividad provincial, organizada por el CEP de Antequera: \u00abEL APRENDIZAJE COOPERATIVO COMO ESTRATEGIA DE GESTI\u00d3N DEL AULA\u00bb , c\u00f3digo: 242925GE206, dirigido a docentes de centros p\u00fablicos.<\/p>\n<p>El curso, de modalidad a distancia, se desarrollar\u00e1 en el Aula Virtual de Formaci\u00f3n del Profesorado, del 29 de enero hasta el 18 de marzo de 2024.<\/p>\n<p>Fin del plazo de solicitudes: 22 de enero de 2024.<\/p>\n<p>M\u00e1s informaci\u00f3n e inscripci\u00f3n:<br \/>\n<a href=\"https:\/\/www.juntadeandalucia.es\/educacion\/secretariavirtual\/consultaCEP\/actividad\/242925GE206\/\">https:\/\/www.juntadeandalucia.es\/educacion\/secretariavirtual\/consultaCEP\/actividad\/242925GE206\/<\/a><\/p>\n<p><img data-recalc-dims=\"1\" loading=\"lazy\" decoding=\"async\" class=\"size-medium wp-image-7335 aligncenter\" src=\"https:\/\/i0.wp.com\/cepronda.com\/blog\/wp-content\/uploads\/2024\/01\/WhatsApp-Image-2024-01-12-at-13.05.43.jpeg?resize=300%2C300&#038;ssl=1\" alt=\"\" width=\"300\" height=\"300\" srcset=\"https:\/\/i0.wp.com\/cepronda.com\/blog\/wp-content\/uploads\/2024\/01\/WhatsApp-Image-2024-01-12-at-13.05.43.jpeg?resize=300%2C300&amp;ssl=1 300w, https:\/\/i0.wp.com\/cepronda.com\/blog\/wp-content\/uploads\/2024\/01\/WhatsApp-Image-2024-01-12-at-13.05.43.jpeg?resize=1024%2C1024&amp;ssl=1 1024w, https:\/\/i0.wp.com\/cepronda.com\/blog\/wp-content\/uploads\/2024\/01\/WhatsApp-Image-2024-01-12-at-13.05.43.jpeg?resize=150%2C150&amp;ssl=1 150w, https:\/\/i0.wp.com\/cepronda.com\/blog\/wp-content\/uploads\/2024\/01\/WhatsApp-Image-2024-01-12-at-13.05.43.jpeg?resize=768%2C768&amp;ssl=1 768w, https:\/\/i0.wp.com\/cepronda.com\/blog\/wp-content\/uploads\/2024\/01\/WhatsApp-Image-2024-01-12-at-13.05.43.jpeg?resize=50%2C50&amp;ssl=1 50w, https:\/\/i0.wp.com\/cepronda.com\/blog\/wp-content\/uploads\/2024\/01\/WhatsApp-Image-2024-01-12-at-13.05.43.jpeg?w=1080&amp;ssl=1 1080w\" sizes=\"auto, (max-width: 300px) 100vw, 300px\" \/><\/p>\n","protected":false},"excerpt":{"rendered":"<p>Abierto el plazo para la inscripci\u00f3n de la actividad provincial, organizada por el CEP de Antequera: \u00abEL APRENDIZAJE COOPERATIVO COMO ESTRATEGIA DE GESTI\u00d3N DEL AULA\u00bb , c\u00f3digo: 242925GE206, dirigido a docentes de centros p\u00fablicos. El curso, de modalidad a distancia, se desarrollar\u00e1 en el Aula Virtual de Formaci\u00f3n del Profesorado, del 29 de enero hasta [&hellip;]<\/p>\n","protected":false},"author":13,"featured_media":7335,"comment_status":"closed","ping_status":"open","sticky":false,"template":"","format":"standard","meta":{"_crdt_document":"","advanced_seo_description":"","jetpack_seo_html_title":"","jetpack_seo_noindex":false,"jetpack_post_was_ever_published":false,"_jetpack_newsletter_access":"","_jetpack_dont_email_post_to_subs":false,"_jetpack_newsletter_tier_id":0,"_jetpack_memberships_contains_paywalled_content":false,"_jetpack_memberships_contains_paid_content":false,"footnotes":"","jetpack_publicize_message":"","jetpack_publicize_feature_enabled":true,"jetpack_social_post_already_shared":false,"jetpack_social_options":{"image_generator_settings":{"template":"highway","default_image_id":0,"font":"","enabled":false},"version":2}},"categories":[3,5],"tags":[],"class_list":{"0":"post-7334","1":"post","2":"type-post","3":"status-publish","4":"format-standard","5":"has-post-thumbnail","7":"category-formaciones","8":"category-noticias","9":"czr-hentry"},"jetpack_publicize_connections":[],"jetpack_featured_media_url":"https:\/\/i0.wp.com\/cepronda.com\/blog\/wp-content\/uploads\/2024\/01\/WhatsApp-Image-2024-01-12-at-13.05.43.jpeg?fit=1080%2C1080&ssl=1","jetpack_shortlink":"https:\/\/wp.me\/p8M4X7-1Ui","jetpack-related-posts":[{"id":8332,"url":"https:\/\/cepronda.com\/blog\/el-aprendizaje-cooperativo-como-estrategia-de-gestion-del-aula-2\/","url_meta":{"origin":7334,"position":0},"title":"EL APRENDIZAJE COOPERATIVO COMO ESTRATEGIA DE GESTI\u00d3N DEL AULA","author":"Mamen Moreno","date":"12 marzo, 2025","format":false,"excerpt":"Informamos que se encuentra abierto el plazo de inscripci\u00f3n para el curso provincial a distancia: EL APRENDIZAJE COOPERATIVO\u00a0COMO\u00a0ESTRATEGIA\u00a0DE\u00a0GESTI\u00d3N\u00a0DEL\u00a0AULA (252925GE204), que se desarrollar\u00e1\u00a0en el\u00a0Aula Virtual de Formaci\u00f3n del Profesorado, del 7 de abril al 29 de mayo de 2025. Plazo de inscripci\u00f3n:\u00a0del 11 al 26 de marzo. \u00a0 M\u00e1s informaci\u00f3n\u00a0e inscripci\u00f3n:\u2026","rel":"","context":"En \u00abFormaciones\u00bb","block_context":{"text":"Formaciones","link":"https:\/\/cepronda.com\/blog\/category\/formaciones\/"},"img":{"alt_text":"","src":"https:\/\/i0.wp.com\/cepronda.com\/blog\/wp-content\/uploads\/2025\/03\/CURSO-AC.jpg?fit=900%2C1200&ssl=1&resize=350%2C200","width":350,"height":200,"srcset":"https:\/\/i0.wp.com\/cepronda.com\/blog\/wp-content\/uploads\/2025\/03\/CURSO-AC.jpg?fit=900%2C1200&ssl=1&resize=350%2C200 1x, https:\/\/i0.wp.com\/cepronda.com\/blog\/wp-content\/uploads\/2025\/03\/CURSO-AC.jpg?fit=900%2C1200&ssl=1&resize=525%2C300 1.5x, https:\/\/i0.wp.com\/cepronda.com\/blog\/wp-content\/uploads\/2025\/03\/CURSO-AC.jpg?fit=900%2C1200&ssl=1&resize=700%2C400 2x"},"classes":[]},{"id":9185,"url":"https:\/\/cepronda.com\/blog\/9185-2\/","url_meta":{"origin":7334,"position":1},"title":"CURSO EL APRENDIZAJE COOPERATIVO COMO ESTRATEGIA DE GESTI\u00d3N DE AULA","author":"Encarni Jim\u00e9nez Rosado","date":"13 enero, 2026","format":false,"excerpt":"Abierto plazo de inscripci\u00f3n para el curso \u201cEL APRENDIZAJE COOPERATIVO COMO ESTRATEGIA DE GESTI\u00d3N DE AULA\u201d C\u00f3digo: 262925GE401 Inscripciones: desde el 09\/01\/2026 hasta 27\/01\/2026 Fecha de inicio y fin del curso: 02\/02\/2026 hasta 08\/04\/2026 Lugar de realizaci\u00f3n: Aula Virtual de Formaci\u00f3n del Profesorado (https:\/\/educacionadistancia.juntadeandalucia.es\/profesorado\/) Detalle e inscripci\u00f3n: https:\/\/secretariavirtual.juntadeandalucia.es\/secretariavirtual\/consultaCEP\/actividad\/262925GE401\/","rel":"","context":"En \u00abFormaciones\u00bb","block_context":{"text":"Formaciones","link":"https:\/\/cepronda.com\/blog\/category\/formaciones\/"},"img":{"alt_text":"","src":"https:\/\/i0.wp.com\/cepronda.com\/blog\/wp-content\/uploads\/2026\/01\/WhatsApp-Image-2026-01-13-at-12.20.28-e1768303479670.jpeg?fit=500%2C835&ssl=1&resize=350%2C200","width":350,"height":200},"classes":[]},{"id":7826,"url":"https:\/\/cepronda.com\/blog\/curso-provincial-creando-entornos-de-aprendizaje-inclusivos-atencion-a-la-diversidad-en-el-aula-y-en-el-centro-escolar-con-codigo-252924ge004\/","url_meta":{"origin":7334,"position":2},"title":"Curso provincial: \u00abCREANDO ENTORNOS DE APRENDIZAJE INCLUSIVOS: ATENCI\u00d3N A LA DIVERSIDAD EN EL AULA Y EN EL CENTRO ESCOLAR\u00bb, con c\u00f3digo 252924GE004.","author":"Inmaculada Garc\u00eda","date":"30 octubre, 2024","format":false,"excerpt":"Se encuentra abierto el plazo de inscripci\u00f3n en el curso provincial: \"CREANDO ENTORNOS DE APRENDIZAJE INCLUSIVOS: ATENCI\u00d3N A LA DIVERSIDAD EN EL AULA Y EN EL CENTRO ESCOLAR\", con c\u00f3digo 252924GE004. Fecha inscripci\u00f3n: 30\/10\/2024 hasta 15\/11\/2024. Fecha actividad: 19\/11\/2024 hasta 10\/12\/2024 Lugar: Sala de videoconferencias Webex. Duraci\u00f3n del curso: 15\u2026","rel":"","context":"En \u00abFormaciones\u00bb","block_context":{"text":"Formaciones","link":"https:\/\/cepronda.com\/blog\/category\/formaciones\/"},"img":{"alt_text":"","src":"https:\/\/i0.wp.com\/cepronda.com\/blog\/wp-content\/uploads\/2024\/10\/CREANDO-ENTORNOS-DE-APRENDIZAJE-INCLUSIVOS-ATENCION-A-LA-DIVERSIDAD-EN-EL-AULA-Y-EN-EL-CENTRO-ESCOLAR.jpg?fit=1120%2C1120&ssl=1&resize=350%2C200","width":350,"height":200,"srcset":"https:\/\/i0.wp.com\/cepronda.com\/blog\/wp-content\/uploads\/2024\/10\/CREANDO-ENTORNOS-DE-APRENDIZAJE-INCLUSIVOS-ATENCION-A-LA-DIVERSIDAD-EN-EL-AULA-Y-EN-EL-CENTRO-ESCOLAR.jpg?fit=1120%2C1120&ssl=1&resize=350%2C200 1x, https:\/\/i0.wp.com\/cepronda.com\/blog\/wp-content\/uploads\/2024\/10\/CREANDO-ENTORNOS-DE-APRENDIZAJE-INCLUSIVOS-ATENCION-A-LA-DIVERSIDAD-EN-EL-AULA-Y-EN-EL-CENTRO-ESCOLAR.jpg?fit=1120%2C1120&ssl=1&resize=525%2C300 1.5x, https:\/\/i0.wp.com\/cepronda.com\/blog\/wp-content\/uploads\/2024\/10\/CREANDO-ENTORNOS-DE-APRENDIZAJE-INCLUSIVOS-ATENCION-A-LA-DIVERSIDAD-EN-EL-AULA-Y-EN-EL-CENTRO-ESCOLAR.jpg?fit=1120%2C1120&ssl=1&resize=700%2C400 2x, https:\/\/i0.wp.com\/cepronda.com\/blog\/wp-content\/uploads\/2024\/10\/CREANDO-ENTORNOS-DE-APRENDIZAJE-INCLUSIVOS-ATENCION-A-LA-DIVERSIDAD-EN-EL-AULA-Y-EN-EL-CENTRO-ESCOLAR.jpg?fit=1120%2C1120&ssl=1&resize=1050%2C600 3x"},"classes":[]},{"id":7284,"url":"https:\/\/cepronda.com\/blog\/que-y-como-ensenar-al-alumnado-tea-en-el-aula-ordinaria\/","url_meta":{"origin":7334,"position":3},"title":"QU\u00c9 Y C\u00d3MO ENSE\u00d1AR AL ALUMNADO TEA EN EL AULA ORDINARIA","author":"V\u00edctor Caballero","date":"22 diciembre, 2023","format":false,"excerpt":"Se encuentra abierto el plazo de inscripci\u00f3n para la formaci\u00f3n \u201cQU\u00c9 Y C\u00d3MO ENSE\u00d1AR AL ALUMNADO TEA EN EL AULA ORDINARIA.\" C\u00d3DIGO 242924GE042. Ponente:\u00a0 Macarena Conesa Duraci\u00f3n de la actividad 10 horas presenciales + 2 horas de tareas. Fecha actividad: X10 enero (16:30 a 19:00h) ONLINE X17 enero (16:30 a\u2026","rel":"","context":"En \u00abFormaciones\u00bb","block_context":{"text":"Formaciones","link":"https:\/\/cepronda.com\/blog\/category\/formaciones\/"},"img":{"alt_text":"","src":"https:\/\/i0.wp.com\/cepronda.com\/blog\/wp-content\/uploads\/2023\/12\/242924GE042-Cartel-TEA.png?fit=1080%2C1080&ssl=1&resize=350%2C200","width":350,"height":200,"srcset":"https:\/\/i0.wp.com\/cepronda.com\/blog\/wp-content\/uploads\/2023\/12\/242924GE042-Cartel-TEA.png?fit=1080%2C1080&ssl=1&resize=350%2C200 1x, https:\/\/i0.wp.com\/cepronda.com\/blog\/wp-content\/uploads\/2023\/12\/242924GE042-Cartel-TEA.png?fit=1080%2C1080&ssl=1&resize=525%2C300 1.5x, https:\/\/i0.wp.com\/cepronda.com\/blog\/wp-content\/uploads\/2023\/12\/242924GE042-Cartel-TEA.png?fit=1080%2C1080&ssl=1&resize=700%2C400 2x, https:\/\/i0.wp.com\/cepronda.com\/blog\/wp-content\/uploads\/2023\/12\/242924GE042-Cartel-TEA.png?fit=1080%2C1080&ssl=1&resize=1050%2C600 3x"},"classes":[]},{"id":7278,"url":"https:\/\/cepronda.com\/blog\/formacion-como-despertar-la-emocion-por-aprender-neurociencia-en-el-aula-242926ge305\/","url_meta":{"origin":7334,"position":4},"title":"FORMACI\u00d3N: COMO DESPERTAR LA EMOCI\u00d3N POR APRENDER: NEUROCIENCIA EN EL AULA (242926GE305)","author":"Inmaculada Garc\u00eda","date":"14 diciembre, 2023","format":false,"excerpt":"Abierto el plazo de inscripci\u00f3n para el curso provincial, organizado por el CEP de V\u00e9lez-M\u00e1laga: COMO DESPERTAR LA EMOCI\u00d3N POR APRENDER: NEUROCIENCIA EN EL AULA (242926GE305), que se realizar\u00e1 mediante videoconferencia los d\u00edas 17 y 24 de enero de 2024 con la ganadora de los premios Global Teacher Award ,\u2026","rel":"","context":"En \u00abFormaciones\u00bb","block_context":{"text":"Formaciones","link":"https:\/\/cepronda.com\/blog\/category\/formaciones\/"},"img":{"alt_text":"","src":"https:\/\/i0.wp.com\/cepronda.com\/blog\/wp-content\/uploads\/2023\/12\/410041968_1590325178438853_4572903023338398729_n.jpg?fit=1080%2C1080&ssl=1&resize=350%2C200","width":350,"height":200,"srcset":"https:\/\/i0.wp.com\/cepronda.com\/blog\/wp-content\/uploads\/2023\/12\/410041968_1590325178438853_4572903023338398729_n.jpg?fit=1080%2C1080&ssl=1&resize=350%2C200 1x, https:\/\/i0.wp.com\/cepronda.com\/blog\/wp-content\/uploads\/2023\/12\/410041968_1590325178438853_4572903023338398729_n.jpg?fit=1080%2C1080&ssl=1&resize=525%2C300 1.5x, https:\/\/i0.wp.com\/cepronda.com\/blog\/wp-content\/uploads\/2023\/12\/410041968_1590325178438853_4572903023338398729_n.jpg?fit=1080%2C1080&ssl=1&resize=700%2C400 2x, https:\/\/i0.wp.com\/cepronda.com\/blog\/wp-content\/uploads\/2023\/12\/410041968_1590325178438853_4572903023338398729_n.jpg?fit=1080%2C1080&ssl=1&resize=1050%2C600 3x"},"classes":[]},{"id":7834,"url":"https:\/\/cepronda.com\/blog\/curso-provincial-gestion-economica-para-secretarias-con-codigo-259924kpf230\/","url_meta":{"origin":7334,"position":5},"title":"Curso provincial: \u00abGESTI\u00d3N ECON\u00d3MICA PARA SECRETAR\u00cdAS\u00bb, con c\u00f3digo 259924KPF230.","author":"Inmaculada Garc\u00eda","date":"4 noviembre, 2024","format":false,"excerpt":"Informamos que se ha abierto el plazo de inscripci\u00f3n en el curso provincial: \"GESTI\u00d3N ECON\u00d3MICA PARA SECRETAR\u00cdAS\", con c\u00f3digo 259924KPF230. \u270f\ufe0fFecha inscripci\u00f3n: 04\/11\/2024 hasta 22\/11\/2024. Fecha actividad: 26\/11\/2024 hasta 21\/01\/2025 \u27a1\ufe0fLugar: Aula Virtual de Formaci\u00f3n del Profesorado. Duraci\u00f3n del curso: 40 horas M\u00e1s informaci\u00f3n e inscripci\u00f3n:\u00a0https:\/\/www.juntadeandalucia.es\/educacion\/secretariavirtual\/consultaCEP\/actividad\/259924KPF230\/","rel":"","context":"En \u00abFormaciones\u00bb","block_context":{"text":"Formaciones","link":"https:\/\/cepronda.com\/blog\/category\/formaciones\/"},"img":{"alt_text":"","src":"https:\/\/i0.wp.com\/cepronda.com\/blog\/wp-content\/uploads\/2024\/11\/CARTEL-GESTION-ECONOMICA-PARA-SECRETARIAS.jpg?fit=848%2C1200&ssl=1&resize=350%2C200","width":350,"height":200,"srcset":"https:\/\/i0.wp.com\/cepronda.com\/blog\/wp-content\/uploads\/2024\/11\/CARTEL-GESTION-ECONOMICA-PARA-SECRETARIAS.jpg?fit=848%2C1200&ssl=1&resize=350%2C200 1x, https:\/\/i0.wp.com\/cepronda.com\/blog\/wp-content\/uploads\/2024\/11\/CARTEL-GESTION-ECONOMICA-PARA-SECRETARIAS.jpg?fit=848%2C1200&ssl=1&resize=525%2C300 1.5x, https:\/\/i0.wp.com\/cepronda.com\/blog\/wp-content\/uploads\/2024\/11\/CARTEL-GESTION-ECONOMICA-PARA-SECRETARIAS.jpg?fit=848%2C1200&ssl=1&resize=700%2C400 2x"},"classes":[]}],"jetpack_sharing_enabled":true,"_links":{"self":[{"href":"https:\/\/cepronda.com\/blog\/wp-json\/wp\/v2\/posts\/7334","targetHints":{"allow":["GET"]}}],"collection":[{"href":"https:\/\/cepronda.com\/blog\/wp-json\/wp\/v2\/posts"}],"about":[{"href":"https:\/\/cepronda.com\/blog\/wp-json\/wp\/v2\/types\/post"}],"author":[{"embeddable":true,"href":"https:\/\/cepronda.com\/blog\/wp-json\/wp\/v2\/users\/13"}],"replies":[{"embeddable":true,"href":"https:\/\/cepronda.com\/blog\/wp-json\/wp\/v2\/comments?post=7334"}],"version-history":[{"count":1,"href":"https:\/\/cepronda.com\/blog\/wp-json\/wp\/v2\/posts\/7334\/revisions"}],"predecessor-version":[{"id":7336,"href":"https:\/\/cepronda.com\/blog\/wp-json\/wp\/v2\/posts\/7334\/revisions\/7336"}],"wp:featuredmedia":[{"embeddable":true,"href":"https:\/\/cepronda.com\/blog\/wp-json\/wp\/v2\/media\/7335"}],"wp:attachment":[{"href":"https:\/\/cepronda.com\/blog\/wp-json\/wp\/v2\/media?parent=7334"}],"wp:term":[{"taxonomy":"category","embeddable":true,"href":"https:\/\/cepronda.com\/blog\/wp-json\/wp\/v2\/categories?post=7334"},{"taxonomy":"post_tag","embeddable":true,"href":"https:\/\/cepronda.com\/blog\/wp-json\/wp\/v2\/tags?post=7334"}],"curies":[{"name":"wp","href":"https:\/\/api.w.org\/{rel}","templated":true}]}}