{"id":7321,"date":"2024-01-11T15:29:16","date_gmt":"2024-01-11T14:29:16","guid":{"rendered":"https:\/\/cepronda.com\/blog\/?p=7321"},"modified":"2025-04-28T12:00:09","modified_gmt":"2025-04-28T10:00:09","slug":"abn-en-infantil-y-educacion-especial-desarrollo-de-la-competencia-matematica-2","status":"publish","type":"post","link":"https:\/\/cepronda.com\/blog\/abn-en-infantil-y-educacion-especial-desarrollo-de-la-competencia-matematica-2\/","title":{"rendered":"ABN EN INFANTIL Y EDUCACI\u00d3N ESPECIAL: DESARROLLO DE LA COMPETENCIA MATEM\u00c1TICA"},"content":{"rendered":"<p>Se encuentra abierto el plazo de inscripci\u00f3n para la formaci\u00f3n <strong>\u201cABN EN INFANTIL Y EDUCACI\u00d3N ESPECIAL: DESARROLLO DE LA COMPETENCIA MATEM\u00c1TICA\u00bb C\u00d3DIGO 242924GE011<\/strong><\/p>\n<p><strong>Ponentes:\u00a0 Basi Guijarro y Fabiola Heredia<\/strong><\/p>\n<div class=\"xdj266r x11i5rnm xat24cr x1mh8g0r x1vvkbs x126k92a\">\n<div dir=\"auto\">Duraci\u00f3n de la actividad<strong> 10 horas presenciales + 3 horas de tareas.<\/strong><\/div>\n<div dir=\"auto\"><\/div>\n<div dir=\"auto\">Fecha actividad:<\/div>\n<div dir=\"auto\"><strong>X31 ene( 17:00 a 19:30h) CEP Ronda <\/strong><\/div>\n<div dir=\"auto\"><strong>X7 feb (17:00 a 19:30h) CEP Ronda <\/strong><\/div>\n<div dir=\"auto\"><strong>X14 feb (17:00 a 19:30h) CEP Ronda <\/strong><\/div>\n<div dir=\"auto\"><strong>X21 feb (17:00 a 19:30h) CEP Ronda<\/strong><\/div>\n<div dir=\"auto\"><\/div>\n<div dir=\"auto\"><strong>Lugar de realizaci\u00f3n<\/strong>:\u00a0 CEP de Ronda.<\/div>\n<div dir=\"auto\"><\/div>\n<div dir=\"auto\">Fecha inscripci\u00f3n: <strong>11\/01\/2024 hasta 22\/01\/2024<\/strong><\/div>\n<\/div>\n<div class=\"x11i5rnm xat24cr x1mh8g0r x1vvkbs xtlvy1s x126k92a\">\n<div dir=\"auto\"><\/div>\n<\/div>\n<div class=\"x11i5rnm xat24cr x1mh8g0r x1vvkbs xtlvy1s x126k92a\">\n<div dir=\"auto\"><span class=\"x3nfvp2 x1j61x8r x1fcty0u xdj266r xhhsvwb xat24cr xgzva0m xxymvpz xlup9mm x1kky2od\"><img loading=\"lazy\" decoding=\"async\" class=\"xz74otr\" src=\"https:\/\/static.xx.fbcdn.net\/images\/emoji.php\/v9\/tc\/1.5\/16\/1f517.png\" alt=\"\" width=\"16\" height=\"16\" \/><\/span>M\u00e1s informaci\u00f3n e inscripci\u00f3n:<\/div>\n<div dir=\"auto\"><a href=\"https:\/\/www.juntadeandalucia.es\/educacion\/secretariavirtual\/consultaCEP\/actividad\/242924GE011\/\">https:\/\/www.juntadeandalucia.es\/educacion\/secretariavirtual\/consultaCEP\/actividad\/242924GE011\/<\/a><\/div>\n<\/div>\n<div dir=\"auto\"><\/div>\n<div dir=\"auto\"><img data-recalc-dims=\"1\" loading=\"lazy\" decoding=\"async\" class=\"aligncenter wp-image-7319\" src=\"https:\/\/i0.wp.com\/cepronda.com\/blog\/wp-content\/uploads\/2024\/01\/CARTEL-ABN-MATEMATICAS-ENERO-2024.png?resize=700%2C700&#038;ssl=1\" alt=\"\" width=\"700\" height=\"700\" srcset=\"https:\/\/i0.wp.com\/cepronda.com\/blog\/wp-content\/uploads\/2024\/01\/CARTEL-ABN-MATEMATICAS-ENERO-2024.png?w=1080&amp;ssl=1 1080w, https:\/\/i0.wp.com\/cepronda.com\/blog\/wp-content\/uploads\/2024\/01\/CARTEL-ABN-MATEMATICAS-ENERO-2024.png?resize=300%2C300&amp;ssl=1 300w, https:\/\/i0.wp.com\/cepronda.com\/blog\/wp-content\/uploads\/2024\/01\/CARTEL-ABN-MATEMATICAS-ENERO-2024.png?resize=1024%2C1024&amp;ssl=1 1024w, https:\/\/i0.wp.com\/cepronda.com\/blog\/wp-content\/uploads\/2024\/01\/CARTEL-ABN-MATEMATICAS-ENERO-2024.png?resize=150%2C150&amp;ssl=1 150w, https:\/\/i0.wp.com\/cepronda.com\/blog\/wp-content\/uploads\/2024\/01\/CARTEL-ABN-MATEMATICAS-ENERO-2024.png?resize=768%2C768&amp;ssl=1 768w, https:\/\/i0.wp.com\/cepronda.com\/blog\/wp-content\/uploads\/2024\/01\/CARTEL-ABN-MATEMATICAS-ENERO-2024.png?resize=50%2C50&amp;ssl=1 50w\" sizes=\"auto, (max-width: 700px) 100vw, 700px\" \/><\/div>\n<div dir=\"auto\"><\/div>\n","protected":false},"excerpt":{"rendered":"<p>Se encuentra abierto el plazo de inscripci\u00f3n para la formaci\u00f3n \u201cABN EN INFANTIL Y EDUCACI\u00d3N ESPECIAL: DESARROLLO DE LA COMPETENCIA MATEM\u00c1TICA\u00bb C\u00d3DIGO 242924GE011 Ponentes:\u00a0 Basi Guijarro y Fabiola Heredia Duraci\u00f3n de la actividad 10 horas presenciales + 3 horas de tareas. Fecha actividad: X31 ene( 17:00 a 19:30h) CEP Ronda X7 feb (17:00 a 19:30h) [&hellip;]<\/p>\n","protected":false},"author":3,"featured_media":7319,"comment_status":"closed","ping_status":"open","sticky":false,"template":"","format":"standard","meta":{"_crdt_document":"","advanced_seo_description":"","jetpack_seo_html_title":"","jetpack_seo_noindex":false,"jetpack_post_was_ever_published":false,"_jetpack_newsletter_access":"","_jetpack_dont_email_post_to_subs":false,"_jetpack_newsletter_tier_id":0,"_jetpack_memberships_contains_paywalled_content":false,"_jetpack_memberships_contains_paid_content":false,"footnotes":"","jetpack_publicize_message":"","jetpack_publicize_feature_enabled":true,"jetpack_social_post_already_shared":false,"jetpack_social_options":{"image_generator_settings":{"template":"highway","default_image_id":0,"font":"","enabled":false},"version":2}},"categories":[3,5],"tags":[],"class_list":{"0":"post-7321","1":"post","2":"type-post","3":"status-publish","4":"format-standard","5":"has-post-thumbnail","7":"category-formaciones","8":"category-noticias","9":"czr-hentry"},"jetpack_publicize_connections":[],"jetpack_featured_media_url":"https:\/\/i0.wp.com\/cepronda.com\/blog\/wp-content\/uploads\/2024\/01\/CARTEL-ABN-MATEMATICAS-ENERO-2024.png?fit=1080%2C1080&ssl=1","jetpack_shortlink":"https:\/\/wp.me\/p8M4X7-1U5","jetpack-related-posts":[{"id":7318,"url":"https:\/\/cepronda.com\/blog\/abn-en-primaria-desarrollo-de-la-competencia-matematica-2\/","url_meta":{"origin":7321,"position":0},"title":"ABN EN PRIMARIA: DESARROLLO DE LA COMPETENCIA MATEM\u00c1TICA","author":"V\u00edctor Caballero","date":"11 enero, 2024","format":false,"excerpt":"Se encuentra abierto el plazo de inscripci\u00f3n para la formaci\u00f3n \u201cABN EN PRIMARIA: DESARROLLO DE LA COMPETENCIA MATEM\u00c1TICA\" C\u00d3DIGO 242924GE012 Ponente:\u00a0 Marisa Risue\u00f1o Duraci\u00f3n de la actividad 10 horas presenciales + 3 horas de tareas. Fecha actividad: X31 ene( 17:00 a 19:30h) CEP Ronda X7 feb (17:00 a 19:30h) CEP\u2026","rel":"","context":"En \u00abFormaciones\u00bb","block_context":{"text":"Formaciones","link":"https:\/\/cepronda.com\/blog\/category\/formaciones\/"},"img":{"alt_text":"","src":"https:\/\/i0.wp.com\/cepronda.com\/blog\/wp-content\/uploads\/2024\/01\/CARTEL-ABN-MATEMATICAS-ENERO-2024.png?fit=1080%2C1080&ssl=1&resize=350%2C200","width":350,"height":200,"srcset":"https:\/\/i0.wp.com\/cepronda.com\/blog\/wp-content\/uploads\/2024\/01\/CARTEL-ABN-MATEMATICAS-ENERO-2024.png?fit=1080%2C1080&ssl=1&resize=350%2C200 1x, https:\/\/i0.wp.com\/cepronda.com\/blog\/wp-content\/uploads\/2024\/01\/CARTEL-ABN-MATEMATICAS-ENERO-2024.png?fit=1080%2C1080&ssl=1&resize=525%2C300 1.5x, https:\/\/i0.wp.com\/cepronda.com\/blog\/wp-content\/uploads\/2024\/01\/CARTEL-ABN-MATEMATICAS-ENERO-2024.png?fit=1080%2C1080&ssl=1&resize=700%2C400 2x, https:\/\/i0.wp.com\/cepronda.com\/blog\/wp-content\/uploads\/2024\/01\/CARTEL-ABN-MATEMATICAS-ENERO-2024.png?fit=1080%2C1080&ssl=1&resize=1050%2C600 3x"},"classes":[]},{"id":4941,"url":"https:\/\/cepronda.com\/blog\/abn-en-primaria-desarrollo-de-la-competencia-matematica\/","url_meta":{"origin":7321,"position":1},"title":"ABN EN PRIMARIA: DESARROLLO DE LA COMPETENCIA MATEM\u00c1TICA","author":"V\u00edctor Caballero","date":"10 enero, 2022","format":false,"excerpt":"Buenas tardes compa\u00f1eros y compa\u00f1eras. Os informamos de la apertura de solicitudes para un curso muy interesante sobre: ABN EN PRIMARIA: DESARROLLO DE LA COMPETENCIA MATEM\u00c1TICA (222924GE044) Curso de 13 h totales 4 sesiones de 2,5 horas presenciales. Y 3 horas no presenciales con tareas SESIONES: M08\/02 (17 a 19:30h)\u2026","rel":"","context":"En \u00abFormaciones\u00bb","block_context":{"text":"Formaciones","link":"https:\/\/cepronda.com\/blog\/category\/formaciones\/"},"img":{"alt_text":"","src":"https:\/\/i0.wp.com\/cepronda.com\/blog\/wp-content\/uploads\/2022\/01\/20220208-Cartel-222924GE044-ABN-Primaria-724x1024.png?resize=350%2C200","width":350,"height":200,"srcset":"https:\/\/i0.wp.com\/cepronda.com\/blog\/wp-content\/uploads\/2022\/01\/20220208-Cartel-222924GE044-ABN-Primaria-724x1024.png?resize=350%2C200 1x, https:\/\/i0.wp.com\/cepronda.com\/blog\/wp-content\/uploads\/2022\/01\/20220208-Cartel-222924GE044-ABN-Primaria-724x1024.png?resize=525%2C300 1.5x, https:\/\/i0.wp.com\/cepronda.com\/blog\/wp-content\/uploads\/2022\/01\/20220208-Cartel-222924GE044-ABN-Primaria-724x1024.png?resize=700%2C400 2x"},"classes":[]},{"id":4937,"url":"https:\/\/cepronda.com\/blog\/abn-en-infantil-y-educacion-especial-desarrollo-de-la-competencia-matematica\/","url_meta":{"origin":7321,"position":2},"title":"ABN EN INFANTIL Y EDUCACI\u00d3N ESPECIAL: DESARROLLO DE LA COMPETENCIA MATEM\u00c1TICA","author":"V\u00edctor Caballero","date":"10 enero, 2022","format":false,"excerpt":"Buenas tardes compa\u00f1eros y compa\u00f1eras. Os informamos de la apertura de solicitudes para un curso muy interesante sobre: ABN EN INFANTIL Y EDUCACI\u00d3N ESPECIAL: DESARROLLO DE LA COMPETENCIA MATEM\u00c1TICA (222924GE045) Curso de 13 h totales 4 sesiones de 2,5 horas presenciales (2 de ellas por videoconferencias) Y 3 horas no\u2026","rel":"","context":"En \u00abFormaciones\u00bb","block_context":{"text":"Formaciones","link":"https:\/\/cepronda.com\/blog\/category\/formaciones\/"},"img":{"alt_text":"","src":"https:\/\/i0.wp.com\/cepronda.com\/blog\/wp-content\/uploads\/2022\/01\/20220208-Cartel-222924GE045-ABN-Infantil-y-EE.png?fit=848%2C1200&ssl=1&resize=350%2C200","width":350,"height":200,"srcset":"https:\/\/i0.wp.com\/cepronda.com\/blog\/wp-content\/uploads\/2022\/01\/20220208-Cartel-222924GE045-ABN-Infantil-y-EE.png?fit=848%2C1200&ssl=1&resize=350%2C200 1x, https:\/\/i0.wp.com\/cepronda.com\/blog\/wp-content\/uploads\/2022\/01\/20220208-Cartel-222924GE045-ABN-Infantil-y-EE.png?fit=848%2C1200&ssl=1&resize=525%2C300 1.5x, https:\/\/i0.wp.com\/cepronda.com\/blog\/wp-content\/uploads\/2022\/01\/20220208-Cartel-222924GE045-ABN-Infantil-y-EE.png?fit=848%2C1200&ssl=1&resize=700%2C400 2x"},"classes":[]},{"id":7288,"url":"https:\/\/cepronda.com\/blog\/inteligencia-artificial-para-docentes\/","url_meta":{"origin":7321,"position":3},"title":"INTELIGENCIA ARTIFICIAL PARA DOCENTES","author":"V\u00edctor Caballero","date":"22 diciembre, 2023","format":false,"excerpt":"Se encuentra abierto el plazo de inscripci\u00f3n para la formaci\u00f3n \u201cINTELIGENCIA ARTIFICIAL PARA DOCENTES.\" C\u00d3DIGO 242924GE013. Ponente:\u00a0 Vanesa Moreno Duraci\u00f3n de la actividad 10 horas presenciales + 2 horas de tareas. Fecha actividad: J11\/01\/2024 (16:30h a 19:00h) CEP de Ronda J18\/01\/2024 (16:30h a 19:00h) CEP de Ronda J25\/01\/2024 (16:30h a\u2026","rel":"","context":"En \u00abFormaciones\u00bb","block_context":{"text":"Formaciones","link":"https:\/\/cepronda.com\/blog\/category\/formaciones\/"},"img":{"alt_text":"","src":"https:\/\/i0.wp.com\/cepronda.com\/blog\/wp-content\/uploads\/2023\/12\/242924GE013-Cartel-Inteligencia-artificial.png?fit=1080%2C1080&ssl=1&resize=350%2C200","width":350,"height":200,"srcset":"https:\/\/i0.wp.com\/cepronda.com\/blog\/wp-content\/uploads\/2023\/12\/242924GE013-Cartel-Inteligencia-artificial.png?fit=1080%2C1080&ssl=1&resize=350%2C200 1x, https:\/\/i0.wp.com\/cepronda.com\/blog\/wp-content\/uploads\/2023\/12\/242924GE013-Cartel-Inteligencia-artificial.png?fit=1080%2C1080&ssl=1&resize=525%2C300 1.5x, https:\/\/i0.wp.com\/cepronda.com\/blog\/wp-content\/uploads\/2023\/12\/242924GE013-Cartel-Inteligencia-artificial.png?fit=1080%2C1080&ssl=1&resize=700%2C400 2x, https:\/\/i0.wp.com\/cepronda.com\/blog\/wp-content\/uploads\/2023\/12\/242924GE013-Cartel-Inteligencia-artificial.png?fit=1080%2C1080&ssl=1&resize=1050%2C600 3x"},"classes":[]},{"id":7293,"url":"https:\/\/cepronda.com\/blog\/programa-de-implantacion-de-la-inteligencia-emocional-en-el-ambito-educativo-sensibilizacion-y-desarrollo\/","url_meta":{"origin":7321,"position":4},"title":"PROGRAMA DE IMPLANTACI\u00d3N DE LA INTELIGENCIA EMOCIONAL EN EL \u00c1MBITO EDUCATIVO. SENSIBILIZACI\u00d3N Y DESARROLLO","author":"V\u00edctor Caballero","date":"22 diciembre, 2023","format":false,"excerpt":"Se encuentra abierto el plazo de inscripci\u00f3n para la formaci\u00f3n \u201cPROGRAMA DE IMPLANTACI\u00d3N DE LA INTELIGENCIA EMOCIONAL EN EL \u00c1MBITO EDUCATIVO. SENSIBILIZACI\u00d3N Y DESARROLLO.\" C\u00d3DIGO 242924GE048. Ponente:\u00a0 Alberto Ortega Duraci\u00f3n de la actividad: (Total 27h) 2 horas presenciales en conferencia presencial en el CEP de Ronda 13h videoconferencias en el\u2026","rel":"","context":"En \u00abFormaciones\u00bb","block_context":{"text":"Formaciones","link":"https:\/\/cepronda.com\/blog\/category\/formaciones\/"},"img":{"alt_text":"","src":"https:\/\/i0.wp.com\/cepronda.com\/blog\/wp-content\/uploads\/2023\/12\/242924GE048-Cartel-Inteligencia-emocional.png?fit=1080%2C1080&ssl=1&resize=350%2C200","width":350,"height":200,"srcset":"https:\/\/i0.wp.com\/cepronda.com\/blog\/wp-content\/uploads\/2023\/12\/242924GE048-Cartel-Inteligencia-emocional.png?fit=1080%2C1080&ssl=1&resize=350%2C200 1x, https:\/\/i0.wp.com\/cepronda.com\/blog\/wp-content\/uploads\/2023\/12\/242924GE048-Cartel-Inteligencia-emocional.png?fit=1080%2C1080&ssl=1&resize=525%2C300 1.5x, https:\/\/i0.wp.com\/cepronda.com\/blog\/wp-content\/uploads\/2023\/12\/242924GE048-Cartel-Inteligencia-emocional.png?fit=1080%2C1080&ssl=1&resize=700%2C400 2x, https:\/\/i0.wp.com\/cepronda.com\/blog\/wp-content\/uploads\/2023\/12\/242924GE048-Cartel-Inteligencia-emocional.png?fit=1080%2C1080&ssl=1&resize=1050%2C600 3x"},"classes":[]},{"id":7180,"url":"https:\/\/cepronda.com\/blog\/itinerario-para-el-desarrollo-de-la-competencia-matematica-cursos-2\/","url_meta":{"origin":7321,"position":5},"title":"ITINERARIO PARA EL DESARROLLO DE LA COMPETENCIA MATEM\u00c1TICA (CURSOS)","author":"V\u00edctor Caballero","date":"30 octubre, 2023","format":false,"excerpt":"Desde el CEP de Ronda informamos que hoy, 30 de octubre, es el \u00faltimo d\u00eda para inscribirse en los cursos de matem\u00e1ticas manipulativas (Infantil y Primaria). Por otro lado tambi\u00e9n informamos que los cursos de ABN (Infantil y Primaria) se aplazan para el 2\u00ba trimestre por el bajo n\u00famero de\u2026","rel":"","context":"En \u00abFormaciones\u00bb","block_context":{"text":"Formaciones","link":"https:\/\/cepronda.com\/blog\/category\/formaciones\/"},"img":{"alt_text":"","src":"https:\/\/i0.wp.com\/cepronda.com\/blog\/wp-content\/uploads\/2023\/10\/Cartel-Matematicas-aplazado.png?fit=1080%2C1080&ssl=1&resize=350%2C200","width":350,"height":200,"srcset":"https:\/\/i0.wp.com\/cepronda.com\/blog\/wp-content\/uploads\/2023\/10\/Cartel-Matematicas-aplazado.png?fit=1080%2C1080&ssl=1&resize=350%2C200 1x, https:\/\/i0.wp.com\/cepronda.com\/blog\/wp-content\/uploads\/2023\/10\/Cartel-Matematicas-aplazado.png?fit=1080%2C1080&ssl=1&resize=525%2C300 1.5x, https:\/\/i0.wp.com\/cepronda.com\/blog\/wp-content\/uploads\/2023\/10\/Cartel-Matematicas-aplazado.png?fit=1080%2C1080&ssl=1&resize=700%2C400 2x, https:\/\/i0.wp.com\/cepronda.com\/blog\/wp-content\/uploads\/2023\/10\/Cartel-Matematicas-aplazado.png?fit=1080%2C1080&ssl=1&resize=1050%2C600 3x"},"classes":[]}],"jetpack_sharing_enabled":true,"_links":{"self":[{"href":"https:\/\/cepronda.com\/blog\/wp-json\/wp\/v2\/posts\/7321","targetHints":{"allow":["GET"]}}],"collection":[{"href":"https:\/\/cepronda.com\/blog\/wp-json\/wp\/v2\/posts"}],"about":[{"href":"https:\/\/cepronda.com\/blog\/wp-json\/wp\/v2\/types\/post"}],"author":[{"embeddable":true,"href":"https:\/\/cepronda.com\/blog\/wp-json\/wp\/v2\/users\/3"}],"replies":[{"embeddable":true,"href":"https:\/\/cepronda.com\/blog\/wp-json\/wp\/v2\/comments?post=7321"}],"version-history":[{"count":1,"href":"https:\/\/cepronda.com\/blog\/wp-json\/wp\/v2\/posts\/7321\/revisions"}],"predecessor-version":[{"id":7322,"href":"https:\/\/cepronda.com\/blog\/wp-json\/wp\/v2\/posts\/7321\/revisions\/7322"}],"wp:featuredmedia":[{"embeddable":true,"href":"https:\/\/cepronda.com\/blog\/wp-json\/wp\/v2\/media\/7319"}],"wp:attachment":[{"href":"https:\/\/cepronda.com\/blog\/wp-json\/wp\/v2\/media?parent=7321"}],"wp:term":[{"taxonomy":"category","embeddable":true,"href":"https:\/\/cepronda.com\/blog\/wp-json\/wp\/v2\/categories?post=7321"},{"taxonomy":"post_tag","embeddable":true,"href":"https:\/\/cepronda.com\/blog\/wp-json\/wp\/v2\/tags?post=7321"}],"curies":[{"name":"wp","href":"https:\/\/api.w.org\/{rel}","templated":true}]}}