{"id":7315,"date":"2024-01-11T12:54:02","date_gmt":"2024-01-11T11:54:02","guid":{"rendered":"https:\/\/cepronda.com\/blog\/?p=7315"},"modified":"2025-02-21T11:06:13","modified_gmt":"2025-02-21T10:06:13","slug":"formacion-atencion-educativa-al-alumnado-con-discapacidad-fisica-enfermedades-raras-y-neuromusculares-en-el-aula-ordinaria-con-codigo-249905qoe281","status":"publish","type":"post","link":"https:\/\/cepronda.com\/blog\/formacion-atencion-educativa-al-alumnado-con-discapacidad-fisica-enfermedades-raras-y-neuromusculares-en-el-aula-ordinaria-con-codigo-249905qoe281\/","title":{"rendered":"FORMACI\u00d3N: \u00abATENCI\u00d3N EDUCATIVA AL ALUMNADO CON DISCAPACIDAD F\u00cdSICA, ENFERMEDADES RARAS Y NEUROMUSCULARES EN EL AULA ORDINARIA\u00bb, con c\u00f3digo 249905QOE281"},"content":{"rendered":"<div class=\"\" data-block=\"true\" data-editor=\"90qcj\" data-offset-key=\"7mm4h-0-0\">\n<div class=\"_1mf _1mj\" data-offset-key=\"7mm4h-0-0\"><span data-offset-key=\"7mm4h-0-0\">Se encuentra abierto el plazo de solicitudes de la actividad formativa regional en el AVFP: \u00abATENCI\u00d3N EDUCATIVA AL ALUMNADO CON DISCAPACIDAD F\u00cdSICA, ENFERMEDADES RARAS Y NEUROMUSCULARES EN EL AULA ORDINARIA\u00bb con c\u00f3digo 249905QOE281, gestionado por el CEP de Jerez de la Frontera.<\/span><\/div>\n<\/div>\n<div class=\"\" data-block=\"true\" data-editor=\"90qcj\" data-offset-key=\"5i5le-0-0\">\n<div class=\"_1mf _1mj\" data-offset-key=\"5i5le-0-0\"><span data-offset-key=\"5i5le-0-0\">\u00a0<\/span><\/div>\n<\/div>\n<div class=\"\" data-block=\"true\" data-editor=\"90qcj\" data-offset-key=\"1optn-0-0\">\n<div class=\"_1mf _1mj\" data-offset-key=\"1optn-0-0\"><span data-offset-key=\"1optn-0-0\">\u00a0<\/span><\/div>\n<\/div>\n<div class=\"\" data-block=\"true\" data-editor=\"90qcj\" data-offset-key=\"3oene-0-0\">\n<div class=\"_1mf _1mj\" data-offset-key=\"3oene-0-0\"><span data-offset-key=\"3oene-0-0\"> Curso dirigido a:<\/span><\/div>\n<\/div>\n<div class=\"\" data-block=\"true\" data-editor=\"90qcj\" data-offset-key=\"41mi4-0-0\">\n<div class=\"_1mf _1mj\" data-offset-key=\"41mi4-0-0\"><span data-offset-key=\"41mi4-0-0\">1. Profesorado que imparta docencia en de las etapas de Educaci\u00f3n Infantil, Educaci\u00f3n Primaria, ESO y Bachillerato (profesorado tutor y de materias).<\/span><\/div>\n<\/div>\n<div class=\"\" data-block=\"true\" data-editor=\"90qcj\" data-offset-key=\"dlcac-0-0\">\n<div class=\"_1mf _1mj\" data-offset-key=\"dlcac-0-0\"><span data-offset-key=\"dlcac-0-0\">2. Profesionales de la Orientaci\u00f3n Educativa.<\/span><\/div>\n<\/div>\n<div class=\"\" data-block=\"true\" data-editor=\"90qcj\" data-offset-key=\"8cjka-0-0\">\n<div class=\"_1mf _1mj\" data-offset-key=\"8cjka-0-0\"><span data-offset-key=\"8cjka-0-0\">3. Profesorado de Pedagog\u00eda Terap\u00e9utica y Audici\u00f3n y Lenguaje.<\/span><\/div>\n<\/div>\n<div class=\"\" data-block=\"true\" data-editor=\"90qcj\" data-offset-key=\"eu8d2-0-0\">\n<div class=\"_1mf _1mj\" data-offset-key=\"eu8d2-0-0\"><span data-offset-key=\"eu8d2-0-0\">\u00a0<\/span><\/div>\n<\/div>\n<div class=\"\" data-block=\"true\" data-editor=\"90qcj\" data-offset-key=\"4u8sr-0-0\">\n<div class=\"_1mf _1mj\" data-offset-key=\"4u8sr-0-0\"><span data-offset-key=\"4u8sr-0-0\">\u00a0<\/span><\/div>\n<\/div>\n<div class=\"\" data-block=\"true\" data-editor=\"90qcj\" data-offset-key=\"4oppj-0-0\">\n<div class=\"_1mf _1mj\" data-offset-key=\"4oppj-0-0\"><span data-offset-key=\"4oppj-0-0\"> Curso a distancia de 20 horas no presenciales.<\/span><\/div>\n<\/div>\n<div class=\"\" data-block=\"true\" data-editor=\"90qcj\" data-offset-key=\"3cfbv-0-0\">\n<div class=\"_1mf _1mj\" data-offset-key=\"3cfbv-0-0\"><span data-offset-key=\"3cfbv-0-0\">\u00a0<\/span><\/div>\n<\/div>\n<div class=\"\" data-block=\"true\" data-editor=\"90qcj\" data-offset-key=\"a3ho4-0-0\">\n<div class=\"_1mf _1mj\" data-offset-key=\"a3ho4-0-0\"><span data-offset-key=\"a3ho4-0-0\"> Fechas de realizaci\u00f3n: 30\/01\/2024 hasta 11\/03\/2024<\/span><\/div>\n<\/div>\n<div class=\"\" data-block=\"true\" data-editor=\"90qcj\" data-offset-key=\"27af6-0-0\">\n<div class=\"_1mf _1mj\" data-offset-key=\"27af6-0-0\"><span data-offset-key=\"27af6-0-0\">\u00a0<\/span><\/div>\n<\/div>\n<div class=\"\" data-block=\"true\" data-editor=\"90qcj\" data-offset-key=\"2nbvl-0-0\">\n<div class=\"_1mf _1mj\" data-offset-key=\"2nbvl-0-0\"><span data-offset-key=\"2nbvl-0-0\">\u270d\ufe0f Inscripciones: 09\/01\/2024 hasta 22\/01\/2024<\/span><\/div>\n<\/div>\n<div class=\"\" data-block=\"true\" data-editor=\"90qcj\" data-offset-key=\"fha8e-0-0\">\n<div class=\"_1mf _1mj\" data-offset-key=\"fha8e-0-0\"><span data-offset-key=\"fha8e-0-0\">\u00a0<\/span><\/div>\n<\/div>\n<div class=\"\" data-block=\"true\" data-editor=\"90qcj\" data-offset-key=\"jlct-0-0\">\n<div class=\"_1mf _1mj\" data-offset-key=\"jlct-0-0\"><span data-offset-key=\"jlct-0-0\">\u00a0<\/span><\/div>\n<\/div>\n<div class=\"\" data-block=\"true\" data-editor=\"90qcj\" data-offset-key=\"e06qq-0-0\">\n<div class=\"_1mf _1mj\" data-offset-key=\"e06qq-0-0\"><span data-offset-key=\"e06qq-0-0\"> M\u00e1s informaci\u00f3n e inscripciones: https:\/\/www.juntadeandalucia.es\/educacion\/secretariavirtual\/consultaCEP\/actividad\/249905QOE281\/<\/span><\/div>\n<\/div>\n<div class=\"\" data-block=\"true\" data-editor=\"90qcj\" data-offset-key=\"ch4gr-0-0\">\n<div class=\"_1mf _1mj\" data-offset-key=\"ch4gr-0-0\"><span data-offset-key=\"ch4gr-0-0\">\u00a0<\/span><\/div>\n<\/div>\n<div class=\"\" data-block=\"true\" data-editor=\"90qcj\" data-offset-key=\"3bhf2-0-0\">\n<div class=\"_1mf _1mj\" data-offset-key=\"3bhf2-0-0\"><span data-offset-key=\"3bhf2-0-0\">Publicaci\u00f3n de listas provisionales: 23 de enero a las 10:00h.<\/span><\/div>\n<\/div>\n<div class=\"\" data-block=\"true\" data-editor=\"90qcj\" data-offset-key=\"fsick-0-0\">\n<div class=\"_1mf _1mj\" data-offset-key=\"fsick-0-0\"><span data-offset-key=\"fsick-0-0\">Publicaci\u00f3n de listas definitivas: 25 de enero a las 10:00 h.<\/span><\/div>\n<\/div>\n","protected":false},"excerpt":{"rendered":"<p>Se encuentra abierto el plazo de solicitudes de la actividad formativa regional en el AVFP: \u00abATENCI\u00d3N EDUCATIVA AL ALUMNADO CON DISCAPACIDAD F\u00cdSICA, ENFERMEDADES RARAS Y NEUROMUSCULARES EN EL AULA ORDINARIA\u00bb con c\u00f3digo 249905QOE281, gestionado por el CEP de Jerez de la Frontera. \u00a0 \u00a0 Curso dirigido a: 1. Profesorado que imparta docencia en de las [&hellip;]<\/p>\n","protected":false},"author":9,"featured_media":7312,"comment_status":"closed","ping_status":"open","sticky":false,"template":"","format":"standard","meta":{"_crdt_document":"","advanced_seo_description":"","jetpack_seo_html_title":"","jetpack_seo_noindex":false,"jetpack_post_was_ever_published":false,"_jetpack_newsletter_access":"","_jetpack_dont_email_post_to_subs":false,"_jetpack_newsletter_tier_id":0,"_jetpack_memberships_contains_paywalled_content":false,"_jetpack_memberships_contains_paid_content":false,"footnotes":"","jetpack_publicize_message":"","jetpack_publicize_feature_enabled":true,"jetpack_social_post_already_shared":false,"jetpack_social_options":{"image_generator_settings":{"template":"highway","default_image_id":0,"font":"","enabled":false},"version":2}},"categories":[3],"tags":[126],"class_list":{"0":"post-7315","1":"post","2":"type-post","3":"status-publish","4":"format-standard","5":"has-post-thumbnail","7":"category-formaciones","8":"tag-atencion-a-la-diversidad","9":"czr-hentry"},"jetpack_publicize_connections":[],"jetpack_featured_media_url":"https:\/\/i0.wp.com\/cepronda.com\/blog\/wp-content\/uploads\/2024\/01\/enfermedades-raras.png?fit=1080%2C1080&ssl=1","jetpack_shortlink":"https:\/\/wp.me\/p8M4X7-1TZ","jetpack-related-posts":[{"id":5106,"url":"https:\/\/cepronda.com\/blog\/atencion-al-alumnado-con-discapacidad-fisica-enfermedades-raras-y-neuromusculares-en-el-aula-ordinaria\/","url_meta":{"origin":7315,"position":0},"title":"ATENCI\u00d3N AL ALUMNADO CON DISCAPACIDAD F\u00cdSICA, ENFERMEDADES RARAS Y NEUROMUSCULARES EN EL AULA ORDINARIA.","author":"Maribel Mu\u00f1oz","date":"15 febrero, 2022","format":false,"excerpt":"Buenos d\u00edas compa\u00f1eras y compa\u00f1eros Os informamos que se encuentra abierta la inscripci\u00f3n del Curso online provincial con videoconferencia en directo organizado por el CEP de V\u00e9lez-M\u00e1laga: ATENCI\u00d3N AL ALUMNADO CON DISCAPACIDAD F\u00cdSICA, ENFERMEDADES RARAS Y NEUROMUSCULARES EN EL AULA ORDINARIA. C\u00f3digo: 222926GE408 Inscripciones: desde el 14\/02\/2022 AL 28\/02\/2022 Comienzo\u2026","rel":"","context":"En \u00abFormaciones\u00bb","block_context":{"text":"Formaciones","link":"https:\/\/cepronda.com\/blog\/category\/formaciones\/"},"img":{"alt_text":"","src":"https:\/\/i0.wp.com\/cepronda.com\/blog\/wp-content\/uploads\/2022\/02\/WhatsApp-Image-2022-02-15-at-08.29.24.jpeg?fit=849%2C1200&ssl=1&resize=350%2C200","width":350,"height":200,"srcset":"https:\/\/i0.wp.com\/cepronda.com\/blog\/wp-content\/uploads\/2022\/02\/WhatsApp-Image-2022-02-15-at-08.29.24.jpeg?fit=849%2C1200&ssl=1&resize=350%2C200 1x, https:\/\/i0.wp.com\/cepronda.com\/blog\/wp-content\/uploads\/2022\/02\/WhatsApp-Image-2022-02-15-at-08.29.24.jpeg?fit=849%2C1200&ssl=1&resize=525%2C300 1.5x, https:\/\/i0.wp.com\/cepronda.com\/blog\/wp-content\/uploads\/2022\/02\/WhatsApp-Image-2022-02-15-at-08.29.24.jpeg?fit=849%2C1200&ssl=1&resize=700%2C400 2x"},"classes":[]},{"id":4418,"url":"https:\/\/cepronda.com\/blog\/atencion-al-alumnado-con-discapacidad-fisica-en-el-aula-ordinaria\/","url_meta":{"origin":7315,"position":1},"title":"ATENCI\u00d3N AL ALUMNADO CON DISCAPACIDAD F\u00cdSICA EN EL AULA ORDINARIA","author":"Inmaculada Garc\u00eda","date":"15 abril, 2021","format":false,"excerpt":"Est\u00e1 abierto el plazo de inscripci\u00f3n (hasta el 26 de abril) de la formaci\u00f3n \u201cATENCI\u00d3N AL ALUMNADO CON DISCAPACIDAD F\u00cdSICA, ENFERMEDADES RARAS Y NEUROMUSCULARES EN EL AULA ORDINARIA\u00a0(219905KOE281)\u201d. Es un curso a distancia que se desarrollar\u00e1 en el Aula Virtual de Formaci\u00f3n del Profesorado, de car\u00e1cter regional y gestionada por\u2026","rel":"","context":"En \u00abFormaciones\u00bb","block_context":{"text":"Formaciones","link":"https:\/\/cepronda.com\/blog\/category\/formaciones\/"},"img":{"alt_text":"","src":"","width":0,"height":0},"classes":[]},{"id":4409,"url":"https:\/\/cepronda.com\/blog\/atencion-al-alumnado-con-discapacidad-auditiva-en-el-aula-ordinaria\/","url_meta":{"origin":7315,"position":2},"title":"ATENCI\u00d3N AL ALUMNADO CON DISCAPACIDAD AUDITIVA EN EL AULA ORDINARIA","author":"Inmaculada Garc\u00eda","date":"15 abril, 2021","format":false,"excerpt":"Buenos d\u00edas, compa\u00f1eras y compa\u00f1eros, Os informamos que est\u00e1 abierto el plazo de inscripci\u00f3n (hasta el 26 de abril) de la formaci\u00f3n \u201c ATENCI\u00d3N AL ALUMNADO CON DISCAPACIDAD AUDITIVA EN EL AULA ORDINARIA (219903KOE275)\u201d. Es un curso a distancia que se desarrollar\u00e1 en el Aula Virtual de Formaci\u00f3n del Profesorado,\u2026","rel":"","context":"En \u00abFormaciones\u00bb","block_context":{"text":"Formaciones","link":"https:\/\/cepronda.com\/blog\/category\/formaciones\/"},"img":{"alt_text":"","src":"https:\/\/i0.wp.com\/cepronda.com\/blog\/wp-content\/uploads\/2021\/04\/7-discapacidad-auditiva-FREELIBROS.ORG_.jpg?fit=949%2C935&ssl=1&resize=350%2C200","width":350,"height":200,"srcset":"https:\/\/i0.wp.com\/cepronda.com\/blog\/wp-content\/uploads\/2021\/04\/7-discapacidad-auditiva-FREELIBROS.ORG_.jpg?fit=949%2C935&ssl=1&resize=350%2C200 1x, https:\/\/i0.wp.com\/cepronda.com\/blog\/wp-content\/uploads\/2021\/04\/7-discapacidad-auditiva-FREELIBROS.ORG_.jpg?fit=949%2C935&ssl=1&resize=525%2C300 1.5x, https:\/\/i0.wp.com\/cepronda.com\/blog\/wp-content\/uploads\/2021\/04\/7-discapacidad-auditiva-FREELIBROS.ORG_.jpg?fit=949%2C935&ssl=1&resize=700%2C400 2x"},"classes":[]},{"id":5639,"url":"https:\/\/cepronda.com\/blog\/curso-provincial-respuesta-educativa-para-el-alumnado-con-dislexia-en-el-aula-ordinaria\/","url_meta":{"origin":7315,"position":3},"title":"CURSO PROVINCIAL \u201cRESPUESTA\u00a0EDUCATIVA\u00a0PARA\u00a0EL\u00a0ALUMNADO\u00a0CON\u00a0DISLEXIA\u00a0EN\u00a0EL\u00a0AULA\u00a0ORDINARIA\u201d\u00a0","author":"Inmaculada Garc\u00eda","date":"5 diciembre, 2022","format":false,"excerpt":"Os informamos que est\u00e1 abierto el plazo de inscripci\u00f3n para el curso de \u00e1mbito provincial: \u201cRESPUESTA EDUCATIVA PARA EL ALUMNADO CON DISLEXIA EN EL AULA ORDINARIA\u201d\u00a0 con c\u00f3digo 232925GE604, que tendr\u00e1 lugar mediante videoconferencia, con Gracia Jim\u00e9nez como ponente. Fechas de realizaci\u00f3n: 12, 18, 24 de enero y 1 de\u2026","rel":"","context":"En \u00abFormaciones\u00bb","block_context":{"text":"Formaciones","link":"https:\/\/cepronda.com\/blog\/category\/formaciones\/"},"img":{"alt_text":"","src":"https:\/\/i0.wp.com\/cepronda.com\/blog\/wp-content\/uploads\/2022\/12\/WhatsApp-Image-2022-12-05-at-13.07.20.jpeg?fit=848%2C1200&ssl=1&resize=350%2C200","width":350,"height":200,"srcset":"https:\/\/i0.wp.com\/cepronda.com\/blog\/wp-content\/uploads\/2022\/12\/WhatsApp-Image-2022-12-05-at-13.07.20.jpeg?fit=848%2C1200&ssl=1&resize=350%2C200 1x, https:\/\/i0.wp.com\/cepronda.com\/blog\/wp-content\/uploads\/2022\/12\/WhatsApp-Image-2022-12-05-at-13.07.20.jpeg?fit=848%2C1200&ssl=1&resize=525%2C300 1.5x, https:\/\/i0.wp.com\/cepronda.com\/blog\/wp-content\/uploads\/2022\/12\/WhatsApp-Image-2022-12-05-at-13.07.20.jpeg?fit=848%2C1200&ssl=1&resize=700%2C400 2x"},"classes":[]},{"id":5710,"url":"https:\/\/cepronda.com\/blog\/atencion-al-alumnado-que-presenta-trastornos-graves-de-conducta-en-el-aula-ordinaria-232926ge404\/","url_meta":{"origin":7315,"position":4},"title":"ATENCI\u00d3N AL ALUMNADO QUE PRESENTA TRASTORNOS GRAVES DE CONDUCTA EN EL AULA ORDINARIA. (232926GE404).","author":"Inmaculada Garc\u00eda","date":"18 enero, 2023","format":false,"excerpt":"Estimado\/a compa\u00f1ero\/a, Te informo que se encuentra abierta la inscripci\u00f3n al curso provincial, organizado por el CEP de V\u00e9lez-M\u00e1laga: ATENCI\u00d3N AL ALUMNADO QUE PRESENTA TRASTORNOS GRAVES DE CONDUCTA EN EL AULA ORDINARIA. C\u00f3digo: 232926GE404. Inscripciones: desde 18\/01\/2023 al 02\/02\/2023 Lugar de realizaci\u00f3n: AULA VIRTUAL DE FORMACI\u00d3N DEL PROFESORADO( Curso a\u2026","rel":"","context":"En \u00abFormaciones\u00bb","block_context":{"text":"Formaciones","link":"https:\/\/cepronda.com\/blog\/category\/formaciones\/"},"img":{"alt_text":"","src":"https:\/\/i0.wp.com\/cepronda.com\/blog\/wp-content\/uploads\/2023\/01\/WhatsApp-Image-2023-01-18-at-09.52.20.jpeg?fit=848%2C1200&ssl=1&resize=350%2C200","width":350,"height":200,"srcset":"https:\/\/i0.wp.com\/cepronda.com\/blog\/wp-content\/uploads\/2023\/01\/WhatsApp-Image-2023-01-18-at-09.52.20.jpeg?fit=848%2C1200&ssl=1&resize=350%2C200 1x, https:\/\/i0.wp.com\/cepronda.com\/blog\/wp-content\/uploads\/2023\/01\/WhatsApp-Image-2023-01-18-at-09.52.20.jpeg?fit=848%2C1200&ssl=1&resize=525%2C300 1.5x, https:\/\/i0.wp.com\/cepronda.com\/blog\/wp-content\/uploads\/2023\/01\/WhatsApp-Image-2023-01-18-at-09.52.20.jpeg?fit=848%2C1200&ssl=1&resize=700%2C400 2x"},"classes":[]},{"id":5810,"url":"https:\/\/cepronda.com\/blog\/atencion-al-alumnado-que-presenta-trastornos-graves-de-conducta-en-el-aula-ordinaria-2o-edicion\/","url_meta":{"origin":7315,"position":5},"title":"ATENCI\u00d3N AL ALUMNADO QUE PRESENTA TRASTORNOS GRAVES DE CONDUCTA EN EL AULA ORDINARIA ( 2\u00ba Edici\u00f3n)","author":"Mamen Moreno","date":"7 marzo, 2023","format":false,"excerpt":"Estimado\/a compa\u00f1ero\/a, Te informo que se encuentra abierta la inscripci\u00f3n del curso a distancia provincial organizado por el CEP de V\u00e9lez-M\u00e1laga: ATENCI\u00d3N AL ALUMNADO QUE PRESENTA TRASTORNOS GRAVES DE CONDUCTA EN EL AULA ORDINARIA ( 2\u00ba Edici\u00f3n) C\u00f3digo: 232926GE405 Inscripciones: desde el 07\/03\/2023 hasta 21\/03\/2023 Comienzo del curso: 28\/03\/2023 Lugar\u2026","rel":"","context":"En \u00abFormaciones\u00bb","block_context":{"text":"Formaciones","link":"https:\/\/cepronda.com\/blog\/category\/formaciones\/"},"img":{"alt_text":"","src":"https:\/\/i0.wp.com\/cepronda.com\/blog\/wp-content\/uploads\/2023\/03\/WhatsApp-Image-2023-03-07-at-09.41.40.jpeg?fit=848%2C1200&ssl=1&resize=350%2C200","width":350,"height":200,"srcset":"https:\/\/i0.wp.com\/cepronda.com\/blog\/wp-content\/uploads\/2023\/03\/WhatsApp-Image-2023-03-07-at-09.41.40.jpeg?fit=848%2C1200&ssl=1&resize=350%2C200 1x, https:\/\/i0.wp.com\/cepronda.com\/blog\/wp-content\/uploads\/2023\/03\/WhatsApp-Image-2023-03-07-at-09.41.40.jpeg?fit=848%2C1200&ssl=1&resize=525%2C300 1.5x, https:\/\/i0.wp.com\/cepronda.com\/blog\/wp-content\/uploads\/2023\/03\/WhatsApp-Image-2023-03-07-at-09.41.40.jpeg?fit=848%2C1200&ssl=1&resize=700%2C400 2x"},"classes":[]}],"jetpack_sharing_enabled":true,"_links":{"self":[{"href":"https:\/\/cepronda.com\/blog\/wp-json\/wp\/v2\/posts\/7315","targetHints":{"allow":["GET"]}}],"collection":[{"href":"https:\/\/cepronda.com\/blog\/wp-json\/wp\/v2\/posts"}],"about":[{"href":"https:\/\/cepronda.com\/blog\/wp-json\/wp\/v2\/types\/post"}],"author":[{"embeddable":true,"href":"https:\/\/cepronda.com\/blog\/wp-json\/wp\/v2\/users\/9"}],"replies":[{"embeddable":true,"href":"https:\/\/cepronda.com\/blog\/wp-json\/wp\/v2\/comments?post=7315"}],"version-history":[{"count":1,"href":"https:\/\/cepronda.com\/blog\/wp-json\/wp\/v2\/posts\/7315\/revisions"}],"predecessor-version":[{"id":7316,"href":"https:\/\/cepronda.com\/blog\/wp-json\/wp\/v2\/posts\/7315\/revisions\/7316"}],"wp:featuredmedia":[{"embeddable":true,"href":"https:\/\/cepronda.com\/blog\/wp-json\/wp\/v2\/media\/7312"}],"wp:attachment":[{"href":"https:\/\/cepronda.com\/blog\/wp-json\/wp\/v2\/media?parent=7315"}],"wp:term":[{"taxonomy":"category","embeddable":true,"href":"https:\/\/cepronda.com\/blog\/wp-json\/wp\/v2\/categories?post=7315"},{"taxonomy":"post_tag","embeddable":true,"href":"https:\/\/cepronda.com\/blog\/wp-json\/wp\/v2\/tags?post=7315"}],"curies":[{"name":"wp","href":"https:\/\/api.w.org\/{rel}","templated":true}]}}