{"id":7311,"date":"2024-01-11T12:41:51","date_gmt":"2024-01-11T11:41:51","guid":{"rendered":"https:\/\/cepronda.com\/blog\/?p=7311"},"modified":"2025-02-21T11:06:13","modified_gmt":"2025-02-21T10:06:13","slug":"formacion-atencion-educativa-al-alumnado-en-programas-de-transicion-a-la-vida-adulta-y-laboral-ptval-en-centros-especificos-de-educacion-especial-con-codigo-249905kpf391","status":"publish","type":"post","link":"https:\/\/cepronda.com\/blog\/formacion-atencion-educativa-al-alumnado-en-programas-de-transicion-a-la-vida-adulta-y-laboral-ptval-en-centros-especificos-de-educacion-especial-con-codigo-249905kpf391\/","title":{"rendered":"FORMACI\u00d3N: \u00abATENCI\u00d3N EDUCATIVA AL ALUMNADO EN PROGRAMAS DE TRANSICI\u00d3N A LA VIDA ADULTA Y LABORAL (PTVAL) EN CENTROS ESPEC\u00cdFICOS DE EDUCACI\u00d3N ESPECIAL\u00bb con c\u00f3digo 249905KPF391"},"content":{"rendered":"<div class=\"\" data-block=\"true\" data-editor=\"e9v46\" data-offset-key=\"dne1i-0-0\">\n<div class=\"_1mf _1mj\" data-offset-key=\"dne1i-0-0\"><span data-offset-key=\"dne1i-0-0\">Se encuentra abierto el plazo de solicitudes de la actividad formativa regional en el AVFP: \u00abATENCI\u00d3N EDUCATIVA AL ALUMNADO EN PROGRAMAS DE TRANSICI\u00d3N A LA VIDA ADULTA Y LABORAL (PTVAL) EN CENTROS ESPEC\u00cdFICOS DE EDUCACI\u00d3N ESPECIAL\u00bb con c\u00f3digo 249905KPF391, gestionado por el CEP de Jerez de la Frontera.<\/span><\/div>\n<\/div>\n<div class=\"\" data-block=\"true\" data-editor=\"e9v46\" data-offset-key=\"brkdg-0-0\">\n<div class=\"_1mf _1mj\" data-offset-key=\"brkdg-0-0\"><span data-offset-key=\"brkdg-0-0\">\u00a0<\/span><\/div>\n<\/div>\n<div class=\"\" data-block=\"true\" data-editor=\"e9v46\" data-offset-key=\"r24d-0-0\">\n<div class=\"_1mf _1mj\" data-offset-key=\"r24d-0-0\"><span data-offset-key=\"r24d-0-0\"> Curso dirigido a: <\/span><\/div>\n<\/div>\n<div class=\"\" data-block=\"true\" data-editor=\"e9v46\" data-offset-key=\"11c8r-0-0\">\n<div class=\"_1mf _1mj\" data-offset-key=\"11c8r-0-0\"><span data-offset-key=\"11c8r-0-0\">1. Profesorado que imparte docencia en los Programas de Tr\u00e1nsito a la vida adulta y laboral (PTVAL) en centros espec\u00edficos de E.E. (puestos espec\u00edficos).<\/span><\/div>\n<\/div>\n<div class=\"\" data-block=\"true\" data-editor=\"e9v46\" data-offset-key=\"2fka4-0-0\">\n<div class=\"_1mf _1mj\" data-offset-key=\"2fka4-0-0\"><span data-offset-key=\"2fka4-0-0\">2. Profesorado de pedagog\u00eda terap\u00e9utica en centros y aulas espec\u00edficas de educaci\u00f3n especial.<\/span><\/div>\n<\/div>\n<div class=\"\" data-block=\"true\" data-editor=\"e9v46\" data-offset-key=\"f9gci-0-0\">\n<div class=\"_1mf _1mj\" data-offset-key=\"f9gci-0-0\"><span data-offset-key=\"f9gci-0-0\">3. Profesorado de pedagog\u00eda terap\u00e9utica interesado en los PTVAL.<\/span><\/div>\n<\/div>\n<div class=\"\" data-block=\"true\" data-editor=\"e9v46\" data-offset-key=\"4rtkf-0-0\">\n<div class=\"_1mf _1mj\" data-offset-key=\"4rtkf-0-0\"><span data-offset-key=\"4rtkf-0-0\">\u00a0<\/span><\/div>\n<\/div>\n<div class=\"\" data-block=\"true\" data-editor=\"e9v46\" data-offset-key=\"ebb0u-0-0\">\n<div class=\"_1mf _1mj\" data-offset-key=\"ebb0u-0-0\"><span data-offset-key=\"ebb0u-0-0\">\u00a0<\/span><\/div>\n<\/div>\n<div class=\"\" data-block=\"true\" data-editor=\"e9v46\" data-offset-key=\"31frn-0-0\">\n<div class=\"_1mf _1mj\" data-offset-key=\"31frn-0-0\"><span data-offset-key=\"31frn-0-0\"> Curso a distancia de 20 horas no presenciales.<\/span><\/div>\n<\/div>\n<div class=\"\" data-block=\"true\" data-editor=\"e9v46\" data-offset-key=\"49bf1-0-0\">\n<div class=\"_1mf _1mj\" data-offset-key=\"49bf1-0-0\"><span data-offset-key=\"49bf1-0-0\">\u00a0<\/span><\/div>\n<\/div>\n<div class=\"\" data-block=\"true\" data-editor=\"e9v46\" data-offset-key=\"56p20-0-0\">\n<div class=\"_1mf _1mj\" data-offset-key=\"56p20-0-0\"><span data-offset-key=\"56p20-0-0\"> Fechas de realizaci\u00f3n: 30\/01\/2024 hasta 11\/03\/2024<\/span><\/div>\n<\/div>\n<div class=\"\" data-block=\"true\" data-editor=\"e9v46\" data-offset-key=\"d42ob-0-0\">\n<div class=\"_1mf _1mj\" data-offset-key=\"d42ob-0-0\"><span data-offset-key=\"d42ob-0-0\">\u00a0<\/span><\/div>\n<\/div>\n<div class=\"\" data-block=\"true\" data-editor=\"e9v46\" data-offset-key=\"bsvjm-0-0\">\n<div class=\"_1mf _1mj\" data-offset-key=\"bsvjm-0-0\"><span data-offset-key=\"bsvjm-0-0\">\u270d\ufe0f Inscripciones: 09\/01\/2024 hasta 22\/01\/2024<\/span><\/div>\n<\/div>\n<div class=\"\" data-block=\"true\" data-editor=\"e9v46\" data-offset-key=\"fui91-0-0\">\n<div class=\"_1mf _1mj\" data-offset-key=\"fui91-0-0\"><span data-offset-key=\"fui91-0-0\">\u00a0<\/span><\/div>\n<\/div>\n<div class=\"\" data-block=\"true\" data-editor=\"e9v46\" data-offset-key=\"d8rhr-0-0\">\n<div class=\"_1mf _1mj\" data-offset-key=\"d8rhr-0-0\"><span data-offset-key=\"d8rhr-0-0\"> M\u00e1s informaci\u00f3n e inscripciones:<a href=\"https:\/\/www.juntadeandalucia.es\/educacion\/secretariavirtual\/consultaCEP\/actividad\/249905KPF391\/\"> https:\/\/www.juntadeandalucia.es\/educacion\/secretariavirtual\/consultaCEP\/actividad\/249905KPF391\/<\/a><\/span><\/div>\n<\/div>\n<div class=\"\" data-block=\"true\" data-editor=\"e9v46\" data-offset-key=\"er0rl-0-0\">\n<div class=\"_1mf _1mj\" data-offset-key=\"er0rl-0-0\"><span data-offset-key=\"er0rl-0-0\">\u00a0<\/span><\/div>\n<\/div>\n<div class=\"\" data-block=\"true\" data-editor=\"e9v46\" data-offset-key=\"1kibk-0-0\">\n<div class=\"_1mf _1mj\" data-offset-key=\"1kibk-0-0\"><span data-offset-key=\"1kibk-0-0\">Publicaci\u00f3n de listas provisionales: 23 de enero a las 10:00h. <\/span><\/div>\n<\/div>\n<div class=\"\" data-block=\"true\" data-editor=\"e9v46\" data-offset-key=\"a3m9l-0-0\">\n<div class=\"_1mf _1mj\" data-offset-key=\"a3m9l-0-0\"><span data-offset-key=\"a3m9l-0-0\">\u00a0<\/span><\/div>\n<\/div>\n<div class=\"\" data-block=\"true\" data-editor=\"e9v46\" data-offset-key=\"970a3-0-0\">\n<div class=\"_1mf _1mj\" data-offset-key=\"970a3-0-0\"><span data-offset-key=\"970a3-0-0\">Publicaci\u00f3n de listas definitivas: 25 de enero a las 10:00 h.<\/span><\/div>\n<\/div>\n<div class=\"\" data-block=\"true\" data-editor=\"e9v46\" data-offset-key=\"egplf-0-0\"><\/div>\n","protected":false},"excerpt":{"rendered":"<p>Se encuentra abierto el plazo de solicitudes de la actividad formativa regional en el AVFP: \u00abATENCI\u00d3N EDUCATIVA AL ALUMNADO EN PROGRAMAS DE TRANSICI\u00d3N A LA VIDA ADULTA Y LABORAL (PTVAL) EN CENTROS ESPEC\u00cdFICOS DE EDUCACI\u00d3N ESPECIAL\u00bb con c\u00f3digo 249905KPF391, gestionado por el CEP de Jerez de la Frontera. \u00a0 Curso dirigido a: 1. Profesorado que [&hellip;]<\/p>\n","protected":false},"author":9,"featured_media":7313,"comment_status":"closed","ping_status":"open","sticky":false,"template":"","format":"standard","meta":{"_crdt_document":"","advanced_seo_description":"","jetpack_seo_html_title":"","jetpack_seo_noindex":false,"jetpack_post_was_ever_published":false,"_jetpack_newsletter_access":"","_jetpack_dont_email_post_to_subs":false,"_jetpack_newsletter_tier_id":0,"_jetpack_memberships_contains_paywalled_content":false,"_jetpack_memberships_contains_paid_content":false,"footnotes":"","jetpack_publicize_message":"","jetpack_publicize_feature_enabled":true,"jetpack_social_post_already_shared":false,"jetpack_social_options":{"image_generator_settings":{"template":"highway","default_image_id":0,"font":"","enabled":false},"version":2}},"categories":[3],"tags":[126],"class_list":{"0":"post-7311","1":"post","2":"type-post","3":"status-publish","4":"format-standard","5":"has-post-thumbnail","7":"category-formaciones","8":"tag-atencion-a-la-diversidad","9":"czr-hentry"},"jetpack_publicize_connections":[],"jetpack_featured_media_url":"https:\/\/i0.wp.com\/cepronda.com\/blog\/wp-content\/uploads\/2024\/01\/Atencion-educativa-.png?fit=1080%2C1080&ssl=1","jetpack_shortlink":"https:\/\/wp.me\/p8M4X7-1TV","jetpack-related-posts":[{"id":7315,"url":"https:\/\/cepronda.com\/blog\/formacion-atencion-educativa-al-alumnado-con-discapacidad-fisica-enfermedades-raras-y-neuromusculares-en-el-aula-ordinaria-con-codigo-249905qoe281\/","url_meta":{"origin":7311,"position":0},"title":"FORMACI\u00d3N: \u00abATENCI\u00d3N EDUCATIVA AL ALUMNADO CON DISCAPACIDAD F\u00cdSICA, ENFERMEDADES RARAS Y NEUROMUSCULARES EN EL AULA ORDINARIA\u00bb, con c\u00f3digo 249905QOE281","author":"Inmaculada Garc\u00eda","date":"11 enero, 2024","format":false,"excerpt":"Se encuentra abierto el plazo de solicitudes de la actividad formativa regional en el AVFP: \"ATENCI\u00d3N EDUCATIVA AL ALUMNADO CON DISCAPACIDAD F\u00cdSICA, ENFERMEDADES RARAS Y NEUROMUSCULARES EN EL AULA ORDINARIA\" con c\u00f3digo 249905QOE281, gestionado por el CEP de Jerez de la Frontera. \u00a0 \u00a0 Curso dirigido a: 1. Profesorado que\u2026","rel":"","context":"En \u00abFormaciones\u00bb","block_context":{"text":"Formaciones","link":"https:\/\/cepronda.com\/blog\/category\/formaciones\/"},"img":{"alt_text":"","src":"https:\/\/i0.wp.com\/cepronda.com\/blog\/wp-content\/uploads\/2024\/01\/enfermedades-raras.png?fit=1080%2C1080&ssl=1&resize=350%2C200","width":350,"height":200,"srcset":"https:\/\/i0.wp.com\/cepronda.com\/blog\/wp-content\/uploads\/2024\/01\/enfermedades-raras.png?fit=1080%2C1080&ssl=1&resize=350%2C200 1x, https:\/\/i0.wp.com\/cepronda.com\/blog\/wp-content\/uploads\/2024\/01\/enfermedades-raras.png?fit=1080%2C1080&ssl=1&resize=525%2C300 1.5x, https:\/\/i0.wp.com\/cepronda.com\/blog\/wp-content\/uploads\/2024\/01\/enfermedades-raras.png?fit=1080%2C1080&ssl=1&resize=700%2C400 2x, https:\/\/i0.wp.com\/cepronda.com\/blog\/wp-content\/uploads\/2024\/01\/enfermedades-raras.png?fit=1080%2C1080&ssl=1&resize=1050%2C600 3x"},"classes":[]},{"id":8750,"url":"https:\/\/cepronda.com\/blog\/atencion-al-alumnado-neae-guia-rapida-para-equipos-docentes-codigo-262924ge201\/","url_meta":{"origin":7311,"position":1},"title":"ATENCI\u00d3N AL ALUMNADO NEAE: GU\u00cdA R\u00c1PIDA PARA EQUIPOS DOCENTES. C\u00f3digo: 262924GE201.","author":"Inmaculada Garc\u00eda","date":"3 septiembre, 2025","format":false,"excerpt":"Se ha abierto el plazo de inscripci\u00f3n para la actividad provincial a distancia ATENCI\u00d3N AL ALUMNADO NEAE: GU\u00cdA R\u00c1PIDA PARA EQUIPOS DOCENTES. C\u00f3digo: 262924GE201. Plazo de inscripci\u00f3n: 02\/09\/2025 hasta 15\/09\/2025 Fecha de la actividad: 18\/09\/2025 hasta 18\/11\/2025 Lugar de realizaci\u00f3n: AVFP Detalles e inscripci\u00f3n: https:\/\/www.juntadeandalucia.es\/educacion\/secretariavirtual\/consultaCEP\/actividad\/262924GE201\/ En este curso se ver\u00e1n\u2026","rel":"","context":"En \u00abFormaciones\u00bb","block_context":{"text":"Formaciones","link":"https:\/\/cepronda.com\/blog\/category\/formaciones\/"},"img":{"alt_text":"","src":"https:\/\/i0.wp.com\/cepronda.com\/blog\/wp-content\/uploads\/2025\/09\/Cartel-262924GE201-scaled.jpg?fit=848%2C1200&ssl=1&resize=350%2C200","width":350,"height":200,"srcset":"https:\/\/i0.wp.com\/cepronda.com\/blog\/wp-content\/uploads\/2025\/09\/Cartel-262924GE201-scaled.jpg?fit=848%2C1200&ssl=1&resize=350%2C200 1x, https:\/\/i0.wp.com\/cepronda.com\/blog\/wp-content\/uploads\/2025\/09\/Cartel-262924GE201-scaled.jpg?fit=848%2C1200&ssl=1&resize=525%2C300 1.5x, https:\/\/i0.wp.com\/cepronda.com\/blog\/wp-content\/uploads\/2025\/09\/Cartel-262924GE201-scaled.jpg?fit=848%2C1200&ssl=1&resize=700%2C400 2x"},"classes":[]},{"id":5119,"url":"https:\/\/cepronda.com\/blog\/atencion-educativa-domiciliaria-del-alumnado-en-situacion-de-enfermedad\/","url_meta":{"origin":7311,"position":2},"title":"ATENCI\u00d3N EDUCATIVA DOMICILIARIA DEL ALUMNADO EN SITUACI\u00d3N DE ENFERMEDAD","author":"Maribel Mu\u00f1oz","date":"16 febrero, 2022","format":false,"excerpt":"Buenas tardes compa\u00f1eras y compa\u00f1eros Os informamos que ma\u00f1ana se abre el plazo de\u00a0 inscripci\u00f3n del\u00a0 CURSO REGIONAL A DISTANCIA : ATENCI\u00d3N EDUCATIVA DOMICILIARIA DEL ALUMNADO EN SITUACI\u00d3N DE ENFERMEDAD C\u00f3digo: 229922PF375 Inscripciones: 17\/02\/2022 hasta 03\/03\/2022 Duraci\u00f3n del curso: 16\/03\/2022 hasta 10\/05\/2022 Lugar de realizaci\u00f3n: AVFP (Aula virtual de formaci\u00f3n\u2026","rel":"","context":"En \u00abFormaciones\u00bb","block_context":{"text":"Formaciones","link":"https:\/\/cepronda.com\/blog\/category\/formaciones\/"},"img":{"alt_text":"","src":"https:\/\/i0.wp.com\/cepronda.com\/blog\/wp-content\/uploads\/2022\/02\/Cartel-Nuevo.jpg?fit=530%2C747&ssl=1&resize=350%2C200","width":350,"height":200,"srcset":"https:\/\/i0.wp.com\/cepronda.com\/blog\/wp-content\/uploads\/2022\/02\/Cartel-Nuevo.jpg?fit=530%2C747&ssl=1&resize=350%2C200 1x, https:\/\/i0.wp.com\/cepronda.com\/blog\/wp-content\/uploads\/2022\/02\/Cartel-Nuevo.jpg?fit=530%2C747&ssl=1&resize=525%2C300 1.5x"},"classes":[]},{"id":7873,"url":"https:\/\/cepronda.com\/blog\/curso-provincial-a-distancia-atencion-al-alumnado-tdah-estrategias-de-intervencion-en-primaria-codigo-252922ge050\/","url_meta":{"origin":7311,"position":3},"title":"CURSO PROVINCIAL A DISTANCIA: ATENCI\u00d3N AL ALUMNADO TDAH: ESTRATEGIAS DE INTERVENCI\u00d3N EN PRIMARIA. C\u00f3digo: 252922GE050.","author":"Inmaculada Garc\u00eda","date":"28 noviembre, 2024","format":false,"excerpt":"Abierto el plazo de solicitudes para el curso provincial a distancia: ATENCI\u00d3N AL ALUMNADO TDAH: ESTRATEGIAS DE INTERVENCI\u00d3N EN PRIMARIA. C\u00f3digo: 252922GE050. Dirigido preferentemente a profesorado de educaci\u00f3n primaria. \u27a1 Curso a distancia de 40 horas, dirigido preferentemente a profesorado de educaci\u00f3n primaria. \u270f Inscripci\u00f3n: 02\/12\/2024 al 15\/12\/2024. Fecha de\u2026","rel":"","context":"En \u00abFormaciones\u00bb","block_context":{"text":"Formaciones","link":"https:\/\/cepronda.com\/blog\/category\/formaciones\/"},"img":{"alt_text":"","src":"https:\/\/i0.wp.com\/cepronda.com\/blog\/wp-content\/uploads\/2024\/11\/WhatsApp-Image-2024-11-28-at-10.46.36.jpeg?fit=1080%2C1080&ssl=1&resize=350%2C200","width":350,"height":200,"srcset":"https:\/\/i0.wp.com\/cepronda.com\/blog\/wp-content\/uploads\/2024\/11\/WhatsApp-Image-2024-11-28-at-10.46.36.jpeg?fit=1080%2C1080&ssl=1&resize=350%2C200 1x, https:\/\/i0.wp.com\/cepronda.com\/blog\/wp-content\/uploads\/2024\/11\/WhatsApp-Image-2024-11-28-at-10.46.36.jpeg?fit=1080%2C1080&ssl=1&resize=525%2C300 1.5x, https:\/\/i0.wp.com\/cepronda.com\/blog\/wp-content\/uploads\/2024\/11\/WhatsApp-Image-2024-11-28-at-10.46.36.jpeg?fit=1080%2C1080&ssl=1&resize=700%2C400 2x, https:\/\/i0.wp.com\/cepronda.com\/blog\/wp-content\/uploads\/2024\/11\/WhatsApp-Image-2024-11-28-at-10.46.36.jpeg?fit=1080%2C1080&ssl=1&resize=1050%2C600 3x"},"classes":[]},{"id":4378,"url":"https:\/\/cepronda.com\/blog\/atencion-educativa-al-alumnado-de-altas-capacidades\/","url_meta":{"origin":7311,"position":4},"title":"Atenci\u00f3n Educativa al Alumnado de Altas Capacidades","author":"Inmaculada Garc\u00eda","date":"7 abril, 2021","format":false,"excerpt":"La pr\u00f3xima semana dar\u00e1 comienzo la formaci\u00f3n \"Atenci\u00f3n Educativa al Alumnado de Altas Capacidades\". En esta ocasi\u00f3n contamos con la Asociaci\u00f3n ASA- M\u00e1laga para impartirla. Entre nuestros ponentes vamos a tener a: Laura D\u00edaz (responsable de formaci\u00f3n de ASA- M\u00e1laga) Laura Caparr\u00f3s\u00a0 (especialista en atenci\u00f3n educativa a alumnado de AACC)\u2026","rel":"","context":"En \u00abFormaciones\u00bb","block_context":{"text":"Formaciones","link":"https:\/\/cepronda.com\/blog\/category\/formaciones\/"},"img":{"alt_text":"","src":"https:\/\/i0.wp.com\/cepronda.com\/blog\/wp-content\/uploads\/2021\/04\/212924GE025-CARTEL-ALTAS-CAPACIDADES.jpg?fit=848%2C1200&ssl=1&resize=350%2C200","width":350,"height":200,"srcset":"https:\/\/i0.wp.com\/cepronda.com\/blog\/wp-content\/uploads\/2021\/04\/212924GE025-CARTEL-ALTAS-CAPACIDADES.jpg?fit=848%2C1200&ssl=1&resize=350%2C200 1x, https:\/\/i0.wp.com\/cepronda.com\/blog\/wp-content\/uploads\/2021\/04\/212924GE025-CARTEL-ALTAS-CAPACIDADES.jpg?fit=848%2C1200&ssl=1&resize=525%2C300 1.5x, https:\/\/i0.wp.com\/cepronda.com\/blog\/wp-content\/uploads\/2021\/04\/212924GE025-CARTEL-ALTAS-CAPACIDADES.jpg?fit=848%2C1200&ssl=1&resize=700%2C400 2x"},"classes":[]},{"id":9263,"url":"https:\/\/cepronda.com\/blog\/9263-2\/","url_meta":{"origin":7311,"position":5},"title":"RESPUESTA EDUCATIVA AL ALUMNADO CON ALTAS CAPACIDADES: PROGRAMAS DE PROFUNDIZACI\u00d3N","author":"Encarni Jim\u00e9nez Rosado","date":"28 enero, 2026","format":false,"excerpt":"Se abre plazo de inscripci\u00f3n para el curso \u201cRESPUESTA EDUCATIVA AL ALUMNADO CON ALTAS CAPACIDADES: PROGRAMAS DE PROFUNDIZACI\u00d3N\u201d, con c\u00f3digo: 262923GE801. Duraci\u00f3n: 3 sesiones por videoconferencia. 6 horas de tareas tutorizadas en el AVFP Inscripci\u00f3n:\u00a027 enero - 17 febrero Sesiones: 11, 18, 25 marzo - 17:00 a 19:00 Informaci\u00f3n e\u2026","rel":"","context":"En \u00abFormaciones\u00bb","block_context":{"text":"Formaciones","link":"https:\/\/cepronda.com\/blog\/category\/formaciones\/"},"img":{"alt_text":"","src":"https:\/\/i0.wp.com\/cepronda.com\/blog\/wp-content\/uploads\/2026\/01\/aci.png?fit=822%2C818&ssl=1&resize=350%2C200","width":350,"height":200,"srcset":"https:\/\/i0.wp.com\/cepronda.com\/blog\/wp-content\/uploads\/2026\/01\/aci.png?fit=822%2C818&ssl=1&resize=350%2C200 1x, https:\/\/i0.wp.com\/cepronda.com\/blog\/wp-content\/uploads\/2026\/01\/aci.png?fit=822%2C818&ssl=1&resize=525%2C300 1.5x, https:\/\/i0.wp.com\/cepronda.com\/blog\/wp-content\/uploads\/2026\/01\/aci.png?fit=822%2C818&ssl=1&resize=700%2C400 2x"},"classes":[]}],"jetpack_sharing_enabled":true,"_links":{"self":[{"href":"https:\/\/cepronda.com\/blog\/wp-json\/wp\/v2\/posts\/7311","targetHints":{"allow":["GET"]}}],"collection":[{"href":"https:\/\/cepronda.com\/blog\/wp-json\/wp\/v2\/posts"}],"about":[{"href":"https:\/\/cepronda.com\/blog\/wp-json\/wp\/v2\/types\/post"}],"author":[{"embeddable":true,"href":"https:\/\/cepronda.com\/blog\/wp-json\/wp\/v2\/users\/9"}],"replies":[{"embeddable":true,"href":"https:\/\/cepronda.com\/blog\/wp-json\/wp\/v2\/comments?post=7311"}],"version-history":[{"count":1,"href":"https:\/\/cepronda.com\/blog\/wp-json\/wp\/v2\/posts\/7311\/revisions"}],"predecessor-version":[{"id":7314,"href":"https:\/\/cepronda.com\/blog\/wp-json\/wp\/v2\/posts\/7311\/revisions\/7314"}],"wp:featuredmedia":[{"embeddable":true,"href":"https:\/\/cepronda.com\/blog\/wp-json\/wp\/v2\/media\/7313"}],"wp:attachment":[{"href":"https:\/\/cepronda.com\/blog\/wp-json\/wp\/v2\/media?parent=7311"}],"wp:term":[{"taxonomy":"category","embeddable":true,"href":"https:\/\/cepronda.com\/blog\/wp-json\/wp\/v2\/categories?post=7311"},{"taxonomy":"post_tag","embeddable":true,"href":"https:\/\/cepronda.com\/blog\/wp-json\/wp\/v2\/tags?post=7311"}],"curies":[{"name":"wp","href":"https:\/\/api.w.org\/{rel}","templated":true}]}}