{"id":731,"date":"2017-03-09T12:25:55","date_gmt":"2017-03-09T11:25:55","guid":{"rendered":"http:\/\/cepronda.com\/blog\/?p=731"},"modified":"2017-03-09T12:25:55","modified_gmt":"2017-03-09T11:25:55","slug":"buscamos-vuestras-buenas-practicas","status":"publish","type":"post","link":"https:\/\/cepronda.com\/blog\/buscamos-vuestras-buenas-practicas\/","title":{"rendered":"Buscamos vuestras Buenas Pr\u00e1cticas"},"content":{"rendered":"<p>\u00a1Hola familia!<\/p>\n<p>Queremos aprovechar esta entrada para recordaros que en el blog, en el apartado \u00abFormularios\u00bb de la barra superior, pod\u00e9is tener acceso a este formulario que desde el CEP de Ronda se elabor\u00f3 para recoger todas vuestras buenas pr\u00e1cticas, que son bastantes y buenas. Muchas veces como profesorado pecamos de no compartir nuestro trabajo y\/o no darle valor, pero si nos paramos a pensar hacemos muy buenas cosas y muy interesantes con nuestro alumnado, y siempre resulta muy enriquecedor conocer y compartirlas.<\/p>\n<p>Para este fin se elabor\u00f3 <a href=\"https:\/\/goo.gl\/forms\/XJdagbB6CnlLKJLu2\" target=\"_blank\" rel=\"noopener noreferrer\">este formulario<\/a>, y est\u00e1 a vuestra disposici\u00f3n en cualquier momento a trav\u00e9s de este blog. De todos modos, en esta entrada, si hac\u00e9is clic en la imagen podr\u00e9is acceder al mismo. Os animamos a compartir y ense\u00f1arnos vuestros grandes trabajos en el aula.<\/p>\n<p><a href=\"https:\/\/goo.gl\/forms\/XJdagbB6CnlLKJLu2\" target=\"_blank\" rel=\"noopener noreferrer\"><img data-recalc-dims=\"1\" loading=\"lazy\" decoding=\"async\" class=\"aligncenter wp-image-736 size-medium\" src=\"https:\/\/i0.wp.com\/cepronda.com\/blog\/wp-content\/uploads\/2017\/03\/checklist-1622517_640-300x300.png?resize=300%2C300\" width=\"300\" height=\"300\" \/><\/a><\/p>\n","protected":false},"excerpt":{"rendered":"<p>\u00a1Hola familia! Queremos aprovechar esta entrada para recordaros que en el blog, en el apartado \u00abFormularios\u00bb de la barra superior, pod\u00e9is tener acceso a este formulario que desde el CEP de Ronda se elabor\u00f3 para recoger todas vuestras buenas pr\u00e1cticas, que son bastantes y buenas. Muchas veces como profesorado pecamos de no compartir nuestro trabajo [&hellip;]<\/p>\n","protected":false},"author":3,"featured_media":736,"comment_status":"open","ping_status":"open","sticky":true,"template":"","format":"standard","meta":{"_crdt_document":"","advanced_seo_description":"","jetpack_seo_html_title":"","jetpack_seo_noindex":false,"jetpack_post_was_ever_published":false,"_jetpack_newsletter_access":"","_jetpack_dont_email_post_to_subs":false,"_jetpack_newsletter_tier_id":0,"_jetpack_memberships_contains_paywalled_content":false,"_jetpack_memberships_contains_paid_content":false,"footnotes":"","jetpack_publicize_message":"","jetpack_publicize_feature_enabled":true,"jetpack_social_post_already_shared":false,"jetpack_social_options":{"image_generator_settings":{"template":"highway","default_image_id":0,"font":"","enabled":false},"version":2}},"categories":[5],"tags":[13,30],"class_list":{"0":"post-731","1":"post","2":"type-post","3":"status-publish","4":"format-standard","5":"has-post-thumbnail","7":"category-noticias","8":"tag-buenas-practicas","9":"tag-formulario","10":"czr-hentry"},"jetpack_publicize_connections":[],"jetpack_featured_media_url":"","jetpack_shortlink":"https:\/\/wp.me\/p8M4X7-bN","jetpack-related-posts":[{"id":742,"url":"https:\/\/cepronda.com\/blog\/ejemplo-de-una-buena-practica\/","url_meta":{"origin":731,"position":0},"title":"Ejemplo de una buena pr\u00e1ctica","author":"V\u00edctor Caballero","date":"17 marzo, 2017","format":false,"excerpt":"Muy buenas, Antes de irnos de descanso en este fin de semana, queremos compartir con todas y todos vosotros un ejemplo de buena pr\u00e1ctica que han realizado en el CEIP Nuestro Padre Jes\u00fas de Ronda. Para poder acceder a las fotos y v\u00eddeos de esta pr\u00e1ctica haz clic en la\u2026","rel":"","context":"En \u00abNoticias\u00bb","block_context":{"text":"Noticias","link":"https:\/\/cepronda.com\/blog\/category\/noticias\/"},"img":{"alt_text":"","src":"https:\/\/lh3.googleusercontent.com\/0-bnAANnDVVoqkSolmsfFeJ4ei2ZNHRkvQWsxmkrwNN6hQ86X59QRkOSwcp1BlzlX3ere5vKSxcnzptfO4jjsxb_PyGaL2RlgRtfIUbfbts-Nf7OL5Mhtrx8te-VxDWpg9mK-UuGLSVAQuGkgbSWtqbn_lnl9LthxyC7n0_PAYVvJ-BQGW-ZkGut5DJjDZHXK0D56GYok8SbsPJuBtNYfZxikkEZRAmj6N1sL8FGqGmOP7H-8_qNQ43uKTlDUQsp6EVhRymFp3PHoFwNY267K_t7LXtDGxfxK9YQhgRZVbD5RxlTkTzjivN95CX_Q_8CF5myXfJWaO5L9DA5N4rWaXBLfI0KxA0yxJPcFVCi_iqQUBOf6fI1wcuqbkwHS31iOSdsAaxuhgmHeB8ObKOJ1AibsegL7SrMnntoDMaVDFzjUQSZVlLrurHmrmK9TdL-_3wnTSUOyJQGcBm_d7Lgi5hXBxBBBvec02zo3z78jAxyFo-GDQiL_I2Cwii9UtpLWAuuEPzqf-JrTjlndEili4lrtnMaBgdvJfH9soTBHXXTwXlz8tOOigFRLZhnUGy7hcl4IdCSQaJcplKAgg6ZeLP0QeomY9GSY5aq8Z6jmmD9bKaaGJLP_D4KXC-eacHhF5rBZukUupA5falR5SJXYCMsaJcKt-t1owIHg74Ggw=w709-h407-no","width":350,"height":200,"srcset":"https:\/\/lh3.googleusercontent.com\/0-bnAANnDVVoqkSolmsfFeJ4ei2ZNHRkvQWsxmkrwNN6hQ86X59QRkOSwcp1BlzlX3ere5vKSxcnzptfO4jjsxb_PyGaL2RlgRtfIUbfbts-Nf7OL5Mhtrx8te-VxDWpg9mK-UuGLSVAQuGkgbSWtqbn_lnl9LthxyC7n0_PAYVvJ-BQGW-ZkGut5DJjDZHXK0D56GYok8SbsPJuBtNYfZxikkEZRAmj6N1sL8FGqGmOP7H-8_qNQ43uKTlDUQsp6EVhRymFp3PHoFwNY267K_t7LXtDGxfxK9YQhgRZVbD5RxlTkTzjivN95CX_Q_8CF5myXfJWaO5L9DA5N4rWaXBLfI0KxA0yxJPcFVCi_iqQUBOf6fI1wcuqbkwHS31iOSdsAaxuhgmHeB8ObKOJ1AibsegL7SrMnntoDMaVDFzjUQSZVlLrurHmrmK9TdL-_3wnTSUOyJQGcBm_d7Lgi5hXBxBBBvec02zo3z78jAxyFo-GDQiL_I2Cwii9UtpLWAuuEPzqf-JrTjlndEili4lrtnMaBgdvJfH9soTBHXXTwXlz8tOOigFRLZhnUGy7hcl4IdCSQaJcplKAgg6ZeLP0QeomY9GSY5aq8Z6jmmD9bKaaGJLP_D4KXC-eacHhF5rBZukUupA5falR5SJXYCMsaJcKt-t1owIHg74Ggw=w709-h407-no 1x, https:\/\/lh3.googleusercontent.com\/0-bnAANnDVVoqkSolmsfFeJ4ei2ZNHRkvQWsxmkrwNN6hQ86X59QRkOSwcp1BlzlX3ere5vKSxcnzptfO4jjsxb_PyGaL2RlgRtfIUbfbts-Nf7OL5Mhtrx8te-VxDWpg9mK-UuGLSVAQuGkgbSWtqbn_lnl9LthxyC7n0_PAYVvJ-BQGW-ZkGut5DJjDZHXK0D56GYok8SbsPJuBtNYfZxikkEZRAmj6N1sL8FGqGmOP7H-8_qNQ43uKTlDUQsp6EVhRymFp3PHoFwNY267K_t7LXtDGxfxK9YQhgRZVbD5RxlTkTzjivN95CX_Q_8CF5myXfJWaO5L9DA5N4rWaXBLfI0KxA0yxJPcFVCi_iqQUBOf6fI1wcuqbkwHS31iOSdsAaxuhgmHeB8ObKOJ1AibsegL7SrMnntoDMaVDFzjUQSZVlLrurHmrmK9TdL-_3wnTSUOyJQGcBm_d7Lgi5hXBxBBBvec02zo3z78jAxyFo-GDQiL_I2Cwii9UtpLWAuuEPzqf-JrTjlndEili4lrtnMaBgdvJfH9soTBHXXTwXlz8tOOigFRLZhnUGy7hcl4IdCSQaJcplKAgg6ZeLP0QeomY9GSY5aq8Z6jmmD9bKaaGJLP_D4KXC-eacHhF5rBZukUupA5falR5SJXYCMsaJcKt-t1owIHg74Ggw=w709-h407-no 1.5x, https:\/\/lh3.googleusercontent.com\/0-bnAANnDVVoqkSolmsfFeJ4ei2ZNHRkvQWsxmkrwNN6hQ86X59QRkOSwcp1BlzlX3ere5vKSxcnzptfO4jjsxb_PyGaL2RlgRtfIUbfbts-Nf7OL5Mhtrx8te-VxDWpg9mK-UuGLSVAQuGkgbSWtqbn_lnl9LthxyC7n0_PAYVvJ-BQGW-ZkGut5DJjDZHXK0D56GYok8SbsPJuBtNYfZxikkEZRAmj6N1sL8FGqGmOP7H-8_qNQ43uKTlDUQsp6EVhRymFp3PHoFwNY267K_t7LXtDGxfxK9YQhgRZVbD5RxlTkTzjivN95CX_Q_8CF5myXfJWaO5L9DA5N4rWaXBLfI0KxA0yxJPcFVCi_iqQUBOf6fI1wcuqbkwHS31iOSdsAaxuhgmHeB8ObKOJ1AibsegL7SrMnntoDMaVDFzjUQSZVlLrurHmrmK9TdL-_3wnTSUOyJQGcBm_d7Lgi5hXBxBBBvec02zo3z78jAxyFo-GDQiL_I2Cwii9UtpLWAuuEPzqf-JrTjlndEili4lrtnMaBgdvJfH9soTBHXXTwXlz8tOOigFRLZhnUGy7hcl4IdCSQaJcplKAgg6ZeLP0QeomY9GSY5aq8Z6jmmD9bKaaGJLP_D4KXC-eacHhF5rBZukUupA5falR5SJXYCMsaJcKt-t1owIHg74Ggw=w709-h407-no 2x"},"classes":[]},{"id":1943,"url":"https:\/\/cepronda.com\/blog\/convocatoria-premios-buenas-practicas-en-bibliotecas-escolares-y-en-fomento-de-la-lectura\/","url_meta":{"origin":731,"position":1},"title":"Convocatoria Premios Buenas Pr\u00e1cticas en Bibliotecas Escolares y en Fomento de la Lectura","author":"V\u00edctor Caballero","date":"25 mayo, 2018","format":false,"excerpt":"Muy buenas de nuevo,\u00a0 Compartimos con todas las personas responsables de biblioteca esta convocatoria, que vemos muy interesante y a la que creemos muchas de vuestras bibliotecas pueden optar. Si segu\u00eds este enlace podr\u00e9is acceder a toda la informaci\u00f3n.\u00a0 \u00a1Os animamos a participar!","rel":"","context":"En \u00abFormaciones\u00bb","block_context":{"text":"Formaciones","link":"https:\/\/cepronda.com\/blog\/category\/formaciones\/"},"img":{"alt_text":"","src":"https:\/\/i0.wp.com\/cepronda.com\/blog\/wp-content\/uploads\/2018\/05\/premio_biblioteca_escolar.png?fit=731%2C892&ssl=1&resize=350%2C200","width":350,"height":200,"srcset":"https:\/\/i0.wp.com\/cepronda.com\/blog\/wp-content\/uploads\/2018\/05\/premio_biblioteca_escolar.png?fit=731%2C892&ssl=1&resize=350%2C200 1x, https:\/\/i0.wp.com\/cepronda.com\/blog\/wp-content\/uploads\/2018\/05\/premio_biblioteca_escolar.png?fit=731%2C892&ssl=1&resize=525%2C300 1.5x, https:\/\/i0.wp.com\/cepronda.com\/blog\/wp-content\/uploads\/2018\/05\/premio_biblioteca_escolar.png?fit=731%2C892&ssl=1&resize=700%2C400 2x"},"classes":[]},{"id":125,"url":"https:\/\/cepronda.com\/blog\/inscripcion-vii-concurso-buenas-practicas-educativas\/","url_meta":{"origin":731,"position":2},"title":"Inscripci\u00f3n VII Concurso Buenas Pr\u00e1cticas Educativas","author":"V\u00edctor Caballero","date":"22 septiembre, 2016","format":false,"excerpt":"Queremos compartir con todo el profesorado este concurso de Buenas Pr\u00e1cticas Educativas. La Asociaci\u00f3n Mejora tu Escuela P\u00fablica convoca la s\u00e9ptima edici\u00f3n de su concurso de Buenas Pr\u00e1cticas Educativas, en el que podr\u00e1n participar las experiencias educativas llevadas a cabo durante el curso 2015\/2016 en centros p\u00fablicos del Estado Espa\u00f1ol.\u2026","rel":"","context":"En \u00abNoticias\u00bb","block_context":{"text":"Noticias","link":"https:\/\/cepronda.com\/blog\/category\/noticias\/"},"img":{"alt_text":"logomep","src":"https:\/\/i0.wp.com\/cepronda.com\/blog\/wp-content\/uploads\/2016\/09\/logoMEP.png?resize=350%2C200","width":350,"height":200},"classes":[]},{"id":3355,"url":"https:\/\/cepronda.com\/blog\/abierto-el-plazo-de-inscripcion-i-congreso-de-buenas-practicas-en-educacion-infantil\/","url_meta":{"origin":731,"position":3},"title":"Abierto el plazo de inscripci\u00f3n I Congreso de Buenas Pr\u00e1cticas en Educaci\u00f3n Infantil","author":"V\u00edctor Caballero","date":"21 enero, 2020","format":false,"excerpt":"Muy buenas familia de Infantil, Hoy se abre el plazo de inscripci\u00f3n en el I Congreso de Buenas Pr\u00e1cticas de Educaci\u00f3n Infantil desde el CEP de M\u00e1laga en colaboraci\u00f3n con la UMA, se est\u00e1 organizando el\u00a0I Congreso de Buenas pr\u00e1cticas en Educaci\u00f3n Infantil,\u00a0que tendr\u00e1 lugar los pr\u00f3ximos\u00a023, 24 y 25\u2026","rel":"","context":"En \u00abNoticias\u00bb","block_context":{"text":"Noticias","link":"https:\/\/cepronda.com\/blog\/category\/noticias\/"},"img":{"alt_text":"","src":"https:\/\/i0.wp.com\/cepronda.com\/blog\/wp-content\/uploads\/2020\/01\/cropped-logo_HUM205-1.jpg?resize=350%2C200","width":350,"height":200},"classes":[]},{"id":8800,"url":"https:\/\/cepronda.com\/blog\/x-congreso-internacional-de-buenas-practicas-con-tic\/","url_meta":{"origin":731,"position":4},"title":"X CONGRESO INTERNACIONAL DE BUENAS PR\u00c1CTICAS CON TIC","author":"Mamen Moreno","date":"18 septiembre, 2025","format":false,"excerpt":"Abierto el plazo de inscripci\u00f3n para el congreso \"X CONGRESO INTERNACIONAL DE BUENAS PR\u00c1CTICAS CON TIC\" \u27a1\ufe0f Dirigido a: Internivelar \u270f\ufe0f Inscripci\u00f3n: desde 17\/09\/2025 a 08\/10\/2025 Actividad: 22\/10\/2025 y 23\/10\/2025 \u231bDuraci\u00f3n: 8 horas Lugar: Sede UNIA Puerto de M\u00e1laga (de 16:30 a 20:30 horas) M\u00e1s informaci\u00f3n en: https:\/\/www.juntadeandalucia.es\/educacion\/secretariavirtual\/consultaCEP\/actividad\/262922GE056\/","rel":"","context":"En \u00abFormaciones\u00bb","block_context":{"text":"Formaciones","link":"https:\/\/cepronda.com\/blog\/category\/formaciones\/"},"img":{"alt_text":"","src":"https:\/\/i0.wp.com\/cepronda.com\/blog\/wp-content\/uploads\/2025\/09\/WhatsApp-Image-2025-09-17-at-22.19.47-215x300.jpeg?resize=350%2C200&ssl=1","width":350,"height":200},"classes":[]},{"id":1759,"url":"https:\/\/cepronda.com\/blog\/formulario-sobre-necesidades-formativas-relacionadas-con-las-tic\/","url_meta":{"origin":731,"position":5},"title":"Formulario sobre necesidades formativas relacionadas con las TIC","author":"V\u00edctor Caballero","date":"3 mayo, 2018","format":false,"excerpt":"Muy buenas,\u00a0 Como sab\u00e9is este curso escolar hemos hecho una apuesta importante en el CEP sobre el uso de las TIC en nuestras aulas, y por ello preparamos nuestro itinerario TIC con actividades relacionadas con Scratch, rob\u00f3tica, AppInventor e Impresora 3D.\u00a0 El pr\u00f3ximo curso escolar queremos, en principio, preparar alguna\u2026","rel":"","context":"En \u00abNoticias\u00bb","block_context":{"text":"Noticias","link":"https:\/\/cepronda.com\/blog\/category\/noticias\/"},"img":{"alt_text":"","src":"https:\/\/i0.wp.com\/cepronda.com\/blog\/wp-content\/uploads\/2017\/09\/mobile-phone-2398295_640.jpg?fit=640%2C276&ssl=1&resize=350%2C200","width":350,"height":200,"srcset":"https:\/\/i0.wp.com\/cepronda.com\/blog\/wp-content\/uploads\/2017\/09\/mobile-phone-2398295_640.jpg?fit=640%2C276&ssl=1&resize=350%2C200 1x, https:\/\/i0.wp.com\/cepronda.com\/blog\/wp-content\/uploads\/2017\/09\/mobile-phone-2398295_640.jpg?fit=640%2C276&ssl=1&resize=525%2C300 1.5x"},"classes":[]}],"jetpack_sharing_enabled":true,"_links":{"self":[{"href":"https:\/\/cepronda.com\/blog\/wp-json\/wp\/v2\/posts\/731","targetHints":{"allow":["GET"]}}],"collection":[{"href":"https:\/\/cepronda.com\/blog\/wp-json\/wp\/v2\/posts"}],"about":[{"href":"https:\/\/cepronda.com\/blog\/wp-json\/wp\/v2\/types\/post"}],"author":[{"embeddable":true,"href":"https:\/\/cepronda.com\/blog\/wp-json\/wp\/v2\/users\/3"}],"replies":[{"embeddable":true,"href":"https:\/\/cepronda.com\/blog\/wp-json\/wp\/v2\/comments?post=731"}],"version-history":[{"count":0,"href":"https:\/\/cepronda.com\/blog\/wp-json\/wp\/v2\/posts\/731\/revisions"}],"wp:featuredmedia":[{"embeddable":true,"href":"https:\/\/cepronda.com\/blog\/wp-json\/"}],"wp:attachment":[{"href":"https:\/\/cepronda.com\/blog\/wp-json\/wp\/v2\/media?parent=731"}],"wp:term":[{"taxonomy":"category","embeddable":true,"href":"https:\/\/cepronda.com\/blog\/wp-json\/wp\/v2\/categories?post=731"},{"taxonomy":"post_tag","embeddable":true,"href":"https:\/\/cepronda.com\/blog\/wp-json\/wp\/v2\/tags?post=731"}],"curies":[{"name":"wp","href":"https:\/\/api.w.org\/{rel}","templated":true}]}}