{"id":7308,"date":"2024-01-10T19:14:54","date_gmt":"2024-01-10T18:14:54","guid":{"rendered":"https:\/\/cepronda.com\/blog\/?p=7308"},"modified":"2025-04-25T11:59:08","modified_gmt":"2025-04-25T09:59:08","slug":"innovative-teaching-practices-supported-by-the-focused-use-of-ict-tools-in-the-language-classroom-2","status":"publish","type":"post","link":"https:\/\/cepronda.com\/blog\/innovative-teaching-practices-supported-by-the-focused-use-of-ict-tools-in-the-language-classroom-2\/","title":{"rendered":"\u00abINNOVATIVE TEACHING PRACTICES SUPPORTED BY THE FOCUSED USE OF ICT TOOLS IN THE LANGUAGE CLASSROOM\u00bb"},"content":{"rendered":"<p><img data-recalc-dims=\"1\" decoding=\"async\" class=\"an1\" src=\"https:\/\/i0.wp.com\/fonts.gstatic.com\/s\/e\/notoemoji\/15.0\/1f4cc\/32.png?w=1170&#038;ssl=1\" alt=\"\" data-emoji=\"\" aria-label=\"\" \/>\u00a0Actividad formativa REGIONAL: \u00abINNOVATIVE TEACHING PRACTICES SUPPORTED BY THE FOCUSED USE OF ICT TOOLS IN THE LANGUAGE CLASSROOM\u00bb<\/p>\n<p><img data-recalc-dims=\"1\" decoding=\"async\" class=\"an1\" src=\"https:\/\/i0.wp.com\/fonts.gstatic.com\/s\/e\/notoemoji\/15.0\/1f4dd\/32.png?w=1170&#038;ssl=1\" alt=\"\" data-emoji=\"\" aria-label=\"\" \/>\u00a0Dirigida a profesorado de Ingl\u00e9s de todos los niveles educativos<\/p>\n<p><img data-recalc-dims=\"1\" decoding=\"async\" class=\"an1\" src=\"https:\/\/i0.wp.com\/fonts.gstatic.com\/s\/e\/notoemoji\/15.0\/1f441_fe0f_200d_1f5e8_fe0f\/32.png?w=1170&#038;ssl=1\" alt=\"\ufe0f\u200d\ufe0f\" data-emoji=\"\ufe0f\u200d\ufe0f\" aria-label=\"\ufe0f\u200d\ufe0f\" \/>\u00a0Necesario tener conocimiento de competencia digital<\/p>\n<p><img data-recalc-dims=\"1\" decoding=\"async\" class=\"an1\" src=\"https:\/\/i0.wp.com\/fonts.gstatic.com\/s\/e\/notoemoji\/15.0\/1f50a\/32.png?w=1170&#038;ssl=1\" alt=\"\" data-emoji=\"\" aria-label=\"\" \/>\u00a0Plazo de inscripci\u00f3n abierto hasta el 12 de febrero de 2024<\/p>\n<p><img data-recalc-dims=\"1\" decoding=\"async\" class=\"an1\" src=\"https:\/\/i0.wp.com\/fonts.gstatic.com\/s\/e\/notoemoji\/15.0\/1f4bb\/32.png?w=1170&#038;ssl=1\" alt=\"\" data-emoji=\"\" aria-label=\"\" \/>\u00a0Curso a distancia (as\u00edncrono) en el Aula Virtual<\/p>\n<p><img data-recalc-dims=\"1\" decoding=\"async\" class=\"an1\" src=\"https:\/\/i0.wp.com\/fonts.gstatic.com\/s\/e\/notoemoji\/15.0\/1f5d3_fe0f\/32.png?w=1170&#038;ssl=1\" alt=\"\ufe0f\" data-emoji=\"\ufe0f\" aria-label=\"\ufe0f\" \/>\u00a0INSCRIPCI\u00d3N:<br \/>\n<a href=\"https:\/\/www.juntadeandalucia.es\/educacion\/secretariavirtual\/consultaCEP\/actividad\/24K9906AV128\/\" target=\"_blank\" rel=\"noopener\" data-saferedirecturl=\"https:\/\/www.google.com\/url?q=https:\/\/www.juntadeandalucia.es\/educacion\/secretariavirtual\/consultaCEP\/actividad\/24K9906AV128\/&amp;source=gmail&amp;ust=1704989443036000&amp;usg=AOvVaw0D5LbaLIRv89fyY6xI7NO8\">https:\/\/www.juntadeandalucia.<wbr \/>es\/educacion\/<wbr \/>secretariavirtual\/consultaCEP\/<wbr \/>actividad\/24K9906AV128\/<\/a><\/p>\n<p>&nbsp;<\/p>\n<p><img data-recalc-dims=\"1\" loading=\"lazy\" decoding=\"async\" class=\"size-medium wp-image-7309 aligncenter\" src=\"https:\/\/i0.wp.com\/cepronda.com\/blog\/wp-content\/uploads\/2024\/01\/5e07b0af.png?resize=300%2C185&#038;ssl=1\" alt=\"\" width=\"300\" height=\"185\" srcset=\"https:\/\/i0.wp.com\/cepronda.com\/blog\/wp-content\/uploads\/2024\/01\/5e07b0af.png?resize=300%2C185&amp;ssl=1 300w, https:\/\/i0.wp.com\/cepronda.com\/blog\/wp-content\/uploads\/2024\/01\/5e07b0af.png?resize=1024%2C632&amp;ssl=1 1024w, https:\/\/i0.wp.com\/cepronda.com\/blog\/wp-content\/uploads\/2024\/01\/5e07b0af.png?resize=768%2C474&amp;ssl=1 768w, https:\/\/i0.wp.com\/cepronda.com\/blog\/wp-content\/uploads\/2024\/01\/5e07b0af.png?resize=570%2C350&amp;ssl=1 570w, https:\/\/i0.wp.com\/cepronda.com\/blog\/wp-content\/uploads\/2024\/01\/5e07b0af.png?w=1358&amp;ssl=1 1358w\" sizes=\"auto, (max-width: 300px) 100vw, 300px\" \/><\/p>\n","protected":false},"excerpt":{"rendered":"<p>\u00a0Actividad formativa REGIONAL: \u00abINNOVATIVE TEACHING PRACTICES SUPPORTED BY THE FOCUSED USE OF ICT TOOLS IN THE LANGUAGE CLASSROOM\u00bb \u00a0Dirigida a profesorado de Ingl\u00e9s de todos los niveles educativos \u00a0Necesario tener conocimiento de competencia digital \u00a0Plazo de inscripci\u00f3n abierto hasta el 12 de febrero de 2024 \u00a0Curso a distancia (as\u00edncrono) en el Aula Virtual \u00a0INSCRIPCI\u00d3N: https:\/\/www.juntadeandalucia.es\/educacion\/secretariavirtual\/consultaCEP\/actividad\/24K9906AV128\/ [&hellip;]<\/p>\n","protected":false},"author":13,"featured_media":7309,"comment_status":"closed","ping_status":"open","sticky":false,"template":"","format":"standard","meta":{"_crdt_document":"","advanced_seo_description":"","jetpack_seo_html_title":"","jetpack_seo_noindex":false,"jetpack_post_was_ever_published":false,"_jetpack_newsletter_access":"","_jetpack_dont_email_post_to_subs":false,"_jetpack_newsletter_tier_id":0,"_jetpack_memberships_contains_paywalled_content":false,"_jetpack_memberships_contains_paid_content":false,"footnotes":"","jetpack_publicize_message":"","jetpack_publicize_feature_enabled":true,"jetpack_social_post_already_shared":false,"jetpack_social_options":{"image_generator_settings":{"template":"highway","default_image_id":0,"font":"","enabled":false},"version":2}},"categories":[3,5],"tags":[],"class_list":{"0":"post-7308","1":"post","2":"type-post","3":"status-publish","4":"format-standard","5":"has-post-thumbnail","7":"category-formaciones","8":"category-noticias","9":"czr-hentry"},"jetpack_publicize_connections":[],"jetpack_featured_media_url":"https:\/\/i0.wp.com\/cepronda.com\/blog\/wp-content\/uploads\/2024\/01\/5e07b0af.png?fit=1358%2C838&ssl=1","jetpack_shortlink":"https:\/\/wp.me\/p8M4X7-1TS","jetpack-related-posts":[{"id":5793,"url":"https:\/\/cepronda.com\/blog\/innovative-teaching-practices-supported-by-the-focused-use-of-ict-tools-in-the-language-classroom\/","url_meta":{"origin":7308,"position":0},"title":"\u00abINNOVATIVE TEACHING PRACTICES SUPPORTED BY THE FOCUSED USE OF ICT TOOLS IN THE LANGUAGE CLASSROOM\u00bb","author":"Mamen Moreno","date":"22 febrero, 2023","format":false,"excerpt":"Estimado\/a compa\u00f1ero\/a:\u00a0 Se convoca actividad formativa regional:\u00a0\"INNOVATIVE TEACHING PRACTICES SUPPORTED BY THE FOCUSED USE OF ICT TOOLS IN THE LANGUAGE CLASSROOM\" con c\u00f3digo 23K9906AV128 Dirigida a profesorado de Ingl\u00e9s de cualquier nivel educativo \u00a0Formaci\u00f3n as\u00edncrona en el AVFP Plazo de inscripci\u00f3n: hasta el 9 de abril 2023 a las 23:59h\u2026","rel":"","context":"En \u00abFormaciones\u00bb","block_context":{"text":"Formaciones","link":"https:\/\/cepronda.com\/blog\/category\/formaciones\/"},"img":{"alt_text":"","src":"","width":0,"height":0},"classes":[]},{"id":9243,"url":"https:\/\/cepronda.com\/blog\/9243-2\/","url_meta":{"origin":7308,"position":1},"title":"INNOVATIVE TEACHING PRACTICES SUPPORTED BY THE FOCUSED USE OF ICT TOOLS IN THE LANGUAGE CLASSROOM","author":"Encarni Jim\u00e9nez Rosado","date":"21 enero, 2026","format":false,"excerpt":"Convocatoria actividad formativa regional: \"INNOVATIVE TEACHING PRACTICES SUPPORTED BY THE FOCUSED USE OF ICT TOOLS IN THE LANGUAGE CLASSROOM\", con c\u00f3digo 26K9906AV128. \u00a0Dirigida a: Profesorado de Ingl\u00e9s de centros p\u00fablicos de cualquier nivel educativo. \u00a0El plazo de inscripci\u00f3n est\u00e1 abierto hasta el 4 de febrero a las 23:59 h. Lugar\u2026","rel":"","context":"En \u00abFormaciones\u00bb","block_context":{"text":"Formaciones","link":"https:\/\/cepronda.com\/blog\/category\/formaciones\/"},"img":{"alt_text":"","src":"https:\/\/i0.wp.com\/cepronda.com\/blog\/wp-content\/uploads\/2026\/01\/practices-supported.jpg?fit=1200%2C1200&ssl=1&resize=350%2C200","width":350,"height":200,"srcset":"https:\/\/i0.wp.com\/cepronda.com\/blog\/wp-content\/uploads\/2026\/01\/practices-supported.jpg?fit=1200%2C1200&ssl=1&resize=350%2C200 1x, https:\/\/i0.wp.com\/cepronda.com\/blog\/wp-content\/uploads\/2026\/01\/practices-supported.jpg?fit=1200%2C1200&ssl=1&resize=525%2C300 1.5x, https:\/\/i0.wp.com\/cepronda.com\/blog\/wp-content\/uploads\/2026\/01\/practices-supported.jpg?fit=1200%2C1200&ssl=1&resize=700%2C400 2x, https:\/\/i0.wp.com\/cepronda.com\/blog\/wp-content\/uploads\/2026\/01\/practices-supported.jpg?fit=1200%2C1200&ssl=1&resize=1050%2C600 3x"},"classes":[]},{"id":8072,"url":"https:\/\/cepronda.com\/blog\/jornadas-soft-skills-in-the-english-language-classroom-codigo259925kpi371\/","url_meta":{"origin":7308,"position":2},"title":"JORNADAS: SOFT SKILLS IN THE ENGLISH LANGUAGE CLASSROOM, c\u00f3digo:259925KPI371.","author":"Inmaculada Garc\u00eda","date":"22 enero, 2025","format":false,"excerpt":"Se abre plazo para la inscripci\u00f3n en la jornada Dirigido a Profesorado de Ingl\u00e9s Lengua Extranjera y de ANL en ingl\u00e9s de centros docentes sostenidos con fondos p\u00fablicos. Duraci\u00f3n: 10 horas no presenciales. Inscripciones: 22\/01\/2025 hasta 03\/02\/2025 Fecha actividad: 11\/02\/2025 hasta 11\/03\/2025 Lugar: Aula Virtual de Formaci\u00f3n del profesorado. Para\u2026","rel":"","context":"En \u00abFormaciones\u00bb","block_context":{"text":"Formaciones","link":"https:\/\/cepronda.com\/blog\/category\/formaciones\/"},"img":{"alt_text":"","src":"https:\/\/i0.wp.com\/cepronda.com\/blog\/wp-content\/uploads\/2025\/01\/11-de-Febrero.jpg?fit=1080%2C1080&ssl=1&resize=350%2C200","width":350,"height":200,"srcset":"https:\/\/i0.wp.com\/cepronda.com\/blog\/wp-content\/uploads\/2025\/01\/11-de-Febrero.jpg?fit=1080%2C1080&ssl=1&resize=350%2C200 1x, https:\/\/i0.wp.com\/cepronda.com\/blog\/wp-content\/uploads\/2025\/01\/11-de-Febrero.jpg?fit=1080%2C1080&ssl=1&resize=525%2C300 1.5x, https:\/\/i0.wp.com\/cepronda.com\/blog\/wp-content\/uploads\/2025\/01\/11-de-Febrero.jpg?fit=1080%2C1080&ssl=1&resize=700%2C400 2x, https:\/\/i0.wp.com\/cepronda.com\/blog\/wp-content\/uploads\/2025\/01\/11-de-Febrero.jpg?fit=1080%2C1080&ssl=1&resize=1050%2C600 3x"},"classes":[]},{"id":7367,"url":"https:\/\/cepronda.com\/blog\/jornada-de-formacion-trinity-soft-skill-in-the-english-language-classroom\/","url_meta":{"origin":7308,"position":3},"title":"SOFT SKILL IN THE ENGLISH LANGUAGE CLASSROOM","author":"Mamen Moreno","date":"16 enero, 2024","format":false,"excerpt":"Se abre plazo para la inscripci\u00f3n en el curso provincial \u00a0\"JORNADA DE FORMACI\u00d3N TRINITY: SOFT SKILL IN THE ENGLISH LANGUAGE CLASSROOM\"\u00a0c\u00f3digo\u00a0\u00a0249900KPI371 Curso a distancia de 10 horas no presenciales 90 plazas por provincia (CURSO \u00daNICO)\u00a0\u00a0AVFP: PI371 Tutora-Ponente y responsable de la actividad formativa:\u00a0Sally Bolton Dirigido a Profesorado de Ingl\u00e9s Lengua\u2026","rel":"","context":"En \u00abNoticias\u00bb","block_context":{"text":"Noticias","link":"https:\/\/cepronda.com\/blog\/category\/noticias\/"},"img":{"alt_text":"","src":"https:\/\/i0.wp.com\/cepronda.com\/blog\/wp-content\/uploads\/2024\/01\/CURSO-EN-AULA-VIRTUAL.png?fit=1080%2C1080&ssl=1&resize=350%2C200","width":350,"height":200,"srcset":"https:\/\/i0.wp.com\/cepronda.com\/blog\/wp-content\/uploads\/2024\/01\/CURSO-EN-AULA-VIRTUAL.png?fit=1080%2C1080&ssl=1&resize=350%2C200 1x, https:\/\/i0.wp.com\/cepronda.com\/blog\/wp-content\/uploads\/2024\/01\/CURSO-EN-AULA-VIRTUAL.png?fit=1080%2C1080&ssl=1&resize=525%2C300 1.5x, https:\/\/i0.wp.com\/cepronda.com\/blog\/wp-content\/uploads\/2024\/01\/CURSO-EN-AULA-VIRTUAL.png?fit=1080%2C1080&ssl=1&resize=700%2C400 2x, https:\/\/i0.wp.com\/cepronda.com\/blog\/wp-content\/uploads\/2024\/01\/CURSO-EN-AULA-VIRTUAL.png?fit=1080%2C1080&ssl=1&resize=1050%2C600 3x"},"classes":[]},{"id":2621,"url":"https:\/\/cepronda.com\/blog\/2a-convocatoria-de-cursos-de-teleformacion-regional-2018-19\/","url_meta":{"origin":7308,"position":4},"title":"2\u00aa Convocatoria de cursos de Teleformaci\u00f3n Regional 2018-19","author":"V\u00edctor Caballero","date":"30 enero, 2019","format":false,"excerpt":"Dentro\u00a0del\u00a0plan de formaci\u00f3n del profesorado de la Consejer\u00eda de Educaci\u00f3n se ofertan 21 cursos\u00a0en la modalidad de teleformaci\u00f3n. Las condiciones de la oferta son las siguientes: Plazo de inscripci\u00f3n:\u00a0Desde el 1 de febrero\u00a0de 2019\u00a0a las 10:00 horas al 6 de febrero de 2019 a las 14:00h\u00a0Publicaci\u00f3n de listas de admisi\u00f3n\u2026","rel":"","context":"En \u00abFormaciones\u00bb","block_context":{"text":"Formaciones","link":"https:\/\/cepronda.com\/blog\/category\/formaciones\/"},"img":{"alt_text":"","src":"","width":0,"height":0},"classes":[]},{"id":4064,"url":"https:\/\/cepronda.com\/blog\/aplicacion-didactica-de-classroom-y-herramientas-google-inicial\/","url_meta":{"origin":7308,"position":5},"title":"APLICACI\u00d3N DID\u00c1CTICA DE CLASSROOM Y HERRAMIENTAS GOOGLE. INICIAL.","author":"Inmaculada Garc\u00eda","date":"18 diciembre, 2020","format":false,"excerpt":"Hola compa\u00f1eros y compa\u00f1eras, os informamos que se ha abierto el plazo de inscripci\u00f3n en la actividad formativa a distancia APLICACI\u00d3N DID\u00c1CTICA DE CLASSROOM Y HERRAMIENTAS GOOGLE. INICIAL.\u00a0 Esperamos que sea de vuestro inter\u00e9s. ENTRA EN ESTE ENLACE PARA REALIZAR TU INSCRIPCI\u00d3N. \u00a0","rel":"","context":"En \u00abNoticias\u00bb","block_context":{"text":"Noticias","link":"https:\/\/cepronda.com\/blog\/category\/noticias\/"},"img":{"alt_text":"","src":"https:\/\/i0.wp.com\/cepronda.com\/blog\/wp-content\/uploads\/2020\/12\/APLICACION-DIDACTICA-DE-CLASSROOM-Y-HERRAMIENTASDE-GOOGLE.-INICIAL.jpg?fit=848%2C1200&ssl=1&resize=350%2C200","width":350,"height":200,"srcset":"https:\/\/i0.wp.com\/cepronda.com\/blog\/wp-content\/uploads\/2020\/12\/APLICACION-DIDACTICA-DE-CLASSROOM-Y-HERRAMIENTASDE-GOOGLE.-INICIAL.jpg?fit=848%2C1200&ssl=1&resize=350%2C200 1x, https:\/\/i0.wp.com\/cepronda.com\/blog\/wp-content\/uploads\/2020\/12\/APLICACION-DIDACTICA-DE-CLASSROOM-Y-HERRAMIENTASDE-GOOGLE.-INICIAL.jpg?fit=848%2C1200&ssl=1&resize=525%2C300 1.5x, https:\/\/i0.wp.com\/cepronda.com\/blog\/wp-content\/uploads\/2020\/12\/APLICACION-DIDACTICA-DE-CLASSROOM-Y-HERRAMIENTASDE-GOOGLE.-INICIAL.jpg?fit=848%2C1200&ssl=1&resize=700%2C400 2x"},"classes":[]}],"jetpack_sharing_enabled":true,"_links":{"self":[{"href":"https:\/\/cepronda.com\/blog\/wp-json\/wp\/v2\/posts\/7308","targetHints":{"allow":["GET"]}}],"collection":[{"href":"https:\/\/cepronda.com\/blog\/wp-json\/wp\/v2\/posts"}],"about":[{"href":"https:\/\/cepronda.com\/blog\/wp-json\/wp\/v2\/types\/post"}],"author":[{"embeddable":true,"href":"https:\/\/cepronda.com\/blog\/wp-json\/wp\/v2\/users\/13"}],"replies":[{"embeddable":true,"href":"https:\/\/cepronda.com\/blog\/wp-json\/wp\/v2\/comments?post=7308"}],"version-history":[{"count":1,"href":"https:\/\/cepronda.com\/blog\/wp-json\/wp\/v2\/posts\/7308\/revisions"}],"predecessor-version":[{"id":7310,"href":"https:\/\/cepronda.com\/blog\/wp-json\/wp\/v2\/posts\/7308\/revisions\/7310"}],"wp:featuredmedia":[{"embeddable":true,"href":"https:\/\/cepronda.com\/blog\/wp-json\/wp\/v2\/media\/7309"}],"wp:attachment":[{"href":"https:\/\/cepronda.com\/blog\/wp-json\/wp\/v2\/media?parent=7308"}],"wp:term":[{"taxonomy":"category","embeddable":true,"href":"https:\/\/cepronda.com\/blog\/wp-json\/wp\/v2\/categories?post=7308"},{"taxonomy":"post_tag","embeddable":true,"href":"https:\/\/cepronda.com\/blog\/wp-json\/wp\/v2\/tags?post=7308"}],"curies":[{"name":"wp","href":"https:\/\/api.w.org\/{rel}","templated":true}]}}