{"id":7304,"date":"2024-01-09T13:05:49","date_gmt":"2024-01-09T12:05:49","guid":{"rendered":"https:\/\/cepronda.com\/blog\/?p=7304"},"modified":"2025-02-07T11:33:16","modified_gmt":"2025-02-07T10:33:16","slug":"convocado-el-curso-de-formacion-sobre-el-desarrollo-de-la-funcion-directiva","status":"publish","type":"post","link":"https:\/\/cepronda.com\/blog\/convocado-el-curso-de-formacion-sobre-el-desarrollo-de-la-funcion-directiva\/","title":{"rendered":"CONVOCADO EL CURSO DE FORMACI\u00d3N SOBRE EL DESARROLLO DE LA FUNCI\u00d3N DIRECTIVA"},"content":{"rendered":"<p class=\"titulo\">Se ha publicado la Resoluci\u00f3n de 21 de diciembre de 2023, de Direcci\u00f3n General de Tecnolog\u00edas Avanzadas y Transformaci\u00f3n Educativa, por la que se convoca <a href=\"https:\/\/portals.ced.junta-andalucia.es\/educacion\/portals\/web\/inspeccion-educativa\/normativa-d\/-\/contenidos\/detalle\/resolucion-de-21-de-diciembre-de-2023-de-direccion-general-de-tecnologias-avanzadas-y-transformacion-educativa-por-la-1eiy6yjcz6lnb\">curso de formaci\u00f3n sobre el desarrollo de la funci\u00f3n directiva<\/a>, establecido en el art\u00edculo 134.1 de la Ley Org\u00e1nica 2\/2006, de 3 de mayo, de Educaci\u00f3n.<\/p>\n<div class=\"resumen\">\n<ul>\n<li>Plazo de presentaci\u00f3n de solicitudes\u00a0<strong>del 09 al 22 de enero<\/strong>, ambos inclusive.<\/li>\n<\/ul>\n<p>Quienes participen en este procedimiento deber\u00e1n cumplimentar el formulario asociado a la solicitud que se facilitar\u00e1 a trav\u00e9s del portal docente de la Consejer\u00eda con competencia en materia educativa (<a href=\"https:\/\/www.juntadeandalucia.es\/educacion\/portaldocente\/\">https:\/\/www.juntadeandalucia.es\/educacion\/portaldocente\/<\/a>)<\/p>\n<p>Para m\u00e1s informaci\u00f3n visita: <a href=\"https:\/\/portals.ced.junta-andalucia.es\/educacion\/portals\/web\/inspeccion-educativa\/normativa-d\/-\/contenidos\/detalle\/resolucion-de-21-de-diciembre-de-2023-de-direccion-general-de-tecnologias-avanzadas-y-transformacion-educativa-por-la-1eiy6yjcz6lnb\">Publicaci\u00f3n curso de formaci\u00f3n sobre el desarrollo de la funci\u00f3n directiva.\u00a0<\/a><\/p>\n<p><a href=\"https:\/\/portals.ced.junta-andalucia.es\/educacion\/portals\/web\/inspeccion-educativa\/normativa-d\/-\/contenidos\/detalle\/resolucion-de-21-de-diciembre-de-2023-de-direccion-general-de-tecnologias-avanzadas-y-transformacion-educativa-por-la-1eiy6yjcz6lnb\"><img data-recalc-dims=\"1\" loading=\"lazy\" decoding=\"async\" class=\"aligncenter wp-image-7305 size-medium\" src=\"https:\/\/i0.wp.com\/cepronda.com\/blog\/wp-content\/uploads\/2024\/01\/Post-de-Instagram-para-rebajas-y-ofertas-tiendas-azul-y-terracota.png?resize=300%2C300&#038;ssl=1\" alt=\"\" width=\"300\" height=\"300\" srcset=\"https:\/\/i0.wp.com\/cepronda.com\/blog\/wp-content\/uploads\/2024\/01\/Post-de-Instagram-para-rebajas-y-ofertas-tiendas-azul-y-terracota.png?resize=300%2C300&amp;ssl=1 300w, https:\/\/i0.wp.com\/cepronda.com\/blog\/wp-content\/uploads\/2024\/01\/Post-de-Instagram-para-rebajas-y-ofertas-tiendas-azul-y-terracota.png?resize=1024%2C1024&amp;ssl=1 1024w, https:\/\/i0.wp.com\/cepronda.com\/blog\/wp-content\/uploads\/2024\/01\/Post-de-Instagram-para-rebajas-y-ofertas-tiendas-azul-y-terracota.png?resize=150%2C150&amp;ssl=1 150w, https:\/\/i0.wp.com\/cepronda.com\/blog\/wp-content\/uploads\/2024\/01\/Post-de-Instagram-para-rebajas-y-ofertas-tiendas-azul-y-terracota.png?resize=768%2C768&amp;ssl=1 768w, https:\/\/i0.wp.com\/cepronda.com\/blog\/wp-content\/uploads\/2024\/01\/Post-de-Instagram-para-rebajas-y-ofertas-tiendas-azul-y-terracota.png?resize=50%2C50&amp;ssl=1 50w, https:\/\/i0.wp.com\/cepronda.com\/blog\/wp-content\/uploads\/2024\/01\/Post-de-Instagram-para-rebajas-y-ofertas-tiendas-azul-y-terracota.png?w=1080&amp;ssl=1 1080w\" sizes=\"auto, (max-width: 300px) 100vw, 300px\" \/><\/a><\/p>\n<\/div>\n<p>&nbsp;<\/p>\n<p>&nbsp;<\/p>\n<p>&nbsp;<\/p>\n<p>&nbsp;<\/p>\n<p>&nbsp;<\/p>\n","protected":false},"excerpt":{"rendered":"<p>Se ha publicado la Resoluci\u00f3n de 21 de diciembre de 2023, de Direcci\u00f3n General de Tecnolog\u00edas Avanzadas y Transformaci\u00f3n Educativa, por la que se convoca curso de formaci\u00f3n sobre el desarrollo de la funci\u00f3n directiva, establecido en el art\u00edculo 134.1 de la Ley Org\u00e1nica 2\/2006, de 3 de mayo, de Educaci\u00f3n. Plazo de presentaci\u00f3n de [&hellip;]<\/p>\n","protected":false},"author":9,"featured_media":7305,"comment_status":"closed","ping_status":"open","sticky":false,"template":"","format":"standard","meta":{"_crdt_document":"","advanced_seo_description":"","jetpack_seo_html_title":"","jetpack_seo_noindex":false,"jetpack_post_was_ever_published":false,"_jetpack_newsletter_access":"","_jetpack_dont_email_post_to_subs":false,"_jetpack_newsletter_tier_id":0,"_jetpack_memberships_contains_paywalled_content":false,"_jetpack_memberships_contains_paid_content":false,"footnotes":"","jetpack_publicize_message":"","jetpack_publicize_feature_enabled":true,"jetpack_social_post_already_shared":false,"jetpack_social_options":{"image_generator_settings":{"template":"highway","default_image_id":0,"font":"","enabled":false},"version":2}},"categories":[3,5],"tags":[],"class_list":{"0":"post-7304","1":"post","2":"type-post","3":"status-publish","4":"format-standard","5":"has-post-thumbnail","7":"category-formaciones","8":"category-noticias","9":"czr-hentry"},"jetpack_publicize_connections":[],"jetpack_featured_media_url":"https:\/\/i0.wp.com\/cepronda.com\/blog\/wp-content\/uploads\/2024\/01\/Post-de-Instagram-para-rebajas-y-ofertas-tiendas-azul-y-terracota.png?fit=1080%2C1080&ssl=1","jetpack_shortlink":"https:\/\/wp.me\/p8M4X7-1TO","jetpack-related-posts":[{"id":4028,"url":"https:\/\/cepronda.com\/blog\/funcion-directiva-curso-de-formacion\/","url_meta":{"origin":7304,"position":0},"title":"Funci\u00f3n directiva. Curso de formaci\u00f3n.","author":"Maribel Mu\u00f1oz","date":"10 diciembre, 2020","format":false,"excerpt":"Buenos d\u00edas compa\u00f1eras y compa\u00f1eros, Os informamos que est\u00e1 publicada la Resoluci\u00f3n de 30 de noviembre de 2020, de la Direcci\u00f3n General de Formaci\u00f3n del Profesorado e Innovaci\u00f3n Educativa, por la que se convoca curso de formaci\u00f3n sobre el desarrollo de la funci\u00f3n directiva establecido en el art\u00edculo 134.1 de\u2026","rel":"","context":"En \u00abFormaciones\u00bb","block_context":{"text":"Formaciones","link":"https:\/\/cepronda.com\/blog\/category\/formaciones\/"},"img":{"alt_text":"","src":"https:\/\/i0.wp.com\/cepronda.com\/blog\/wp-content\/uploads\/2020\/03\/S%C2%B0mbolo-gen%C3%87rico-RRSS-redondo-negativo.png?fit=1200%2C1200&ssl=1&resize=350%2C200","width":350,"height":200,"srcset":"https:\/\/i0.wp.com\/cepronda.com\/blog\/wp-content\/uploads\/2020\/03\/S%C2%B0mbolo-gen%C3%87rico-RRSS-redondo-negativo.png?fit=1200%2C1200&ssl=1&resize=350%2C200 1x, https:\/\/i0.wp.com\/cepronda.com\/blog\/wp-content\/uploads\/2020\/03\/S%C2%B0mbolo-gen%C3%87rico-RRSS-redondo-negativo.png?fit=1200%2C1200&ssl=1&resize=525%2C300 1.5x, https:\/\/i0.wp.com\/cepronda.com\/blog\/wp-content\/uploads\/2020\/03\/S%C2%B0mbolo-gen%C3%87rico-RRSS-redondo-negativo.png?fit=1200%2C1200&ssl=1&resize=700%2C400 2x, https:\/\/i0.wp.com\/cepronda.com\/blog\/wp-content\/uploads\/2020\/03\/S%C2%B0mbolo-gen%C3%87rico-RRSS-redondo-negativo.png?fit=1200%2C1200&ssl=1&resize=1050%2C600 3x"},"classes":[]},{"id":1571,"url":"https:\/\/cepronda.com\/blog\/convocatoria-del-curso-de-formacion-sobre-el-desarrollo-de-la-funcion-directiva\/","url_meta":{"origin":7304,"position":1},"title":"Convocatoria del curso de formaci\u00f3n sobre el desarrollo de la funci\u00f3n directiva","author":"V\u00edctor Caballero","date":"25 enero, 2018","format":false,"excerpt":"\u00a1Hola!\u00a0 Acaba de salir publicada en BOJA la convocatoria del curso de formaci\u00f3n sobre el desarrollo de la funci\u00f3n directiva establecido en el art\u00edculo 134.1 de la Ley Org\u00e1nica 2\/2006, de 3 de mayo, de educaci\u00f3n. Para acceder a la informaci\u00f3n sobre el curso, plazos y requisitos, s\u00f3lo ten\u00e9is que\u2026","rel":"","context":"En \u00abNoticias\u00bb","block_context":{"text":"Noticias","link":"https:\/\/cepronda.com\/blog\/category\/noticias\/"},"img":{"alt_text":"","src":"https:\/\/i0.wp.com\/cepronda.com\/blog\/wp-content\/uploads\/2017\/05\/logo_ja_ce_mejor.jpg?fit=732%2C600&ssl=1&resize=350%2C200","width":350,"height":200,"srcset":"https:\/\/i0.wp.com\/cepronda.com\/blog\/wp-content\/uploads\/2017\/05\/logo_ja_ce_mejor.jpg?fit=732%2C600&ssl=1&resize=350%2C200 1x, https:\/\/i0.wp.com\/cepronda.com\/blog\/wp-content\/uploads\/2017\/05\/logo_ja_ce_mejor.jpg?fit=732%2C600&ssl=1&resize=525%2C300 1.5x, https:\/\/i0.wp.com\/cepronda.com\/blog\/wp-content\/uploads\/2017\/05\/logo_ja_ce_mejor.jpg?fit=732%2C600&ssl=1&resize=700%2C400 2x"},"classes":[]},{"id":9043,"url":"https:\/\/cepronda.com\/blog\/curso-de-formacion-sobre-el-desarrollo-de-la-funcion-directiva-2025-2026\/","url_meta":{"origin":7304,"position":2},"title":"Curso de Formaci\u00f3n sobre el Desarrollo de la Funci\u00f3n Directiva 2025-2026","author":"Inmaculada Garc\u00eda","date":"13 noviembre, 2025","format":false,"excerpt":"Hoy se ha publicado la convocatoria para el Curso de Formaci\u00f3n sobre el Desarrollo de la Funci\u00f3n Directiva 2025-26. Plazo de presentaci\u00f3n de solicitudes del 14 al 27 de noviembre ambos inclusive a trav\u00e9s de Portal Docente. Pincha aqu\u00ed para acceder al\u00a0ENLACE A LA CONVOCATORIA.","rel":"","context":"En \u00abNoticias\u00bb","block_context":{"text":"Noticias","link":"https:\/\/cepronda.com\/blog\/category\/noticias\/"},"img":{"alt_text":"","src":"https:\/\/i0.wp.com\/cepronda.com\/blog\/wp-content\/uploads\/2025\/11\/direccion.jpg?fit=640%2C900&ssl=1&resize=350%2C200","width":350,"height":200,"srcset":"https:\/\/i0.wp.com\/cepronda.com\/blog\/wp-content\/uploads\/2025\/11\/direccion.jpg?fit=640%2C900&ssl=1&resize=350%2C200 1x, https:\/\/i0.wp.com\/cepronda.com\/blog\/wp-content\/uploads\/2025\/11\/direccion.jpg?fit=640%2C900&ssl=1&resize=525%2C300 1.5x"},"classes":[]},{"id":2466,"url":"https:\/\/cepronda.com\/blog\/curso-de-formacion-sobre-el-desarrollo-de-la-funcion-directiva\/","url_meta":{"origin":7304,"position":3},"title":"Curso de formaci\u00f3n sobre el desarrollo de la funci\u00f3n directiva","author":"V\u00edctor Caballero","date":"26 noviembre, 2018","format":false,"excerpt":"Muy buenas, comenzamos la semana compartiendo con todas y todos vosotros la convocatoria del\u00a0curso de formaci\u00f3n sobre el desarrollo de la funci\u00f3n directiva. Se trata de un curso con modalidad on-line con una duraci\u00f3n de 130 horas y se celebrar\u00e1 entre los meses de enero a mayo de 2019. Podr\u00e1\u2026","rel":"","context":"En \u00abFormaciones\u00bb","block_context":{"text":"Formaciones","link":"https:\/\/cepronda.com\/blog\/category\/formaciones\/"},"img":{"alt_text":"","src":"https:\/\/i0.wp.com\/cepronda.com\/blog\/wp-content\/uploads\/2017\/05\/logo_ja_ce_mejor.jpg?fit=732%2C600&ssl=1&resize=350%2C200","width":350,"height":200,"srcset":"https:\/\/i0.wp.com\/cepronda.com\/blog\/wp-content\/uploads\/2017\/05\/logo_ja_ce_mejor.jpg?fit=732%2C600&ssl=1&resize=350%2C200 1x, https:\/\/i0.wp.com\/cepronda.com\/blog\/wp-content\/uploads\/2017\/05\/logo_ja_ce_mejor.jpg?fit=732%2C600&ssl=1&resize=525%2C300 1.5x, https:\/\/i0.wp.com\/cepronda.com\/blog\/wp-content\/uploads\/2017\/05\/logo_ja_ce_mejor.jpg?fit=732%2C600&ssl=1&resize=700%2C400 2x"},"classes":[]},{"id":242,"url":"https:\/\/cepronda.com\/blog\/normativa-sobre-curso-de-formacion-sobre-el-desarrollo-de-la-funcion-directiva\/","url_meta":{"origin":7304,"position":4},"title":"Normativa sobre curso de formaci\u00f3n sobre el desarrollo de la funci\u00f3n directiva","author":"V\u00edctor Caballero","date":"26 octubre, 2016","format":false,"excerpt":"Atenci\u00f3n a todas aquellas personas que dese\u00e1is obtener la\u00a0certificaci\u00f3n acreditativa de la funci\u00f3n directiva, ya que ha salido publicada la orden que regula este proceso. Si hac\u00e9is clic en la imagen pod\u00e9is acceder a la\u00a0Resoluci\u00f3n de 20 de octubre de 2016, de la Direcci\u00f3n General de Profesorado y Gesti\u00f3n de\u2026","rel":"","context":"En \u00abNoticias\u00bb","block_context":{"text":"Noticias","link":"https:\/\/cepronda.com\/blog\/category\/noticias\/"},"img":{"alt_text":"arrow-945271_640","src":"https:\/\/i0.wp.com\/cepronda.com\/blog\/wp-content\/uploads\/2016\/10\/arrow-945271_640-300x212.png?resize=350%2C200","width":350,"height":200},"classes":[]},{"id":3149,"url":"https:\/\/cepronda.com\/blog\/curso-extraordinario-de-actualizacion-de-competencias-directivas\/","url_meta":{"origin":7304,"position":5},"title":"Curso extraordinario de actualizaci\u00f3n de competencias directivas","author":"V\u00edctor Caballero","date":"18 noviembre, 2019","format":false,"excerpt":"\u00a1Hola de nuevo! El pasado viernes se public\u00f3 una Resoluci\u00f3n, de la Direcci\u00f3n General de Formaci\u00f3n del Profesorado e Innovaci\u00f3n Educativa, por la que se convoca curso extraordinario de actualizaci\u00f3n de competencias directivas sobre el desarrollo de la funci\u00f3n directiva establecido en el art\u00edculo 1 del Real Decreto 894\/2014, de\u2026","rel":"","context":"En \u00abFormaciones\u00bb","block_context":{"text":"Formaciones","link":"https:\/\/cepronda.com\/blog\/category\/formaciones\/"},"img":{"alt_text":"","src":"https:\/\/i0.wp.com\/cepronda.com\/blog\/wp-content\/uploads\/2019\/05\/logo-nuevo.jpg?fit=531%2C342&ssl=1&resize=350%2C200","width":350,"height":200,"srcset":"https:\/\/i0.wp.com\/cepronda.com\/blog\/wp-content\/uploads\/2019\/05\/logo-nuevo.jpg?fit=531%2C342&ssl=1&resize=350%2C200 1x, https:\/\/i0.wp.com\/cepronda.com\/blog\/wp-content\/uploads\/2019\/05\/logo-nuevo.jpg?fit=531%2C342&ssl=1&resize=525%2C300 1.5x"},"classes":[]}],"jetpack_sharing_enabled":true,"_links":{"self":[{"href":"https:\/\/cepronda.com\/blog\/wp-json\/wp\/v2\/posts\/7304","targetHints":{"allow":["GET"]}}],"collection":[{"href":"https:\/\/cepronda.com\/blog\/wp-json\/wp\/v2\/posts"}],"about":[{"href":"https:\/\/cepronda.com\/blog\/wp-json\/wp\/v2\/types\/post"}],"author":[{"embeddable":true,"href":"https:\/\/cepronda.com\/blog\/wp-json\/wp\/v2\/users\/9"}],"replies":[{"embeddable":true,"href":"https:\/\/cepronda.com\/blog\/wp-json\/wp\/v2\/comments?post=7304"}],"version-history":[{"count":1,"href":"https:\/\/cepronda.com\/blog\/wp-json\/wp\/v2\/posts\/7304\/revisions"}],"predecessor-version":[{"id":7306,"href":"https:\/\/cepronda.com\/blog\/wp-json\/wp\/v2\/posts\/7304\/revisions\/7306"}],"wp:featuredmedia":[{"embeddable":true,"href":"https:\/\/cepronda.com\/blog\/wp-json\/wp\/v2\/media\/7305"}],"wp:attachment":[{"href":"https:\/\/cepronda.com\/blog\/wp-json\/wp\/v2\/media?parent=7304"}],"wp:term":[{"taxonomy":"category","embeddable":true,"href":"https:\/\/cepronda.com\/blog\/wp-json\/wp\/v2\/categories?post=7304"},{"taxonomy":"post_tag","embeddable":true,"href":"https:\/\/cepronda.com\/blog\/wp-json\/wp\/v2\/tags?post=7304"}],"curies":[{"name":"wp","href":"https:\/\/api.w.org\/{rel}","templated":true}]}}