{"id":7300,"date":"2024-01-10T13:02:18","date_gmt":"2024-01-10T12:02:18","guid":{"rendered":"https:\/\/cepronda.com\/blog\/?p=7300"},"modified":"2025-04-28T12:00:09","modified_gmt":"2025-04-28T10:00:09","slug":"disena-y-crea-materiales-educativos-para-educacion-infantil-con-canva-y-genially","status":"publish","type":"post","link":"https:\/\/cepronda.com\/blog\/disena-y-crea-materiales-educativos-para-educacion-infantil-con-canva-y-genially\/","title":{"rendered":"DISE\u00d1A Y CREA MATERIALES EDUCATIVOS PARA EDUCACI\u00d3N INFANTIL CON CANVA Y GENIALLY"},"content":{"rendered":"<p>Se encuentra abierto el plazo de inscripci\u00f3n para la formaci\u00f3n\u00a0<strong>\u201c DISE\u00d1A Y CREA MATERIALES EDUCATIVOS PARA EDUCACI\u00d3N INFANTIL CON CANVA Y GENIALLY\u00bb\u00a0 C\u00d3DIGO 242924GE050.<\/strong><\/p>\n<ul>\n<li><strong>Fechas de la actividad:<\/strong> 30\/01\/2024 hasta el 04\/03\/2024<\/li>\n<li><strong>Duraci\u00f3n de la actividad<\/strong><span style=\"font-weight: inherit;\">: 12 horas tutorizadas en el AVFP<\/span><\/li>\n<li><strong>Lugar de realizaci\u00f3n<\/strong><span style=\"font-weight: inherit;\">:\u00a0 Plataforma de videoconferencias AVFP<\/span><\/li>\n<li class=\"xdj266r x11i5rnm xat24cr x1mh8g0r x1vvkbs x126k92a\">\n<div dir=\"auto\"><strong>Fecha inscripci\u00f3n:<\/strong> 10\/01\/2024 hasta 25\/01\/2024<\/p>\n<div dir=\"auto\" style=\"text-align: left;\"><\/div>\n<div dir=\"auto\" style=\"text-align: left;\"><span class=\"x3nfvp2 x1j61x8r x1fcty0u xdj266r xhhsvwb xat24cr xgzva0m xxymvpz xlup9mm x1kky2od\"><img loading=\"lazy\" decoding=\"async\" class=\"xz74otr\" src=\"https:\/\/static.xx.fbcdn.net\/images\/emoji.php\/v9\/tc\/1.5\/16\/1f517.png\" alt=\"\" width=\"16\" height=\"16\" \/><\/span>M\u00e1s informaci\u00f3n e inscripci\u00f3n:<\/div>\n<div dir=\"auto\"><a title=\"https:\/\/www.juntadeandalucia.es\/educacion\/secretariavirtual\/consultaCEP\/actividad\/242924GE048\/\" href=\"https:\/\/www.juntadeandalucia.es\/educacion\/secretariavirtual\/consultaCEP\/actividad\/242924GE050\/\" target=\"_blank\" rel=\"noopener noreferrer\">https:\/\/www.juntadeandalucia.es\/educacion\/secretariavirtual\/consultaCEP\/actividad\/242924GE050\/<\/a><\/div>\n<\/div>\n<div dir=\"auto\"><img data-recalc-dims=\"1\" loading=\"lazy\" decoding=\"async\" class=\"size-medium wp-image-7302 aligncenter\" src=\"https:\/\/i0.wp.com\/cepronda.com\/blog\/wp-content\/uploads\/2024\/01\/DISENA-Y-CREA-MATERIALES-EDUCATIVOS-PARA-EDUCACION-INFANTIL-CON-CANVA-Y-GENIALLY-codigo-242924GE050-2.jpg?resize=300%2C300&#038;ssl=1\" alt=\"\" width=\"300\" height=\"300\" srcset=\"https:\/\/i0.wp.com\/cepronda.com\/blog\/wp-content\/uploads\/2024\/01\/DISENA-Y-CREA-MATERIALES-EDUCATIVOS-PARA-EDUCACION-INFANTIL-CON-CANVA-Y-GENIALLY-codigo-242924GE050-2.jpg?resize=300%2C300&amp;ssl=1 300w, https:\/\/i0.wp.com\/cepronda.com\/blog\/wp-content\/uploads\/2024\/01\/DISENA-Y-CREA-MATERIALES-EDUCATIVOS-PARA-EDUCACION-INFANTIL-CON-CANVA-Y-GENIALLY-codigo-242924GE050-2.jpg?resize=1024%2C1024&amp;ssl=1 1024w, https:\/\/i0.wp.com\/cepronda.com\/blog\/wp-content\/uploads\/2024\/01\/DISENA-Y-CREA-MATERIALES-EDUCATIVOS-PARA-EDUCACION-INFANTIL-CON-CANVA-Y-GENIALLY-codigo-242924GE050-2.jpg?resize=150%2C150&amp;ssl=1 150w, https:\/\/i0.wp.com\/cepronda.com\/blog\/wp-content\/uploads\/2024\/01\/DISENA-Y-CREA-MATERIALES-EDUCATIVOS-PARA-EDUCACION-INFANTIL-CON-CANVA-Y-GENIALLY-codigo-242924GE050-2.jpg?resize=768%2C768&amp;ssl=1 768w, https:\/\/i0.wp.com\/cepronda.com\/blog\/wp-content\/uploads\/2024\/01\/DISENA-Y-CREA-MATERIALES-EDUCATIVOS-PARA-EDUCACION-INFANTIL-CON-CANVA-Y-GENIALLY-codigo-242924GE050-2.jpg?resize=50%2C50&amp;ssl=1 50w, https:\/\/i0.wp.com\/cepronda.com\/blog\/wp-content\/uploads\/2024\/01\/DISENA-Y-CREA-MATERIALES-EDUCATIVOS-PARA-EDUCACION-INFANTIL-CON-CANVA-Y-GENIALLY-codigo-242924GE050-2.jpg?w=1080&amp;ssl=1 1080w\" sizes=\"auto, (max-width: 300px) 100vw, 300px\" \/><\/div>\n<\/li>\n<\/ul>\n","protected":false},"excerpt":{"rendered":"<p>Se encuentra abierto el plazo de inscripci\u00f3n para la formaci\u00f3n\u00a0\u201c DISE\u00d1A Y CREA MATERIALES EDUCATIVOS PARA EDUCACI\u00d3N INFANTIL CON CANVA Y GENIALLY\u00bb\u00a0 C\u00d3DIGO 242924GE050. Fechas de la actividad: 30\/01\/2024 hasta el 04\/03\/2024 Duraci\u00f3n de la actividad: 12 horas tutorizadas en el AVFP Lugar de realizaci\u00f3n:\u00a0 Plataforma de videoconferencias AVFP Fecha inscripci\u00f3n: 10\/01\/2024 hasta 25\/01\/2024 M\u00e1s [&hellip;]<\/p>\n","protected":false},"author":13,"featured_media":7302,"comment_status":"closed","ping_status":"open","sticky":false,"template":"","format":"standard","meta":{"_crdt_document":"","advanced_seo_description":"","jetpack_seo_html_title":"","jetpack_seo_noindex":false,"jetpack_post_was_ever_published":false,"_jetpack_newsletter_access":"","_jetpack_dont_email_post_to_subs":false,"_jetpack_newsletter_tier_id":0,"_jetpack_memberships_contains_paywalled_content":false,"_jetpack_memberships_contains_paid_content":false,"footnotes":"","jetpack_publicize_message":"","jetpack_publicize_feature_enabled":true,"jetpack_social_post_already_shared":false,"jetpack_social_options":{"image_generator_settings":{"template":"highway","default_image_id":0,"font":"","enabled":false},"version":2}},"categories":[3,5],"tags":[],"class_list":{"0":"post-7300","1":"post","2":"type-post","3":"status-publish","4":"format-standard","5":"has-post-thumbnail","7":"category-formaciones","8":"category-noticias","9":"czr-hentry"},"jetpack_publicize_connections":[],"jetpack_featured_media_url":"https:\/\/i0.wp.com\/cepronda.com\/blog\/wp-content\/uploads\/2024\/01\/DISENA-Y-CREA-MATERIALES-EDUCATIVOS-PARA-EDUCACION-INFANTIL-CON-CANVA-Y-GENIALLY-codigo-242924GE050-2.jpg?fit=1080%2C1080&ssl=1","jetpack_shortlink":"https:\/\/wp.me\/p8M4X7-1TK","jetpack-related-posts":[{"id":7712,"url":"https:\/\/cepronda.com\/blog\/convocatoria-regional-de-cursos-avfp-curso-2024-25\/","url_meta":{"origin":7300,"position":0},"title":"CONVOCATORIA REGIONAL DE CURSOS AVFP. CURSO 2024\/25.","author":"Inmaculada Garc\u00eda","date":"19 septiembre, 2024","format":false,"excerpt":"\u00a0 \u00a0 CONVOCATORIA REGIONAL DE CURSOS AVFP \u00a0 Os informamos que se encuentra abierto el plazo de inscripci\u00f3n en la convocatoria de cursos regional. La superaci\u00f3n de estos cursos supone la certificaci\u00f3n de diversos niveles de Competencia Digital Docente. - HERRAMIENTAS DIGITALES APLICADAS A LA DOCENCIA EN LA FORMACI\u00d3N PROFESIONAL,\u2026","rel":"","context":"En \u00abFormaciones\u00bb","block_context":{"text":"Formaciones","link":"https:\/\/cepronda.com\/blog\/category\/formaciones\/"},"img":{"alt_text":"","src":"https:\/\/i0.wp.com\/cepronda.com\/blog\/wp-content\/uploads\/2024\/09\/CURSOS.png?fit=1200%2C1200&ssl=1&resize=350%2C200","width":350,"height":200,"srcset":"https:\/\/i0.wp.com\/cepronda.com\/blog\/wp-content\/uploads\/2024\/09\/CURSOS.png?fit=1200%2C1200&ssl=1&resize=350%2C200 1x, https:\/\/i0.wp.com\/cepronda.com\/blog\/wp-content\/uploads\/2024\/09\/CURSOS.png?fit=1200%2C1200&ssl=1&resize=525%2C300 1.5x, https:\/\/i0.wp.com\/cepronda.com\/blog\/wp-content\/uploads\/2024\/09\/CURSOS.png?fit=1200%2C1200&ssl=1&resize=700%2C400 2x, https:\/\/i0.wp.com\/cepronda.com\/blog\/wp-content\/uploads\/2024\/09\/CURSOS.png?fit=1200%2C1200&ssl=1&resize=1050%2C600 3x"},"classes":[]},{"id":7786,"url":"https:\/\/cepronda.com\/blog\/diseno-y-elaboracion-del-plan-de-lectura-planificada-en-los-centros-educativos-codigo-252923ge602\/","url_meta":{"origin":7300,"position":1},"title":"DISE\u00d1O Y ELABORACI\u00d3N DEL PLAN DE LECTURA PLANIFICADA EN LOS CENTROS EDUCATIVOS, c\u00f3digo 252923GE602.","author":"Inmaculada Garc\u00eda","date":"9 octubre, 2024","format":false,"excerpt":"Abierto el plazo de inscripci\u00f3n para el curso semipresencial provincial: DISE\u00d1O Y ELABORACI\u00d3N DEL PLAN DE LECTURA PLANIFICADA EN LOS CENTROS EDUCATIVOS, con c\u00f3digo 252923GE602, correspondiente a la Fase I del itinerario provincial de apoyo y dinamizaci\u00f3n del plan de lectura. De especial inter\u00e9s para los grupos de trabajo que\u2026","rel":"","context":"En \u00abFormaciones\u00bb","block_context":{"text":"Formaciones","link":"https:\/\/cepronda.com\/blog\/category\/formaciones\/"},"img":{"alt_text":"","src":"https:\/\/i0.wp.com\/cepronda.com\/blog\/wp-content\/uploads\/2024\/10\/unnamed.png?fit=800%2C800&ssl=1&resize=350%2C200","width":350,"height":200,"srcset":"https:\/\/i0.wp.com\/cepronda.com\/blog\/wp-content\/uploads\/2024\/10\/unnamed.png?fit=800%2C800&ssl=1&resize=350%2C200 1x, https:\/\/i0.wp.com\/cepronda.com\/blog\/wp-content\/uploads\/2024\/10\/unnamed.png?fit=800%2C800&ssl=1&resize=525%2C300 1.5x, https:\/\/i0.wp.com\/cepronda.com\/blog\/wp-content\/uploads\/2024\/10\/unnamed.png?fit=800%2C800&ssl=1&resize=700%2C400 2x"},"classes":[]},{"id":7732,"url":"https:\/\/cepronda.com\/blog\/curso-objetos-digitales-educativos-en-las-aavv-moodle-centros-integra-motiva-y-enriquece-tus-clases-con-codigo-252923kpf534\/","url_meta":{"origin":7300,"position":2},"title":"CURSO: OBJETOS DIGITALES EDUCATIVOS EN LAS AAVV MOODLE CENTROS: INTEGRA, MOTIVA Y ENRIQUECE TUS CLASES, con c\u00f3digo 259923KPF534.","author":"Inmaculada Garc\u00eda","date":"20 septiembre, 2024","format":false,"excerpt":"Abierto el plazo de inscripci\u00f3n del curso PROVINCIAL a distancia: OBJETOS DIGITALES EDUCATIVOS EN LAS AAVV MOODLE CENTROS: INTEGRA, MOTIVA Y ENRIQUECE TUS CLASES, con c\u00f3digo 259923KPF534. Curso Provincial a Distancia (AVFP) de 40 horas. Fecha inscripci\u00f3n del 19\/09\/2024 hasta 30\/09\/2024 Fecha actividad del 16\/10\/2024 hasta 16\/12\/2024 \u2795M\u00e1s informaci\u00f3n e\u2026","rel":"","context":"En \u00abFormaciones\u00bb","block_context":{"text":"Formaciones","link":"https:\/\/cepronda.com\/blog\/category\/formaciones\/"},"img":{"alt_text":"","src":"https:\/\/i0.wp.com\/cepronda.com\/blog\/wp-content\/uploads\/2024\/09\/WhatsApp-Image-2024-09-20-at-13.40.28.jpeg?fit=1200%2C675&ssl=1&resize=350%2C200","width":350,"height":200,"srcset":"https:\/\/i0.wp.com\/cepronda.com\/blog\/wp-content\/uploads\/2024\/09\/WhatsApp-Image-2024-09-20-at-13.40.28.jpeg?fit=1200%2C675&ssl=1&resize=350%2C200 1x, https:\/\/i0.wp.com\/cepronda.com\/blog\/wp-content\/uploads\/2024\/09\/WhatsApp-Image-2024-09-20-at-13.40.28.jpeg?fit=1200%2C675&ssl=1&resize=525%2C300 1.5x, https:\/\/i0.wp.com\/cepronda.com\/blog\/wp-content\/uploads\/2024\/09\/WhatsApp-Image-2024-09-20-at-13.40.28.jpeg?fit=1200%2C675&ssl=1&resize=700%2C400 2x, https:\/\/i0.wp.com\/cepronda.com\/blog\/wp-content\/uploads\/2024\/09\/WhatsApp-Image-2024-09-20-at-13.40.28.jpeg?fit=1200%2C675&ssl=1&resize=1050%2C600 3x"},"classes":[]},{"id":7890,"url":"https:\/\/cepronda.com\/blog\/competencias-linguisticas-en-educacion-infantil\/","url_meta":{"origin":7300,"position":3},"title":"COMPETENCIAS LING\u00dc\u00cdSTICAS EN EDUCACI\u00d3N INFANTIL","author":"Mamen Moreno","date":"2 diciembre, 2024","format":false,"excerpt":"Abierto el plazo de solicitudes para el curso: COMPETENCIAS LING\u00dc\u00cdSTICAS EN EDUCACI\u00d3N INFANTIL C\u00f3digo: 252922GE251. Ponente: Mar\u00eda del Mar Qu\u00edrell Curso Semipresencial de 25 horas (2 horas por Webex y 23 horas tareas en el AVFP), dirigido al profesorado de educaci\u00f3n infantil. \u00a0Inscripci\u00f3n: 02\/12\/2024 al 09\/01\/2025. Fecha de actividad: 14\/01\/2025\u2026","rel":"","context":"En \u00abFormaciones\u00bb","block_context":{"text":"Formaciones","link":"https:\/\/cepronda.com\/blog\/category\/formaciones\/"},"img":{"alt_text":"","src":"https:\/\/i0.wp.com\/cepronda.com\/blog\/wp-content\/uploads\/2024\/12\/LA-COEDUCACION-ATERRIZA-EN-EL-AULA-1.jpg?fit=1080%2C1080&ssl=1&resize=350%2C200","width":350,"height":200,"srcset":"https:\/\/i0.wp.com\/cepronda.com\/blog\/wp-content\/uploads\/2024\/12\/LA-COEDUCACION-ATERRIZA-EN-EL-AULA-1.jpg?fit=1080%2C1080&ssl=1&resize=350%2C200 1x, https:\/\/i0.wp.com\/cepronda.com\/blog\/wp-content\/uploads\/2024\/12\/LA-COEDUCACION-ATERRIZA-EN-EL-AULA-1.jpg?fit=1080%2C1080&ssl=1&resize=525%2C300 1.5x, https:\/\/i0.wp.com\/cepronda.com\/blog\/wp-content\/uploads\/2024\/12\/LA-COEDUCACION-ATERRIZA-EN-EL-AULA-1.jpg?fit=1080%2C1080&ssl=1&resize=700%2C400 2x, https:\/\/i0.wp.com\/cepronda.com\/blog\/wp-content\/uploads\/2024\/12\/LA-COEDUCACION-ATERRIZA-EN-EL-AULA-1.jpg?fit=1080%2C1080&ssl=1&resize=1050%2C600 3x"},"classes":[]},{"id":7762,"url":"https:\/\/cepronda.com\/blog\/cuaderno-de-clase-de-seneca-para-la-evaluacion-competencial-online\/","url_meta":{"origin":7300,"position":4},"title":"CUADERNO DE CLASE DE S\u00c9NECA PARA LA EVALUACI\u00d3N COMPETENCIAL (ONLINE)","author":"V\u00edctor Caballero","date":"27 septiembre, 2024","format":false,"excerpt":"Abierto el plazo de inscripciones en la actividad online \"CUADERNO DE CLASE DE S\u00c9NECA PARA LA EVALUACI\u00d3N COMPETENCIAL\"\u00a0 con c\u00f3digo 259924KPF470 Duraci\u00f3n de la actividad: 40 horas no presenciales Fecha de inscripci\u00f3n: 27\/09\/2024 hasta 10\/10\/2024 Fecha de la actividad:\u00a0 11\/10\/2024 hasta 09\/12\/2024 Profesorado destinatario: Internivelar. Lugar de realizaci\u00f3n:\u00a0 AVFP Enlace\u2026","rel":"","context":"En \u00abFormaciones\u00bb","block_context":{"text":"Formaciones","link":"https:\/\/cepronda.com\/blog\/category\/formaciones\/"},"img":{"alt_text":"","src":"https:\/\/i0.wp.com\/cepronda.com\/blog\/wp-content\/uploads\/2024\/09\/259924KPF470_Cartel-Cuaderno-Seneca.png?fit=1080%2C1080&ssl=1&resize=350%2C200","width":350,"height":200,"srcset":"https:\/\/i0.wp.com\/cepronda.com\/blog\/wp-content\/uploads\/2024\/09\/259924KPF470_Cartel-Cuaderno-Seneca.png?fit=1080%2C1080&ssl=1&resize=350%2C200 1x, https:\/\/i0.wp.com\/cepronda.com\/blog\/wp-content\/uploads\/2024\/09\/259924KPF470_Cartel-Cuaderno-Seneca.png?fit=1080%2C1080&ssl=1&resize=525%2C300 1.5x, https:\/\/i0.wp.com\/cepronda.com\/blog\/wp-content\/uploads\/2024\/09\/259924KPF470_Cartel-Cuaderno-Seneca.png?fit=1080%2C1080&ssl=1&resize=700%2C400 2x, https:\/\/i0.wp.com\/cepronda.com\/blog\/wp-content\/uploads\/2024\/09\/259924KPF470_Cartel-Cuaderno-Seneca.png?fit=1080%2C1080&ssl=1&resize=1050%2C600 3x"},"classes":[]},{"id":7350,"url":"https:\/\/cepronda.com\/blog\/formaciones-en-competencia-digital-docente-niveles-a2-0-a-6-anos-b1-y-b2\/","url_meta":{"origin":7300,"position":5},"title":"FORMACIONES EN COMPETENCIA DIGITAL DOCENTE. NIVELES A2 (0 a 6 a\u00f1os), B1 Y B2.","author":"Inmaculada Garc\u00eda","date":"17 enero, 2024","format":false,"excerpt":"Est\u00e1 abierto el plazo de inscripci\u00f3n en los siguientes cursos de Competencia Digital Docente: Nivel A2 de Competencia Digital Docente para Educaci\u00f3n infantil de 0 a 6 a\u00f1os. (50 horas). C\u00f3digo: 242924KPF448\u00a0\u00a0 \u00a0 \u00a0 \u00a0 \u00a0 \u00a0 \u00a0 \u00a0Fecha actividad: 04\/03\/2024 hasta 06\/05\/2024 Fecha inscripci\u00f3n: 15\/01\/2024 hasta 15\/02\/2024. Nivel B1\u2026","rel":"","context":"En \u00abFormaciones\u00bb","block_context":{"text":"Formaciones","link":"https:\/\/cepronda.com\/blog\/category\/formaciones\/"},"img":{"alt_text":"","src":"https:\/\/i0.wp.com\/cepronda.com\/blog\/wp-content\/uploads\/2024\/01\/Cartel-CDD.jpg?fit=1200%2C1200&ssl=1&resize=350%2C200","width":350,"height":200,"srcset":"https:\/\/i0.wp.com\/cepronda.com\/blog\/wp-content\/uploads\/2024\/01\/Cartel-CDD.jpg?fit=1200%2C1200&ssl=1&resize=350%2C200 1x, https:\/\/i0.wp.com\/cepronda.com\/blog\/wp-content\/uploads\/2024\/01\/Cartel-CDD.jpg?fit=1200%2C1200&ssl=1&resize=525%2C300 1.5x, https:\/\/i0.wp.com\/cepronda.com\/blog\/wp-content\/uploads\/2024\/01\/Cartel-CDD.jpg?fit=1200%2C1200&ssl=1&resize=700%2C400 2x, https:\/\/i0.wp.com\/cepronda.com\/blog\/wp-content\/uploads\/2024\/01\/Cartel-CDD.jpg?fit=1200%2C1200&ssl=1&resize=1050%2C600 3x"},"classes":[]}],"jetpack_sharing_enabled":true,"_links":{"self":[{"href":"https:\/\/cepronda.com\/blog\/wp-json\/wp\/v2\/posts\/7300","targetHints":{"allow":["GET"]}}],"collection":[{"href":"https:\/\/cepronda.com\/blog\/wp-json\/wp\/v2\/posts"}],"about":[{"href":"https:\/\/cepronda.com\/blog\/wp-json\/wp\/v2\/types\/post"}],"author":[{"embeddable":true,"href":"https:\/\/cepronda.com\/blog\/wp-json\/wp\/v2\/users\/13"}],"replies":[{"embeddable":true,"href":"https:\/\/cepronda.com\/blog\/wp-json\/wp\/v2\/comments?post=7300"}],"version-history":[{"count":1,"href":"https:\/\/cepronda.com\/blog\/wp-json\/wp\/v2\/posts\/7300\/revisions"}],"predecessor-version":[{"id":7303,"href":"https:\/\/cepronda.com\/blog\/wp-json\/wp\/v2\/posts\/7300\/revisions\/7303"}],"wp:featuredmedia":[{"embeddable":true,"href":"https:\/\/cepronda.com\/blog\/wp-json\/wp\/v2\/media\/7302"}],"wp:attachment":[{"href":"https:\/\/cepronda.com\/blog\/wp-json\/wp\/v2\/media?parent=7300"}],"wp:term":[{"taxonomy":"category","embeddable":true,"href":"https:\/\/cepronda.com\/blog\/wp-json\/wp\/v2\/categories?post=7300"},{"taxonomy":"post_tag","embeddable":true,"href":"https:\/\/cepronda.com\/blog\/wp-json\/wp\/v2\/tags?post=7300"}],"curies":[{"name":"wp","href":"https:\/\/api.w.org\/{rel}","templated":true}]}}