{"id":7293,"date":"2023-12-22T13:55:53","date_gmt":"2023-12-22T12:55:53","guid":{"rendered":"https:\/\/cepronda.com\/blog\/?p=7293"},"modified":"2025-04-28T12:00:09","modified_gmt":"2025-04-28T10:00:09","slug":"programa-de-implantacion-de-la-inteligencia-emocional-en-el-ambito-educativo-sensibilizacion-y-desarrollo","status":"publish","type":"post","link":"https:\/\/cepronda.com\/blog\/programa-de-implantacion-de-la-inteligencia-emocional-en-el-ambito-educativo-sensibilizacion-y-desarrollo\/","title":{"rendered":"PROGRAMA DE IMPLANTACI\u00d3N DE LA INTELIGENCIA EMOCIONAL EN EL \u00c1MBITO EDUCATIVO. SENSIBILIZACI\u00d3N Y DESARROLLO"},"content":{"rendered":"<p>Se encuentra abierto el plazo de inscripci\u00f3n para la formaci\u00f3n <strong>\u201cPROGRAMA DE IMPLANTACI\u00d3N DE LA INTELIGENCIA EMOCIONAL EN EL \u00c1MBITO EDUCATIVO. SENSIBILIZACI\u00d3N Y DESARROLLO.\u00bb C\u00d3DIGO 242924GE048. <\/strong><\/p>\n<p><strong>Ponente:\u00a0 Alberto Ortega<\/strong><\/p>\n<div class=\"xdj266r x11i5rnm xat24cr x1mh8g0r x1vvkbs x126k92a\">\n<div dir=\"auto\">Duraci\u00f3n de la actividad: (Total 27h)<\/div>\n<div dir=\"auto\"><strong>2 horas presenciales en conferencia presencial en el CEP de Ronda<\/strong><\/div>\n<div dir=\"auto\"><strong>13h videoconferencias en el AVFP<\/strong><\/div>\n<div dir=\"auto\"><strong>12 horas de tareas tutorizadas por Alberto Ortega en el AVFP<\/strong><\/div>\n<div dir=\"auto\">(Total 27h)<\/div>\n<div dir=\"auto\"><\/div>\n<div dir=\"auto\">Fecha actividad:<\/div>\n<div dir=\"auto\"><strong>X17 ene (17:00a 19:00) CEP Ronda (Nivel 1) <\/strong><\/div>\n<div dir=\"auto\"><strong>X7 feb (17:00 a 19:30h) videoconf <\/strong><\/div>\n<div dir=\"auto\"><strong>X21 feb (17:00 a 19:30h) videoconf <\/strong><\/div>\n<div dir=\"auto\"><strong>X13 mar (17:00 a 19:30h) videoconf <\/strong><\/div>\n<div dir=\"auto\"><strong>X20 mar (17:00 a 19:30h) videoconf <\/strong><\/div>\n<div dir=\"auto\"><strong>X3\u00a0 abr (17:00 a 19:30h) videoconf<\/strong><\/div>\n<div dir=\"auto\"><\/div>\n<div dir=\"auto\"><strong>Lugar de realizaci\u00f3n<\/strong>:\u00a0 CEP de Ronda y plataforma de videoconferencias AVFP.<\/div>\n<div dir=\"auto\"><\/div>\n<div dir=\"auto\">Fecha inscripci\u00f3n: <strong>21\/12\/2023 hasta 07\/01\/2024<\/strong><\/div>\n<\/div>\n<div class=\"x11i5rnm xat24cr x1mh8g0r x1vvkbs xtlvy1s x126k92a\">\n<div dir=\"auto\"><\/div>\n<\/div>\n<div class=\"x11i5rnm xat24cr x1mh8g0r x1vvkbs xtlvy1s x126k92a\">\n<div dir=\"auto\"><span class=\"x3nfvp2 x1j61x8r x1fcty0u xdj266r xhhsvwb xat24cr xgzva0m xxymvpz xlup9mm x1kky2od\"><img loading=\"lazy\" decoding=\"async\" class=\"xz74otr\" src=\"https:\/\/static.xx.fbcdn.net\/images\/emoji.php\/v9\/tc\/1.5\/16\/1f517.png\" alt=\"\" width=\"16\" height=\"16\" \/><\/span>M\u00e1s informaci\u00f3n e inscripci\u00f3n:<\/div>\n<div dir=\"auto\"><a href=\"https:\/\/www.juntadeandalucia.es\/educacion\/secretariavirtual\/consultaCEP\/actividad\/242924GE048\/\">https:\/\/www.juntadeandalucia.es\/educacion\/secretariavirtual\/consultaCEP\/actividad\/242924GE048\/<\/a><\/div>\n<\/div>\n<div dir=\"auto\"><img data-recalc-dims=\"1\" loading=\"lazy\" decoding=\"async\" class=\"aligncenter wp-image-7290 \" src=\"https:\/\/i0.wp.com\/cepronda.com\/blog\/wp-content\/uploads\/2023\/12\/242924GE048-Cartel-Inteligencia-emocional.png?resize=612%2C612&#038;ssl=1\" alt=\"\" width=\"612\" height=\"612\" srcset=\"https:\/\/i0.wp.com\/cepronda.com\/blog\/wp-content\/uploads\/2023\/12\/242924GE048-Cartel-Inteligencia-emocional.png?w=1080&amp;ssl=1 1080w, https:\/\/i0.wp.com\/cepronda.com\/blog\/wp-content\/uploads\/2023\/12\/242924GE048-Cartel-Inteligencia-emocional.png?resize=300%2C300&amp;ssl=1 300w, https:\/\/i0.wp.com\/cepronda.com\/blog\/wp-content\/uploads\/2023\/12\/242924GE048-Cartel-Inteligencia-emocional.png?resize=1024%2C1024&amp;ssl=1 1024w, https:\/\/i0.wp.com\/cepronda.com\/blog\/wp-content\/uploads\/2023\/12\/242924GE048-Cartel-Inteligencia-emocional.png?resize=150%2C150&amp;ssl=1 150w, https:\/\/i0.wp.com\/cepronda.com\/blog\/wp-content\/uploads\/2023\/12\/242924GE048-Cartel-Inteligencia-emocional.png?resize=768%2C768&amp;ssl=1 768w, https:\/\/i0.wp.com\/cepronda.com\/blog\/wp-content\/uploads\/2023\/12\/242924GE048-Cartel-Inteligencia-emocional.png?resize=50%2C50&amp;ssl=1 50w\" sizes=\"auto, (max-width: 612px) 100vw, 612px\" \/><\/div>\n<div dir=\"auto\"><\/div>\n","protected":false},"excerpt":{"rendered":"<p>Se encuentra abierto el plazo de inscripci\u00f3n para la formaci\u00f3n \u201cPROGRAMA DE IMPLANTACI\u00d3N DE LA INTELIGENCIA EMOCIONAL EN EL \u00c1MBITO EDUCATIVO. SENSIBILIZACI\u00d3N Y DESARROLLO.\u00bb C\u00d3DIGO 242924GE048. Ponente:\u00a0 Alberto Ortega Duraci\u00f3n de la actividad: (Total 27h) 2 horas presenciales en conferencia presencial en el CEP de Ronda 13h videoconferencias en el AVFP 12 horas de tareas [&hellip;]<\/p>\n","protected":false},"author":3,"featured_media":7290,"comment_status":"closed","ping_status":"open","sticky":false,"template":"","format":"standard","meta":{"_crdt_document":"","advanced_seo_description":"","jetpack_seo_html_title":"","jetpack_seo_noindex":false,"jetpack_post_was_ever_published":false,"_jetpack_newsletter_access":"","_jetpack_dont_email_post_to_subs":false,"_jetpack_newsletter_tier_id":0,"_jetpack_memberships_contains_paywalled_content":false,"_jetpack_memberships_contains_paid_content":false,"footnotes":"","jetpack_publicize_message":"","jetpack_publicize_feature_enabled":true,"jetpack_social_post_already_shared":false,"jetpack_social_options":{"image_generator_settings":{"template":"highway","default_image_id":0,"font":"","enabled":false},"version":2}},"categories":[3,5],"tags":[],"class_list":{"0":"post-7293","1":"post","2":"type-post","3":"status-publish","4":"format-standard","5":"has-post-thumbnail","7":"category-formaciones","8":"category-noticias","9":"czr-hentry"},"jetpack_publicize_connections":[],"jetpack_featured_media_url":"https:\/\/i0.wp.com\/cepronda.com\/blog\/wp-content\/uploads\/2023\/12\/242924GE048-Cartel-Inteligencia-emocional.png?fit=1080%2C1080&ssl=1","jetpack_shortlink":"https:\/\/wp.me\/p8M4X7-1TD","jetpack-related-posts":[{"id":7318,"url":"https:\/\/cepronda.com\/blog\/abn-en-primaria-desarrollo-de-la-competencia-matematica-2\/","url_meta":{"origin":7293,"position":0},"title":"ABN EN PRIMARIA: DESARROLLO DE LA COMPETENCIA MATEM\u00c1TICA","author":"V\u00edctor Caballero","date":"11 enero, 2024","format":false,"excerpt":"Se encuentra abierto el plazo de inscripci\u00f3n para la formaci\u00f3n \u201cABN EN PRIMARIA: DESARROLLO DE LA COMPETENCIA MATEM\u00c1TICA\" C\u00d3DIGO 242924GE012 Ponente:\u00a0 Marisa Risue\u00f1o Duraci\u00f3n de la actividad 10 horas presenciales + 3 horas de tareas. Fecha actividad: X31 ene( 17:00 a 19:30h) CEP Ronda X7 feb (17:00 a 19:30h) CEP\u2026","rel":"","context":"En \u00abFormaciones\u00bb","block_context":{"text":"Formaciones","link":"https:\/\/cepronda.com\/blog\/category\/formaciones\/"},"img":{"alt_text":"","src":"https:\/\/i0.wp.com\/cepronda.com\/blog\/wp-content\/uploads\/2024\/01\/CARTEL-ABN-MATEMATICAS-ENERO-2024.png?fit=1080%2C1080&ssl=1&resize=350%2C200","width":350,"height":200,"srcset":"https:\/\/i0.wp.com\/cepronda.com\/blog\/wp-content\/uploads\/2024\/01\/CARTEL-ABN-MATEMATICAS-ENERO-2024.png?fit=1080%2C1080&ssl=1&resize=350%2C200 1x, https:\/\/i0.wp.com\/cepronda.com\/blog\/wp-content\/uploads\/2024\/01\/CARTEL-ABN-MATEMATICAS-ENERO-2024.png?fit=1080%2C1080&ssl=1&resize=525%2C300 1.5x, https:\/\/i0.wp.com\/cepronda.com\/blog\/wp-content\/uploads\/2024\/01\/CARTEL-ABN-MATEMATICAS-ENERO-2024.png?fit=1080%2C1080&ssl=1&resize=700%2C400 2x, https:\/\/i0.wp.com\/cepronda.com\/blog\/wp-content\/uploads\/2024\/01\/CARTEL-ABN-MATEMATICAS-ENERO-2024.png?fit=1080%2C1080&ssl=1&resize=1050%2C600 3x"},"classes":[]},{"id":7321,"url":"https:\/\/cepronda.com\/blog\/abn-en-infantil-y-educacion-especial-desarrollo-de-la-competencia-matematica-2\/","url_meta":{"origin":7293,"position":1},"title":"ABN EN INFANTIL Y EDUCACI\u00d3N ESPECIAL: DESARROLLO DE LA COMPETENCIA MATEM\u00c1TICA","author":"V\u00edctor Caballero","date":"11 enero, 2024","format":false,"excerpt":"Se encuentra abierto el plazo de inscripci\u00f3n para la formaci\u00f3n \u201cABN EN INFANTIL Y EDUCACI\u00d3N ESPECIAL: DESARROLLO DE LA COMPETENCIA MATEM\u00c1TICA\" C\u00d3DIGO 242924GE011 Ponentes:\u00a0 Basi Guijarro y Fabiola Heredia Duraci\u00f3n de la actividad 10 horas presenciales + 3 horas de tareas. Fecha actividad: X31 ene( 17:00 a 19:30h) CEP Ronda\u2026","rel":"","context":"En \u00abFormaciones\u00bb","block_context":{"text":"Formaciones","link":"https:\/\/cepronda.com\/blog\/category\/formaciones\/"},"img":{"alt_text":"","src":"https:\/\/i0.wp.com\/cepronda.com\/blog\/wp-content\/uploads\/2024\/01\/CARTEL-ABN-MATEMATICAS-ENERO-2024.png?fit=1080%2C1080&ssl=1&resize=350%2C200","width":350,"height":200,"srcset":"https:\/\/i0.wp.com\/cepronda.com\/blog\/wp-content\/uploads\/2024\/01\/CARTEL-ABN-MATEMATICAS-ENERO-2024.png?fit=1080%2C1080&ssl=1&resize=350%2C200 1x, https:\/\/i0.wp.com\/cepronda.com\/blog\/wp-content\/uploads\/2024\/01\/CARTEL-ABN-MATEMATICAS-ENERO-2024.png?fit=1080%2C1080&ssl=1&resize=525%2C300 1.5x, https:\/\/i0.wp.com\/cepronda.com\/blog\/wp-content\/uploads\/2024\/01\/CARTEL-ABN-MATEMATICAS-ENERO-2024.png?fit=1080%2C1080&ssl=1&resize=700%2C400 2x, https:\/\/i0.wp.com\/cepronda.com\/blog\/wp-content\/uploads\/2024\/01\/CARTEL-ABN-MATEMATICAS-ENERO-2024.png?fit=1080%2C1080&ssl=1&resize=1050%2C600 3x"},"classes":[]},{"id":7288,"url":"https:\/\/cepronda.com\/blog\/inteligencia-artificial-para-docentes\/","url_meta":{"origin":7293,"position":2},"title":"INTELIGENCIA ARTIFICIAL PARA DOCENTES","author":"V\u00edctor Caballero","date":"22 diciembre, 2023","format":false,"excerpt":"Se encuentra abierto el plazo de inscripci\u00f3n para la formaci\u00f3n \u201cINTELIGENCIA ARTIFICIAL PARA DOCENTES.\" C\u00d3DIGO 242924GE013. Ponente:\u00a0 Vanesa Moreno Duraci\u00f3n de la actividad 10 horas presenciales + 2 horas de tareas. Fecha actividad: J11\/01\/2024 (16:30h a 19:00h) CEP de Ronda J18\/01\/2024 (16:30h a 19:00h) CEP de Ronda J25\/01\/2024 (16:30h a\u2026","rel":"","context":"En \u00abFormaciones\u00bb","block_context":{"text":"Formaciones","link":"https:\/\/cepronda.com\/blog\/category\/formaciones\/"},"img":{"alt_text":"","src":"https:\/\/i0.wp.com\/cepronda.com\/blog\/wp-content\/uploads\/2023\/12\/242924GE013-Cartel-Inteligencia-artificial.png?fit=1080%2C1080&ssl=1&resize=350%2C200","width":350,"height":200,"srcset":"https:\/\/i0.wp.com\/cepronda.com\/blog\/wp-content\/uploads\/2023\/12\/242924GE013-Cartel-Inteligencia-artificial.png?fit=1080%2C1080&ssl=1&resize=350%2C200 1x, https:\/\/i0.wp.com\/cepronda.com\/blog\/wp-content\/uploads\/2023\/12\/242924GE013-Cartel-Inteligencia-artificial.png?fit=1080%2C1080&ssl=1&resize=525%2C300 1.5x, https:\/\/i0.wp.com\/cepronda.com\/blog\/wp-content\/uploads\/2023\/12\/242924GE013-Cartel-Inteligencia-artificial.png?fit=1080%2C1080&ssl=1&resize=700%2C400 2x, https:\/\/i0.wp.com\/cepronda.com\/blog\/wp-content\/uploads\/2023\/12\/242924GE013-Cartel-Inteligencia-artificial.png?fit=1080%2C1080&ssl=1&resize=1050%2C600 3x"},"classes":[]},{"id":9140,"url":"https:\/\/cepronda.com\/blog\/aprendizaje-servicio-desde-el-curriculo-por-competencias-situaciones-de-aprendizaje-basadas-en-el-aps\/","url_meta":{"origin":7293,"position":3},"title":"APRENDIZAJE-SERVICIO DESDE EL CURR\u00cdCULO POR COMPETENCIAS: SITUACIONES DE APRENDIZAJE BASADAS EN EL ApS","author":"V\u00edctor Caballero","date":"15 diciembre, 2025","format":false,"excerpt":"Abierto el plazo de inscripci\u00f3n para el curso con seguimiento\u00a0 \"APRENDIZAJE-SERVICIO DESDE EL CURR\u00cdCULO POR COMPETENCIAS: SITUACIONES DE APRENDIZAJE BASADAS EN EL ApS\" c\u00f3digo 262924GE102 Destinado a docentes de primaria y secundaria de centros p\u00fablicos que quieran iniciarse en el implantaci\u00f3n del Aprendizaje-Servicio con el alumnado mediante un proyecto real\u2026","rel":"","context":"En \u00abFormaciones\u00bb","block_context":{"text":"Formaciones","link":"https:\/\/cepronda.com\/blog\/category\/formaciones\/"},"img":{"alt_text":"","src":"https:\/\/i0.wp.com\/cepronda.com\/blog\/wp-content\/uploads\/2025\/12\/262924GE102_CArtel-Aprendizaje-Servicio.png?fit=848%2C1200&ssl=1&resize=350%2C200","width":350,"height":200,"srcset":"https:\/\/i0.wp.com\/cepronda.com\/blog\/wp-content\/uploads\/2025\/12\/262924GE102_CArtel-Aprendizaje-Servicio.png?fit=848%2C1200&ssl=1&resize=350%2C200 1x, https:\/\/i0.wp.com\/cepronda.com\/blog\/wp-content\/uploads\/2025\/12\/262924GE102_CArtel-Aprendizaje-Servicio.png?fit=848%2C1200&ssl=1&resize=525%2C300 1.5x, https:\/\/i0.wp.com\/cepronda.com\/blog\/wp-content\/uploads\/2025\/12\/262924GE102_CArtel-Aprendizaje-Servicio.png?fit=848%2C1200&ssl=1&resize=700%2C400 2x"},"classes":[]},{"id":4941,"url":"https:\/\/cepronda.com\/blog\/abn-en-primaria-desarrollo-de-la-competencia-matematica\/","url_meta":{"origin":7293,"position":4},"title":"ABN EN PRIMARIA: DESARROLLO DE LA COMPETENCIA MATEM\u00c1TICA","author":"V\u00edctor Caballero","date":"10 enero, 2022","format":false,"excerpt":"Buenas tardes compa\u00f1eros y compa\u00f1eras. Os informamos de la apertura de solicitudes para un curso muy interesante sobre: ABN EN PRIMARIA: DESARROLLO DE LA COMPETENCIA MATEM\u00c1TICA (222924GE044) Curso de 13 h totales 4 sesiones de 2,5 horas presenciales. Y 3 horas no presenciales con tareas SESIONES: M08\/02 (17 a 19:30h)\u2026","rel":"","context":"En \u00abFormaciones\u00bb","block_context":{"text":"Formaciones","link":"https:\/\/cepronda.com\/blog\/category\/formaciones\/"},"img":{"alt_text":"","src":"https:\/\/i0.wp.com\/cepronda.com\/blog\/wp-content\/uploads\/2022\/01\/20220208-Cartel-222924GE044-ABN-Primaria-724x1024.png?resize=350%2C200","width":350,"height":200,"srcset":"https:\/\/i0.wp.com\/cepronda.com\/blog\/wp-content\/uploads\/2022\/01\/20220208-Cartel-222924GE044-ABN-Primaria-724x1024.png?resize=350%2C200 1x, https:\/\/i0.wp.com\/cepronda.com\/blog\/wp-content\/uploads\/2022\/01\/20220208-Cartel-222924GE044-ABN-Primaria-724x1024.png?resize=525%2C300 1.5x, https:\/\/i0.wp.com\/cepronda.com\/blog\/wp-content\/uploads\/2022\/01\/20220208-Cartel-222924GE044-ABN-Primaria-724x1024.png?resize=700%2C400 2x"},"classes":[]},{"id":8063,"url":"https:\/\/cepronda.com\/blog\/8063-2\/","url_meta":{"origin":7293,"position":5},"title":"ACTUALIZACI\u00d3N Y APLICACI\u00d3N EN EL AULA DE LA NUEVA GRAM\u00c1TICA DE LA LENGUA","author":"Maribel Mu\u00f1oz","date":"21 enero, 2025","format":false,"excerpt":"Desde hoy, martes 21 de enero y hasta el d\u00eda 20 febrero, estar\u00e1 abierto el plazo de solicitudes para la actividad ACTUALIZACI\u00d3N Y APLICACI\u00d3N EN EL AULA DE LA NUEVA GRAM\u00c1TICA DE LA LENGUA ESPA\u00d1OLA , c\u00f3digo 252924GE151. \u00a0 INSCRIPCIONES: del 21 de enero al 20 de febrero de 2025,\u2026","rel":"","context":"En \u00abFormaciones\u00bb","block_context":{"text":"Formaciones","link":"https:\/\/cepronda.com\/blog\/category\/formaciones\/"},"img":{"alt_text":"","src":"https:\/\/i0.wp.com\/cepronda.com\/blog\/wp-content\/uploads\/2025\/01\/Nueva-Gramatica-252924GE151.jpg?fit=1080%2C1080&ssl=1&resize=350%2C200","width":350,"height":200,"srcset":"https:\/\/i0.wp.com\/cepronda.com\/blog\/wp-content\/uploads\/2025\/01\/Nueva-Gramatica-252924GE151.jpg?fit=1080%2C1080&ssl=1&resize=350%2C200 1x, https:\/\/i0.wp.com\/cepronda.com\/blog\/wp-content\/uploads\/2025\/01\/Nueva-Gramatica-252924GE151.jpg?fit=1080%2C1080&ssl=1&resize=525%2C300 1.5x, https:\/\/i0.wp.com\/cepronda.com\/blog\/wp-content\/uploads\/2025\/01\/Nueva-Gramatica-252924GE151.jpg?fit=1080%2C1080&ssl=1&resize=700%2C400 2x, https:\/\/i0.wp.com\/cepronda.com\/blog\/wp-content\/uploads\/2025\/01\/Nueva-Gramatica-252924GE151.jpg?fit=1080%2C1080&ssl=1&resize=1050%2C600 3x"},"classes":[]}],"jetpack_sharing_enabled":true,"_links":{"self":[{"href":"https:\/\/cepronda.com\/blog\/wp-json\/wp\/v2\/posts\/7293","targetHints":{"allow":["GET"]}}],"collection":[{"href":"https:\/\/cepronda.com\/blog\/wp-json\/wp\/v2\/posts"}],"about":[{"href":"https:\/\/cepronda.com\/blog\/wp-json\/wp\/v2\/types\/post"}],"author":[{"embeddable":true,"href":"https:\/\/cepronda.com\/blog\/wp-json\/wp\/v2\/users\/3"}],"replies":[{"embeddable":true,"href":"https:\/\/cepronda.com\/blog\/wp-json\/wp\/v2\/comments?post=7293"}],"version-history":[{"count":1,"href":"https:\/\/cepronda.com\/blog\/wp-json\/wp\/v2\/posts\/7293\/revisions"}],"predecessor-version":[{"id":7294,"href":"https:\/\/cepronda.com\/blog\/wp-json\/wp\/v2\/posts\/7293\/revisions\/7294"}],"wp:featuredmedia":[{"embeddable":true,"href":"https:\/\/cepronda.com\/blog\/wp-json\/wp\/v2\/media\/7290"}],"wp:attachment":[{"href":"https:\/\/cepronda.com\/blog\/wp-json\/wp\/v2\/media?parent=7293"}],"wp:term":[{"taxonomy":"category","embeddable":true,"href":"https:\/\/cepronda.com\/blog\/wp-json\/wp\/v2\/categories?post=7293"},{"taxonomy":"post_tag","embeddable":true,"href":"https:\/\/cepronda.com\/blog\/wp-json\/wp\/v2\/tags?post=7293"}],"curies":[{"name":"wp","href":"https:\/\/api.w.org\/{rel}","templated":true}]}}