{"id":7278,"date":"2023-12-14T13:02:46","date_gmt":"2023-12-14T12:02:46","guid":{"rendered":"https:\/\/cepronda.com\/blog\/?p=7278"},"modified":"2025-02-07T11:33:16","modified_gmt":"2025-02-07T10:33:16","slug":"formacion-como-despertar-la-emocion-por-aprender-neurociencia-en-el-aula-242926ge305","status":"publish","type":"post","link":"https:\/\/cepronda.com\/blog\/formacion-como-despertar-la-emocion-por-aprender-neurociencia-en-el-aula-242926ge305\/","title":{"rendered":"FORMACI\u00d3N: COMO DESPERTAR LA EMOCI\u00d3N POR APRENDER: NEUROCIENCIA EN EL AULA (242926GE305)"},"content":{"rendered":"<div class=\"xdj266r x11i5rnm xat24cr x1mh8g0r x1vvkbs x126k92a\"><\/div>\n<div class=\"x11i5rnm xat24cr x1mh8g0r x1vvkbs xtlvy1s x126k92a\">\n<div dir=\"auto\"><span style=\"font-weight: inherit;\">Abierto el plazo de inscripci\u00f3n para el curso provincial, organizado por el CEP de V\u00e9lez-M\u00e1laga: <\/span><strong>COMO DESPERTAR LA EMOCI\u00d3N POR APRENDER: NEUROCIENCIA EN EL AULA (242926GE305)<\/strong><span style=\"font-weight: inherit;\">, que se realizar\u00e1 mediante videoconferencia los d\u00edas 17 y 24 de enero de 2024 con la ganadora de los premios Global Teacher Award , D\u00aa. Lourdes Zoraida Fern\u00e1ndez.<\/span><\/div>\n<\/div>\n<div dir=\"auto\">\n<p><strong>Fecha inscripci\u00f3n<\/strong>: 13\/12\/2023 hasta 11\/01\/2024<br \/>\n<strong>Fecha actividad<\/strong>: 16\/01\/2024 hasta 31\/01\/2024<\/p>\n<p>M\u00e1s informaci\u00f3n e inscripci\u00f3n en el enlace:<br \/>\n<a href=\"https:\/\/www.juntadeandalucia.es\/educacion\/secretariavirtual\/consultaCEP\/actividad\/242926GE305\/\">https:\/\/www.juntadeandalucia.es\/educacion\/secretariavirtual\/consultaCEP\/actividad\/242926GE305\/<\/a><\/p>\n<\/div>\n","protected":false},"excerpt":{"rendered":"<p>Abierto el plazo de inscripci\u00f3n para el curso provincial, organizado por el CEP de V\u00e9lez-M\u00e1laga: COMO DESPERTAR LA EMOCI\u00d3N POR APRENDER: NEUROCIENCIA EN EL AULA (242926GE305), que se realizar\u00e1 mediante videoconferencia los d\u00edas 17 y 24 de enero de 2024 con la ganadora de los premios Global Teacher Award , D\u00aa. Lourdes Zoraida Fern\u00e1ndez. Fecha [&hellip;]<\/p>\n","protected":false},"author":9,"featured_media":7275,"comment_status":"closed","ping_status":"open","sticky":false,"template":"","format":"standard","meta":{"_crdt_document":"","advanced_seo_description":"","jetpack_seo_html_title":"","jetpack_seo_noindex":false,"jetpack_post_was_ever_published":false,"_jetpack_newsletter_access":"","_jetpack_dont_email_post_to_subs":false,"_jetpack_newsletter_tier_id":0,"_jetpack_memberships_contains_paywalled_content":false,"_jetpack_memberships_contains_paid_content":false,"footnotes":"","jetpack_publicize_message":"","jetpack_publicize_feature_enabled":true,"jetpack_social_post_already_shared":false,"jetpack_social_options":{"image_generator_settings":{"template":"highway","default_image_id":0,"font":"","enabled":false},"version":2}},"categories":[3,5],"tags":[],"class_list":{"0":"post-7278","1":"post","2":"type-post","3":"status-publish","4":"format-standard","5":"has-post-thumbnail","7":"category-formaciones","8":"category-noticias","9":"czr-hentry"},"jetpack_publicize_connections":[],"jetpack_featured_media_url":"https:\/\/i0.wp.com\/cepronda.com\/blog\/wp-content\/uploads\/2023\/12\/410041968_1590325178438853_4572903023338398729_n.jpg?fit=1080%2C1080&ssl=1","jetpack_shortlink":"https:\/\/wp.me\/p8M4X7-1To","jetpack-related-posts":[{"id":5693,"url":"https:\/\/cepronda.com\/blog\/como-despertar-la-emocion-por-aprender-la-neurociencia-en-el-aula-codigo-232926ge300\/","url_meta":{"origin":7278,"position":0},"title":"C\u00d3MO DESPERTAR LA EMOCI\u00d3N POR APRENDER: LA NEUROCIENCIA EN EL AULA (c\u00f3digo: 232926GE300)","author":"Inmaculada Garc\u00eda","date":"13 enero, 2023","format":false,"excerpt":"Buenos d\u00edas: \u00a0 Se encuentra abierta la inscripci\u00f3n al curso provincial, organizadas por el CEP de V\u00e9lez-M\u00e1laga: C\u00d3MO DESPERTAR LA EMOCI\u00d3N POR APRENDER: LA NEUROCIENCIA EN EL AULA (c\u00f3digo: 232926GE300) \u00a0 Inscripciones: desde 13\/01\/2023 al 06\/02\/2023 Sesiones ON LINE EN DIRECTO : 15 de FEBRERO de 2023 de 16:30 a\u2026","rel":"","context":"En \u00abFormaciones\u00bb","block_context":{"text":"Formaciones","link":"https:\/\/cepronda.com\/blog\/category\/formaciones\/"},"img":{"alt_text":"","src":"https:\/\/i0.wp.com\/cepronda.com\/blog\/wp-content\/uploads\/2023\/01\/neurocencia.jpg?fit=848%2C1200&ssl=1&resize=350%2C200","width":350,"height":200,"srcset":"https:\/\/i0.wp.com\/cepronda.com\/blog\/wp-content\/uploads\/2023\/01\/neurocencia.jpg?fit=848%2C1200&ssl=1&resize=350%2C200 1x, https:\/\/i0.wp.com\/cepronda.com\/blog\/wp-content\/uploads\/2023\/01\/neurocencia.jpg?fit=848%2C1200&ssl=1&resize=525%2C300 1.5x, https:\/\/i0.wp.com\/cepronda.com\/blog\/wp-content\/uploads\/2023\/01\/neurocencia.jpg?fit=848%2C1200&ssl=1&resize=700%2C400 2x"},"classes":[]},{"id":4686,"url":"https:\/\/cepronda.com\/blog\/como-despertar-la-emocion-por-aprender-la-neurociencia-en-el-aula\/","url_meta":{"origin":7278,"position":1},"title":"C\u00d3MO DESPERTAR LA EMOCI\u00d3N POR APRENDER: LA NEUROCIENCIA EN EL AULA","author":"Maribel Mu\u00f1oz","date":"28 septiembre, 2021","format":false,"excerpt":"Buenas tardes compa\u00f1eras y compa\u00f1eros, Os informamos que est\u00e1 abierto el plazo de inscripci\u00f3n del curso semipresencial (con videoconferencias en directo) de car\u00e1cter provincial y organizado por el CEP de V\u00e9lez-M\u00e1laga: C\u00d3MO DESPERTAR LA EMOCI\u00d3N POR APRENDER: LA NEUROCIENCIA EN EL AULA C\u00f3digo: 222926GE004. Las fechas de la formaci\u00f3n son\u2026","rel":"","context":"En \u00abFormaciones\u00bb","block_context":{"text":"Formaciones","link":"https:\/\/cepronda.com\/blog\/category\/formaciones\/"},"img":{"alt_text":"","src":"https:\/\/i0.wp.com\/cepronda.com\/blog\/wp-content\/uploads\/2021\/09\/WhatsApp-Image-2021-09-28-at-11.38.30-1.jpeg?fit=357%2C505&ssl=1&resize=350%2C200","width":350,"height":200},"classes":[]},{"id":7782,"url":"https:\/\/cepronda.com\/blog\/entrenamiento-de-las-funciones-ejecutivas-en-el-aula-de-educacion-primaria\/","url_meta":{"origin":7278,"position":2},"title":"ENTRENAMIENTO DE LAS FUNCIONES EJECUTIVAS EN EL AULA DE EDUCACI\u00d3N PRIMARIA","author":"Mamen Moreno","date":"9 octubre, 2024","format":false,"excerpt":"Se abre el plazo de inscripci\u00f3n para la actividad ENTRENAMIENTO DE LAS FUNCIONES EJECUTIVAS EN EL AULA DE EDUCACI\u00d3N PRIMARIA\u00a0con c\u00f3digo 252924GE014 , destinado al profesorado de Educaci\u00f3n Primaria, profesorado PT y AL, Orientadores\/as y profesorado de apoyo. Fecha actividad: 30 octubre, 6, 13, 20 y 27 de noviembre de\u2026","rel":"","context":"En \u00abFormaciones\u00bb","block_context":{"text":"Formaciones","link":"https:\/\/cepronda.com\/blog\/category\/formaciones\/"},"img":{"alt_text":"","src":"https:\/\/i0.wp.com\/cepronda.com\/blog\/wp-content\/uploads\/2024\/10\/IMG-20241010-WA0001.jpg?fit=1080%2C1080&ssl=1&resize=350%2C200","width":350,"height":200,"srcset":"https:\/\/i0.wp.com\/cepronda.com\/blog\/wp-content\/uploads\/2024\/10\/IMG-20241010-WA0001.jpg?fit=1080%2C1080&ssl=1&resize=350%2C200 1x, https:\/\/i0.wp.com\/cepronda.com\/blog\/wp-content\/uploads\/2024\/10\/IMG-20241010-WA0001.jpg?fit=1080%2C1080&ssl=1&resize=525%2C300 1.5x, https:\/\/i0.wp.com\/cepronda.com\/blog\/wp-content\/uploads\/2024\/10\/IMG-20241010-WA0001.jpg?fit=1080%2C1080&ssl=1&resize=700%2C400 2x, https:\/\/i0.wp.com\/cepronda.com\/blog\/wp-content\/uploads\/2024\/10\/IMG-20241010-WA0001.jpg?fit=1080%2C1080&ssl=1&resize=1050%2C600 3x"},"classes":[]},{"id":7712,"url":"https:\/\/cepronda.com\/blog\/convocatoria-regional-de-cursos-avfp-curso-2024-25\/","url_meta":{"origin":7278,"position":3},"title":"CONVOCATORIA REGIONAL DE CURSOS AVFP. CURSO 2024\/25.","author":"Inmaculada Garc\u00eda","date":"19 septiembre, 2024","format":false,"excerpt":"\u00a0 \u00a0 CONVOCATORIA REGIONAL DE CURSOS AVFP \u00a0 Os informamos que se encuentra abierto el plazo de inscripci\u00f3n en la convocatoria de cursos regional. La superaci\u00f3n de estos cursos supone la certificaci\u00f3n de diversos niveles de Competencia Digital Docente. - HERRAMIENTAS DIGITALES APLICADAS A LA DOCENCIA EN LA FORMACI\u00d3N PROFESIONAL,\u2026","rel":"","context":"En \u00abFormaciones\u00bb","block_context":{"text":"Formaciones","link":"https:\/\/cepronda.com\/blog\/category\/formaciones\/"},"img":{"alt_text":"","src":"https:\/\/i0.wp.com\/cepronda.com\/blog\/wp-content\/uploads\/2024\/09\/CURSOS.png?fit=1200%2C1200&ssl=1&resize=350%2C200","width":350,"height":200,"srcset":"https:\/\/i0.wp.com\/cepronda.com\/blog\/wp-content\/uploads\/2024\/09\/CURSOS.png?fit=1200%2C1200&ssl=1&resize=350%2C200 1x, https:\/\/i0.wp.com\/cepronda.com\/blog\/wp-content\/uploads\/2024\/09\/CURSOS.png?fit=1200%2C1200&ssl=1&resize=525%2C300 1.5x, https:\/\/i0.wp.com\/cepronda.com\/blog\/wp-content\/uploads\/2024\/09\/CURSOS.png?fit=1200%2C1200&ssl=1&resize=700%2C400 2x, https:\/\/i0.wp.com\/cepronda.com\/blog\/wp-content\/uploads\/2024\/09\/CURSOS.png?fit=1200%2C1200&ssl=1&resize=1050%2C600 3x"},"classes":[]},{"id":8397,"url":"https:\/\/cepronda.com\/blog\/la-neurociencia-como-elemento-para-el-desarrollo-del-aprendizaje\/","url_meta":{"origin":7278,"position":4},"title":"LA NEUROCIENCIA COMO ELEMENTO PARA EL DESARROLLO DEL APRENDIZAJE","author":"Mamen Moreno","date":"24 marzo, 2025","format":false,"excerpt":"Abierto el plazo de inscripci\u00f3n para el curso provincial semipresencial online organizado por el CEP de V\u00e9lez-M\u00e1laga, dirigido a todo el profesorado: LA NEUROCIENCIA COMO ELEMENTO PARA EL DESARROLLO DEL APRENDIZAJE con c\u00f3digo 252926GE304. Lugar: AULA VIRTUAL DE FORMACI\u00d3N DEL PROFESORADO (AVFP) Plazo de inscripci\u00f3n: hasta el 31 de marzo\u2026","rel":"","context":"En \u00abFormaciones\u00bb","block_context":{"text":"Formaciones","link":"https:\/\/cepronda.com\/blog\/category\/formaciones\/"},"img":{"alt_text":"","src":"https:\/\/i0.wp.com\/cepronda.com\/blog\/wp-content\/uploads\/2025\/03\/neurociencia_cartel.jpeg?fit=848%2C1200&ssl=1&resize=350%2C200","width":350,"height":200,"srcset":"https:\/\/i0.wp.com\/cepronda.com\/blog\/wp-content\/uploads\/2025\/03\/neurociencia_cartel.jpeg?fit=848%2C1200&ssl=1&resize=350%2C200 1x, https:\/\/i0.wp.com\/cepronda.com\/blog\/wp-content\/uploads\/2025\/03\/neurociencia_cartel.jpeg?fit=848%2C1200&ssl=1&resize=525%2C300 1.5x, https:\/\/i0.wp.com\/cepronda.com\/blog\/wp-content\/uploads\/2025\/03\/neurociencia_cartel.jpeg?fit=848%2C1200&ssl=1&resize=700%2C400 2x"},"classes":[]},{"id":7519,"url":"https:\/\/cepronda.com\/blog\/comunicacion-y-trabajo-en-equipo-lo-implementamos-en-el-aula-de-fp-24403ge056\/","url_meta":{"origin":7278,"position":5},"title":"\u00abCOMUNICACI\u00d3N Y TRABAJO EN EQUIPO: LO IMPLEMENTAMOS EN EL AULA DE FP\u00bb (24403GE056)","author":"Inmaculada Garc\u00eda","date":"18 marzo, 2024","format":false,"excerpt":"Se encuentra abierto el plazo de inscripci\u00f3n de la actividad regional \"COMUNICACI\u00d3N Y TRABAJO EN EQUIPO: LO IMPLEMENTAMOS EN EL AULA DE FP\", dirigida al profesorado de Formaci\u00f3n Profesional. T\u00edtulo:\u00a0COMUNICACI\u00d3N Y TRABAJO EN EQUIPO: LO IMPLEMENTAMOS EN EL AULA DE FP C\u00f3digo:\u00a024403GE056 Modalidad:\u00a0Curso a Distancia \u00c1mbito:\u00a0Regional Lugar de realizaci\u00f3n:\u00a0AVFP Fecha\u2026","rel":"","context":"En \u00abFormaciones\u00bb","block_context":{"text":"Formaciones","link":"https:\/\/cepronda.com\/blog\/category\/formaciones\/"},"img":{"alt_text":"","src":"https:\/\/i0.wp.com\/cepronda.com\/blog\/wp-content\/uploads\/2024\/03\/ComunicaciA%C6%92AEA%E2%80%A0aE%E2%84%A2A%C6%92aEsA%E2%80%9AA%C2%B3n-y-trabajo-en-equipo-1.png?fit=1080%2C1080&ssl=1&resize=350%2C200","width":350,"height":200,"srcset":"https:\/\/i0.wp.com\/cepronda.com\/blog\/wp-content\/uploads\/2024\/03\/ComunicaciA%C6%92AEA%E2%80%A0aE%E2%84%A2A%C6%92aEsA%E2%80%9AA%C2%B3n-y-trabajo-en-equipo-1.png?fit=1080%2C1080&ssl=1&resize=350%2C200 1x, https:\/\/i0.wp.com\/cepronda.com\/blog\/wp-content\/uploads\/2024\/03\/ComunicaciA%C6%92AEA%E2%80%A0aE%E2%84%A2A%C6%92aEsA%E2%80%9AA%C2%B3n-y-trabajo-en-equipo-1.png?fit=1080%2C1080&ssl=1&resize=525%2C300 1.5x, https:\/\/i0.wp.com\/cepronda.com\/blog\/wp-content\/uploads\/2024\/03\/ComunicaciA%C6%92AEA%E2%80%A0aE%E2%84%A2A%C6%92aEsA%E2%80%9AA%C2%B3n-y-trabajo-en-equipo-1.png?fit=1080%2C1080&ssl=1&resize=700%2C400 2x, https:\/\/i0.wp.com\/cepronda.com\/blog\/wp-content\/uploads\/2024\/03\/ComunicaciA%C6%92AEA%E2%80%A0aE%E2%84%A2A%C6%92aEsA%E2%80%9AA%C2%B3n-y-trabajo-en-equipo-1.png?fit=1080%2C1080&ssl=1&resize=1050%2C600 3x"},"classes":[]}],"jetpack_sharing_enabled":true,"_links":{"self":[{"href":"https:\/\/cepronda.com\/blog\/wp-json\/wp\/v2\/posts\/7278","targetHints":{"allow":["GET"]}}],"collection":[{"href":"https:\/\/cepronda.com\/blog\/wp-json\/wp\/v2\/posts"}],"about":[{"href":"https:\/\/cepronda.com\/blog\/wp-json\/wp\/v2\/types\/post"}],"author":[{"embeddable":true,"href":"https:\/\/cepronda.com\/blog\/wp-json\/wp\/v2\/users\/9"}],"replies":[{"embeddable":true,"href":"https:\/\/cepronda.com\/blog\/wp-json\/wp\/v2\/comments?post=7278"}],"version-history":[{"count":2,"href":"https:\/\/cepronda.com\/blog\/wp-json\/wp\/v2\/posts\/7278\/revisions"}],"predecessor-version":[{"id":7281,"href":"https:\/\/cepronda.com\/blog\/wp-json\/wp\/v2\/posts\/7278\/revisions\/7281"}],"wp:featuredmedia":[{"embeddable":true,"href":"https:\/\/cepronda.com\/blog\/wp-json\/wp\/v2\/media\/7275"}],"wp:attachment":[{"href":"https:\/\/cepronda.com\/blog\/wp-json\/wp\/v2\/media?parent=7278"}],"wp:term":[{"taxonomy":"category","embeddable":true,"href":"https:\/\/cepronda.com\/blog\/wp-json\/wp\/v2\/categories?post=7278"},{"taxonomy":"post_tag","embeddable":true,"href":"https:\/\/cepronda.com\/blog\/wp-json\/wp\/v2\/tags?post=7278"}],"curies":[{"name":"wp","href":"https:\/\/api.w.org\/{rel}","templated":true}]}}