{"id":7273,"date":"2023-12-14T12:15:24","date_gmt":"2023-12-14T11:15:24","guid":{"rendered":"https:\/\/cepronda.com\/blog\/?p=7273"},"modified":"2023-12-14T12:15:24","modified_gmt":"2023-12-14T11:15:24","slug":"formacion-introduccion-de-nuevos-estilos-musicales-en-conservatorios-de-musica-244127are006","status":"publish","type":"post","link":"https:\/\/cepronda.com\/blog\/formacion-introduccion-de-nuevos-estilos-musicales-en-conservatorios-de-musica-244127are006\/","title":{"rendered":"FORMACI\u00d3N: INTRODUCCI\u00d3N DE NUEVOS ESTILOS MUSICALES EN CONSERVATORIOS DE M\u00daSICA (244127ARE006)"},"content":{"rendered":"<div class=\"xdj266r x11i5rnm xat24cr x1mh8g0r x1vvkbs x126k92a\"><span style=\"font-weight: inherit;\">Abierto el plazo de inscripci\u00f3n del curso a distancia, de car\u00e1cter regional, de 30 horas: <strong>INTRODUCCI\u00d3N DE NUEVOS ESTILOS MUSICALES EN CONSERVATORIOS DE M\u00daSICA (244127ARE006)<\/strong><\/span><\/div>\n<div dir=\"auto\">\n<div class=\"\" data-block=\"true\" data-editor=\"e77h\" data-offset-key=\"5krfp-0-0\">\n<div class=\"_1mf _1mj\" data-offset-key=\"5krfp-0-0\"><span data-offset-key=\"5krfp-0-0\">\u00a0<\/span><\/div>\n<\/div>\n<div class=\"\" data-block=\"true\" data-editor=\"e77h\" data-offset-key=\"b6j7f-0-0\">\n<div class=\"_1mf _1mj\" data-offset-key=\"b6j7f-0-0\"><span data-offset-key=\"b6j7f-0-0\">\u27a1\ufe0fDirigida al PROFESORADO DE M\u00daSICA Y AAEE<\/span><\/div>\n<\/div>\n<div class=\"\" data-block=\"true\" data-editor=\"e77h\" data-offset-key=\"8qgns-0-0\">\n<div class=\"_1mf _1mj\" data-offset-key=\"8qgns-0-0\"><span data-offset-key=\"8qgns-0-0\">Fecha inscripci\u00f3n: 11\/12\/2023 hasta 21\/12\/2023<\/span><\/div>\n<\/div>\n<div class=\"\" data-block=\"true\" data-editor=\"e77h\" data-offset-key=\"alseu-0-0\">\n<div class=\"_1mf _1mj\" data-offset-key=\"alseu-0-0\"><span data-offset-key=\"alseu-0-0\">Fecha actividad: 15\/01\/2024 hasta 15\/03\/2024<\/span><\/div>\n<\/div>\n<div class=\"\" data-block=\"true\" data-editor=\"e77h\" data-offset-key=\"8pmch-0-0\">\n<div class=\"_1mf _1mj\" data-offset-key=\"8pmch-0-0\"><span data-offset-key=\"8pmch-0-0\">\u00a0<\/span><\/div>\n<\/div>\n<div class=\"\" data-block=\"true\" data-editor=\"e77h\" data-offset-key=\"3ssjo-0-0\">\n<div class=\"_1mf _1mj\" data-offset-key=\"3ssjo-0-0\"><span data-offset-key=\"3ssjo-0-0\">ENLACE A DETALLE E INSCRIPCI\u00d3N: <a href=\"https:\/\/www.juntadeandalucia.es\/educacion\/secretariavirtual\/consultaCEP\/actividad\/244127ARE006\/\">https:\/\/www.juntadeandalucia.es\/educacion\/secretariavirtual\/consultaCEP\/actividad\/244127ARE006\/<\/a><\/span><\/div>\n<\/div>\n<\/div>\n","protected":false},"excerpt":{"rendered":"<p>Abierto el plazo de inscripci\u00f3n del curso a distancia, de car\u00e1cter regional, de 30 horas: INTRODUCCI\u00d3N DE NUEVOS ESTILOS MUSICALES EN CONSERVATORIOS DE M\u00daSICA (244127ARE006) \u00a0 \u27a1\ufe0fDirigida al PROFESORADO DE M\u00daSICA Y AAEE Fecha inscripci\u00f3n: 11\/12\/2023 hasta 21\/12\/2023 Fecha actividad: 15\/01\/2024 hasta 15\/03\/2024 \u00a0 ENLACE A DETALLE E INSCRIPCI\u00d3N: https:\/\/www.juntadeandalucia.es\/educacion\/secretariavirtual\/consultaCEP\/actividad\/244127ARE006\/<\/p>\n","protected":false},"author":9,"featured_media":7276,"comment_status":"closed","ping_status":"open","sticky":false,"template":"","format":"standard","meta":{"_crdt_document":"","advanced_seo_description":"","jetpack_seo_html_title":"","jetpack_seo_noindex":false,"jetpack_post_was_ever_published":false,"_jetpack_newsletter_access":"","_jetpack_dont_email_post_to_subs":false,"_jetpack_newsletter_tier_id":0,"_jetpack_memberships_contains_paywalled_content":false,"_jetpack_memberships_contains_paid_content":false,"footnotes":"","jetpack_publicize_message":"","jetpack_publicize_feature_enabled":true,"jetpack_social_post_already_shared":false,"jetpack_social_options":{"image_generator_settings":{"template":"highway","default_image_id":0,"font":"","enabled":false},"version":2}},"categories":[3,5],"tags":[],"class_list":{"0":"post-7273","1":"post","2":"type-post","3":"status-publish","4":"format-standard","5":"has-post-thumbnail","7":"category-formaciones","8":"category-noticias","9":"czr-hentry"},"jetpack_publicize_connections":[],"jetpack_featured_media_url":"https:\/\/i0.wp.com\/cepronda.com\/blog\/wp-content\/uploads\/2023\/12\/410252269_2036421390074773_5177096932936590258_n.jpg?fit=1080%2C1080&ssl=1","jetpack_shortlink":"https:\/\/wp.me\/p8M4X7-1Tj","jetpack-related-posts":[{"id":5610,"url":"https:\/\/cepronda.com\/blog\/plataforma-iseneca-ipasen-ensenanzas-artisticas-de-musica-cuaderno-de-clase\/","url_meta":{"origin":7273,"position":0},"title":"PLATAFORMA ISENECA\/IPASEN ENSE\u00d1ANZAS ART\u00cdSTICAS DE M\u00daSICA. CUADERNO DE CLASE.","author":"Maribel Mu\u00f1oz","date":"11 noviembre, 2022","format":false,"excerpt":"Buenas tardes compa\u00f1eras y compa\u00f1eros, Os\u00a0 informamos que est\u00e1 abierto el plazo de inscripci\u00f3n en el curso provincial\u00a0 PLATAFORMA ISENECA\/IPASEN ENSE\u00d1ANZAS ART\u00cdSTICAS DE M\u00daSICA. CUADERNO DE CLASE con c\u00f3digo 232924GE031. Fechas de inscripci\u00f3n : del 11\/11\/2022 al 25\/11\/2022 Fecha de inicio: 1\/12\/2022 Fecha finalizaci\u00f3n: 23\/01\/2023 Horas: 15\u00a0 ( 8h de\u2026","rel":"","context":"En \u00abFormaciones\u00bb","block_context":{"text":"Formaciones","link":"https:\/\/cepronda.com\/blog\/category\/formaciones\/"},"img":{"alt_text":"","src":"https:\/\/i0.wp.com\/cepronda.com\/blog\/wp-content\/uploads\/2022\/11\/WhatsApp-Image-2022-11-10-at-17.04.44.jpeg?fit=848%2C1200&ssl=1&resize=350%2C200","width":350,"height":200,"srcset":"https:\/\/i0.wp.com\/cepronda.com\/blog\/wp-content\/uploads\/2022\/11\/WhatsApp-Image-2022-11-10-at-17.04.44.jpeg?fit=848%2C1200&ssl=1&resize=350%2C200 1x, https:\/\/i0.wp.com\/cepronda.com\/blog\/wp-content\/uploads\/2022\/11\/WhatsApp-Image-2022-11-10-at-17.04.44.jpeg?fit=848%2C1200&ssl=1&resize=525%2C300 1.5x, https:\/\/i0.wp.com\/cepronda.com\/blog\/wp-content\/uploads\/2022\/11\/WhatsApp-Image-2022-11-10-at-17.04.44.jpeg?fit=848%2C1200&ssl=1&resize=700%2C400 2x"},"classes":[]},{"id":8266,"url":"https:\/\/cepronda.com\/blog\/kit-de-herramientas-digitales-para-conservatorios-especialidades-instrumentales-y-de-conjunto-con-codigo-259911kpf535\/","url_meta":{"origin":7273,"position":1},"title":"KIT DE HERRAMIENTAS DIGITALES PARA CONSERVATORIOS","author":"Inmaculada Garc\u00eda","date":"5 marzo, 2025","format":false,"excerpt":"Abierto el plazo de inscripci\u00f3n en el curso regional: KIT DE HERRAMIENTAS DIGITALES PARA CONSERVATORIOS: ESPECIALIDADES INSTRUMENTALES Y DE CONJUNTO, con c\u00f3digo: 259911KPF535. \u00a0 Curso a Distancia con certificaci\u00f3n de 50 horas de formaci\u00f3n. N\u00ba de plazas: 250. \u00a0 Fecha inscripci\u00f3n: 26\/02\/2025 hasta 10\/03\/2025. Fecha actividad: 17\/03\/2025 hasta 18\/04\/2025 Dirigido\u2026","rel":"","context":"En \u00abFormaciones\u00bb","block_context":{"text":"Formaciones","link":"https:\/\/cepronda.com\/blog\/category\/formaciones\/"},"img":{"alt_text":"","src":"https:\/\/i0.wp.com\/cepronda.com\/blog\/wp-content\/uploads\/2025\/03\/Titulo-1.jpg?fit=960%2C1200&ssl=1&resize=350%2C200","width":350,"height":200,"srcset":"https:\/\/i0.wp.com\/cepronda.com\/blog\/wp-content\/uploads\/2025\/03\/Titulo-1.jpg?fit=960%2C1200&ssl=1&resize=350%2C200 1x, https:\/\/i0.wp.com\/cepronda.com\/blog\/wp-content\/uploads\/2025\/03\/Titulo-1.jpg?fit=960%2C1200&ssl=1&resize=525%2C300 1.5x, https:\/\/i0.wp.com\/cepronda.com\/blog\/wp-content\/uploads\/2025\/03\/Titulo-1.jpg?fit=960%2C1200&ssl=1&resize=700%2C400 2x"},"classes":[]},{"id":7845,"url":"https:\/\/cepronda.com\/blog\/kit-de-herramientas-digitales-para-conservatorios-especialidades-instrumentales-y-de-conjunto\/","url_meta":{"origin":7273,"position":2},"title":"KIT\u00a0DE\u00a0HERRAMIENTAS\u00a0DIGITALES\u00a0PARA\u00a0CONSERVATORIOS: ESPECIALIDADES\u00a0INSTRUMENTALES\u00a0Y\u00a0DE\u00a0CONJUNTO","author":"Mamen Moreno","date":"6 noviembre, 2024","format":false,"excerpt":"Se abre el plazo de inscripci\u00f3n para el curso regional: KIT DE HERRAMIENTAS DIGITALES PARA CONSERVATORIOS: ESPECIALIDADES INSTRUMENTALES Y DE CONJUNTO. Con c\u00f3digo 25992KPF535 \u00a0Inscripci\u00f3n: \u00a004\/11\/2024 hasta el 10\/11\/2024 \u00a0Actividad: 18\/11\/2024 - 20\/12\/2024 Duraci\u00f3n:\u00a0 50 horas \u00a0M\u00e1s informaci\u00f3n:\u00a0https:\/\/www.juntadeandalucia.es\/educacion\/secretariavirtual\/consultaCEP\/actividad\/259922KPF535\/","rel":"","context":"En \u00abFormaciones\u00bb","block_context":{"text":"Formaciones","link":"https:\/\/cepronda.com\/blog\/category\/formaciones\/"},"img":{"alt_text":"","src":"https:\/\/i0.wp.com\/cepronda.com\/blog\/wp-content\/uploads\/2024\/11\/curso-1-scaled.jpg?fit=1200%2C675&ssl=1&resize=350%2C200","width":350,"height":200,"srcset":"https:\/\/i0.wp.com\/cepronda.com\/blog\/wp-content\/uploads\/2024\/11\/curso-1-scaled.jpg?fit=1200%2C675&ssl=1&resize=350%2C200 1x, https:\/\/i0.wp.com\/cepronda.com\/blog\/wp-content\/uploads\/2024\/11\/curso-1-scaled.jpg?fit=1200%2C675&ssl=1&resize=525%2C300 1.5x, https:\/\/i0.wp.com\/cepronda.com\/blog\/wp-content\/uploads\/2024\/11\/curso-1-scaled.jpg?fit=1200%2C675&ssl=1&resize=700%2C400 2x, https:\/\/i0.wp.com\/cepronda.com\/blog\/wp-content\/uploads\/2024\/11\/curso-1-scaled.jpg?fit=1200%2C675&ssl=1&resize=1050%2C600 3x"},"classes":[]},{"id":8845,"url":"https:\/\/cepronda.com\/blog\/musica-y-movimiento-para-are-con-codigo-262922ge010\/","url_meta":{"origin":7273,"position":3},"title":"M\u00daSICA Y MOVIMIENTO PARA ARE, con c\u00f3digo 262922GE010.","author":"Inmaculada Garc\u00eda","date":"26 septiembre, 2025","format":false,"excerpt":"Se abre el plazo de inscripci\u00f3n para la actividad formativa provincial \"M\u00daSICA Y MOVIMIENTO PARA ARE\", con c\u00f3digo 262922GE010, que se desarrollar\u00e1, en el CPM MANUEL CARRA, con un aprovechamiento de 15 horas. \u270f\ufe0f Inscripci\u00f3n: 25\/09\/2025 a 13\/10\/2025 Actividad: 24\/10\/2025 - 07\/11\/2025 \u27a1\ufe0f Duraci\u00f3n: 5 sesiones M\u00e1s informaci\u00f3n: https:\/\/www.juntadeandalucia.es\/educacion\/secretariavirtual\/consultaCEP\/actividad\/262922GE010\/","rel":"","context":"En \u00abFormaciones\u00bb","block_context":{"text":"Formaciones","link":"https:\/\/cepronda.com\/blog\/category\/formaciones\/"},"img":{"alt_text":"","src":"https:\/\/i0.wp.com\/cepronda.com\/blog\/wp-content\/uploads\/2025\/09\/musica-y-movimiento.jpg?fit=1080%2C1080&ssl=1&resize=350%2C200","width":350,"height":200,"srcset":"https:\/\/i0.wp.com\/cepronda.com\/blog\/wp-content\/uploads\/2025\/09\/musica-y-movimiento.jpg?fit=1080%2C1080&ssl=1&resize=350%2C200 1x, https:\/\/i0.wp.com\/cepronda.com\/blog\/wp-content\/uploads\/2025\/09\/musica-y-movimiento.jpg?fit=1080%2C1080&ssl=1&resize=525%2C300 1.5x, https:\/\/i0.wp.com\/cepronda.com\/blog\/wp-content\/uploads\/2025\/09\/musica-y-movimiento.jpg?fit=1080%2C1080&ssl=1&resize=700%2C400 2x, https:\/\/i0.wp.com\/cepronda.com\/blog\/wp-content\/uploads\/2025\/09\/musica-y-movimiento.jpg?fit=1080%2C1080&ssl=1&resize=1050%2C600 3x"},"classes":[]},{"id":7488,"url":"https:\/\/cepronda.com\/blog\/7488-2\/","url_meta":{"origin":7273,"position":4},"title":"XXIV JORNADAS REGIONALES DE DIRECTORAS Y DIRECTORES DE INSTITUTO: COMPETENCIAS DE LA DIRECCI\u00d3N VS LIDERAZGO","author":"Mamen Moreno","date":"23 febrero, 2024","format":false,"excerpt":"Se encuentra abierto el plazo de inscripci\u00f3n para la actividad formativa regional: XXIV JORNADAS REGIONALES DE DIRECTORAS Y DIRECTORES DE INSTITUTO: COMPETENCIAS DE LA DIRECCI\u00d3N VS LIDERAZGO. C\u00f3digo: 24401GE070 \u00c1mbito: Regional. Organiza: CEP de Almer\u00eda. N\u00ba Horas: 12 horas. Dirigida a: Directoras y directores de centros educativos p\u00fablicos de Educaci\u00f3n\u2026","rel":"","context":"En \u00abFormaciones\u00bb","block_context":{"text":"Formaciones","link":"https:\/\/cepronda.com\/blog\/category\/formaciones\/"},"img":{"alt_text":"","src":"https:\/\/i0.wp.com\/cepronda.com\/blog\/wp-content\/uploads\/2024\/02\/Jornada-ADIAN-2024.jpeg?fit=899%2C1200&ssl=1&resize=350%2C200","width":350,"height":200,"srcset":"https:\/\/i0.wp.com\/cepronda.com\/blog\/wp-content\/uploads\/2024\/02\/Jornada-ADIAN-2024.jpeg?fit=899%2C1200&ssl=1&resize=350%2C200 1x, https:\/\/i0.wp.com\/cepronda.com\/blog\/wp-content\/uploads\/2024\/02\/Jornada-ADIAN-2024.jpeg?fit=899%2C1200&ssl=1&resize=525%2C300 1.5x, https:\/\/i0.wp.com\/cepronda.com\/blog\/wp-content\/uploads\/2024\/02\/Jornada-ADIAN-2024.jpeg?fit=899%2C1200&ssl=1&resize=700%2C400 2x"},"classes":[]},{"id":9191,"url":"https:\/\/cepronda.com\/blog\/curso-nuevos-circuitos-para-nuevos-publicos-el-formato\/","url_meta":{"origin":7273,"position":5},"title":"CURSO NUEVOS CIRCUITOS PARA NUEVOS P\u00daBLICOS. EL FORMATO.","author":"Encarni Jim\u00e9nez Rosado","date":"13 enero, 2026","format":false,"excerpt":"Abierto plazo de inscripci\u00f3n para el curso \u201cNUEVOS CIRCUITOS PARA NUEVOS P\u00daBLICOS. EL FORMATO. Inscripci\u00f3n: 08\/01\/2026 a 26\/01\/2026 Actividad: 03\/02\/2026 a 27\/04\/2026 Duraci\u00f3n: 5 sesiones. M\u00e1s informaci\u00f3n: https:\/\/www.juntadeandalucia.es\/educacion\/secretariavirtual\/consultaCEP\/actividad\/262922GE014\/ Lugar: Conservatorio Superior de M\u00fasica de M\u00e1laga. \u00a0","rel":"","context":"En \u00abFormaciones\u00bb","block_context":{"text":"Formaciones","link":"https:\/\/cepronda.com\/blog\/category\/formaciones\/"},"img":{"alt_text":"","src":"https:\/\/i0.wp.com\/cepronda.com\/blog\/wp-content\/uploads\/2026\/01\/circuitos.jpg?fit=1080%2C1080&ssl=1&resize=350%2C200","width":350,"height":200,"srcset":"https:\/\/i0.wp.com\/cepronda.com\/blog\/wp-content\/uploads\/2026\/01\/circuitos.jpg?fit=1080%2C1080&ssl=1&resize=350%2C200 1x, https:\/\/i0.wp.com\/cepronda.com\/blog\/wp-content\/uploads\/2026\/01\/circuitos.jpg?fit=1080%2C1080&ssl=1&resize=525%2C300 1.5x, https:\/\/i0.wp.com\/cepronda.com\/blog\/wp-content\/uploads\/2026\/01\/circuitos.jpg?fit=1080%2C1080&ssl=1&resize=700%2C400 2x, https:\/\/i0.wp.com\/cepronda.com\/blog\/wp-content\/uploads\/2026\/01\/circuitos.jpg?fit=1080%2C1080&ssl=1&resize=1050%2C600 3x"},"classes":[]}],"jetpack_sharing_enabled":true,"_links":{"self":[{"href":"https:\/\/cepronda.com\/blog\/wp-json\/wp\/v2\/posts\/7273","targetHints":{"allow":["GET"]}}],"collection":[{"href":"https:\/\/cepronda.com\/blog\/wp-json\/wp\/v2\/posts"}],"about":[{"href":"https:\/\/cepronda.com\/blog\/wp-json\/wp\/v2\/types\/post"}],"author":[{"embeddable":true,"href":"https:\/\/cepronda.com\/blog\/wp-json\/wp\/v2\/users\/9"}],"replies":[{"embeddable":true,"href":"https:\/\/cepronda.com\/blog\/wp-json\/wp\/v2\/comments?post=7273"}],"version-history":[{"count":1,"href":"https:\/\/cepronda.com\/blog\/wp-json\/wp\/v2\/posts\/7273\/revisions"}],"predecessor-version":[{"id":7280,"href":"https:\/\/cepronda.com\/blog\/wp-json\/wp\/v2\/posts\/7273\/revisions\/7280"}],"wp:featuredmedia":[{"embeddable":true,"href":"https:\/\/cepronda.com\/blog\/wp-json\/wp\/v2\/media\/7276"}],"wp:attachment":[{"href":"https:\/\/cepronda.com\/blog\/wp-json\/wp\/v2\/media?parent=7273"}],"wp:term":[{"taxonomy":"category","embeddable":true,"href":"https:\/\/cepronda.com\/blog\/wp-json\/wp\/v2\/categories?post=7273"},{"taxonomy":"post_tag","embeddable":true,"href":"https:\/\/cepronda.com\/blog\/wp-json\/wp\/v2\/tags?post=7273"}],"curies":[{"name":"wp","href":"https:\/\/api.w.org\/{rel}","templated":true}]}}