{"id":7262,"date":"2023-12-11T10:16:23","date_gmt":"2023-12-11T09:16:23","guid":{"rendered":"https:\/\/cepronda.com\/blog\/?p=7262"},"modified":"2025-02-21T11:06:13","modified_gmt":"2025-02-21T10:06:13","slug":"formacion-estrategias-de-implementacion-de-un-saac-nivel-ii-242922ge048","status":"publish","type":"post","link":"https:\/\/cepronda.com\/blog\/formacion-estrategias-de-implementacion-de-un-saac-nivel-ii-242922ge048\/","title":{"rendered":"FORMACI\u00d3N: ESTRATEGIAS DE IMPLEMENTACI\u00d3N DE UN SAAC NIVEL II (242922GE048)"},"content":{"rendered":"<div class=\"xdj266r x11i5rnm xat24cr x1mh8g0r x1vvkbs x126k92a\">\n<div dir=\"auto\">Abierto el plazo de inscripci\u00f3n para el curso a distancia, provincial: <strong>ESTRATEGIAS DE IMPLEMENTACI\u00d3N DE UN SAAC NIVEL II (242922GE048)<\/strong><\/div>\n<ul>\n<li dir=\"auto\"><strong>Duraci\u00f3n:<\/strong> 30 horas<\/li>\n<li dir=\"auto\"><b>Fecha actividad:<\/b>\u00a022\/01\/2024 hasta 22\/03\/2024<\/li>\n<li dir=\"auto\"><b>Fecha inscripci\u00f3n:<\/b> 11\/12\/2023 hasta 11\/01\/2024<\/li>\n<li dir=\"auto\"><strong>Lugar:<\/strong><span style=\"font-weight: inherit;\"> AVFP( aula virtual de formaci\u00f3n de profesorado)<\/span><\/li>\n<\/ul>\n<\/div>\n<div class=\"x11i5rnm xat24cr x1mh8g0r x1vvkbs xtlvy1s x126k92a\">\n<div dir=\"auto\">M\u00e1s informaci\u00f3n e inscripci\u00f3n en: <a href=\"https:\/\/bit.ly\/40WsnTT\">https:\/\/bit.ly\/40WsnTT<\/a><\/div>\n<\/div>\n","protected":false},"excerpt":{"rendered":"<p>Abierto el plazo de inscripci\u00f3n para el curso a distancia, provincial: ESTRATEGIAS DE IMPLEMENTACI\u00d3N DE UN SAAC NIVEL II (242922GE048) Duraci\u00f3n: 30 horas Fecha actividad:\u00a022\/01\/2024 hasta 22\/03\/2024 Fecha inscripci\u00f3n: 11\/12\/2023 hasta 11\/01\/2024 Lugar: AVFP( aula virtual de formaci\u00f3n de profesorado) M\u00e1s informaci\u00f3n e inscripci\u00f3n en: https:\/\/bit.ly\/40WsnTT<\/p>\n","protected":false},"author":9,"featured_media":7263,"comment_status":"closed","ping_status":"open","sticky":false,"template":"","format":"standard","meta":{"_crdt_document":"","advanced_seo_description":"","jetpack_seo_html_title":"","jetpack_seo_noindex":false,"jetpack_post_was_ever_published":false,"_jetpack_newsletter_access":"","_jetpack_dont_email_post_to_subs":false,"_jetpack_newsletter_tier_id":0,"_jetpack_memberships_contains_paywalled_content":false,"_jetpack_memberships_contains_paid_content":false,"footnotes":"","jetpack_publicize_message":"","jetpack_publicize_feature_enabled":true,"jetpack_social_post_already_shared":false,"jetpack_social_options":{"image_generator_settings":{"template":"highway","default_image_id":0,"font":"","enabled":false},"version":2}},"categories":[3],"tags":[126],"class_list":{"0":"post-7262","1":"post","2":"type-post","3":"status-publish","4":"format-standard","5":"has-post-thumbnail","7":"category-formaciones","8":"tag-atencion-a-la-diversidad","9":"czr-hentry"},"jetpack_publicize_connections":[],"jetpack_featured_media_url":"https:\/\/i0.wp.com\/cepronda.com\/blog\/wp-content\/uploads\/2023\/12\/WhatsApp-Image-2023-12-11-at-09.52.45.jpeg?fit=1080%2C1080&ssl=1","jetpack_shortlink":"https:\/\/wp.me\/p8M4X7-1T8","jetpack-related-posts":[{"id":7757,"url":"https:\/\/cepronda.com\/blog\/curso-estrategias-de-implementacion-de-un-saac-nivel-ii-con-codigo-252925ic001\/","url_meta":{"origin":7262,"position":0},"title":"CURSO: \u00abESTRATEGIAS\u00a0DE\u00a0IMPLEMENTACI\u00d3N\u00a0DE\u00a0UN\u00a0SAAC\u00a0NIVEL\u00a0II\u00bb,\u00a0con\u00a0c\u00f3digo 252925IC001.","author":"Inmaculada Garc\u00eda","date":"27 septiembre, 2024","format":false,"excerpt":"Os informamos que se encuentra abierta la inscripci\u00f3n en el\u00a0curso InterCEP, organizado por el CEP de Antequera:\u00a0 \"ESTRATEGIAS\u00a0DE\u00a0IMPLEMENTACI\u00d3N\u00a0DE\u00a0UN\u00a0SAAC\u00a0NIVEL\u00a0II\",\u00a0con\u00a0c\u00f3digo 252925IC001, que se desarrollar\u00e1 en modalidad a distancia en el Aula Virtual de Formaci\u00f3n del Profesorado. \u00a0 Curso dirigido al profesorado de las zonas de los CEPs de Ronda, Velez-M\u00e1laga y Antequera.\u2026","rel":"","context":"En \u00abFormaciones\u00bb","block_context":{"text":"Formaciones","link":"https:\/\/cepronda.com\/blog\/category\/formaciones\/"},"img":{"alt_text":"","src":"https:\/\/i0.wp.com\/cepronda.com\/blog\/wp-content\/uploads\/2024\/09\/SAAC-NIVEL-II.png?fit=960%2C1200&ssl=1&resize=350%2C200","width":350,"height":200,"srcset":"https:\/\/i0.wp.com\/cepronda.com\/blog\/wp-content\/uploads\/2024\/09\/SAAC-NIVEL-II.png?fit=960%2C1200&ssl=1&resize=350%2C200 1x, https:\/\/i0.wp.com\/cepronda.com\/blog\/wp-content\/uploads\/2024\/09\/SAAC-NIVEL-II.png?fit=960%2C1200&ssl=1&resize=525%2C300 1.5x, https:\/\/i0.wp.com\/cepronda.com\/blog\/wp-content\/uploads\/2024\/09\/SAAC-NIVEL-II.png?fit=960%2C1200&ssl=1&resize=700%2C400 2x"},"classes":[]},{"id":8018,"url":"https:\/\/cepronda.com\/blog\/curso-estrategias-de-implementacion-de-un-saac-desde-la-metodologia-del-lenguaje-natural-asistido-software-verbo-nivel-i-con-codigo-252923ge802\/","url_meta":{"origin":7262,"position":1},"title":"CURSO ESTRATEGIAS DE IMPLEMENTACI\u00d3N DE UN SAAC DESDE LA METODOLOG\u00cdA DEL LENGUAJE NATURAL ASISTIDO (Software verbo) NIVEL I, con c\u00f3digo 252923GE802.","author":"Inmaculada Garc\u00eda","date":"9 enero, 2025","format":false,"excerpt":"Abierto el plazo de inscripci\u00f3n para la actividad a distancia provincial: ESTRATEGIAS DE IMPLEMENTACI\u00d3N DE UN SAAC DESDE LA METODOLOG\u00cdA DEL LENGUAJE NATURAL ASISTIDO (Software verbo) NIVEL I, con c\u00f3digo 252923GE802. Lugar de realizaci\u00f3n: AVFP. \u00a0 Fecha actividad: 30\/01\/2025 hasta 27\/03\/2025 Fecha inscripci\u00f3n: 09\/01\/2025 hasta 22\/01\/2025 \u00a0 M\u00e1s informaci\u00f3n e\u2026","rel":"","context":"En \u00abFormaciones\u00bb","block_context":{"text":"Formaciones","link":"https:\/\/cepronda.com\/blog\/category\/formaciones\/"},"img":{"alt_text":"","src":"https:\/\/i0.wp.com\/cepronda.com\/blog\/wp-content\/uploads\/2025\/01\/cartel-estrategias-saac.jpeg?fit=1000%2C1000&ssl=1&resize=350%2C200","width":350,"height":200,"srcset":"https:\/\/i0.wp.com\/cepronda.com\/blog\/wp-content\/uploads\/2025\/01\/cartel-estrategias-saac.jpeg?fit=1000%2C1000&ssl=1&resize=350%2C200 1x, https:\/\/i0.wp.com\/cepronda.com\/blog\/wp-content\/uploads\/2025\/01\/cartel-estrategias-saac.jpeg?fit=1000%2C1000&ssl=1&resize=525%2C300 1.5x, https:\/\/i0.wp.com\/cepronda.com\/blog\/wp-content\/uploads\/2025\/01\/cartel-estrategias-saac.jpeg?fit=1000%2C1000&ssl=1&resize=700%2C400 2x"},"classes":[]},{"id":5515,"url":"https:\/\/cepronda.com\/blog\/estrategias-de-implementacion-de-un-saac-desde-la-metodologia-del-lenguaje-natural-asistido-software-verbo-nivel-1\/","url_meta":{"origin":7262,"position":2},"title":"Estrategias de implementaci\u00f3n de un SAAC desde la metodolog\u00eda del lenguaje natural asistido (Software VERBO). Nivel 1","author":"Inmaculada Garc\u00eda","date":"28 septiembre, 2022","format":false,"excerpt":"Buenas d\u00edas, compa\u00f1eras y compa\u00f1eros. Os\u00a0 informamos que est\u00e1 abierto el plazo de inscripci\u00f3n en el curso provincial presencial:\u00a0 \"Estrategias de implementaci\u00f3n de un SAAC desde la metodolog\u00eda del lenguaje natural asistido (Software VERBO). Nivel 1\", con c\u00f3digo 232922GE064, de 30 horas de duraci\u00f3n. Fecha inscripci\u00f3n: 19\/09\/22 al 30\/09\/22 Fecha\u2026","rel":"","context":"En \u00abFormaciones\u00bb","block_context":{"text":"Formaciones","link":"https:\/\/cepronda.com\/blog\/category\/formaciones\/"},"img":{"alt_text":"","src":"https:\/\/i0.wp.com\/cepronda.com\/blog\/wp-content\/uploads\/2022\/09\/WhatsApp-Image-2022-09-16-at-13.18.39.jpeg?fit=1080%2C1080&ssl=1&resize=350%2C200","width":350,"height":200,"srcset":"https:\/\/i0.wp.com\/cepronda.com\/blog\/wp-content\/uploads\/2022\/09\/WhatsApp-Image-2022-09-16-at-13.18.39.jpeg?fit=1080%2C1080&ssl=1&resize=350%2C200 1x, https:\/\/i0.wp.com\/cepronda.com\/blog\/wp-content\/uploads\/2022\/09\/WhatsApp-Image-2022-09-16-at-13.18.39.jpeg?fit=1080%2C1080&ssl=1&resize=525%2C300 1.5x, https:\/\/i0.wp.com\/cepronda.com\/blog\/wp-content\/uploads\/2022\/09\/WhatsApp-Image-2022-09-16-at-13.18.39.jpeg?fit=1080%2C1080&ssl=1&resize=700%2C400 2x, https:\/\/i0.wp.com\/cepronda.com\/blog\/wp-content\/uploads\/2022\/09\/WhatsApp-Image-2022-09-16-at-13.18.39.jpeg?fit=1080%2C1080&ssl=1&resize=1050%2C600 3x"},"classes":[]},{"id":7230,"url":"https:\/\/cepronda.com\/blog\/estrategias-de-implementacion-de-un-saac-desde-la-metodologia-del-lenguaje-natural-asistido-software-verbo-nivel-i-242925ic001\/","url_meta":{"origin":7262,"position":3},"title":"ESTRATEGIAS DE IMPLEMENTACI\u00d3N DE UN SAAC DESDE LA METODOLOG\u00cdA DEL LENGUAJE NATURAL ASISTIDO (software VERBO). Nivel I. 242925IC001","author":"Inmaculada Garc\u00eda","date":"28 noviembre, 2023","format":false,"excerpt":"Se ha abierto el plazo de inscripci\u00f3n para el curso a distancia \"Estrategias de implementaci\u00f3n de un SAAC desde la metodolog\u00eda del lenguaje natural asistido (software VERBO) Nivel I\", de 30 horas, que se realizar\u00e1 en el Aula Virtual de Formaci\u00f3n del Profesorado. C\u00f3digo: 242925IC001 Plazo de inscripci\u00f3n: del 28\u2026","rel":"","context":"En \u00abFormaciones\u00bb","block_context":{"text":"Formaciones","link":"https:\/\/cepronda.com\/blog\/category\/formaciones\/"},"img":{"alt_text":"","src":"https:\/\/i0.wp.com\/cepronda.com\/blog\/wp-content\/uploads\/2023\/11\/CURSO-SAAC-I.png?fit=960%2C1200&ssl=1&resize=350%2C200","width":350,"height":200,"srcset":"https:\/\/i0.wp.com\/cepronda.com\/blog\/wp-content\/uploads\/2023\/11\/CURSO-SAAC-I.png?fit=960%2C1200&ssl=1&resize=350%2C200 1x, https:\/\/i0.wp.com\/cepronda.com\/blog\/wp-content\/uploads\/2023\/11\/CURSO-SAAC-I.png?fit=960%2C1200&ssl=1&resize=525%2C300 1.5x, https:\/\/i0.wp.com\/cepronda.com\/blog\/wp-content\/uploads\/2023\/11\/CURSO-SAAC-I.png?fit=960%2C1200&ssl=1&resize=700%2C400 2x"},"classes":[]},{"id":7712,"url":"https:\/\/cepronda.com\/blog\/convocatoria-regional-de-cursos-avfp-curso-2024-25\/","url_meta":{"origin":7262,"position":4},"title":"CONVOCATORIA REGIONAL DE CURSOS AVFP. CURSO 2024\/25.","author":"Inmaculada Garc\u00eda","date":"19 septiembre, 2024","format":false,"excerpt":"\u00a0 \u00a0 CONVOCATORIA REGIONAL DE CURSOS AVFP \u00a0 Os informamos que se encuentra abierto el plazo de inscripci\u00f3n en la convocatoria de cursos regional. La superaci\u00f3n de estos cursos supone la certificaci\u00f3n de diversos niveles de Competencia Digital Docente. - HERRAMIENTAS DIGITALES APLICADAS A LA DOCENCIA EN LA FORMACI\u00d3N PROFESIONAL,\u2026","rel":"","context":"En \u00abFormaciones\u00bb","block_context":{"text":"Formaciones","link":"https:\/\/cepronda.com\/blog\/category\/formaciones\/"},"img":{"alt_text":"","src":"https:\/\/i0.wp.com\/cepronda.com\/blog\/wp-content\/uploads\/2024\/09\/CURSOS.png?fit=1200%2C1200&ssl=1&resize=350%2C200","width":350,"height":200,"srcset":"https:\/\/i0.wp.com\/cepronda.com\/blog\/wp-content\/uploads\/2024\/09\/CURSOS.png?fit=1200%2C1200&ssl=1&resize=350%2C200 1x, https:\/\/i0.wp.com\/cepronda.com\/blog\/wp-content\/uploads\/2024\/09\/CURSOS.png?fit=1200%2C1200&ssl=1&resize=525%2C300 1.5x, https:\/\/i0.wp.com\/cepronda.com\/blog\/wp-content\/uploads\/2024\/09\/CURSOS.png?fit=1200%2C1200&ssl=1&resize=700%2C400 2x, https:\/\/i0.wp.com\/cepronda.com\/blog\/wp-content\/uploads\/2024\/09\/CURSOS.png?fit=1200%2C1200&ssl=1&resize=1050%2C600 3x"},"classes":[]},{"id":7255,"url":"https:\/\/cepronda.com\/blog\/formacion-avanzada-para-orientadores-as-codigo-242922ge045\/","url_meta":{"origin":7262,"position":5},"title":"FORMACI\u00d3N AVANZADA PARA ORIENTADORES\/AS: C\u00f3digo: 242922GE045","author":"Inmaculada Garc\u00eda","date":"4 diciembre, 2023","format":false,"excerpt":"Se encuentra abierto el plazo de inscripci\u00f3n en la actividad provincial a Distancia (AVFP), de 30 horas, \"FORMACI\u00d3N AVANZADA PARA ORIENTADORES\/AS\"(C\u00f3digo: 242922GE045) M\u00e1s informaci\u00f3n e inscripci\u00f3n en: https:\/\/bit.ly\/46uz2G0 Fecha actividad:\u00a015\/01\/2024 hasta 15\/03\/2024 Fecha inscripci\u00f3n:\u00a004\/12\/2023 hasta 15\/12\/2023 Horas totales:\u00a030","rel":"","context":"En \u00abFormaciones\u00bb","block_context":{"text":"Formaciones","link":"https:\/\/cepronda.com\/blog\/category\/formaciones\/"},"img":{"alt_text":"","src":"https:\/\/i0.wp.com\/cepronda.com\/blog\/wp-content\/uploads\/2023\/12\/FORMACION-AVANZADA-PARA-ORIENTADORES242922GE045.jpg?fit=1080%2C1080&ssl=1&resize=350%2C200","width":350,"height":200,"srcset":"https:\/\/i0.wp.com\/cepronda.com\/blog\/wp-content\/uploads\/2023\/12\/FORMACION-AVANZADA-PARA-ORIENTADORES242922GE045.jpg?fit=1080%2C1080&ssl=1&resize=350%2C200 1x, https:\/\/i0.wp.com\/cepronda.com\/blog\/wp-content\/uploads\/2023\/12\/FORMACION-AVANZADA-PARA-ORIENTADORES242922GE045.jpg?fit=1080%2C1080&ssl=1&resize=525%2C300 1.5x, https:\/\/i0.wp.com\/cepronda.com\/blog\/wp-content\/uploads\/2023\/12\/FORMACION-AVANZADA-PARA-ORIENTADORES242922GE045.jpg?fit=1080%2C1080&ssl=1&resize=700%2C400 2x, https:\/\/i0.wp.com\/cepronda.com\/blog\/wp-content\/uploads\/2023\/12\/FORMACION-AVANZADA-PARA-ORIENTADORES242922GE045.jpg?fit=1080%2C1080&ssl=1&resize=1050%2C600 3x"},"classes":[]}],"jetpack_sharing_enabled":true,"_links":{"self":[{"href":"https:\/\/cepronda.com\/blog\/wp-json\/wp\/v2\/posts\/7262","targetHints":{"allow":["GET"]}}],"collection":[{"href":"https:\/\/cepronda.com\/blog\/wp-json\/wp\/v2\/posts"}],"about":[{"href":"https:\/\/cepronda.com\/blog\/wp-json\/wp\/v2\/types\/post"}],"author":[{"embeddable":true,"href":"https:\/\/cepronda.com\/blog\/wp-json\/wp\/v2\/users\/9"}],"replies":[{"embeddable":true,"href":"https:\/\/cepronda.com\/blog\/wp-json\/wp\/v2\/comments?post=7262"}],"version-history":[{"count":1,"href":"https:\/\/cepronda.com\/blog\/wp-json\/wp\/v2\/posts\/7262\/revisions"}],"predecessor-version":[{"id":7264,"href":"https:\/\/cepronda.com\/blog\/wp-json\/wp\/v2\/posts\/7262\/revisions\/7264"}],"wp:featuredmedia":[{"embeddable":true,"href":"https:\/\/cepronda.com\/blog\/wp-json\/wp\/v2\/media\/7263"}],"wp:attachment":[{"href":"https:\/\/cepronda.com\/blog\/wp-json\/wp\/v2\/media?parent=7262"}],"wp:term":[{"taxonomy":"category","embeddable":true,"href":"https:\/\/cepronda.com\/blog\/wp-json\/wp\/v2\/categories?post=7262"},{"taxonomy":"post_tag","embeddable":true,"href":"https:\/\/cepronda.com\/blog\/wp-json\/wp\/v2\/tags?post=7262"}],"curies":[{"name":"wp","href":"https:\/\/api.w.org\/{rel}","templated":true}]}}