{"id":7230,"date":"2023-11-28T13:33:05","date_gmt":"2023-11-28T12:33:05","guid":{"rendered":"https:\/\/cepronda.com\/blog\/?p=7230"},"modified":"2025-02-21T11:06:13","modified_gmt":"2025-02-21T10:06:13","slug":"estrategias-de-implementacion-de-un-saac-desde-la-metodologia-del-lenguaje-natural-asistido-software-verbo-nivel-i-242925ic001","status":"publish","type":"post","link":"https:\/\/cepronda.com\/blog\/estrategias-de-implementacion-de-un-saac-desde-la-metodologia-del-lenguaje-natural-asistido-software-verbo-nivel-i-242925ic001\/","title":{"rendered":"ESTRATEGIAS DE IMPLEMENTACI\u00d3N DE UN SAAC DESDE LA METODOLOG\u00cdA DEL LENGUAJE NATURAL ASISTIDO (software VERBO). Nivel I. 242925IC001"},"content":{"rendered":"<div class=\"xdj266r x11i5rnm xat24cr x1mh8g0r x1vvkbs x126k92a\">\n<div dir=\"auto\"><span class=\"x3nfvp2 x1j61x8r x1fcty0u xdj266r xhhsvwb xat24cr xgzva0m xxymvpz xlup9mm x1kky2od\"><img loading=\"lazy\" decoding=\"async\" class=\"xz74otr\" src=\"https:\/\/static.xx.fbcdn.net\/images\/emoji.php\/v9\/tba\/1\/16\/1f4e3.png\" alt=\"\" width=\"16\" height=\"16\" \/><\/span><span class=\"x3nfvp2 x1j61x8r x1fcty0u xdj266r xhhsvwb xat24cr xgzva0m xxymvpz xlup9mm x1kky2od\"><img loading=\"lazy\" decoding=\"async\" class=\"xz74otr\" src=\"https:\/\/static.xx.fbcdn.net\/images\/emoji.php\/v9\/tba\/1\/16\/1f4e3.png\" alt=\"\" width=\"16\" height=\"16\" \/><\/span>Se ha abierto el plazo de inscripci\u00f3n para el curso a distancia \u00abEstrategias de implementaci\u00f3n de un SAAC desde la metodolog\u00eda del lenguaje natural asistido (software VERBO) Nivel I\u00bb, de 30 horas, que se realizar\u00e1 en el Aula Virtual de Formaci\u00f3n del Profesorado. <span style=\"font-weight: inherit;\">C\u00f3digo: 242925IC001<\/span><\/div>\n<\/div>\n<div class=\"x11i5rnm xat24cr x1mh8g0r x1vvkbs xtlvy1s x126k92a\">\n<div dir=\"auto\"><span class=\"x3nfvp2 x1j61x8r x1fcty0u xdj266r xhhsvwb xat24cr xgzva0m xxymvpz xlup9mm x1kky2od\"><img loading=\"lazy\" decoding=\"async\" class=\"xz74otr\" src=\"https:\/\/static.xx.fbcdn.net\/images\/emoji.php\/v9\/t7e\/1\/16\/1f4c5.png\" alt=\"\" width=\"16\" height=\"16\" \/><\/span>Plazo de inscripci\u00f3n: del 28 de noviembre al 14 de diciembre de 2023.<\/div>\n<\/div>\n<div class=\"x11i5rnm xat24cr x1mh8g0r x1vvkbs xtlvy1s x126k92a\">\n<div dir=\"auto\"><span class=\"x3nfvp2 x1j61x8r x1fcty0u xdj266r xhhsvwb xat24cr xgzva0m xxymvpz xlup9mm x1kky2od\"><img loading=\"lazy\" decoding=\"async\" class=\"xz74otr\" src=\"https:\/\/static.xx.fbcdn.net\/images\/emoji.php\/v9\/t7e\/1\/16\/1f4c5.png\" alt=\"\" width=\"16\" height=\"16\" \/><\/span>Fecha de realizaci\u00f3n: del 15 de enero al 15 de marzo de 2024.<\/div>\n<\/div>\n<div class=\"x11i5rnm xat24cr x1mh8g0r x1vvkbs xtlvy1s x126k92a\">\n<div dir=\"auto\">Dirigido al profesorado de las zonas CEPs de Antequera, Ronda y V\u00e9lez-M\u00e1laga.<\/div>\n<\/div>\n<div class=\"x11i5rnm xat24cr x1mh8g0r x1vvkbs xtlvy1s x126k92a\">\n<div dir=\"auto\">Este curso trata sobre los Sistemas Alternativos y Aumentativos de Comunicaci\u00f3n para el alumnado con necesidades educativas en lenguaje y comunicaci\u00f3n, a trav\u00e9s de un sistema de Software (Verbo)<\/div>\n<\/div>\n<div class=\"x11i5rnm xat24cr x1mh8g0r x1vvkbs xtlvy1s x126k92a\">\n<div dir=\"auto\">Enlace de inscripci\u00f3n: <a href=\"https:\/\/www.juntadeandalucia.es\/educacion\/secretariavirtual\/consultaCEP\/actividad\/242925IC001\/\">https:\/\/www.juntadeandalucia.es\/educacion\/secretariavirtual\/consultaCEP\/actividad\/242925IC001\/<\/a><a href=\"https:\/\/www.juntadeandalucia.es\/educacion\/secretariavirtual\/consultaCEP\/actividad\/242925IC001\/\"><img data-recalc-dims=\"1\" loading=\"lazy\" decoding=\"async\" class=\"aligncenter wp-image-7231 size-medium\" src=\"https:\/\/i0.wp.com\/cepronda.com\/blog\/wp-content\/uploads\/2023\/11\/CURSO-SAAC-I.png?resize=240%2C300&#038;ssl=1\" alt=\"\" width=\"240\" height=\"300\" srcset=\"https:\/\/i0.wp.com\/cepronda.com\/blog\/wp-content\/uploads\/2023\/11\/CURSO-SAAC-I.png?resize=240%2C300&amp;ssl=1 240w, https:\/\/i0.wp.com\/cepronda.com\/blog\/wp-content\/uploads\/2023\/11\/CURSO-SAAC-I.png?resize=819%2C1024&amp;ssl=1 819w, https:\/\/i0.wp.com\/cepronda.com\/blog\/wp-content\/uploads\/2023\/11\/CURSO-SAAC-I.png?resize=768%2C960&amp;ssl=1 768w, https:\/\/i0.wp.com\/cepronda.com\/blog\/wp-content\/uploads\/2023\/11\/CURSO-SAAC-I.png?w=1080&amp;ssl=1 1080w\" sizes=\"auto, (max-width: 240px) 100vw, 240px\" \/><\/a><\/div>\n<\/div>\n","protected":false},"excerpt":{"rendered":"<p>Se ha abierto el plazo de inscripci\u00f3n para el curso a distancia \u00abEstrategias de implementaci\u00f3n de un SAAC desde la metodolog\u00eda del lenguaje natural asistido (software VERBO) Nivel I\u00bb, de 30 horas, que se realizar\u00e1 en el Aula Virtual de Formaci\u00f3n del Profesorado. C\u00f3digo: 242925IC001 Plazo de inscripci\u00f3n: del 28 de noviembre al 14 de [&hellip;]<\/p>\n","protected":false},"author":9,"featured_media":7231,"comment_status":"closed","ping_status":"open","sticky":false,"template":"","format":"standard","meta":{"_crdt_document":"","advanced_seo_description":"","jetpack_seo_html_title":"","jetpack_seo_noindex":false,"jetpack_post_was_ever_published":false,"_jetpack_newsletter_access":"","_jetpack_dont_email_post_to_subs":false,"_jetpack_newsletter_tier_id":0,"_jetpack_memberships_contains_paywalled_content":false,"_jetpack_memberships_contains_paid_content":false,"footnotes":"","jetpack_publicize_message":"","jetpack_publicize_feature_enabled":true,"jetpack_social_post_already_shared":false,"jetpack_social_options":{"image_generator_settings":{"template":"highway","default_image_id":0,"font":"","enabled":false},"version":2}},"categories":[3],"tags":[126,339],"class_list":{"0":"post-7230","1":"post","2":"type-post","3":"status-publish","4":"format-standard","5":"has-post-thumbnail","7":"category-formaciones","8":"tag-atencion-a-la-diversidad","9":"tag-saac","10":"czr-hentry"},"jetpack_publicize_connections":[],"jetpack_featured_media_url":"https:\/\/i0.wp.com\/cepronda.com\/blog\/wp-content\/uploads\/2023\/11\/CURSO-SAAC-I.png?fit=1080%2C1350&ssl=1","jetpack_shortlink":"https:\/\/wp.me\/p8M4X7-1SC","jetpack-related-posts":[{"id":5515,"url":"https:\/\/cepronda.com\/blog\/estrategias-de-implementacion-de-un-saac-desde-la-metodologia-del-lenguaje-natural-asistido-software-verbo-nivel-1\/","url_meta":{"origin":7230,"position":0},"title":"Estrategias de implementaci\u00f3n de un SAAC desde la metodolog\u00eda del lenguaje natural asistido (Software VERBO). Nivel 1","author":"Inmaculada Garc\u00eda","date":"28 septiembre, 2022","format":false,"excerpt":"Buenas d\u00edas, compa\u00f1eras y compa\u00f1eros. Os\u00a0 informamos que est\u00e1 abierto el plazo de inscripci\u00f3n en el curso provincial presencial:\u00a0 \"Estrategias de implementaci\u00f3n de un SAAC desde la metodolog\u00eda del lenguaje natural asistido (Software VERBO). Nivel 1\", con c\u00f3digo 232922GE064, de 30 horas de duraci\u00f3n. Fecha inscripci\u00f3n: 19\/09\/22 al 30\/09\/22 Fecha\u2026","rel":"","context":"En \u00abFormaciones\u00bb","block_context":{"text":"Formaciones","link":"https:\/\/cepronda.com\/blog\/category\/formaciones\/"},"img":{"alt_text":"","src":"https:\/\/i0.wp.com\/cepronda.com\/blog\/wp-content\/uploads\/2022\/09\/WhatsApp-Image-2022-09-16-at-13.18.39.jpeg?fit=1080%2C1080&ssl=1&resize=350%2C200","width":350,"height":200,"srcset":"https:\/\/i0.wp.com\/cepronda.com\/blog\/wp-content\/uploads\/2022\/09\/WhatsApp-Image-2022-09-16-at-13.18.39.jpeg?fit=1080%2C1080&ssl=1&resize=350%2C200 1x, https:\/\/i0.wp.com\/cepronda.com\/blog\/wp-content\/uploads\/2022\/09\/WhatsApp-Image-2022-09-16-at-13.18.39.jpeg?fit=1080%2C1080&ssl=1&resize=525%2C300 1.5x, https:\/\/i0.wp.com\/cepronda.com\/blog\/wp-content\/uploads\/2022\/09\/WhatsApp-Image-2022-09-16-at-13.18.39.jpeg?fit=1080%2C1080&ssl=1&resize=700%2C400 2x, https:\/\/i0.wp.com\/cepronda.com\/blog\/wp-content\/uploads\/2022\/09\/WhatsApp-Image-2022-09-16-at-13.18.39.jpeg?fit=1080%2C1080&ssl=1&resize=1050%2C600 3x"},"classes":[]},{"id":8018,"url":"https:\/\/cepronda.com\/blog\/curso-estrategias-de-implementacion-de-un-saac-desde-la-metodologia-del-lenguaje-natural-asistido-software-verbo-nivel-i-con-codigo-252923ge802\/","url_meta":{"origin":7230,"position":1},"title":"CURSO ESTRATEGIAS DE IMPLEMENTACI\u00d3N DE UN SAAC DESDE LA METODOLOG\u00cdA DEL LENGUAJE NATURAL ASISTIDO (Software verbo) NIVEL I, con c\u00f3digo 252923GE802.","author":"Inmaculada Garc\u00eda","date":"9 enero, 2025","format":false,"excerpt":"Abierto el plazo de inscripci\u00f3n para la actividad a distancia provincial: ESTRATEGIAS DE IMPLEMENTACI\u00d3N DE UN SAAC DESDE LA METODOLOG\u00cdA DEL LENGUAJE NATURAL ASISTIDO (Software verbo) NIVEL I, con c\u00f3digo 252923GE802. Lugar de realizaci\u00f3n: AVFP. \u00a0 Fecha actividad: 30\/01\/2025 hasta 27\/03\/2025 Fecha inscripci\u00f3n: 09\/01\/2025 hasta 22\/01\/2025 \u00a0 M\u00e1s informaci\u00f3n e\u2026","rel":"","context":"En \u00abFormaciones\u00bb","block_context":{"text":"Formaciones","link":"https:\/\/cepronda.com\/blog\/category\/formaciones\/"},"img":{"alt_text":"","src":"https:\/\/i0.wp.com\/cepronda.com\/blog\/wp-content\/uploads\/2025\/01\/cartel-estrategias-saac.jpeg?fit=1000%2C1000&ssl=1&resize=350%2C200","width":350,"height":200,"srcset":"https:\/\/i0.wp.com\/cepronda.com\/blog\/wp-content\/uploads\/2025\/01\/cartel-estrategias-saac.jpeg?fit=1000%2C1000&ssl=1&resize=350%2C200 1x, https:\/\/i0.wp.com\/cepronda.com\/blog\/wp-content\/uploads\/2025\/01\/cartel-estrategias-saac.jpeg?fit=1000%2C1000&ssl=1&resize=525%2C300 1.5x, https:\/\/i0.wp.com\/cepronda.com\/blog\/wp-content\/uploads\/2025\/01\/cartel-estrategias-saac.jpeg?fit=1000%2C1000&ssl=1&resize=700%2C400 2x"},"classes":[]},{"id":7262,"url":"https:\/\/cepronda.com\/blog\/formacion-estrategias-de-implementacion-de-un-saac-nivel-ii-242922ge048\/","url_meta":{"origin":7230,"position":2},"title":"FORMACI\u00d3N: ESTRATEGIAS DE IMPLEMENTACI\u00d3N DE UN SAAC NIVEL II (242922GE048)","author":"Inmaculada Garc\u00eda","date":"11 diciembre, 2023","format":false,"excerpt":"Abierto el plazo de inscripci\u00f3n para el curso a distancia, provincial: ESTRATEGIAS DE IMPLEMENTACI\u00d3N DE UN SAAC NIVEL II (242922GE048) Duraci\u00f3n: 30 horas Fecha actividad:\u00a022\/01\/2024 hasta 22\/03\/2024 Fecha inscripci\u00f3n: 11\/12\/2023 hasta 11\/01\/2024 Lugar: AVFP( aula virtual de formaci\u00f3n de profesorado) M\u00e1s informaci\u00f3n e inscripci\u00f3n en: https:\/\/bit.ly\/40WsnTT","rel":"","context":"En \u00abFormaciones\u00bb","block_context":{"text":"Formaciones","link":"https:\/\/cepronda.com\/blog\/category\/formaciones\/"},"img":{"alt_text":"","src":"https:\/\/i0.wp.com\/cepronda.com\/blog\/wp-content\/uploads\/2023\/12\/WhatsApp-Image-2023-12-11-at-09.52.45.jpeg?fit=1080%2C1080&ssl=1&resize=350%2C200","width":350,"height":200,"srcset":"https:\/\/i0.wp.com\/cepronda.com\/blog\/wp-content\/uploads\/2023\/12\/WhatsApp-Image-2023-12-11-at-09.52.45.jpeg?fit=1080%2C1080&ssl=1&resize=350%2C200 1x, https:\/\/i0.wp.com\/cepronda.com\/blog\/wp-content\/uploads\/2023\/12\/WhatsApp-Image-2023-12-11-at-09.52.45.jpeg?fit=1080%2C1080&ssl=1&resize=525%2C300 1.5x, https:\/\/i0.wp.com\/cepronda.com\/blog\/wp-content\/uploads\/2023\/12\/WhatsApp-Image-2023-12-11-at-09.52.45.jpeg?fit=1080%2C1080&ssl=1&resize=700%2C400 2x, https:\/\/i0.wp.com\/cepronda.com\/blog\/wp-content\/uploads\/2023\/12\/WhatsApp-Image-2023-12-11-at-09.52.45.jpeg?fit=1080%2C1080&ssl=1&resize=1050%2C600 3x"},"classes":[]},{"id":7757,"url":"https:\/\/cepronda.com\/blog\/curso-estrategias-de-implementacion-de-un-saac-nivel-ii-con-codigo-252925ic001\/","url_meta":{"origin":7230,"position":3},"title":"CURSO: \u00abESTRATEGIAS\u00a0DE\u00a0IMPLEMENTACI\u00d3N\u00a0DE\u00a0UN\u00a0SAAC\u00a0NIVEL\u00a0II\u00bb,\u00a0con\u00a0c\u00f3digo 252925IC001.","author":"Inmaculada Garc\u00eda","date":"27 septiembre, 2024","format":false,"excerpt":"Os informamos que se encuentra abierta la inscripci\u00f3n en el\u00a0curso InterCEP, organizado por el CEP de Antequera:\u00a0 \"ESTRATEGIAS\u00a0DE\u00a0IMPLEMENTACI\u00d3N\u00a0DE\u00a0UN\u00a0SAAC\u00a0NIVEL\u00a0II\",\u00a0con\u00a0c\u00f3digo 252925IC001, que se desarrollar\u00e1 en modalidad a distancia en el Aula Virtual de Formaci\u00f3n del Profesorado. \u00a0 Curso dirigido al profesorado de las zonas de los CEPs de Ronda, Velez-M\u00e1laga y Antequera.\u2026","rel":"","context":"En \u00abFormaciones\u00bb","block_context":{"text":"Formaciones","link":"https:\/\/cepronda.com\/blog\/category\/formaciones\/"},"img":{"alt_text":"","src":"https:\/\/i0.wp.com\/cepronda.com\/blog\/wp-content\/uploads\/2024\/09\/SAAC-NIVEL-II.png?fit=960%2C1200&ssl=1&resize=350%2C200","width":350,"height":200,"srcset":"https:\/\/i0.wp.com\/cepronda.com\/blog\/wp-content\/uploads\/2024\/09\/SAAC-NIVEL-II.png?fit=960%2C1200&ssl=1&resize=350%2C200 1x, https:\/\/i0.wp.com\/cepronda.com\/blog\/wp-content\/uploads\/2024\/09\/SAAC-NIVEL-II.png?fit=960%2C1200&ssl=1&resize=525%2C300 1.5x, https:\/\/i0.wp.com\/cepronda.com\/blog\/wp-content\/uploads\/2024\/09\/SAAC-NIVEL-II.png?fit=960%2C1200&ssl=1&resize=700%2C400 2x"},"classes":[]},{"id":2708,"url":"https:\/\/cepronda.com\/blog\/aprender-ciencia-desde-la-indagacion\/","url_meta":{"origin":7230,"position":4},"title":"APRENDER CIENCIA DESDE LA INDAGACI\u00d3N","author":"V\u00edctor Caballero","date":"5 abril, 2019","format":false,"excerpt":"Muy buenas familia, desde el CEP de Granada se oferta un curso a distancia de \u00c1mbito Regional: APRENDER CIENCIA DESDE LA INDAGACI\u00d3N y queremos compartirlo con todos y todas aquellas que os interese. Est\u00e1 dirigido a profesorado interesado en conocer, comprender y aplicar en sus clases los elementos que involucra\u2026","rel":"","context":"En \u00abNoticias\u00bb","block_context":{"text":"Noticias","link":"https:\/\/cepronda.com\/blog\/category\/noticias\/"},"img":{"alt_text":"","src":"https:\/\/i0.wp.com\/cepronda.com\/blog\/wp-content\/uploads\/2019\/04\/dna-1811955_1920.jpg?fit=1200%2C600&ssl=1&resize=350%2C200","width":350,"height":200,"srcset":"https:\/\/i0.wp.com\/cepronda.com\/blog\/wp-content\/uploads\/2019\/04\/dna-1811955_1920.jpg?fit=1200%2C600&ssl=1&resize=350%2C200 1x, https:\/\/i0.wp.com\/cepronda.com\/blog\/wp-content\/uploads\/2019\/04\/dna-1811955_1920.jpg?fit=1200%2C600&ssl=1&resize=525%2C300 1.5x, https:\/\/i0.wp.com\/cepronda.com\/blog\/wp-content\/uploads\/2019\/04\/dna-1811955_1920.jpg?fit=1200%2C600&ssl=1&resize=700%2C400 2x, https:\/\/i0.wp.com\/cepronda.com\/blog\/wp-content\/uploads\/2019\/04\/dna-1811955_1920.jpg?fit=1200%2C600&ssl=1&resize=1050%2C600 3x"},"classes":[]},{"id":8883,"url":"https:\/\/cepronda.com\/blog\/escuelas-rurales-y-aulas-multinivel-metodologia-programacion-y-evaluacion\/","url_meta":{"origin":7230,"position":5},"title":"ESCUELAS RURALES Y AULAS MULTINIVEL: METODOLOG\u00cdA, PROGRAMACI\u00d3N Y EVALUACI\u00d3N","author":"Mamen Moreno","date":"6 octubre, 2025","format":false,"excerpt":"Se encuentra abierto el plazo de inscripciones para el curso provincial \u201cEscuelas Rurales y Aulas Multinivel: Metodolog\u00eda, Programaci\u00f3n y Evaluaci\u00f3n\u201d, c\u00f3digo 262924GE254 destinado al profesorado de centros rurales y aulas multinivel. Fechas: \u00a05, 12, 19 y 26 de noviembre de 2025Sesiones por videoconferencia:\u00a016:30 a 19:30 hLugar: Sala de videoconferencia Webex\u2026","rel":"","context":"En \u00abFormaciones\u00bb","block_context":{"text":"Formaciones","link":"https:\/\/cepronda.com\/blog\/category\/formaciones\/"},"img":{"alt_text":"","src":"https:\/\/i0.wp.com\/cepronda.com\/blog\/wp-content\/uploads\/2025\/10\/Post-Instagram-Dia-del-Maestro-Verde-1-1.png?fit=960%2C1200&ssl=1&resize=350%2C200","width":350,"height":200,"srcset":"https:\/\/i0.wp.com\/cepronda.com\/blog\/wp-content\/uploads\/2025\/10\/Post-Instagram-Dia-del-Maestro-Verde-1-1.png?fit=960%2C1200&ssl=1&resize=350%2C200 1x, https:\/\/i0.wp.com\/cepronda.com\/blog\/wp-content\/uploads\/2025\/10\/Post-Instagram-Dia-del-Maestro-Verde-1-1.png?fit=960%2C1200&ssl=1&resize=525%2C300 1.5x, https:\/\/i0.wp.com\/cepronda.com\/blog\/wp-content\/uploads\/2025\/10\/Post-Instagram-Dia-del-Maestro-Verde-1-1.png?fit=960%2C1200&ssl=1&resize=700%2C400 2x"},"classes":[]}],"jetpack_sharing_enabled":true,"_links":{"self":[{"href":"https:\/\/cepronda.com\/blog\/wp-json\/wp\/v2\/posts\/7230","targetHints":{"allow":["GET"]}}],"collection":[{"href":"https:\/\/cepronda.com\/blog\/wp-json\/wp\/v2\/posts"}],"about":[{"href":"https:\/\/cepronda.com\/blog\/wp-json\/wp\/v2\/types\/post"}],"author":[{"embeddable":true,"href":"https:\/\/cepronda.com\/blog\/wp-json\/wp\/v2\/users\/9"}],"replies":[{"embeddable":true,"href":"https:\/\/cepronda.com\/blog\/wp-json\/wp\/v2\/comments?post=7230"}],"version-history":[{"count":1,"href":"https:\/\/cepronda.com\/blog\/wp-json\/wp\/v2\/posts\/7230\/revisions"}],"predecessor-version":[{"id":7241,"href":"https:\/\/cepronda.com\/blog\/wp-json\/wp\/v2\/posts\/7230\/revisions\/7241"}],"wp:featuredmedia":[{"embeddable":true,"href":"https:\/\/cepronda.com\/blog\/wp-json\/wp\/v2\/media\/7231"}],"wp:attachment":[{"href":"https:\/\/cepronda.com\/blog\/wp-json\/wp\/v2\/media?parent=7230"}],"wp:term":[{"taxonomy":"category","embeddable":true,"href":"https:\/\/cepronda.com\/blog\/wp-json\/wp\/v2\/categories?post=7230"},{"taxonomy":"post_tag","embeddable":true,"href":"https:\/\/cepronda.com\/blog\/wp-json\/wp\/v2\/tags?post=7230"}],"curies":[{"name":"wp","href":"https:\/\/api.w.org\/{rel}","templated":true}]}}