{"id":7223,"date":"2023-11-23T13:06:15","date_gmt":"2023-11-23T12:06:15","guid":{"rendered":"https:\/\/cepronda.com\/blog\/?p=7223"},"modified":"2023-11-23T13:06:15","modified_gmt":"2023-11-23T12:06:15","slug":"historia-de-nuestros-simbolos-conmemoracion-del-dia-de-la-bandera-de-andalucia-249919kpf430","status":"publish","type":"post","link":"https:\/\/cepronda.com\/blog\/historia-de-nuestros-simbolos-conmemoracion-del-dia-de-la-bandera-de-andalucia-249919kpf430\/","title":{"rendered":"HISTORIA DE NUESTROS S\u00cdMBOLOS: CONMEMORACI\u00d3N DEL D\u00cdA DE LA BANDERA DE ANDALUC\u00cdA (249919KPF430)"},"content":{"rendered":"<p style=\"font-weight: 400;\">Estimado\/a docente:<\/p>\n<p style=\"font-weight: 400;\"><strong><u>Hasta el pr\u00f3ximo 26 de noviembre de 2023<\/u><\/strong>\u00a0se encuentra abierto el plazo de inscripci\u00f3n para la actividad formativa de \u00e1mbito regional\u00a0<strong>HISTORIA DE NUESTROS S\u00cdMBOLOS: CONMEMORACI\u00d3N DEL D\u00cdA DE LA BANDERA DE ANDALUC\u00cdA<\/strong>.\u00a0Se trata de un curso a distancia que se realizar\u00e1 a trav\u00e9s del\u00a0<strong>Aula Virtual de Formaci\u00f3n del Profesorado<\/strong>\u00a0<strong><u>del 27 de noviembre al 15 de diciembre de 2023<\/u><\/strong>, con una certificaci\u00f3n de 8 horas si se realizan todas las tareas antes de la fecha de finalizaci\u00f3n del mismo.<\/p>\n<p style=\"font-weight: 400;\">El objetivo de esta actividad formativa es contribuir a garantizar la m\u00e1xima difusi\u00f3n de los valores y significados que encarna la Bandera de Andaluc\u00eda en el \u00e1mbito educativo, siguiendo al\u00a0 Decreto 541\/2022, de 8 de noviembre, que declara oficialmente el\u00a0<strong>4 de diciembre como D\u00eda de la Bandera de Andaluc\u00eda<\/strong>\u00a0y a la Instrucci\u00f3n de 10 de Noviembre de 2023, de la Viceconsejer\u00eda de Desarrollo Educativo y Formaci\u00f3n Profesional, para la celebraci\u00f3n del d\u00eda de la Bandera de Andaluc\u00eda.<\/p>\n<p style=\"font-weight: 400;\">Puede ampliar esta informaci\u00f3n y acceder a la inscripci\u00f3n a trav\u00e9s del portal S\u00c9NECA, con el c\u00f3digo de actividad\u00a0<strong>249919KPF430<\/strong>\u00a0o en el siguiente enlace:<\/p>\n<p style=\"font-weight: 400;\"><a href=\"https:\/\/www.juntadeandalucia.es\/educacion\/secretariavirtual\/consultaCEP\/actividad\/249919KPF430\/\" data-saferedirecturl=\"https:\/\/www.google.com\/url?q=https:\/\/www.juntadeandalucia.es\/educacion\/secretariavirtual\/consultaCEP\/actividad\/249919KPF430\/&amp;source=gmail&amp;ust=1700756147473000&amp;usg=AOvVaw0ljdsz2lIhLaR53VGASB1r\">https:\/\/www.juntadeandalucia.es\/educacion\/secretariavirtual\/consultaCEP\/actividad\/249919KPF430\/<\/a><\/p>\n<p style=\"font-weight: 400;\">El 27 de noviembre de 2023 saldr\u00e1n las listas de admitidos\/as. Si aparece como admitido\/a, a partir del mismo d\u00eda a las 12:00 tendr\u00e1 disponible el curso en el Aula Virtual de Formaci\u00f3n del Profesorado. Este curso NO contempla videoconferencias ni sesiones en directo.<\/p>\n<p style=\"font-weight: 400;\">En caso de duda, consulte con el asesor responsable:<\/p>\n<p style=\"font-weight: 400;\">Jes\u00fas Milla G\u00f3mez\u00a0<span style=\"font-weight: 400;\">697951229 <\/span><span style=\"font-weight: 400;\"><a href=\"mailto:jmilgom458@g.educaand.es\">jmilgom458@g.educaand.es<\/a><\/span><\/p>\n<p style=\"font-weight: 400;\">CEP Linares-And\u00fajar<\/p>\n","protected":false},"excerpt":{"rendered":"<p>Estimado\/a docente: Hasta el pr\u00f3ximo 26 de noviembre de 2023\u00a0se encuentra abierto el plazo de inscripci\u00f3n para la actividad formativa de \u00e1mbito regional\u00a0HISTORIA DE NUESTROS S\u00cdMBOLOS: CONMEMORACI\u00d3N DEL D\u00cdA DE LA BANDERA DE ANDALUC\u00cdA.\u00a0Se trata de un curso a distancia que se realizar\u00e1 a trav\u00e9s del\u00a0Aula Virtual de Formaci\u00f3n del Profesorado\u00a0del 27 de noviembre al [&hellip;]<\/p>\n","protected":false},"author":9,"featured_media":7226,"comment_status":"closed","ping_status":"open","sticky":false,"template":"","format":"standard","meta":{"_crdt_document":"","advanced_seo_description":"","jetpack_seo_html_title":"","jetpack_seo_noindex":false,"jetpack_post_was_ever_published":false,"_jetpack_newsletter_access":"","_jetpack_dont_email_post_to_subs":false,"_jetpack_newsletter_tier_id":0,"_jetpack_memberships_contains_paywalled_content":false,"_jetpack_memberships_contains_paid_content":false,"footnotes":"","jetpack_publicize_message":"","jetpack_publicize_feature_enabled":true,"jetpack_social_post_already_shared":false,"jetpack_social_options":{"image_generator_settings":{"template":"highway","default_image_id":0,"font":"","enabled":false},"version":2}},"categories":[3,5],"tags":[336,335,238,337],"class_list":{"0":"post-7223","1":"post","2":"type-post","3":"status-publish","4":"format-standard","5":"has-post-thumbnail","7":"category-formaciones","8":"category-noticias","9":"tag-banderaandalucia","10":"tag-diadelabanderaandalucia","11":"tag-formacion","12":"tag-simbolos-andalucia","13":"czr-hentry"},"jetpack_publicize_connections":[],"jetpack_featured_media_url":"https:\/\/i0.wp.com\/cepronda.com\/blog\/wp-content\/uploads\/2023\/11\/Post-de-Instagram-Senderismo-Ilustrativo-Verde.png?fit=1890%2C1890&ssl=1","jetpack_shortlink":"https:\/\/wp.me\/p8M4X7-1Sv","jetpack-related-posts":[{"id":8992,"url":"https:\/\/cepronda.com\/blog\/historia-de-nuestros-simbolos-conmemoracion-del-dia-de-la-bandera-de-andalucia-2\/","url_meta":{"origin":7223,"position":0},"title":"HISTORIA DE NUESTROS S\u00cdMBOLOS: CONMEMORACI\u00d3N DEL D\u00cdA DE LA BANDERA DE ANDALUC\u00cdA","author":"Inmaculada Garc\u00eda","date":"29 octubre, 2025","format":false,"excerpt":"Estimado\/a docente: \u00a0 Hasta el pr\u00f3ximo 7 de noviembre de 2025 se encuentra abierto el plazo de inscripci\u00f3n para la actividad formativa de \u00e1mbito regional: \"HISTORIA DE NUESTROS S\u00cdMBOLOS: CONMEMORACI\u00d3N DEL D\u00cdA DE LA BANDERA DE ANDALUC\u00cdA\", con c\u00f3digo 269919KPF430A. Se trata de un curso a distancia que se realizar\u00e1\u2026","rel":"","context":"En \u00abFormaciones\u00bb","block_context":{"text":"Formaciones","link":"https:\/\/cepronda.com\/blog\/category\/formaciones\/"},"img":{"alt_text":"","src":"https:\/\/i0.wp.com\/cepronda.com\/blog\/wp-content\/uploads\/2025\/10\/image.png?fit=800%2C200&ssl=1&resize=350%2C200","width":350,"height":200,"srcset":"https:\/\/i0.wp.com\/cepronda.com\/blog\/wp-content\/uploads\/2025\/10\/image.png?fit=800%2C200&ssl=1&resize=350%2C200 1x, https:\/\/i0.wp.com\/cepronda.com\/blog\/wp-content\/uploads\/2025\/10\/image.png?fit=800%2C200&ssl=1&resize=525%2C300 1.5x, https:\/\/i0.wp.com\/cepronda.com\/blog\/wp-content\/uploads\/2025\/10\/image.png?fit=800%2C200&ssl=1&resize=700%2C400 2x"},"classes":[]},{"id":7932,"url":"https:\/\/cepronda.com\/blog\/actividad-regional-proceso-de-admision-ensenanzas-de-regimen-general-andalucia-oriental-y-occidental\/","url_meta":{"origin":7223,"position":1},"title":"ACTIVIDAD REGIONAL: PROCESO DE ADMISI\u00d3N ENSE\u00d1ANZAS DE R\u00c9GIMEN GENERAL (ANDALUC\u00cdA ORIENTAL y OCCIDENTAL)","author":"Mamen Moreno","date":"13 diciembre, 2024","format":false,"excerpt":"Abierto el plazo de solicitudes para la\u00a0 ACTIVIDAD REGIONAL:\u00a0 PROCESO DE ADMISI\u00d3N ENSE\u00d1ANZAS DE R\u00c9GIMEN GENERAL (ANDALUC\u00cdA ORIENTAL y OCCIDENTAL) DIRIGIDO A: Destinado a equipos directivos, as\u00ed como aquel personal docente encargado de la gesti\u00f3n del proceso de admisi\u00f3n desde el 2\u00ba ciclo de E. Infantil a Bachillerato y Educaci\u00f3n\u2026","rel":"","context":"En \u00abFormaciones\u00bb","block_context":{"text":"Formaciones","link":"https:\/\/cepronda.com\/blog\/category\/formaciones\/"},"img":{"alt_text":"","src":"https:\/\/i0.wp.com\/cepronda.com\/blog\/wp-content\/uploads\/2024\/12\/PROCESO-DE-ADMISION-ENSENANZAS-DE-REGIMEN-GENERAL-Andalucia-GENERAL-1.jpg?fit=1200%2C675&ssl=1&resize=350%2C200","width":350,"height":200,"srcset":"https:\/\/i0.wp.com\/cepronda.com\/blog\/wp-content\/uploads\/2024\/12\/PROCESO-DE-ADMISION-ENSENANZAS-DE-REGIMEN-GENERAL-Andalucia-GENERAL-1.jpg?fit=1200%2C675&ssl=1&resize=350%2C200 1x, https:\/\/i0.wp.com\/cepronda.com\/blog\/wp-content\/uploads\/2024\/12\/PROCESO-DE-ADMISION-ENSENANZAS-DE-REGIMEN-GENERAL-Andalucia-GENERAL-1.jpg?fit=1200%2C675&ssl=1&resize=525%2C300 1.5x, https:\/\/i0.wp.com\/cepronda.com\/blog\/wp-content\/uploads\/2024\/12\/PROCESO-DE-ADMISION-ENSENANZAS-DE-REGIMEN-GENERAL-Andalucia-GENERAL-1.jpg?fit=1200%2C675&ssl=1&resize=700%2C400 2x, https:\/\/i0.wp.com\/cepronda.com\/blog\/wp-content\/uploads\/2024\/12\/PROCESO-DE-ADMISION-ENSENANZAS-DE-REGIMEN-GENERAL-Andalucia-GENERAL-1.jpg?fit=1200%2C675&ssl=1&resize=1050%2C600 3x"},"classes":[]},{"id":9484,"url":"https:\/\/cepronda.com\/blog\/la-coordinacion-del-bienestar-y-proteccion-del-alumnado-en-centros-docentes-de-andalucia\/","url_meta":{"origin":7223,"position":2},"title":"LA COORDINACI\u00d3N DEL BIENESTAR Y PROTECCI\u00d3N DEL ALUMNADO EN CENTROS DOCENTES DE ANDALUC\u00cdA","author":"Inmaculada Garc\u00eda","date":"27 marzo, 2026","format":false,"excerpt":"Se encuentra abierto el plazo de inscripci\u00f3n para la formaci\u00f3n provincial a distancia: LA COORDINACI\u00d3N DEL BIENESTAR Y PROTECCI\u00d3N DEL ALUMNADO EN CENTROS DOCENTES DE ANDALUC\u00cdA, con c\u00f3digo: 269923CI437 \u00bfEres la persona encargada de la coordinaci\u00f3n de bienestar en tu centro? Esta actividad es para ti. Potencia la seguridad y\u2026","rel":"","context":"En \u00abFormaciones\u00bb","block_context":{"text":"Formaciones","link":"https:\/\/cepronda.com\/blog\/category\/formaciones\/"},"img":{"alt_text":"","src":"https:\/\/i0.wp.com\/cepronda.com\/blog\/wp-content\/uploads\/2026\/03\/Modelo-Plantilla-publicaciones.jpg?fit=960%2C1200&ssl=1&resize=350%2C200","width":350,"height":200,"srcset":"https:\/\/i0.wp.com\/cepronda.com\/blog\/wp-content\/uploads\/2026\/03\/Modelo-Plantilla-publicaciones.jpg?fit=960%2C1200&ssl=1&resize=350%2C200 1x, https:\/\/i0.wp.com\/cepronda.com\/blog\/wp-content\/uploads\/2026\/03\/Modelo-Plantilla-publicaciones.jpg?fit=960%2C1200&ssl=1&resize=525%2C300 1.5x, https:\/\/i0.wp.com\/cepronda.com\/blog\/wp-content\/uploads\/2026\/03\/Modelo-Plantilla-publicaciones.jpg?fit=960%2C1200&ssl=1&resize=700%2C400 2x"},"classes":[]},{"id":4840,"url":"https:\/\/cepronda.com\/blog\/i-congreso-internacional-de-innovacion-educativa-en-andalucia\/","url_meta":{"origin":7223,"position":3},"title":"I CONGRESO INTERNACIONAL DE INNOVACI\u00d3N EDUCATIVA EN ANDALUC\u00cdA","author":"Maribel Mu\u00f1oz","date":"30 octubre, 2021","format":false,"excerpt":"Buenos d\u00edas compa\u00f1eras y compa\u00f1eros, Os informamos que est\u00e1 abierto el plazo de inscripci\u00f3n en el I CONGRESO INTERNACIONAL DE INNOVACI\u00d3N EDUCATIVA EN ANDALUC\u00cdA \u00a0con c\u00f3digo 229922PF002. Es una actividad de \u00e1mbito REGIONAL.\u00a0 Se desarrollar\u00e1 en el FYCMA. Palacio de Ferias y Congresos de M\u00e1laga. Hay un total de 400\u2026","rel":"","context":"En \u00abFormaciones\u00bb","block_context":{"text":"Formaciones","link":"https:\/\/cepronda.com\/blog\/category\/formaciones\/"},"img":{"alt_text":"","src":"https:\/\/i0.wp.com\/cepronda.com\/blog\/wp-content\/uploads\/2021\/10\/Congreso-300x196.jpg?resize=350%2C200","width":350,"height":200},"classes":[]},{"id":5307,"url":"https:\/\/cepronda.com\/blog\/la-realidad-de-los-centros-publicos-rurales-revista-andalucia-educativa\/","url_meta":{"origin":7223,"position":4},"title":"LA REALIDAD DE LOS CENTROS P\u00daBLICOS RURALES. REVISTA ANDALUC\u00cdA EDUCATIVA.","author":"Inmaculada Garc\u00eda","date":"12 mayo, 2022","format":false,"excerpt":"Estimados compa\u00f1eros y compa\u00f1eras, el pasado 26 de abril la revista Andaluc\u00eda Educativa public\u00f3 un art\u00edculo en el que contamos las necesidades detectadas en los CPRs de nuestra zona desde el CEP de Ronda y su asesor\u00eda de referencia, as\u00ed como las diferentes acciones que llevamos a cabo en esta\u2026","rel":"","context":"En \u00abNoticias\u00bb","block_context":{"text":"Noticias","link":"https:\/\/cepronda.com\/blog\/category\/noticias\/"},"img":{"alt_text":"","src":"https:\/\/i0.wp.com\/cepronda.com\/blog\/wp-content\/uploads\/2022\/05\/Captura-de-pantalla-104.png?fit=608%2C596&ssl=1&resize=350%2C200","width":350,"height":200,"srcset":"https:\/\/i0.wp.com\/cepronda.com\/blog\/wp-content\/uploads\/2022\/05\/Captura-de-pantalla-104.png?fit=608%2C596&ssl=1&resize=350%2C200 1x, https:\/\/i0.wp.com\/cepronda.com\/blog\/wp-content\/uploads\/2022\/05\/Captura-de-pantalla-104.png?fit=608%2C596&ssl=1&resize=525%2C300 1.5x"},"classes":[]},{"id":5149,"url":"https:\/\/cepronda.com\/blog\/liderazgo-pedagogico-en-andalucia-plan-de-mejora\/","url_meta":{"origin":7223,"position":5},"title":"LIDERAZGO PEDAG\u00d3GICO EN ANDALUC\u00cdA: PLAN DE MEJORA","author":"Maribel Mu\u00f1oz","date":"23 febrero, 2022","format":false,"excerpt":"Buenas tardes compa\u00f1eras y compa\u00f1eros Os informamos que est\u00e1 abierto el plazo de\u00a0 inscripci\u00f3n del curso a distancia provincial gestionado por el CEP de V\u00e9lez-M\u00e1laga: \u201cLIDERAZGO PEDAG\u00d3GICO EN ANDALUC\u00cdA: PLAN DE MEJORA\u201d. El curso est\u00e1 dirigido a: Directores, directoras, FEIE, coordinaci\u00f3n de \u00e1rea y ciclo, profesorado general. C\u00f3digo: 222926GE512. Las\u2026","rel":"","context":"En \u00abFormaciones\u00bb","block_context":{"text":"Formaciones","link":"https:\/\/cepronda.com\/blog\/category\/formaciones\/"},"img":{"alt_text":"","src":"https:\/\/i0.wp.com\/cepronda.com\/blog\/wp-content\/uploads\/2022\/02\/WhatsApp-Image-2022-02-23-at-16.29.46.jpeg?fit=848%2C1200&ssl=1&resize=350%2C200","width":350,"height":200,"srcset":"https:\/\/i0.wp.com\/cepronda.com\/blog\/wp-content\/uploads\/2022\/02\/WhatsApp-Image-2022-02-23-at-16.29.46.jpeg?fit=848%2C1200&ssl=1&resize=350%2C200 1x, https:\/\/i0.wp.com\/cepronda.com\/blog\/wp-content\/uploads\/2022\/02\/WhatsApp-Image-2022-02-23-at-16.29.46.jpeg?fit=848%2C1200&ssl=1&resize=525%2C300 1.5x, https:\/\/i0.wp.com\/cepronda.com\/blog\/wp-content\/uploads\/2022\/02\/WhatsApp-Image-2022-02-23-at-16.29.46.jpeg?fit=848%2C1200&ssl=1&resize=700%2C400 2x"},"classes":[]}],"jetpack_sharing_enabled":true,"_links":{"self":[{"href":"https:\/\/cepronda.com\/blog\/wp-json\/wp\/v2\/posts\/7223","targetHints":{"allow":["GET"]}}],"collection":[{"href":"https:\/\/cepronda.com\/blog\/wp-json\/wp\/v2\/posts"}],"about":[{"href":"https:\/\/cepronda.com\/blog\/wp-json\/wp\/v2\/types\/post"}],"author":[{"embeddable":true,"href":"https:\/\/cepronda.com\/blog\/wp-json\/wp\/v2\/users\/9"}],"replies":[{"embeddable":true,"href":"https:\/\/cepronda.com\/blog\/wp-json\/wp\/v2\/comments?post=7223"}],"version-history":[{"count":1,"href":"https:\/\/cepronda.com\/blog\/wp-json\/wp\/v2\/posts\/7223\/revisions"}],"predecessor-version":[{"id":7227,"href":"https:\/\/cepronda.com\/blog\/wp-json\/wp\/v2\/posts\/7223\/revisions\/7227"}],"wp:featuredmedia":[{"embeddable":true,"href":"https:\/\/cepronda.com\/blog\/wp-json\/wp\/v2\/media\/7226"}],"wp:attachment":[{"href":"https:\/\/cepronda.com\/blog\/wp-json\/wp\/v2\/media?parent=7223"}],"wp:term":[{"taxonomy":"category","embeddable":true,"href":"https:\/\/cepronda.com\/blog\/wp-json\/wp\/v2\/categories?post=7223"},{"taxonomy":"post_tag","embeddable":true,"href":"https:\/\/cepronda.com\/blog\/wp-json\/wp\/v2\/tags?post=7223"}],"curies":[{"name":"wp","href":"https:\/\/api.w.org\/{rel}","templated":true}]}}