{"id":7206,"date":"2023-11-10T12:00:14","date_gmt":"2023-11-10T11:00:14","guid":{"rendered":"https:\/\/cepronda.com\/blog\/?p=7206"},"modified":"2023-11-10T12:00:14","modified_gmt":"2023-11-10T11:00:14","slug":"formacion-inicial-para-nuevos-centros-bilingues-coordinacion-novel-249922kpi008","status":"publish","type":"post","link":"https:\/\/cepronda.com\/blog\/formacion-inicial-para-nuevos-centros-bilingues-coordinacion-novel-249922kpi008\/","title":{"rendered":"FORMACI\u00d3N INICIAL PARA NUEVOS CENTROS BILING\u00dcES. COORDINACI\u00d3N NOVEL. (249922KPI008)"},"content":{"rendered":"<p dir=\"ltr\">Se encuentra abierto el plazo de inscripci\u00f3n en la formaci\u00f3n provincial, gestionada por el CEP de M\u00e1laga: FORMACI\u00d3N INICIAL PARA NUEVOS CENTROS BILING\u00dcES. COORDINACI\u00d3N NOVEL.<\/p>\n<ul>\n<li>C\u00f3digo: 249922KPI008<\/li>\n<li>Fecha de realizaci\u00f3n: 24\/11\/2023 hasta 11\/12\/2023.<\/li>\n<li>Fecha inscripci\u00f3n: 08\/11\/2023 hasta 19\/11\/2023.<\/li>\n<li>Duraci\u00f3n: 8 horas. (4 horas presenciales + 4 no presenciales).<\/li>\n<li>M\u00e1s informaci\u00f3n e inscripciones en:\u00a0<a href=\"https:\/\/www.juntadeandalucia.es\/educacion\/secretariavirtual\/consultaCEP\/actividad\/249922KPI008\/\" target=\"_blank\" rel=\"noopener\" data-saferedirecturl=\"https:\/\/www.google.com\/url?q=https:\/\/www.juntadeandalucia.es\/educacion\/secretariavirtual\/consultaCEP\/actividad\/249922KPI008\/&amp;source=gmail&amp;ust=1699699087447000&amp;usg=AOvVaw2-dxNzb6ePeSbHE-yZG4g6\">https:\/\/www.juntadeandalucia.<wbr \/>es\/educacion\/<wbr \/>secretariavirtual\/consultaCEP\/<wbr \/>actividad\/249922KPI008\/<\/a><\/li>\n<\/ul>\n","protected":false},"excerpt":{"rendered":"<p>Se encuentra abierto el plazo de inscripci\u00f3n en la formaci\u00f3n provincial, gestionada por el CEP de M\u00e1laga: FORMACI\u00d3N INICIAL PARA NUEVOS CENTROS BILING\u00dcES. COORDINACI\u00d3N NOVEL. C\u00f3digo: 249922KPI008 Fecha de realizaci\u00f3n: 24\/11\/2023 hasta 11\/12\/2023. Fecha inscripci\u00f3n: 08\/11\/2023 hasta 19\/11\/2023. Duraci\u00f3n: 8 horas. (4 horas presenciales + 4 no presenciales). M\u00e1s informaci\u00f3n e inscripciones en:\u00a0https:\/\/www.juntadeandalucia.es\/educacion\/secretariavirtual\/consultaCEP\/actividad\/249922KPI008\/<\/p>\n","protected":false},"author":9,"featured_media":7207,"comment_status":"closed","ping_status":"open","sticky":false,"template":"","format":"standard","meta":{"_crdt_document":"","advanced_seo_description":"","jetpack_seo_html_title":"","jetpack_seo_noindex":false,"jetpack_post_was_ever_published":false,"_jetpack_newsletter_access":"","_jetpack_dont_email_post_to_subs":false,"_jetpack_newsletter_tier_id":0,"_jetpack_memberships_contains_paywalled_content":false,"_jetpack_memberships_contains_paid_content":false,"footnotes":"","jetpack_publicize_message":"","jetpack_publicize_feature_enabled":true,"jetpack_social_post_already_shared":false,"jetpack_social_options":{"image_generator_settings":{"template":"highway","default_image_id":0,"font":"","enabled":false},"version":2}},"categories":[3,5],"tags":[],"class_list":{"0":"post-7206","1":"post","2":"type-post","3":"status-publish","4":"format-standard","5":"has-post-thumbnail","7":"category-formaciones","8":"category-noticias","9":"czr-hentry"},"jetpack_publicize_connections":[],"jetpack_featured_media_url":"https:\/\/i0.wp.com\/cepronda.com\/blog\/wp-content\/uploads\/2023\/11\/centros-bilingues.jpg?fit=1080%2C1080&ssl=1","jetpack_shortlink":"https:\/\/wp.me\/p8M4X7-1Se","jetpack-related-posts":[{"id":6060,"url":"https:\/\/cepronda.com\/blog\/formacion-inicial-para-orientadors-noveles\/","url_meta":{"origin":7206,"position":0},"title":"FORMACI\u00d3N INICIAL PARA ORIENTADOR@S NOVELES","author":"Inmaculada Garc\u00eda","date":"12 septiembre, 2023","format":false,"excerpt":"Abierto el plazo de inscripci\u00f3n para el curso provincial a distancia, organizado por el CEP de M\u00e1laga: \u00a0 \u00a0 \u00a0 \u00a0 \u00a0 \u00a0FORMACI\u00d3N INICIAL PARA ORIENTADOR@S NOVELES \u00a0 \u00a0 \u00a0 \u00a0 \u00a0 \u00a0 \u00a0 \u00a0 \u00a0 \u00a0 \u00a0 \u00a0 \u00a0 \u00a0 \u00a0 \u00a0 \u00a0 \u00a0 C\u00f3digo: 242922GE044 Curso Provincial a\u2026","rel":"","context":"En \u00abFormaciones\u00bb","block_context":{"text":"Formaciones","link":"https:\/\/cepronda.com\/blog\/category\/formaciones\/"},"img":{"alt_text":"","src":"https:\/\/i0.wp.com\/cepronda.com\/blog\/wp-content\/uploads\/2023\/09\/WhatsApp-Image-2023-09-15-at-09.23.33.jpeg?fit=1080%2C1080&ssl=1&resize=350%2C200","width":350,"height":200,"srcset":"https:\/\/i0.wp.com\/cepronda.com\/blog\/wp-content\/uploads\/2023\/09\/WhatsApp-Image-2023-09-15-at-09.23.33.jpeg?fit=1080%2C1080&ssl=1&resize=350%2C200 1x, https:\/\/i0.wp.com\/cepronda.com\/blog\/wp-content\/uploads\/2023\/09\/WhatsApp-Image-2023-09-15-at-09.23.33.jpeg?fit=1080%2C1080&ssl=1&resize=525%2C300 1.5x, https:\/\/i0.wp.com\/cepronda.com\/blog\/wp-content\/uploads\/2023\/09\/WhatsApp-Image-2023-09-15-at-09.23.33.jpeg?fit=1080%2C1080&ssl=1&resize=700%2C400 2x, https:\/\/i0.wp.com\/cepronda.com\/blog\/wp-content\/uploads\/2023\/09\/WhatsApp-Image-2023-09-15-at-09.23.33.jpeg?fit=1080%2C1080&ssl=1&resize=1050%2C600 3x"},"classes":[]},{"id":7199,"url":"https:\/\/cepronda.com\/blog\/primeros-auxilios-y-prevencion-de-incendios-1a-edicion\/","url_meta":{"origin":7206,"position":1},"title":"PRIMEROS AUXILIOS Y PREVENCI\u00d3N DE INCENDIOS. 1\u00aa EDICI\u00d3N","author":"Mamen Moreno","date":"7 noviembre, 2023","format":false,"excerpt":"Abierto el plazo de inscripci\u00f3n para la formaci\u00f3n \u201cPRIMEROS AUXILIOS Y PREVENCI\u00d3N DE INCENDIOS. 1\u00aa EDICI\u00d3N\u201d (242924GE028) Duraci\u00f3n de la actividad 8 horas: 6 horas presenciales y 2 no presenciales. Lugar de realizaci\u00f3n: Sal\u00f3n de Actos del CEP de Ronda y Parque de bomberos. Fecha inscripci\u00f3n: 7\/11\/2023 hasta 27\/11\/2023 Fecha\u2026","rel":"","context":"En \u00abFormaciones\u00bb","block_context":{"text":"Formaciones","link":"https:\/\/cepronda.com\/blog\/category\/formaciones\/"},"img":{"alt_text":"","src":"https:\/\/i0.wp.com\/cepronda.com\/blog\/wp-content\/uploads\/2023\/11\/Copia-de-Nuevo-taller-ceramica-y-hh-codigo-242924GE020.jpg?fit=1080%2C1080&ssl=1&resize=350%2C200","width":350,"height":200,"srcset":"https:\/\/i0.wp.com\/cepronda.com\/blog\/wp-content\/uploads\/2023\/11\/Copia-de-Nuevo-taller-ceramica-y-hh-codigo-242924GE020.jpg?fit=1080%2C1080&ssl=1&resize=350%2C200 1x, https:\/\/i0.wp.com\/cepronda.com\/blog\/wp-content\/uploads\/2023\/11\/Copia-de-Nuevo-taller-ceramica-y-hh-codigo-242924GE020.jpg?fit=1080%2C1080&ssl=1&resize=525%2C300 1.5x, https:\/\/i0.wp.com\/cepronda.com\/blog\/wp-content\/uploads\/2023\/11\/Copia-de-Nuevo-taller-ceramica-y-hh-codigo-242924GE020.jpg?fit=1080%2C1080&ssl=1&resize=700%2C400 2x, https:\/\/i0.wp.com\/cepronda.com\/blog\/wp-content\/uploads\/2023\/11\/Copia-de-Nuevo-taller-ceramica-y-hh-codigo-242924GE020.jpg?fit=1080%2C1080&ssl=1&resize=1050%2C600 3x"},"classes":[]},{"id":7273,"url":"https:\/\/cepronda.com\/blog\/formacion-introduccion-de-nuevos-estilos-musicales-en-conservatorios-de-musica-244127are006\/","url_meta":{"origin":7206,"position":2},"title":"FORMACI\u00d3N: INTRODUCCI\u00d3N DE NUEVOS ESTILOS MUSICALES EN CONSERVATORIOS DE M\u00daSICA (244127ARE006)","author":"Inmaculada Garc\u00eda","date":"14 diciembre, 2023","format":false,"excerpt":"Abierto el plazo de inscripci\u00f3n del curso a distancia, de car\u00e1cter regional, de 30 horas: INTRODUCCI\u00d3N DE NUEVOS ESTILOS MUSICALES EN CONSERVATORIOS DE M\u00daSICA (244127ARE006) \u00a0 \u27a1\ufe0fDirigida al PROFESORADO DE M\u00daSICA Y AAEE Fecha inscripci\u00f3n: 11\/12\/2023 hasta 21\/12\/2023 Fecha actividad: 15\/01\/2024 hasta 15\/03\/2024 \u00a0 ENLACE A DETALLE E INSCRIPCI\u00d3N: https:\/\/www.juntadeandalucia.es\/educacion\/secretariavirtual\/consultaCEP\/actividad\/244127ARE006\/","rel":"","context":"En \u00abFormaciones\u00bb","block_context":{"text":"Formaciones","link":"https:\/\/cepronda.com\/blog\/category\/formaciones\/"},"img":{"alt_text":"","src":"https:\/\/i0.wp.com\/cepronda.com\/blog\/wp-content\/uploads\/2023\/12\/410252269_2036421390074773_5177096932936590258_n.jpg?fit=1080%2C1080&ssl=1&resize=350%2C200","width":350,"height":200,"srcset":"https:\/\/i0.wp.com\/cepronda.com\/blog\/wp-content\/uploads\/2023\/12\/410252269_2036421390074773_5177096932936590258_n.jpg?fit=1080%2C1080&ssl=1&resize=350%2C200 1x, https:\/\/i0.wp.com\/cepronda.com\/blog\/wp-content\/uploads\/2023\/12\/410252269_2036421390074773_5177096932936590258_n.jpg?fit=1080%2C1080&ssl=1&resize=525%2C300 1.5x, https:\/\/i0.wp.com\/cepronda.com\/blog\/wp-content\/uploads\/2023\/12\/410252269_2036421390074773_5177096932936590258_n.jpg?fit=1080%2C1080&ssl=1&resize=700%2C400 2x, https:\/\/i0.wp.com\/cepronda.com\/blog\/wp-content\/uploads\/2023\/12\/410252269_2036421390074773_5177096932936590258_n.jpg?fit=1080%2C1080&ssl=1&resize=1050%2C600 3x"},"classes":[]},{"id":7214,"url":"https:\/\/cepronda.com\/blog\/lectura-y-escritura-creativa-herramientas-para-generar-conocimiento\/","url_meta":{"origin":7206,"position":3},"title":"LECTURA Y ESCRITURA CREATIVA. HERRAMIENTAS PARA GENERAR CONOCIMIENTO.","author":"Maribel Mu\u00f1oz","date":"17 noviembre, 2023","format":false,"excerpt":"Abierto el plazo de inscripci\u00f3n para la formaci\u00f3n\u00a0\u201cLECTURA Y ESCRITURA CREATIVA. HERRAMIENTAS PARA GENERAR CONOCIMIENTO\". C\u00d3DIGO 242924GE021. Duraci\u00f3n de la actividad 10 horas: 6 horas presenciales , 3 horas videoconferencia y 1 hora no presencial. Lugar de realizaci\u00f3n: Aula del CEP de Ronda y plataforma de videoconferencias. Fecha inscripci\u00f3n: 17\/11\/2023\u2026","rel":"","context":"En \u00abFormaciones\u00bb","block_context":{"text":"Formaciones","link":"https:\/\/cepronda.com\/blog\/category\/formaciones\/"},"img":{"alt_text":"","src":"https:\/\/i0.wp.com\/cepronda.com\/blog\/wp-content\/uploads\/2023\/11\/WhatsApp-Image-2023-11-16-at-13.08.24.jpeg?fit=650%2C652&ssl=1&resize=350%2C200","width":350,"height":200,"srcset":"https:\/\/i0.wp.com\/cepronda.com\/blog\/wp-content\/uploads\/2023\/11\/WhatsApp-Image-2023-11-16-at-13.08.24.jpeg?fit=650%2C652&ssl=1&resize=350%2C200 1x, https:\/\/i0.wp.com\/cepronda.com\/blog\/wp-content\/uploads\/2023\/11\/WhatsApp-Image-2023-11-16-at-13.08.24.jpeg?fit=650%2C652&ssl=1&resize=525%2C300 1.5x"},"classes":[]},{"id":8458,"url":"https:\/\/cepronda.com\/blog\/sistemas-de-gestion-seguridad-y-salud-en-el-trabajo\/","url_meta":{"origin":7206,"position":4},"title":"SISTEMAS DE GESTI\u00d3N SEGURIDAD Y SALUD EN EL TRABAJO","author":"Mamen Moreno","date":"5 abril, 2025","format":false,"excerpt":"Informamos de la apertura de plazo para solicitud de inscripci\u00f3n en la siguiente actividad formativa dirigida a profesorado de centros de las redes IESCA y profesorado de centros CPIFP T\u00edtulo:\u00a0SISTEMAS DE GESTI\u00d3N SEGURIDAD Y SALUD EN EL TRABAJO CONFORME A LA NORMA ISO 45001:2018 EN CENTROS EDUCATIVOS Modalidad:\u00a0Curso Semipresencial Enlace:\u00a0https:\/\/www.juntadeandalucia.es\/educacion\/secretariavirtual\/consultaCEP\/actividad\/251408FP016\/\u2026","rel":"","context":"En \u00abFormaciones\u00bb","block_context":{"text":"Formaciones","link":"https:\/\/cepronda.com\/blog\/category\/formaciones\/"},"img":{"alt_text":"","src":"https:\/\/i0.wp.com\/cepronda.com\/blog\/wp-content\/uploads\/2025\/04\/Post-de-Facebook-Inmobiliaria-Fotografico-Moderno-Azul-y-Gris-1.jpg?fit=940%2C788&ssl=1&resize=350%2C200","width":350,"height":200,"srcset":"https:\/\/i0.wp.com\/cepronda.com\/blog\/wp-content\/uploads\/2025\/04\/Post-de-Facebook-Inmobiliaria-Fotografico-Moderno-Azul-y-Gris-1.jpg?fit=940%2C788&ssl=1&resize=350%2C200 1x, https:\/\/i0.wp.com\/cepronda.com\/blog\/wp-content\/uploads\/2025\/04\/Post-de-Facebook-Inmobiliaria-Fotografico-Moderno-Azul-y-Gris-1.jpg?fit=940%2C788&ssl=1&resize=525%2C300 1.5x, https:\/\/i0.wp.com\/cepronda.com\/blog\/wp-content\/uploads\/2025\/04\/Post-de-Facebook-Inmobiliaria-Fotografico-Moderno-Azul-y-Gris-1.jpg?fit=940%2C788&ssl=1&resize=700%2C400 2x"},"classes":[]},{"id":6035,"url":"https:\/\/cepronda.com\/blog\/paisajes-artisticos-y-culturales-duodecimo-curso-de-formacion-aula-joaquin-peinado\/","url_meta":{"origin":7206,"position":5},"title":"PA\u00cdSAJES ART\u00cdSTICOS Y CULTURALES. DUOD\u00c9CIMO CURSO DE FORMACI\u00d3N AULA JOAQU\u00cdN PEINADO","author":"Mamen Moreno","date":"12 septiembre, 2023","format":false,"excerpt":"\u00a0 Abierto el plazo de inscripci\u00f3n al curso\u00a0PA\u00cdSAJES ART\u00cdSTICOS Y CULTURALES. DUOD\u00c9CIMO CURSO DE FORMACI\u00d3N AULA JOAQU\u00cdN PEINADO, organizado por Fundaci\u00f3n Unicaja. C\u00f3digo\u00a0242924GE002 Fecha de inscripci\u00f3n:\u00a012\/09\/2023 hasta 02\/10\/2023 Horas: 10 presenciales Fecha de la actividad:\u00a003\/10\/2023 hasta 24\/10\/2023 Lugar de realizaci\u00f3n:\u00a0Sal\u00f3n de actos de la Fundaci\u00f3n Unicaja (c\/Sor Angela de la\u2026","rel":"","context":"En \u00abFormaciones\u00bb","block_context":{"text":"Formaciones","link":"https:\/\/cepronda.com\/blog\/category\/formaciones\/"},"img":{"alt_text":"","src":"https:\/\/i0.wp.com\/cepronda.com\/blog\/wp-content\/uploads\/2023\/09\/paisajes-artisticos-y-culturales.-duodecimo-curso-de-formacion-aula-joaquin-peinado-1.jpg?fit=1080%2C1080&ssl=1&resize=350%2C200","width":350,"height":200,"srcset":"https:\/\/i0.wp.com\/cepronda.com\/blog\/wp-content\/uploads\/2023\/09\/paisajes-artisticos-y-culturales.-duodecimo-curso-de-formacion-aula-joaquin-peinado-1.jpg?fit=1080%2C1080&ssl=1&resize=350%2C200 1x, https:\/\/i0.wp.com\/cepronda.com\/blog\/wp-content\/uploads\/2023\/09\/paisajes-artisticos-y-culturales.-duodecimo-curso-de-formacion-aula-joaquin-peinado-1.jpg?fit=1080%2C1080&ssl=1&resize=525%2C300 1.5x, https:\/\/i0.wp.com\/cepronda.com\/blog\/wp-content\/uploads\/2023\/09\/paisajes-artisticos-y-culturales.-duodecimo-curso-de-formacion-aula-joaquin-peinado-1.jpg?fit=1080%2C1080&ssl=1&resize=700%2C400 2x, https:\/\/i0.wp.com\/cepronda.com\/blog\/wp-content\/uploads\/2023\/09\/paisajes-artisticos-y-culturales.-duodecimo-curso-de-formacion-aula-joaquin-peinado-1.jpg?fit=1080%2C1080&ssl=1&resize=1050%2C600 3x"},"classes":[]}],"jetpack_sharing_enabled":true,"_links":{"self":[{"href":"https:\/\/cepronda.com\/blog\/wp-json\/wp\/v2\/posts\/7206","targetHints":{"allow":["GET"]}}],"collection":[{"href":"https:\/\/cepronda.com\/blog\/wp-json\/wp\/v2\/posts"}],"about":[{"href":"https:\/\/cepronda.com\/blog\/wp-json\/wp\/v2\/types\/post"}],"author":[{"embeddable":true,"href":"https:\/\/cepronda.com\/blog\/wp-json\/wp\/v2\/users\/9"}],"replies":[{"embeddable":true,"href":"https:\/\/cepronda.com\/blog\/wp-json\/wp\/v2\/comments?post=7206"}],"version-history":[{"count":1,"href":"https:\/\/cepronda.com\/blog\/wp-json\/wp\/v2\/posts\/7206\/revisions"}],"predecessor-version":[{"id":7208,"href":"https:\/\/cepronda.com\/blog\/wp-json\/wp\/v2\/posts\/7206\/revisions\/7208"}],"wp:featuredmedia":[{"embeddable":true,"href":"https:\/\/cepronda.com\/blog\/wp-json\/wp\/v2\/media\/7207"}],"wp:attachment":[{"href":"https:\/\/cepronda.com\/blog\/wp-json\/wp\/v2\/media?parent=7206"}],"wp:term":[{"taxonomy":"category","embeddable":true,"href":"https:\/\/cepronda.com\/blog\/wp-json\/wp\/v2\/categories?post=7206"},{"taxonomy":"post_tag","embeddable":true,"href":"https:\/\/cepronda.com\/blog\/wp-json\/wp\/v2\/tags?post=7206"}],"curies":[{"name":"wp","href":"https:\/\/api.w.org\/{rel}","templated":true}]}}