{"id":7203,"date":"2023-11-10T11:56:34","date_gmt":"2023-11-10T10:56:34","guid":{"rendered":"https:\/\/cepronda.com\/blog\/?p=7203"},"modified":"2023-11-10T11:56:34","modified_gmt":"2023-11-10T10:56:34","slug":"ii-congreso-internacional-de-innovacion-educativa-2ciieand","status":"publish","type":"post","link":"https:\/\/cepronda.com\/blog\/ii-congreso-internacional-de-innovacion-educativa-2ciieand\/","title":{"rendered":"II Congreso Internacional de Innovaci\u00f3n Educativa #2CIIEAND."},"content":{"rendered":"<p><span class=\"x3nfvp2 x1j61x8r x1fcty0u xdj266r xhhsvwb xat24cr xgzva0m xxymvpz xlup9mm x1kky2od\"><img loading=\"lazy\" decoding=\"async\" class=\"xz74otr\" src=\"https:\/\/static.xx.fbcdn.net\/images\/emoji.php\/v9\/t3c\/1\/16\/1f4a1.png\" alt=\"\" width=\"16\" height=\"16\" \/><\/span> El 15 y el 16 de diciembre tendr\u00e1 lugar en M\u00e1laga el II Congreso Internacional de Innovaci\u00f3n Educativa #2CIIEAND. Hoy se abre la inscripci\u00f3n en la web de la Consejer\u00eda. Solicita tu plaza aqu\u00ed. <span class=\"x3nfvp2 x1j61x8r x1fcty0u xdj266r xhhsvwb xat24cr xgzva0m xxymvpz xlup9mm x1kky2od\"><img loading=\"lazy\" decoding=\"async\" class=\"xz74otr\" src=\"https:\/\/static.xx.fbcdn.net\/images\/emoji.php\/v9\/t9e\/1\/16\/27a1.png\" alt=\"\u27a1\ufe0f\" width=\"16\" height=\"16\" \/><\/span> <a class=\"x1i10hfl xjbqb8w x6umtig x1b1mbwd xaqea5y xav7gou x9f619 x1ypdohk xt0psk2 xe8uvvx xdj266r x11i5rnm xat24cr x1mh8g0r xexx8yu x4uap5 x18d9i69 xkhd6sd x16tdsg8 x1hl2dhg xggy1nq x1a2a7pz xt0b8zv x1fey0fg\" tabindex=\"0\" role=\"link\" href=\"https:\/\/lajunta.es\/4gvmb?fbclid=IwAR2IeQgpXLjl-Li47chVRslgUeJ-Sg6WOaVa-0D3i71-kMRmWcMAscbDouQ\" target=\"_blank\" rel=\"nofollow noopener noreferrer\">https:\/\/lajunta.es\/4gvmb<\/a><\/p>\n","protected":false},"excerpt":{"rendered":"<p>El 15 y el 16 de diciembre tendr\u00e1 lugar en M\u00e1laga el II Congreso Internacional de Innovaci\u00f3n Educativa #2CIIEAND. Hoy se abre la inscripci\u00f3n en la web de la Consejer\u00eda. Solicita tu plaza aqu\u00ed. https:\/\/lajunta.es\/4gvmb<\/p>\n","protected":false},"author":9,"featured_media":7204,"comment_status":"closed","ping_status":"open","sticky":false,"template":"","format":"standard","meta":{"_crdt_document":"","advanced_seo_description":"","jetpack_seo_html_title":"","jetpack_seo_noindex":false,"jetpack_post_was_ever_published":false,"_jetpack_newsletter_access":"","_jetpack_dont_email_post_to_subs":false,"_jetpack_newsletter_tier_id":0,"_jetpack_memberships_contains_paywalled_content":false,"_jetpack_memberships_contains_paid_content":false,"footnotes":"","jetpack_publicize_message":"","jetpack_publicize_feature_enabled":true,"jetpack_social_post_already_shared":false,"jetpack_social_options":{"image_generator_settings":{"template":"highway","default_image_id":0,"font":"","enabled":false},"version":2}},"categories":[5],"tags":[],"class_list":{"0":"post-7203","1":"post","2":"type-post","3":"status-publish","4":"format-standard","5":"has-post-thumbnail","7":"category-noticias","8":"czr-hentry"},"jetpack_publicize_connections":[],"jetpack_featured_media_url":"https:\/\/i0.wp.com\/cepronda.com\/blog\/wp-content\/uploads\/2023\/11\/II-congrso-internacionesl.jpg?fit=680%2C589&ssl=1","jetpack_shortlink":"https:\/\/wp.me\/p8M4X7-1Sb","jetpack-related-posts":[{"id":4840,"url":"https:\/\/cepronda.com\/blog\/i-congreso-internacional-de-innovacion-educativa-en-andalucia\/","url_meta":{"origin":7203,"position":0},"title":"I CONGRESO INTERNACIONAL DE INNOVACI\u00d3N EDUCATIVA EN ANDALUC\u00cdA","author":"Maribel Mu\u00f1oz","date":"30 octubre, 2021","format":false,"excerpt":"Buenos d\u00edas compa\u00f1eras y compa\u00f1eros, Os informamos que est\u00e1 abierto el plazo de inscripci\u00f3n en el I CONGRESO INTERNACIONAL DE INNOVACI\u00d3N EDUCATIVA EN ANDALUC\u00cdA \u00a0con c\u00f3digo 229922PF002. Es una actividad de \u00e1mbito REGIONAL.\u00a0 Se desarrollar\u00e1 en el FYCMA. Palacio de Ferias y Congresos de M\u00e1laga. Hay un total de 400\u2026","rel":"","context":"En \u00abFormaciones\u00bb","block_context":{"text":"Formaciones","link":"https:\/\/cepronda.com\/blog\/category\/formaciones\/"},"img":{"alt_text":"","src":"https:\/\/i0.wp.com\/cepronda.com\/blog\/wp-content\/uploads\/2021\/10\/Congreso-300x196.jpg?resize=350%2C200","width":350,"height":200},"classes":[]},{"id":6101,"url":"https:\/\/cepronda.com\/blog\/ii-congreso-de-educacion-y-flamenco-innovacion-investigacion-y-transformacion\/","url_meta":{"origin":7203,"position":1},"title":"*II CONGRESO DE EDUCACI\u00d3N Y FLAMENCO. INNOVACI\u00d3N, INVESTIGACI\u00d3N Y TRANSFORMACI\u00d3N*","author":"Inmaculada Garc\u00eda","date":"16 octubre, 2023","format":false,"excerpt":"Hasta el pr\u00f3ximo 23 de Octubre a las 14:00 h. se encuentra abierto el plazo de inscripci\u00f3n para la actividad formativa REGIONAL: *II CONGRESO DE EDUCACI\u00d3N Y FLAMENCO. INNOVACI\u00d3N, INVESTIGACI\u00d3N Y TRANSFORMACI\u00d3N* (242319GE001). Esta formaci\u00f3n se desarrollar\u00e1 de forma *presencial en Ja\u00e9n durante los d\u00edas 22, 23 y 24 de\u2026","rel":"","context":"En \u00abFormaciones\u00bb","block_context":{"text":"Formaciones","link":"https:\/\/cepronda.com\/blog\/category\/formaciones\/"},"img":{"alt_text":"","src":"https:\/\/i0.wp.com\/cepronda.com\/blog\/wp-content\/uploads\/2023\/10\/WhatsApp-Image-2023-10-13-at-09.28.51.jpeg?fit=398%2C760&ssl=1&resize=350%2C200","width":350,"height":200},"classes":[]},{"id":3731,"url":"https:\/\/cepronda.com\/blog\/programas-para-la-innovacion-educativa\/","url_meta":{"origin":7203,"position":2},"title":"Programas para la Innovaci\u00f3n Educativa","author":"Mar\u00eda Jos\u00e9 M\u00e1rquez","date":"10 septiembre, 2020","format":false,"excerpt":"Buenos d\u00edas compa\u00f1eras y compa\u00f1eros, os recordamos que , hasta el 30 de septiembre, est\u00e1 abierto el plazo de inscripci\u00f3n para participar en la convocatoria de los Programas para la Innovaci\u00f3n Educativa para el curso 2020\/2021. Se solicitar\u00e1n a trav\u00e9s de la plataforma S\u00e9neca siguiendo la ruta: Centro\/Planes y Proyectos\u2026","rel":"","context":"En \u00abNoticias\u00bb","block_context":{"text":"Noticias","link":"https:\/\/cepronda.com\/blog\/category\/noticias\/"},"img":{"alt_text":"","src":"https:\/\/i0.wp.com\/cepronda.com\/blog\/wp-content\/uploads\/2020\/09\/Programas-educativos.png?fit=795%2C794&ssl=1&resize=350%2C200","width":350,"height":200,"srcset":"https:\/\/i0.wp.com\/cepronda.com\/blog\/wp-content\/uploads\/2020\/09\/Programas-educativos.png?fit=795%2C794&ssl=1&resize=350%2C200 1x, https:\/\/i0.wp.com\/cepronda.com\/blog\/wp-content\/uploads\/2020\/09\/Programas-educativos.png?fit=795%2C794&ssl=1&resize=525%2C300 1.5x, https:\/\/i0.wp.com\/cepronda.com\/blog\/wp-content\/uploads\/2020\/09\/Programas-educativos.png?fit=795%2C794&ssl=1&resize=700%2C400 2x"},"classes":[]},{"id":4387,"url":"https:\/\/cepronda.com\/blog\/plan-estrategico-de-innovacion-educativa-2021-2027\/","url_meta":{"origin":7203,"position":3},"title":"Plan Estrat\u00e9gico de Innovaci\u00f3n Educativa 2021-2027","author":"Maribel Mu\u00f1oz","date":"9 abril, 2021","format":false,"excerpt":"Buenos d\u00edas compa\u00f1eras y compa\u00f1eros, Os recordamos que ten\u00e9is en SENECA el formulario para conocer el grado de innovaci\u00f3n de los centros andaluces. No obstante aqu\u00ed ten\u00e9is el enlace: https:\/\/ec.europa.eu\/eusurvey\/runner\/InnoEdu El plazo para la cumplimentaci\u00f3n del cuestionario por parte de los docentes finaliza el martes 20 de abril (23.59). Os\u2026","rel":"","context":"En \u00abFormaciones\u00bb","block_context":{"text":"Formaciones","link":"https:\/\/cepronda.com\/blog\/category\/formaciones\/"},"img":{"alt_text":"","src":"https:\/\/i0.wp.com\/cepronda.com\/blog\/wp-content\/uploads\/2020\/03\/S%C2%B0mbolo-gen%C3%87rico-RRSS-redondo-negativo.png?fit=1200%2C1200&ssl=1&resize=350%2C200","width":350,"height":200,"srcset":"https:\/\/i0.wp.com\/cepronda.com\/blog\/wp-content\/uploads\/2020\/03\/S%C2%B0mbolo-gen%C3%87rico-RRSS-redondo-negativo.png?fit=1200%2C1200&ssl=1&resize=350%2C200 1x, https:\/\/i0.wp.com\/cepronda.com\/blog\/wp-content\/uploads\/2020\/03\/S%C2%B0mbolo-gen%C3%87rico-RRSS-redondo-negativo.png?fit=1200%2C1200&ssl=1&resize=525%2C300 1.5x, https:\/\/i0.wp.com\/cepronda.com\/blog\/wp-content\/uploads\/2020\/03\/S%C2%B0mbolo-gen%C3%87rico-RRSS-redondo-negativo.png?fit=1200%2C1200&ssl=1&resize=700%2C400 2x, https:\/\/i0.wp.com\/cepronda.com\/blog\/wp-content\/uploads\/2020\/03\/S%C2%B0mbolo-gen%C3%87rico-RRSS-redondo-negativo.png?fit=1200%2C1200&ssl=1&resize=1050%2C600 3x"},"classes":[]},{"id":5425,"url":"https:\/\/cepronda.com\/blog\/programas-para-la-innovacion-educativa-2\/","url_meta":{"origin":7203,"position":4},"title":"PROGRAMAS PARA LA INNOVACI\u00d3N EDUCATIVA.","author":"Inmaculada Garc\u00eda","date":"7 septiembre, 2022","format":false,"excerpt":"Buenos d\u00edas compa\u00f1eras y compa\u00f1eros Os informamos que se ha publicado la convocatoria de Programas para la Innovaci\u00f3n Educativa, regulados por las Instrucciones de 30 de junio de 2014 de la Secretar\u00eda General de Educaci\u00f3n, para el curso acad\u00e9mico 2022\/2023, tal y como establece la 31 DE AGOSTO DE 2022.\u2026","rel":"","context":"En \u00abNoticias\u00bb","block_context":{"text":"Noticias","link":"https:\/\/cepronda.com\/blog\/category\/noticias\/"},"img":{"alt_text":"","src":"https:\/\/i0.wp.com\/cepronda.com\/blog\/wp-content\/uploads\/2022\/09\/Copia-de-ESTANCIAS-FORMATIVAS-EN-EMPRESAS-PARA-EL-PROFESORADO-DE-FORMACION-PROFESIONAL-3.png?fit=1080%2C1080&ssl=1&resize=350%2C200","width":350,"height":200,"srcset":"https:\/\/i0.wp.com\/cepronda.com\/blog\/wp-content\/uploads\/2022\/09\/Copia-de-ESTANCIAS-FORMATIVAS-EN-EMPRESAS-PARA-EL-PROFESORADO-DE-FORMACION-PROFESIONAL-3.png?fit=1080%2C1080&ssl=1&resize=350%2C200 1x, https:\/\/i0.wp.com\/cepronda.com\/blog\/wp-content\/uploads\/2022\/09\/Copia-de-ESTANCIAS-FORMATIVAS-EN-EMPRESAS-PARA-EL-PROFESORADO-DE-FORMACION-PROFESIONAL-3.png?fit=1080%2C1080&ssl=1&resize=525%2C300 1.5x, https:\/\/i0.wp.com\/cepronda.com\/blog\/wp-content\/uploads\/2022\/09\/Copia-de-ESTANCIAS-FORMATIVAS-EN-EMPRESAS-PARA-EL-PROFESORADO-DE-FORMACION-PROFESIONAL-3.png?fit=1080%2C1080&ssl=1&resize=700%2C400 2x, https:\/\/i0.wp.com\/cepronda.com\/blog\/wp-content\/uploads\/2022\/09\/Copia-de-ESTANCIAS-FORMATIVAS-EN-EMPRESAS-PARA-EL-PROFESORADO-DE-FORMACION-PROFESIONAL-3.png?fit=1080%2C1080&ssl=1&resize=1050%2C600 3x"},"classes":[]},{"id":3777,"url":"https:\/\/cepronda.com\/blog\/grupos-de-trabajo-formacion-en-centros-programas-para-la-innovacion-educativa\/","url_meta":{"origin":7203,"position":5},"title":"Grupos de trabajo. Formaci\u00f3n en centros. Programas para la innovaci\u00f3n educativa.","author":"Maribel Mu\u00f1oz","date":"28 septiembre, 2020","format":false,"excerpt":"Buenos d\u00edas compa\u00f1eras y compa\u00f1eros, Os informamos que est\u00e1 abierto el plazo para solicitar Grupos de Trabajo y as\u00ed como Formaci\u00f3n en Centros. Estas dos modalidades de autoformaci\u00f3n se solicitan v\u00eda S\u00e9neca. Adjuntamos las instrucciones publicadas ( GT y FC) . Tambi\u00e9n os hacemos llegar las instrucciones relativas a la\u2026","rel":"","context":"En \u00abFormaciones\u00bb","block_context":{"text":"Formaciones","link":"https:\/\/cepronda.com\/blog\/category\/formaciones\/"},"img":{"alt_text":"","src":"https:\/\/i0.wp.com\/cepronda.com\/blog\/wp-content\/uploads\/2020\/09\/Logo-progamas-de-formacion-oficial.jpg?resize=350%2C200","width":350,"height":200},"classes":[]}],"jetpack_sharing_enabled":true,"_links":{"self":[{"href":"https:\/\/cepronda.com\/blog\/wp-json\/wp\/v2\/posts\/7203","targetHints":{"allow":["GET"]}}],"collection":[{"href":"https:\/\/cepronda.com\/blog\/wp-json\/wp\/v2\/posts"}],"about":[{"href":"https:\/\/cepronda.com\/blog\/wp-json\/wp\/v2\/types\/post"}],"author":[{"embeddable":true,"href":"https:\/\/cepronda.com\/blog\/wp-json\/wp\/v2\/users\/9"}],"replies":[{"embeddable":true,"href":"https:\/\/cepronda.com\/blog\/wp-json\/wp\/v2\/comments?post=7203"}],"version-history":[{"count":1,"href":"https:\/\/cepronda.com\/blog\/wp-json\/wp\/v2\/posts\/7203\/revisions"}],"predecessor-version":[{"id":7205,"href":"https:\/\/cepronda.com\/blog\/wp-json\/wp\/v2\/posts\/7203\/revisions\/7205"}],"wp:featuredmedia":[{"embeddable":true,"href":"https:\/\/cepronda.com\/blog\/wp-json\/wp\/v2\/media\/7204"}],"wp:attachment":[{"href":"https:\/\/cepronda.com\/blog\/wp-json\/wp\/v2\/media?parent=7203"}],"wp:term":[{"taxonomy":"category","embeddable":true,"href":"https:\/\/cepronda.com\/blog\/wp-json\/wp\/v2\/categories?post=7203"},{"taxonomy":"post_tag","embeddable":true,"href":"https:\/\/cepronda.com\/blog\/wp-json\/wp\/v2\/tags?post=7203"}],"curies":[{"name":"wp","href":"https:\/\/api.w.org\/{rel}","templated":true}]}}