{"id":7180,"date":"2023-10-30T10:27:16","date_gmt":"2023-10-30T09:27:16","guid":{"rendered":"https:\/\/cepronda.com\/blog\/?p=7180"},"modified":"2025-04-28T11:48:14","modified_gmt":"2025-04-28T09:48:14","slug":"itinerario-para-el-desarrollo-de-la-competencia-matematica-cursos-2","status":"publish","type":"post","link":"https:\/\/cepronda.com\/blog\/itinerario-para-el-desarrollo-de-la-competencia-matematica-cursos-2\/","title":{"rendered":"ITINERARIO PARA EL DESARROLLO DE LA COMPETENCIA MATEM\u00c1TICA (CURSOS)"},"content":{"rendered":"<p>Desde el CEP de Ronda informamos que <strong>hoy, 30 de octubre, es el \u00faltimo d\u00eda para inscribirse<\/strong> en los cursos de matem\u00e1ticas manipulativas (Infantil y Primaria).<br \/>\nPor otro lado tambi\u00e9n informamos que los cursos de ABN (Infantil y Primaria) se aplazan para el 2\u00ba trimestre por el bajo n\u00famero de inscritos que hace imposible su edici\u00f3n.<br \/>\nGracias y disculpen las molestias.<\/p>\n<p>Las citadas formaciones se desarrollar\u00e1n en el <strong>CEP de Ronda de con una duraci\u00f3n de 10h presenciales + 3 horas no presenciales (tareas)<\/strong><\/p>\n<hr \/>\n<p><strong>1) MATEM\u00c1TICAS MANIPULATIVAS EN <em>EDUCACI\u00d3N INFANTIL<\/em>\u00a0<\/strong>(<a href=\"https:\/\/www.juntadeandalucia.es\/educacion\/secretariavirtual\/consultaCEP\/actividad\/242924GE009\/\">Enlace para inscripci\u00f3n y detalle<\/a>)<\/p>\n<p><strong>PONENTE:<\/strong> Luz Marina Rodr\u00edguez<\/p>\n<p><strong>SESIONES PRESENCIALES: <\/strong>M7\/11\/2023, M14\/11\/2023, M21\/11\/2023, M28\/11\/2023 de 17h a 19:30h<strong><br \/>\n<\/strong><\/p>\n<hr \/>\n<p><strong>2) MATEM\u00c1TICAS MANIPULATIVAS EN <em>EDUCACI\u00d3N PRIMARIA<\/em>\u00a0<\/strong>(<a href=\"https:\/\/www.juntadeandalucia.es\/educacion\/secretariavirtual\/consultaCEP\/actividad\/242924GE010\/\">Enlace para inscripci\u00f3n y detalle<\/a>)<\/p>\n<p><strong>PONENTE:<\/strong> Manuel Arce<\/p>\n<p><strong>SESIONES PRESENCIALES: <\/strong>M14\/11\/2023, X15\/11\/2023, M21\/11\/2023, M28\/11\/2023 de 17h a 19:30h<\/p>\n<hr \/>\n<p><strong>3) ABN EN INFANTIL Y EDUCACI\u00d3N ESPECIAL\u00a0<\/strong><\/p>\n<p><strong>PONENTE:<\/strong> Fabiola Heredia y Basi Guijarro<\/p>\n<p><strong>SESIONES PRESENCIALES: <\/strong>2\u00ba trimestre<\/p>\n<hr \/>\n<p><strong>3) ABN EN PRIMARIA.\u00a0<\/strong><\/p>\n<p><strong>PONENTE:<\/strong> Marisa Risue\u00f1o<\/p>\n<p><strong>SESIONES PRESENCIALES: <\/strong>2\u00ba trimestre<\/p>\n<p>&nbsp;<\/p>\n<p>&nbsp;<\/p>\n<p>Deseamos que sean de vuestro inter\u00e9s.<\/p>\n<p><img data-recalc-dims=\"1\" loading=\"lazy\" decoding=\"async\" class=\"aligncenter wp-image-7181\" src=\"https:\/\/i0.wp.com\/cepronda.com\/blog\/wp-content\/uploads\/2023\/10\/Cartel-Matematicas-aplazado.png?resize=750%2C750&#038;ssl=1\" alt=\"\" width=\"750\" height=\"750\" srcset=\"https:\/\/i0.wp.com\/cepronda.com\/blog\/wp-content\/uploads\/2023\/10\/Cartel-Matematicas-aplazado.png?w=1080&amp;ssl=1 1080w, https:\/\/i0.wp.com\/cepronda.com\/blog\/wp-content\/uploads\/2023\/10\/Cartel-Matematicas-aplazado.png?resize=300%2C300&amp;ssl=1 300w, https:\/\/i0.wp.com\/cepronda.com\/blog\/wp-content\/uploads\/2023\/10\/Cartel-Matematicas-aplazado.png?resize=1024%2C1024&amp;ssl=1 1024w, https:\/\/i0.wp.com\/cepronda.com\/blog\/wp-content\/uploads\/2023\/10\/Cartel-Matematicas-aplazado.png?resize=150%2C150&amp;ssl=1 150w, https:\/\/i0.wp.com\/cepronda.com\/blog\/wp-content\/uploads\/2023\/10\/Cartel-Matematicas-aplazado.png?resize=768%2C768&amp;ssl=1 768w, https:\/\/i0.wp.com\/cepronda.com\/blog\/wp-content\/uploads\/2023\/10\/Cartel-Matematicas-aplazado.png?resize=50%2C50&amp;ssl=1 50w\" sizes=\"auto, (max-width: 750px) 100vw, 750px\" \/><\/p>\n<p>&nbsp;<\/p>\n","protected":false},"excerpt":{"rendered":"<p>Desde el CEP de Ronda informamos que hoy, 30 de octubre, es el \u00faltimo d\u00eda para inscribirse en los cursos de matem\u00e1ticas manipulativas (Infantil y Primaria). Por otro lado tambi\u00e9n informamos que los cursos de ABN (Infantil y Primaria) se aplazan para el 2\u00ba trimestre por el bajo n\u00famero de inscritos que hace imposible su [&hellip;]<\/p>\n","protected":false},"author":3,"featured_media":7181,"comment_status":"closed","ping_status":"open","sticky":false,"template":"","format":"standard","meta":{"_crdt_document":"","advanced_seo_description":"","jetpack_seo_html_title":"","jetpack_seo_noindex":false,"jetpack_post_was_ever_published":false,"_jetpack_newsletter_access":"","_jetpack_dont_email_post_to_subs":false,"_jetpack_newsletter_tier_id":0,"_jetpack_memberships_contains_paywalled_content":false,"_jetpack_memberships_contains_paid_content":false,"footnotes":"","jetpack_publicize_message":"","jetpack_publicize_feature_enabled":true,"jetpack_social_post_already_shared":false,"jetpack_social_options":{"image_generator_settings":{"template":"highway","default_image_id":0,"font":"","enabled":false},"version":2}},"categories":[3,5],"tags":[],"class_list":{"0":"post-7180","1":"post","2":"type-post","3":"status-publish","4":"format-standard","5":"has-post-thumbnail","7":"category-formaciones","8":"category-noticias","9":"czr-hentry"},"jetpack_publicize_connections":[],"jetpack_featured_media_url":"https:\/\/i0.wp.com\/cepronda.com\/blog\/wp-content\/uploads\/2023\/10\/Cartel-Matematicas-aplazado.png?fit=1080%2C1080&ssl=1","jetpack_shortlink":"https:\/\/wp.me\/p8M4X7-1RO","jetpack-related-posts":[{"id":6089,"url":"https:\/\/cepronda.com\/blog\/itinerario-para-el-desarrollo-de-la-competencia-matematica-cursos\/","url_meta":{"origin":7180,"position":0},"title":"ITINERARIO PARA EL DESARROLLO DE LA COMPETENCIA MATEM\u00c1TICA (CURSOS)","author":"V\u00edctor Caballero","date":"11 octubre, 2023","format":false,"excerpt":"Os informamos que se encuentra abierto el plazo de inscripci\u00f3n hasta el 30 de octubre para todas las formaciones relacionadas con el ITINERARIO PARA EL DESARROLLO DE LA COMPETENCIA MATEM\u00c1TICA compuesto por las siguientes formaciones: Todas las formaciones se desarrollar\u00e1n en el CEP de Ronda de con una duraci\u00f3n de\u2026","rel":"","context":"En \u00abFormaciones\u00bb","block_context":{"text":"Formaciones","link":"https:\/\/cepronda.com\/blog\/category\/formaciones\/"},"img":{"alt_text":"","src":"https:\/\/i0.wp.com\/cepronda.com\/blog\/wp-content\/uploads\/2023\/10\/Cartel-mates-simple.png?fit=1080%2C1080&ssl=1&resize=350%2C200","width":350,"height":200,"srcset":"https:\/\/i0.wp.com\/cepronda.com\/blog\/wp-content\/uploads\/2023\/10\/Cartel-mates-simple.png?fit=1080%2C1080&ssl=1&resize=350%2C200 1x, https:\/\/i0.wp.com\/cepronda.com\/blog\/wp-content\/uploads\/2023\/10\/Cartel-mates-simple.png?fit=1080%2C1080&ssl=1&resize=525%2C300 1.5x, https:\/\/i0.wp.com\/cepronda.com\/blog\/wp-content\/uploads\/2023\/10\/Cartel-mates-simple.png?fit=1080%2C1080&ssl=1&resize=700%2C400 2x, https:\/\/i0.wp.com\/cepronda.com\/blog\/wp-content\/uploads\/2023\/10\/Cartel-mates-simple.png?fit=1080%2C1080&ssl=1&resize=1050%2C600 3x"},"classes":[]},{"id":4764,"url":"https:\/\/cepronda.com\/blog\/matematicas-manipulativas-desarrollo-de-la-competencia-matematica-infantil-y-primaria\/","url_meta":{"origin":7180,"position":1},"title":"MATEM\u00c1TICAS MANIPULATIVAS: DESARROLLO DE LA COMPETENCIA MATEM\u00c1TICA INFANTIL Y PRIMARIA","author":"V\u00edctor Caballero","date":"15 octubre, 2021","format":false,"excerpt":"Buenos d\u00edas. Os informamos que est\u00e1 abierto el plazo de inscripci\u00f3n de la formaci\u00f3n\u00a0 MATEM\u00c1TICAS MANIPULATIVAS: DESARROLLO DE LA COMPETENCIA MATEM\u00c1TICA INFANTIL Y PRIMARIA (C\u00f3digo: 222924GE043).\u00a0 Las fechas de inscripci\u00f3n son las comprendidas del 15 al 28 de octubre de 2021. La actividad se llevar\u00e1 a cabo los d\u00edas siguientes:\u2026","rel":"","context":"En \u00abFormaciones\u00bb","block_context":{"text":"Formaciones","link":"https:\/\/cepronda.com\/blog\/category\/formaciones\/"},"img":{"alt_text":"","src":"https:\/\/i0.wp.com\/cepronda.com\/blog\/wp-content\/uploads\/2021\/10\/Captura-de-pantalla-2021-10-15-a-las-13.52.24.png?fit=681%2C964&ssl=1&resize=350%2C200","width":350,"height":200,"srcset":"https:\/\/i0.wp.com\/cepronda.com\/blog\/wp-content\/uploads\/2021\/10\/Captura-de-pantalla-2021-10-15-a-las-13.52.24.png?fit=681%2C964&ssl=1&resize=350%2C200 1x, https:\/\/i0.wp.com\/cepronda.com\/blog\/wp-content\/uploads\/2021\/10\/Captura-de-pantalla-2021-10-15-a-las-13.52.24.png?fit=681%2C964&ssl=1&resize=525%2C300 1.5x"},"classes":[]},{"id":3441,"url":"https:\/\/cepronda.com\/blog\/matematicas-manipulativas-y-resolucion-de-problemas-en-el-aula-de-educacion-primaria\/","url_meta":{"origin":7180,"position":2},"title":"MATEM\u00c1TICAS  MANIPULATIVAS Y RESOLUCI\u00d3N DE PROBLEMAS EN EL AULA DE EDUCACI\u00d3N PRIMARIA","author":"V\u00edctor Caballero","date":"20 febrero, 2020","format":false,"excerpt":"Buenas familia, Antes de irnos a nuestro merecid\u00edsimo descanso os dejamos con el plazo de isncripci\u00f3n abierto para el curso \" MATEM\u00c1TICAS MANIPULATIVAS Y RESOLUCI\u00d3N DE PROBLEMAS EN EL AULA DE EDUCACI\u00d3N PRIMARIA\". Para ver los detalles, fechas y poder inscribiros s\u00f3lo ten\u00e9is que seguir este enlace.","rel":"","context":"En \u00abFormaciones\u00bb","block_context":{"text":"Formaciones","link":"https:\/\/cepronda.com\/blog\/category\/formaciones\/"},"img":{"alt_text":"","src":"https:\/\/i0.wp.com\/cepronda.com\/blog\/wp-content\/uploads\/2020\/02\/matematicas.png?fit=528%2C747&ssl=1&resize=350%2C200","width":350,"height":200,"srcset":"https:\/\/i0.wp.com\/cepronda.com\/blog\/wp-content\/uploads\/2020\/02\/matematicas.png?fit=528%2C747&ssl=1&resize=350%2C200 1x, https:\/\/i0.wp.com\/cepronda.com\/blog\/wp-content\/uploads\/2020\/02\/matematicas.png?fit=528%2C747&ssl=1&resize=525%2C300 1.5x"},"classes":[]},{"id":7998,"url":"https:\/\/cepronda.com\/blog\/didactica-de-las-matematicas-en-primaria-resolucion-de-problemas\/","url_meta":{"origin":7180,"position":3},"title":"DID\u00c1CTICA DE LAS MATEM\u00c1TICAS EN PRIMARIA: RESOLUCI\u00d3N DE PROBLEMAS","author":"V\u00edctor Caballero","date":"8 enero, 2025","format":false,"excerpt":"Abierto el plazo de inscripciones en la actividad presencial \"DID\u00c1CTICA DE LAS MATEM\u00c1TICAS EN PRIMARIA: RESOLUCI\u00d3N DE PROBLEMAS.\"\u00a0 con c\u00f3digo 252924GE102 Duraci\u00f3n de la actividad: 9h presenciales Fecha de inscripci\u00f3n:\u00a0 hasta el lunes 20\/01\/2025 Fechas de las sesiones: X29\/01, X05\/02, X12\/02\u00a0 en horario de 16:30-19:30h Profesorado destinatario: Primaria Lugar de\u2026","rel":"","context":"En \u00abFormaciones\u00bb","block_context":{"text":"Formaciones","link":"https:\/\/cepronda.com\/blog\/category\/formaciones\/"},"img":{"alt_text":"","src":"https:\/\/i0.wp.com\/cepronda.com\/blog\/wp-content\/uploads\/2025\/01\/252924GE102-Cartel-curso-matematicas-primaria.png?fit=1080%2C1080&ssl=1&resize=350%2C200","width":350,"height":200,"srcset":"https:\/\/i0.wp.com\/cepronda.com\/blog\/wp-content\/uploads\/2025\/01\/252924GE102-Cartel-curso-matematicas-primaria.png?fit=1080%2C1080&ssl=1&resize=350%2C200 1x, https:\/\/i0.wp.com\/cepronda.com\/blog\/wp-content\/uploads\/2025\/01\/252924GE102-Cartel-curso-matematicas-primaria.png?fit=1080%2C1080&ssl=1&resize=525%2C300 1.5x, https:\/\/i0.wp.com\/cepronda.com\/blog\/wp-content\/uploads\/2025\/01\/252924GE102-Cartel-curso-matematicas-primaria.png?fit=1080%2C1080&ssl=1&resize=700%2C400 2x, https:\/\/i0.wp.com\/cepronda.com\/blog\/wp-content\/uploads\/2025\/01\/252924GE102-Cartel-curso-matematicas-primaria.png?fit=1080%2C1080&ssl=1&resize=1050%2C600 3x"},"classes":[]},{"id":4941,"url":"https:\/\/cepronda.com\/blog\/abn-en-primaria-desarrollo-de-la-competencia-matematica\/","url_meta":{"origin":7180,"position":4},"title":"ABN EN PRIMARIA: DESARROLLO DE LA COMPETENCIA MATEM\u00c1TICA","author":"V\u00edctor Caballero","date":"10 enero, 2022","format":false,"excerpt":"Buenas tardes compa\u00f1eros y compa\u00f1eras. Os informamos de la apertura de solicitudes para un curso muy interesante sobre: ABN EN PRIMARIA: DESARROLLO DE LA COMPETENCIA MATEM\u00c1TICA (222924GE044) Curso de 13 h totales 4 sesiones de 2,5 horas presenciales. Y 3 horas no presenciales con tareas SESIONES: M08\/02 (17 a 19:30h)\u2026","rel":"","context":"En \u00abFormaciones\u00bb","block_context":{"text":"Formaciones","link":"https:\/\/cepronda.com\/blog\/category\/formaciones\/"},"img":{"alt_text":"","src":"https:\/\/i0.wp.com\/cepronda.com\/blog\/wp-content\/uploads\/2022\/01\/20220208-Cartel-222924GE044-ABN-Primaria-724x1024.png?resize=350%2C200","width":350,"height":200,"srcset":"https:\/\/i0.wp.com\/cepronda.com\/blog\/wp-content\/uploads\/2022\/01\/20220208-Cartel-222924GE044-ABN-Primaria-724x1024.png?resize=350%2C200 1x, https:\/\/i0.wp.com\/cepronda.com\/blog\/wp-content\/uploads\/2022\/01\/20220208-Cartel-222924GE044-ABN-Primaria-724x1024.png?resize=525%2C300 1.5x, https:\/\/i0.wp.com\/cepronda.com\/blog\/wp-content\/uploads\/2022\/01\/20220208-Cartel-222924GE044-ABN-Primaria-724x1024.png?resize=700%2C400 2x"},"classes":[]},{"id":4937,"url":"https:\/\/cepronda.com\/blog\/abn-en-infantil-y-educacion-especial-desarrollo-de-la-competencia-matematica\/","url_meta":{"origin":7180,"position":5},"title":"ABN EN INFANTIL Y EDUCACI\u00d3N ESPECIAL: DESARROLLO DE LA COMPETENCIA MATEM\u00c1TICA","author":"V\u00edctor Caballero","date":"10 enero, 2022","format":false,"excerpt":"Buenas tardes compa\u00f1eros y compa\u00f1eras. Os informamos de la apertura de solicitudes para un curso muy interesante sobre: ABN EN INFANTIL Y EDUCACI\u00d3N ESPECIAL: DESARROLLO DE LA COMPETENCIA MATEM\u00c1TICA (222924GE045) Curso de 13 h totales 4 sesiones de 2,5 horas presenciales (2 de ellas por videoconferencias) Y 3 horas no\u2026","rel":"","context":"En \u00abFormaciones\u00bb","block_context":{"text":"Formaciones","link":"https:\/\/cepronda.com\/blog\/category\/formaciones\/"},"img":{"alt_text":"","src":"https:\/\/i0.wp.com\/cepronda.com\/blog\/wp-content\/uploads\/2022\/01\/20220208-Cartel-222924GE045-ABN-Infantil-y-EE.png?fit=848%2C1200&ssl=1&resize=350%2C200","width":350,"height":200,"srcset":"https:\/\/i0.wp.com\/cepronda.com\/blog\/wp-content\/uploads\/2022\/01\/20220208-Cartel-222924GE045-ABN-Infantil-y-EE.png?fit=848%2C1200&ssl=1&resize=350%2C200 1x, https:\/\/i0.wp.com\/cepronda.com\/blog\/wp-content\/uploads\/2022\/01\/20220208-Cartel-222924GE045-ABN-Infantil-y-EE.png?fit=848%2C1200&ssl=1&resize=525%2C300 1.5x, https:\/\/i0.wp.com\/cepronda.com\/blog\/wp-content\/uploads\/2022\/01\/20220208-Cartel-222924GE045-ABN-Infantil-y-EE.png?fit=848%2C1200&ssl=1&resize=700%2C400 2x"},"classes":[]}],"jetpack_sharing_enabled":true,"_links":{"self":[{"href":"https:\/\/cepronda.com\/blog\/wp-json\/wp\/v2\/posts\/7180","targetHints":{"allow":["GET"]}}],"collection":[{"href":"https:\/\/cepronda.com\/blog\/wp-json\/wp\/v2\/posts"}],"about":[{"href":"https:\/\/cepronda.com\/blog\/wp-json\/wp\/v2\/types\/post"}],"author":[{"embeddable":true,"href":"https:\/\/cepronda.com\/blog\/wp-json\/wp\/v2\/users\/3"}],"replies":[{"embeddable":true,"href":"https:\/\/cepronda.com\/blog\/wp-json\/wp\/v2\/comments?post=7180"}],"version-history":[{"count":7,"href":"https:\/\/cepronda.com\/blog\/wp-json\/wp\/v2\/posts\/7180\/revisions"}],"predecessor-version":[{"id":7185,"href":"https:\/\/cepronda.com\/blog\/wp-json\/wp\/v2\/posts\/7180\/revisions\/7185"}],"wp:featuredmedia":[{"embeddable":true,"href":"https:\/\/cepronda.com\/blog\/wp-json\/wp\/v2\/media\/7181"}],"wp:attachment":[{"href":"https:\/\/cepronda.com\/blog\/wp-json\/wp\/v2\/media?parent=7180"}],"wp:term":[{"taxonomy":"category","embeddable":true,"href":"https:\/\/cepronda.com\/blog\/wp-json\/wp\/v2\/categories?post=7180"},{"taxonomy":"post_tag","embeddable":true,"href":"https:\/\/cepronda.com\/blog\/wp-json\/wp\/v2\/tags?post=7180"}],"curies":[{"name":"wp","href":"https:\/\/api.w.org\/{rel}","templated":true}]}}