{"id":7159,"date":"2023-10-26T16:59:34","date_gmt":"2023-10-26T14:59:34","guid":{"rendered":"https:\/\/cepronda.com\/blog\/?p=7159"},"modified":"2023-11-02T19:17:59","modified_gmt":"2023-11-02T18:17:59","slug":"la-elaboracion-del-plan-de-lectura-planificada242924ge041","status":"publish","type":"post","link":"https:\/\/cepronda.com\/blog\/la-elaboracion-del-plan-de-lectura-planificada242924ge041\/","title":{"rendered":"\u00abLA ELABORACI\u00d3N DEL PLAN DE LECTURA PLANIFICADA\u00bb(242924GE041)"},"content":{"rendered":"<p><span class=\"x3nfvp2 x1j61x8r x1fcty0u xdj266r xhhsvwb xat24cr xgzva0m xxymvpz xlup9mm x1kky2od\" style=\"font-weight: inherit;\"><img loading=\"lazy\" decoding=\"async\" class=\"xz74otr\" src=\"https:\/\/static.xx.fbcdn.net\/images\/emoji.php\/v9\/t92\/1.5\/16\/1f4e2.png\" alt=\"\" width=\"16\" height=\"16\" \/><\/span><span style=\"font-weight: inherit;\">Abierto el plazo de inscripci\u00f3n para la formaci\u00f3n \u00abLA ELABORACI\u00d3N DEL PLAN DE LECTURA PLANIFICADA\u00bb<\/span><\/p>\n<p><span style=\"font-weight: inherit;\">(242924GE041)<\/span><\/p>\n<div class=\"xdj266r x11i5rnm xat24cr x1mh8g0r x1vvkbs x126k92a\">\n<div dir=\"auto\">Se trata de una formaci\u00f3n on line, de 10h de duraci\u00f3n, dise\u00f1ada desde Servicios Centrales. Tiene car\u00e1cter autocorregible, por lo que no cuenta<\/div>\n<div dir=\"auto\">con tutorizaci\u00f3n.<\/div>\n<\/div>\n<div class=\"x11i5rnm xat24cr x1mh8g0r x1vvkbs xtlvy1s x126k92a\">\n<div dir=\"auto\"><span class=\"x3nfvp2 x1j61x8r x1fcty0u xdj266r xhhsvwb xat24cr xgzva0m xxymvpz xlup9mm x1kky2od\"><img loading=\"lazy\" decoding=\"async\" class=\"xz74otr\" src=\"https:\/\/static.xx.fbcdn.net\/images\/emoji.php\/v9\/tb5\/1.5\/16\/1f5d3.png\" alt=\"\ufe0f\" width=\"16\" height=\"16\" \/><\/span>Fecha inscripci\u00f3n: 26\/10\/2023 hasta 02\/11\/2023<\/div>\n<div dir=\"auto\">\u00a0 \u00a0 \u00a0Fecha actividad: 06\/11\/2023 hasta 20\/11\/2023<\/div>\n<\/div>\n<div class=\"x11i5rnm xat24cr x1mh8g0r x1vvkbs xtlvy1s x126k92a\">\n<div dir=\"auto\"><span class=\"x3nfvp2 x1j61x8r x1fcty0u xdj266r xhhsvwb xat24cr xgzva0m xxymvpz xlup9mm x1kky2od\"><img loading=\"lazy\" decoding=\"async\" class=\"xz74otr\" src=\"https:\/\/static.xx.fbcdn.net\/images\/emoji.php\/v9\/tc\/1.5\/16\/1f517.png\" alt=\"\" width=\"16\" height=\"16\" \/><\/span>M\u00e1s informaci\u00f3n e inscripci\u00f3n: <a class=\"x1i10hfl xjbqb8w x6umtig x1b1mbwd xaqea5y xav7gou x9f619 x1ypdohk xt0psk2 xe8uvvx xdj266r x11i5rnm xat24cr x1mh8g0r xexx8yu x4uap5 x18d9i69 xkhd6sd x16tdsg8 x1hl2dhg xggy1nq x1a2a7pz xt0b8zv x1fey0fg\" tabindex=\"0\" role=\"link\" href=\"https:\/\/www.juntadeandalucia.es\/educacion\/secretariavirtual\/consultaCEP\/actividad\/242924GE041\/?fbclid=IwAR2OGPNKX38sOXtDe2w3bNsf0xcoVo90EVnDVbHlSx0OAPGoJhnpWAHbo8g\" target=\"_blank\" rel=\"nofollow noopener noreferrer\">https:\/\/www.juntadeandalucia.es\/&#8230;\/actividad\/242924GE041\/<\/a><\/div>\n<\/div>\n<div dir=\"auto\"><\/div>\n<div dir=\"auto\"><\/div>\n<div dir=\"auto\"><img data-recalc-dims=\"1\" loading=\"lazy\" decoding=\"async\" class=\"aligncenter wp-image-7165\" src=\"https:\/\/i0.wp.com\/cepronda.com\/blog\/wp-content\/uploads\/2023\/10\/LA-ELABORACION-DEL-PLAN-DE-LECTURA-PLANIFICADA.png?resize=650%2C650&#038;ssl=1\" alt=\"lectura\" width=\"650\" height=\"650\" srcset=\"https:\/\/i0.wp.com\/cepronda.com\/blog\/wp-content\/uploads\/2023\/10\/LA-ELABORACION-DEL-PLAN-DE-LECTURA-PLANIFICADA.png?resize=1024%2C1024&amp;ssl=1 1024w, https:\/\/i0.wp.com\/cepronda.com\/blog\/wp-content\/uploads\/2023\/10\/LA-ELABORACION-DEL-PLAN-DE-LECTURA-PLANIFICADA.png?resize=300%2C300&amp;ssl=1 300w, https:\/\/i0.wp.com\/cepronda.com\/blog\/wp-content\/uploads\/2023\/10\/LA-ELABORACION-DEL-PLAN-DE-LECTURA-PLANIFICADA.png?resize=150%2C150&amp;ssl=1 150w, https:\/\/i0.wp.com\/cepronda.com\/blog\/wp-content\/uploads\/2023\/10\/LA-ELABORACION-DEL-PLAN-DE-LECTURA-PLANIFICADA.png?resize=768%2C768&amp;ssl=1 768w, https:\/\/i0.wp.com\/cepronda.com\/blog\/wp-content\/uploads\/2023\/10\/LA-ELABORACION-DEL-PLAN-DE-LECTURA-PLANIFICADA.png?resize=50%2C50&amp;ssl=1 50w, https:\/\/i0.wp.com\/cepronda.com\/blog\/wp-content\/uploads\/2023\/10\/LA-ELABORACION-DEL-PLAN-DE-LECTURA-PLANIFICADA.png?w=1080&amp;ssl=1 1080w\" sizes=\"auto, (max-width: 650px) 100vw, 650px\" \/><\/div>\n","protected":false},"excerpt":{"rendered":"<p>Abierto el plazo de inscripci\u00f3n para la formaci\u00f3n \u00abLA ELABORACI\u00d3N DEL PLAN DE LECTURA PLANIFICADA\u00bb (242924GE041) Se trata de una formaci\u00f3n on line, de 10h de duraci\u00f3n, dise\u00f1ada desde Servicios Centrales. Tiene car\u00e1cter autocorregible, por lo que no cuenta con tutorizaci\u00f3n. Fecha inscripci\u00f3n: 26\/10\/2023 hasta 02\/11\/2023 \u00a0 \u00a0 \u00a0Fecha actividad: 06\/11\/2023 hasta 20\/11\/2023 M\u00e1s informaci\u00f3n [&hellip;]<\/p>\n","protected":false},"author":9,"featured_media":7165,"comment_status":"closed","ping_status":"open","sticky":false,"template":"","format":"standard","meta":{"_crdt_document":"","advanced_seo_description":"","jetpack_seo_html_title":"","jetpack_seo_noindex":false,"jetpack_post_was_ever_published":false,"_jetpack_newsletter_access":"","_jetpack_dont_email_post_to_subs":false,"_jetpack_newsletter_tier_id":0,"_jetpack_memberships_contains_paywalled_content":false,"_jetpack_memberships_contains_paid_content":false,"footnotes":"","jetpack_publicize_message":"","jetpack_publicize_feature_enabled":true,"jetpack_social_post_already_shared":false,"jetpack_social_options":{"image_generator_settings":{"template":"highway","default_image_id":0,"font":"","enabled":false},"version":2}},"categories":[3,5],"tags":[],"class_list":{"0":"post-7159","1":"post","2":"type-post","3":"status-publish","4":"format-standard","5":"has-post-thumbnail","7":"category-formaciones","8":"category-noticias","9":"czr-hentry"},"jetpack_publicize_connections":[],"jetpack_featured_media_url":"https:\/\/i0.wp.com\/cepronda.com\/blog\/wp-content\/uploads\/2023\/10\/LA-ELABORACION-DEL-PLAN-DE-LECTURA-PLANIFICADA.png?fit=1080%2C1080&ssl=1","jetpack_shortlink":"https:\/\/wp.me\/p8M4X7-1Rt","jetpack-related-posts":[{"id":7786,"url":"https:\/\/cepronda.com\/blog\/diseno-y-elaboracion-del-plan-de-lectura-planificada-en-los-centros-educativos-codigo-252923ge602\/","url_meta":{"origin":7159,"position":0},"title":"DISE\u00d1O Y ELABORACI\u00d3N DEL PLAN DE LECTURA PLANIFICADA EN LOS CENTROS EDUCATIVOS, c\u00f3digo 252923GE602.","author":"Inmaculada Garc\u00eda","date":"9 octubre, 2024","format":false,"excerpt":"Abierto el plazo de inscripci\u00f3n para el curso semipresencial provincial: DISE\u00d1O Y ELABORACI\u00d3N DEL PLAN DE LECTURA PLANIFICADA EN LOS CENTROS EDUCATIVOS, con c\u00f3digo 252923GE602, correspondiente a la Fase I del itinerario provincial de apoyo y dinamizaci\u00f3n del plan de lectura. De especial inter\u00e9s para los grupos de trabajo que\u2026","rel":"","context":"En \u00abFormaciones\u00bb","block_context":{"text":"Formaciones","link":"https:\/\/cepronda.com\/blog\/category\/formaciones\/"},"img":{"alt_text":"","src":"https:\/\/i0.wp.com\/cepronda.com\/blog\/wp-content\/uploads\/2024\/10\/unnamed.png?fit=800%2C800&ssl=1&resize=350%2C200","width":350,"height":200,"srcset":"https:\/\/i0.wp.com\/cepronda.com\/blog\/wp-content\/uploads\/2024\/10\/unnamed.png?fit=800%2C800&ssl=1&resize=350%2C200 1x, https:\/\/i0.wp.com\/cepronda.com\/blog\/wp-content\/uploads\/2024\/10\/unnamed.png?fit=800%2C800&ssl=1&resize=525%2C300 1.5x, https:\/\/i0.wp.com\/cepronda.com\/blog\/wp-content\/uploads\/2024\/10\/unnamed.png?fit=800%2C800&ssl=1&resize=700%2C400 2x"},"classes":[]},{"id":8903,"url":"https:\/\/cepronda.com\/blog\/diseno-y-elaboracion-del-plan-de-lectura-planificada-en-los-centros-educativos-269923pf545\/","url_meta":{"origin":7159,"position":1},"title":"DISE\u00d1O Y ELABORACI\u00d3N DEL PLAN DE LECTURA PLANIFICADA EN LOS CENTROS EDUCATIVOS.","author":"Inmaculada Garc\u00eda","date":"9 octubre, 2025","format":false,"excerpt":"Se encuentra abierto el plazo de inscripci\u00f3n en el curso provincial, \"DISE\u00d1O Y ELABORACI\u00d3N DEL PLAN DE LECTURA PLANIFICADA EN LOS CENTROS EDUCATIVOS\" (Itinerario formativo provincial para la creaci\u00f3n, seguimiento, evaluaci\u00f3n y difusi\u00f3n de buenas pr\u00e1cticas del Plan de Lectura), con c\u00f3digo: 269923PF545. Inscripciones desde el 9 de octubre al\u2026","rel":"","context":"En \u00abFormaciones\u00bb","block_context":{"text":"Formaciones","link":"https:\/\/cepronda.com\/blog\/category\/formaciones\/"},"img":{"alt_text":"","src":"https:\/\/i0.wp.com\/cepronda.com\/blog\/wp-content\/uploads\/2025\/10\/WhatsApp-Image-2025-10-09-at-11.12.44.jpeg?fit=800%2C800&ssl=1&resize=350%2C200","width":350,"height":200,"srcset":"https:\/\/i0.wp.com\/cepronda.com\/blog\/wp-content\/uploads\/2025\/10\/WhatsApp-Image-2025-10-09-at-11.12.44.jpeg?fit=800%2C800&ssl=1&resize=350%2C200 1x, https:\/\/i0.wp.com\/cepronda.com\/blog\/wp-content\/uploads\/2025\/10\/WhatsApp-Image-2025-10-09-at-11.12.44.jpeg?fit=800%2C800&ssl=1&resize=525%2C300 1.5x, https:\/\/i0.wp.com\/cepronda.com\/blog\/wp-content\/uploads\/2025\/10\/WhatsApp-Image-2025-10-09-at-11.12.44.jpeg?fit=800%2C800&ssl=1&resize=700%2C400 2x"},"classes":[]},{"id":8003,"url":"https:\/\/cepronda.com\/blog\/curso-provincial-herramientas-digitales-para-trabajar-el-plan-de-lectura-planificada-y-en-la-biblioteca-codigo-252922ge062\/","url_meta":{"origin":7159,"position":2},"title":"CURSO PROVINCIAL: HERRAMIENTAS DIGITALES PARA TRABAJAR EL PLAN DE LECTURA PLANIFICADA Y EN LA BIBLIOTECA. C\u00f3digo: 252922GE062.","author":"Inmaculada Garc\u00eda","date":"8 enero, 2025","format":false,"excerpt":"Os informamos de que est\u00e1 abierto el plazo de inscripci\u00f3n para el curso provincial; HERRAMIENTAS DIGITALES PARA TRABAJAR EL PLAN DE LECTURA PLANIFICADA Y EN LA BIBLIOTECA. C\u00f3digo: 252922GE062. \u00a0 Curso a distancia de 20 horas en el AVFP dirigido al profesorado de Educaci\u00f3n Infantil, Primaria y Secundaria. \u00a0 Fecha\u2026","rel":"","context":"En \u00abFormaciones\u00bb","block_context":{"text":"Formaciones","link":"https:\/\/cepronda.com\/blog\/category\/formaciones\/"},"img":{"alt_text":"","src":"https:\/\/i0.wp.com\/cepronda.com\/blog\/wp-content\/uploads\/2025\/01\/WhatsApp-Image-2025-01-08-at-11.13.21.jpeg?fit=800%2C800&ssl=1&resize=350%2C200","width":350,"height":200,"srcset":"https:\/\/i0.wp.com\/cepronda.com\/blog\/wp-content\/uploads\/2025\/01\/WhatsApp-Image-2025-01-08-at-11.13.21.jpeg?fit=800%2C800&ssl=1&resize=350%2C200 1x, https:\/\/i0.wp.com\/cepronda.com\/blog\/wp-content\/uploads\/2025\/01\/WhatsApp-Image-2025-01-08-at-11.13.21.jpeg?fit=800%2C800&ssl=1&resize=525%2C300 1.5x, https:\/\/i0.wp.com\/cepronda.com\/blog\/wp-content\/uploads\/2025\/01\/WhatsApp-Image-2025-01-08-at-11.13.21.jpeg?fit=800%2C800&ssl=1&resize=700%2C400 2x"},"classes":[]},{"id":7266,"url":"https:\/\/cepronda.com\/blog\/formacion-elaboracion-de-proyectos-de-calidad-erasmus-2024-249923pi303\/","url_meta":{"origin":7159,"position":3},"title":"FORMACI\u00d3N: ELABORACI\u00d3N DE PROYECTOS DE CALIDAD ERASMUS 2024\u00a0(249923PI303)","author":"Inmaculada Garc\u00eda","date":"11 diciembre, 2023","format":false,"excerpt":"Abierto el plazo de inscripci\u00f3n para el curso a distancia Provincial : ELABORACI\u00d3N DE PROYECTOS DE CALIDAD ERASMUS 2024\u00a0(249923PI303) Duraci\u00f3n: 20 horas Fecha actividad:\u00a021\/12\/2023 hasta 29\/02\/2024 Fecha inscripci\u00f3n: 04\/12\/2023 hasta 18\/12\/2023 Lugar: AVFP( aula virtual de formaci\u00f3n de profesorado) Sesiones de videoconferencia duplicadas en horario de ma\u00f1ana y tarde para\u2026","rel":"","context":"En \u00abFormaciones\u00bb","block_context":{"text":"Formaciones","link":"https:\/\/cepronda.com\/blog\/category\/formaciones\/"},"img":{"alt_text":"","src":"https:\/\/i0.wp.com\/cepronda.com\/blog\/wp-content\/uploads\/2023\/12\/WhatsApp-Image-2023-12-11-at-12.47.10.jpeg?fit=800%2C800&ssl=1&resize=350%2C200","width":350,"height":200,"srcset":"https:\/\/i0.wp.com\/cepronda.com\/blog\/wp-content\/uploads\/2023\/12\/WhatsApp-Image-2023-12-11-at-12.47.10.jpeg?fit=800%2C800&ssl=1&resize=350%2C200 1x, https:\/\/i0.wp.com\/cepronda.com\/blog\/wp-content\/uploads\/2023\/12\/WhatsApp-Image-2023-12-11-at-12.47.10.jpeg?fit=800%2C800&ssl=1&resize=525%2C300 1.5x, https:\/\/i0.wp.com\/cepronda.com\/blog\/wp-content\/uploads\/2023\/12\/WhatsApp-Image-2023-12-11-at-12.47.10.jpeg?fit=800%2C800&ssl=1&resize=700%2C400 2x"},"classes":[]},{"id":7565,"url":"https:\/\/cepronda.com\/blog\/7565-2\/","url_meta":{"origin":7159,"position":4},"title":"TRATAMIENTO Y DIFUSI\u00d3N DEL PLAN DE LECTURA PLANIFICADA EN LOS CENTROS EDUCATIVOS","author":"Mamen Moreno","date":"16 abril, 2024","format":false,"excerpt":"Jornadas Provinciales \"TRATAMIENTO Y DIFUSI\u00d3N DEL PLAN DE LECTURA PLANIFICADA EN LOS CENTROS EDUCATIVOS.\" Esta actividad formativa se ha dise\u00f1ado para orientar y proporcionar recursos al profesorado de Educaci\u00f3n Infantil, Primaria y Secundaria. Se ofrecer\u00e1n estrategias de seguimiento y evaluaci\u00f3n, talleres de lectura y escritura, y pr\u00e1cticas de \u00e9xito desarrolladas\u2026","rel":"","context":"En \u00abFormaciones\u00bb","block_context":{"text":"Formaciones","link":"https:\/\/cepronda.com\/blog\/category\/formaciones\/"},"img":{"alt_text":"","src":"https:\/\/i0.wp.com\/cepronda.com\/blog\/wp-content\/uploads\/2024\/04\/WhatsApp-Image-2024-04-15-at-13.55.01.jpeg?fit=800%2C800&ssl=1&resize=350%2C200","width":350,"height":200,"srcset":"https:\/\/i0.wp.com\/cepronda.com\/blog\/wp-content\/uploads\/2024\/04\/WhatsApp-Image-2024-04-15-at-13.55.01.jpeg?fit=800%2C800&ssl=1&resize=350%2C200 1x, https:\/\/i0.wp.com\/cepronda.com\/blog\/wp-content\/uploads\/2024\/04\/WhatsApp-Image-2024-04-15-at-13.55.01.jpeg?fit=800%2C800&ssl=1&resize=525%2C300 1.5x, https:\/\/i0.wp.com\/cepronda.com\/blog\/wp-content\/uploads\/2024\/04\/WhatsApp-Image-2024-04-15-at-13.55.01.jpeg?fit=800%2C800&ssl=1&resize=700%2C400 2x"},"classes":[]},{"id":4447,"url":"https:\/\/cepronda.com\/blog\/erasmus-elaboracion-de-proyectos-de-calidad\/","url_meta":{"origin":7159,"position":5},"title":"ERASMUS+:  ELABORACI\u00d3N DE PROYECTOS DE CALIDAD","author":"Maribel Mu\u00f1oz","date":"19 abril, 2021","format":false,"excerpt":"Buenas tardes\u00a0 compa\u00f1eras y compa\u00f1eros, Os informamos que est\u00e1 abierto el plazo de inscripci\u00f3n del curso a distancia de \u00e1mbito provincial ERASMUS+: ELABORACI\u00d3N DE PROYECTOS DE CALIDAD. C\u00f3digo: 219922KPI303.\u00a0 Es una formaci\u00f3n PROVINCIAL, gestionada por el CEP de M\u00c1LAGA. Las fechas de la formaci\u00f3n son las siguientes:\u00a0 *Fecha actividad: 22\/04\/2021\u2026","rel":"","context":"En \u00abFormaciones\u00bb","block_context":{"text":"Formaciones","link":"https:\/\/cepronda.com\/blog\/category\/formaciones\/"},"img":{"alt_text":"","src":"https:\/\/i0.wp.com\/cepronda.com\/blog\/wp-content\/uploads\/2021\/03\/bandera-europea.jpg?resize=350%2C200","width":350,"height":200},"classes":[]}],"jetpack_sharing_enabled":true,"_links":{"self":[{"href":"https:\/\/cepronda.com\/blog\/wp-json\/wp\/v2\/posts\/7159","targetHints":{"allow":["GET"]}}],"collection":[{"href":"https:\/\/cepronda.com\/blog\/wp-json\/wp\/v2\/posts"}],"about":[{"href":"https:\/\/cepronda.com\/blog\/wp-json\/wp\/v2\/types\/post"}],"author":[{"embeddable":true,"href":"https:\/\/cepronda.com\/blog\/wp-json\/wp\/v2\/users\/9"}],"replies":[{"embeddable":true,"href":"https:\/\/cepronda.com\/blog\/wp-json\/wp\/v2\/comments?post=7159"}],"version-history":[{"count":6,"href":"https:\/\/cepronda.com\/blog\/wp-json\/wp\/v2\/posts\/7159\/revisions"}],"predecessor-version":[{"id":7188,"href":"https:\/\/cepronda.com\/blog\/wp-json\/wp\/v2\/posts\/7159\/revisions\/7188"}],"wp:featuredmedia":[{"embeddable":true,"href":"https:\/\/cepronda.com\/blog\/wp-json\/wp\/v2\/media\/7165"}],"wp:attachment":[{"href":"https:\/\/cepronda.com\/blog\/wp-json\/wp\/v2\/media?parent=7159"}],"wp:term":[{"taxonomy":"category","embeddable":true,"href":"https:\/\/cepronda.com\/blog\/wp-json\/wp\/v2\/categories?post=7159"},{"taxonomy":"post_tag","embeddable":true,"href":"https:\/\/cepronda.com\/blog\/wp-json\/wp\/v2\/tags?post=7159"}],"curies":[{"name":"wp","href":"https:\/\/api.w.org\/{rel}","templated":true}]}}