{"id":697,"date":"2017-02-22T19:40:24","date_gmt":"2017-02-22T18:40:24","guid":{"rendered":"http:\/\/cepronda.com\/blog\/?p=697"},"modified":"2017-02-22T19:40:24","modified_gmt":"2017-02-22T18:40:24","slug":"inteligencia-emocional-nivel-i-zona-cortes-de-la-frontera","status":"publish","type":"post","link":"https:\/\/cepronda.com\/blog\/inteligencia-emocional-nivel-i-zona-cortes-de-la-frontera\/","title":{"rendered":"INTELIGENCIA EMOCIONAL. NIVEL I (ZONA CORTES DE LA FRONTERA)"},"content":{"rendered":"<p>Abierto el plazo de solicitudes para el curso <strong>Inteligencia Emocional. Nivel I en Cortes de la Frontera<\/strong>, que comenzaremos a la vuelta de las vacaciones\u00a0Semana Blanca (mi\u00e9rcoles 8 de marzo)<\/p>\n<p>Para <strong>saber m\u00e1s e inscribirte<\/strong> pincha <a href=\"https:\/\/www.juntadeandalucia.es\/educacion\/secretariavirtual\/consultaCEP\/actividad\/172924FC006\/\"><strong>AQU\u00cd<\/strong><\/a><\/p>\n","protected":false},"excerpt":{"rendered":"<p>Abierto el plazo de solicitudes para el curso Inteligencia Emocional. Nivel I en Cortes de la Frontera, que comenzaremos a la vuelta de las vacaciones\u00a0Semana Blanca (mi\u00e9rcoles 8 de marzo) Para saber m\u00e1s e inscribirte pincha AQU\u00cd<\/p>\n","protected":false},"author":3,"featured_media":696,"comment_status":"open","ping_status":"open","sticky":false,"template":"","format":"standard","meta":{"_crdt_document":"","advanced_seo_description":"","jetpack_seo_html_title":"","jetpack_seo_noindex":false,"jetpack_post_was_ever_published":false,"_jetpack_newsletter_access":"","_jetpack_dont_email_post_to_subs":false,"_jetpack_newsletter_tier_id":0,"_jetpack_memberships_contains_paywalled_content":false,"_jetpack_memberships_contains_paid_content":false,"footnotes":"","jetpack_publicize_message":"","jetpack_publicize_feature_enabled":true,"jetpack_social_post_already_shared":false,"jetpack_social_options":{"image_generator_settings":{"template":"highway","default_image_id":0,"font":"","enabled":false},"version":2}},"categories":[3],"tags":[],"class_list":{"0":"post-697","1":"post","2":"type-post","3":"status-publish","4":"format-standard","5":"has-post-thumbnail","7":"category-formaciones","8":"czr-hentry"},"jetpack_publicize_connections":[],"jetpack_featured_media_url":"","jetpack_shortlink":"https:\/\/wp.me\/p8M4X7-bf","jetpack-related-posts":[{"id":1391,"url":"https:\/\/cepronda.com\/blog\/curso-sobre-inteligencia-emocional-y-social-en-el-ambito-educativo\/","url_meta":{"origin":697,"position":0},"title":"Curso sobre \u00abInteligencia emocional y social en el \u00e1mbito educativo\u00bb","author":"V\u00edctor Caballero","date":"6 noviembre, 2017","format":false,"excerpt":"Muy buenas a todos y a todas, \u00bfQu\u00e9 tal ha ido ese fin de semana \"m\u00e1gico\"? Nosotros por nuestra parte seguimos proponiendo actividades y cursos respondiendo a vuestras demandas del presente curso y del anterior.\u00a0 En este caso se trata de dar respuesta a vuestras necesidades formativas sobre la inteligencia\u2026","rel":"","context":"En \u00abFormaciones\u00bb","block_context":{"text":"Formaciones","link":"https:\/\/cepronda.com\/blog\/category\/formaciones\/"},"img":{"alt_text":"","src":"https:\/\/i0.wp.com\/cepronda.com\/blog\/wp-content\/uploads\/2017\/11\/smilies-2912634_640.jpg?fit=640%2C283&ssl=1&resize=350%2C200","width":350,"height":200,"srcset":"https:\/\/i0.wp.com\/cepronda.com\/blog\/wp-content\/uploads\/2017\/11\/smilies-2912634_640.jpg?fit=640%2C283&ssl=1&resize=350%2C200 1x, https:\/\/i0.wp.com\/cepronda.com\/blog\/wp-content\/uploads\/2017\/11\/smilies-2912634_640.jpg?fit=640%2C283&ssl=1&resize=525%2C300 1.5x"},"classes":[]},{"id":3059,"url":"https:\/\/cepronda.com\/blog\/nivel-i-y-ii-programa-de-inteligencia-emocional-sensibilizacion-y-desarrollo-2\/","url_meta":{"origin":697,"position":1},"title":"NIVEL I Y II. PROGRAMA DE INTELIGENCIA EMOCIONAL: SENSIBILIZACI\u00d3N Y DESARROLLO","author":"V\u00edctor Caballero","date":"27 septiembre, 2019","format":false,"excerpt":"Muy buenas familia, Comenzamos el viernes con la apertura del plazo de inscripci\u00f3n para el programa de inteligencia emocional en sus niveles I y II. Sabemos que muchas y muchos de vosotros estabais esperando esta actividad. Os dejamos con el enlace a la actividad para comprobar las fechas e inscribiros.","rel":"","context":"En \u00abFormaciones\u00bb","block_context":{"text":"Formaciones","link":"https:\/\/cepronda.com\/blog\/category\/formaciones\/"},"img":{"alt_text":"","src":"https:\/\/i0.wp.com\/cepronda.com\/blog\/wp-content\/uploads\/2019\/09\/blond-1868815_1920.jpg?fit=1200%2C800&ssl=1&resize=350%2C200","width":350,"height":200,"srcset":"https:\/\/i0.wp.com\/cepronda.com\/blog\/wp-content\/uploads\/2019\/09\/blond-1868815_1920.jpg?fit=1200%2C800&ssl=1&resize=350%2C200 1x, https:\/\/i0.wp.com\/cepronda.com\/blog\/wp-content\/uploads\/2019\/09\/blond-1868815_1920.jpg?fit=1200%2C800&ssl=1&resize=525%2C300 1.5x, https:\/\/i0.wp.com\/cepronda.com\/blog\/wp-content\/uploads\/2019\/09\/blond-1868815_1920.jpg?fit=1200%2C800&ssl=1&resize=700%2C400 2x, https:\/\/i0.wp.com\/cepronda.com\/blog\/wp-content\/uploads\/2019\/09\/blond-1868815_1920.jpg?fit=1200%2C800&ssl=1&resize=1050%2C600 3x"},"classes":[]},{"id":2334,"url":"https:\/\/cepronda.com\/blog\/nivel-i-y-ii-programa-de-inteligencia-emocional-sensibilizacion-y-desarrollo\/","url_meta":{"origin":697,"position":2},"title":"NIVEL I Y II. PROGRAMA DE INTELIGENCIA EMOCIONAL: SENSIBILIZACI\u00d3N Y DESARROLLO","author":"V\u00edctor Caballero","date":"25 septiembre, 2018","format":false,"excerpt":"\u00a1Hola de nuevo!\u00a0 Queremos compartir con todas y todos vosotros este curso tan esperado por todo el mundo, dado el \u00e9xito del curso pasado. Se trata de los niveles I y II del programa de inteligencia emocional, donde aprenderemos mucho a nivel personal y como trasladar este programa a nuestros\u2026","rel":"","context":"En \u00abFormaciones\u00bb","block_context":{"text":"Formaciones","link":"https:\/\/cepronda.com\/blog\/category\/formaciones\/"},"img":{"alt_text":"","src":"https:\/\/i0.wp.com\/cepronda.com\/blog\/wp-content\/uploads\/2018\/09\/blond-1868815_640.jpg?fit=640%2C426&ssl=1&resize=350%2C200","width":350,"height":200,"srcset":"https:\/\/i0.wp.com\/cepronda.com\/blog\/wp-content\/uploads\/2018\/09\/blond-1868815_640.jpg?fit=640%2C426&ssl=1&resize=350%2C200 1x, https:\/\/i0.wp.com\/cepronda.com\/blog\/wp-content\/uploads\/2018\/09\/blond-1868815_640.jpg?fit=640%2C426&ssl=1&resize=525%2C300 1.5x"},"classes":[]},{"id":2995,"url":"https:\/\/cepronda.com\/blog\/itinerario-formativo-de-inteligencia-emocional\/","url_meta":{"origin":697,"position":3},"title":"Itinerario formativo de Inteligencia emocional","author":"V\u00edctor Caballero","date":"10 septiembre, 2019","format":false,"excerpt":"Muy buenas de nuevo, Una de las actividades que despierta mayor inter\u00e9s entre las personas docentes de nuestra zona es el itinerario en inteligencia emocional, con Alberto Ortega. Os dejamos con el cartel que hemos preparado con toda la informaci\u00f3n de los niveles que ponemos a vuestra disposici\u00f3n. Asimismo ya\u2026","rel":"","context":"En \u00abFormaciones\u00bb","block_context":{"text":"Formaciones","link":"https:\/\/cepronda.com\/blog\/category\/formaciones\/"},"img":{"alt_text":"","src":"https:\/\/i0.wp.com\/cepronda.com\/blog\/wp-content\/uploads\/2019\/09\/Copia-de-Inteligencia-Emocional-Itinerario.jpg?fit=794%2C1123&ssl=1&resize=350%2C200","width":350,"height":200,"srcset":"https:\/\/i0.wp.com\/cepronda.com\/blog\/wp-content\/uploads\/2019\/09\/Copia-de-Inteligencia-Emocional-Itinerario.jpg?fit=794%2C1123&ssl=1&resize=350%2C200 1x, https:\/\/i0.wp.com\/cepronda.com\/blog\/wp-content\/uploads\/2019\/09\/Copia-de-Inteligencia-Emocional-Itinerario.jpg?fit=794%2C1123&ssl=1&resize=525%2C300 1.5x, https:\/\/i0.wp.com\/cepronda.com\/blog\/wp-content\/uploads\/2019\/09\/Copia-de-Inteligencia-Emocional-Itinerario.jpg?fit=794%2C1123&ssl=1&resize=700%2C400 2x"},"classes":[]},{"id":4700,"url":"https:\/\/cepronda.com\/blog\/inteligencia-emocional-n-ii-y-n-iii-desarrollo-e-implementacion\/","url_meta":{"origin":697,"position":4},"title":"INTELIGENCIA EMOCIONAL N.II Y N.III. DESARROLLO E IMPLEMENTACI\u00d3N.","author":"Inmaculada Garc\u00eda","date":"29 septiembre, 2021","format":false,"excerpt":"Buenos d\u00edas compa\u00f1eros y compa\u00f1eras, hoy se abre el plazo de inscripci\u00f3n para la actividad formativa INTELIGENCIA EMOCIONAL N.II Y N.III. DESARROLLO E IMPLEMENTACI\u00d3N, con Alberto Ortega, Manuel Deco, Mar\u00eda Valencia, Marisa Ben\u00edtez y Jos\u00e9 Eduardo Faya. Esperamos que sea de vuestro inter\u00e9s. Un saludo. \u00a0 \u00a0 PINCHA EN EL\u2026","rel":"","context":"En \u00abNoticias\u00bb","block_context":{"text":"Noticias","link":"https:\/\/cepronda.com\/blog\/category\/noticias\/"},"img":{"alt_text":"","src":"https:\/\/i0.wp.com\/cepronda.com\/blog\/wp-content\/uploads\/2021\/09\/ITINERARIO-FORMATIVO-DE-INTELIGENCIA-EMOCIONAL-1.png?fit=848%2C1200&ssl=1&resize=350%2C200","width":350,"height":200,"srcset":"https:\/\/i0.wp.com\/cepronda.com\/blog\/wp-content\/uploads\/2021\/09\/ITINERARIO-FORMATIVO-DE-INTELIGENCIA-EMOCIONAL-1.png?fit=848%2C1200&ssl=1&resize=350%2C200 1x, https:\/\/i0.wp.com\/cepronda.com\/blog\/wp-content\/uploads\/2021\/09\/ITINERARIO-FORMATIVO-DE-INTELIGENCIA-EMOCIONAL-1.png?fit=848%2C1200&ssl=1&resize=525%2C300 1.5x, https:\/\/i0.wp.com\/cepronda.com\/blog\/wp-content\/uploads\/2021\/09\/ITINERARIO-FORMATIVO-DE-INTELIGENCIA-EMOCIONAL-1.png?fit=848%2C1200&ssl=1&resize=700%2C400 2x"},"classes":[]},{"id":7293,"url":"https:\/\/cepronda.com\/blog\/programa-de-implantacion-de-la-inteligencia-emocional-en-el-ambito-educativo-sensibilizacion-y-desarrollo\/","url_meta":{"origin":697,"position":5},"title":"PROGRAMA DE IMPLANTACI\u00d3N DE LA INTELIGENCIA EMOCIONAL EN EL \u00c1MBITO EDUCATIVO. SENSIBILIZACI\u00d3N Y DESARROLLO","author":"V\u00edctor Caballero","date":"22 diciembre, 2023","format":false,"excerpt":"Se encuentra abierto el plazo de inscripci\u00f3n para la formaci\u00f3n \u201cPROGRAMA DE IMPLANTACI\u00d3N DE LA INTELIGENCIA EMOCIONAL EN EL \u00c1MBITO EDUCATIVO. SENSIBILIZACI\u00d3N Y DESARROLLO.\" C\u00d3DIGO 242924GE048. Ponente:\u00a0 Alberto Ortega Duraci\u00f3n de la actividad: (Total 27h) 2 horas presenciales en conferencia presencial en el CEP de Ronda 13h videoconferencias en el\u2026","rel":"","context":"En \u00abFormaciones\u00bb","block_context":{"text":"Formaciones","link":"https:\/\/cepronda.com\/blog\/category\/formaciones\/"},"img":{"alt_text":"","src":"https:\/\/i0.wp.com\/cepronda.com\/blog\/wp-content\/uploads\/2023\/12\/242924GE048-Cartel-Inteligencia-emocional.png?fit=1080%2C1080&ssl=1&resize=350%2C200","width":350,"height":200,"srcset":"https:\/\/i0.wp.com\/cepronda.com\/blog\/wp-content\/uploads\/2023\/12\/242924GE048-Cartel-Inteligencia-emocional.png?fit=1080%2C1080&ssl=1&resize=350%2C200 1x, https:\/\/i0.wp.com\/cepronda.com\/blog\/wp-content\/uploads\/2023\/12\/242924GE048-Cartel-Inteligencia-emocional.png?fit=1080%2C1080&ssl=1&resize=525%2C300 1.5x, https:\/\/i0.wp.com\/cepronda.com\/blog\/wp-content\/uploads\/2023\/12\/242924GE048-Cartel-Inteligencia-emocional.png?fit=1080%2C1080&ssl=1&resize=700%2C400 2x, https:\/\/i0.wp.com\/cepronda.com\/blog\/wp-content\/uploads\/2023\/12\/242924GE048-Cartel-Inteligencia-emocional.png?fit=1080%2C1080&ssl=1&resize=1050%2C600 3x"},"classes":[]}],"jetpack_sharing_enabled":true,"_links":{"self":[{"href":"https:\/\/cepronda.com\/blog\/wp-json\/wp\/v2\/posts\/697","targetHints":{"allow":["GET"]}}],"collection":[{"href":"https:\/\/cepronda.com\/blog\/wp-json\/wp\/v2\/posts"}],"about":[{"href":"https:\/\/cepronda.com\/blog\/wp-json\/wp\/v2\/types\/post"}],"author":[{"embeddable":true,"href":"https:\/\/cepronda.com\/blog\/wp-json\/wp\/v2\/users\/3"}],"replies":[{"embeddable":true,"href":"https:\/\/cepronda.com\/blog\/wp-json\/wp\/v2\/comments?post=697"}],"version-history":[{"count":0,"href":"https:\/\/cepronda.com\/blog\/wp-json\/wp\/v2\/posts\/697\/revisions"}],"wp:featuredmedia":[{"embeddable":true,"href":"https:\/\/cepronda.com\/blog\/wp-json\/"}],"wp:attachment":[{"href":"https:\/\/cepronda.com\/blog\/wp-json\/wp\/v2\/media?parent=697"}],"wp:term":[{"taxonomy":"category","embeddable":true,"href":"https:\/\/cepronda.com\/blog\/wp-json\/wp\/v2\/categories?post=697"},{"taxonomy":"post_tag","embeddable":true,"href":"https:\/\/cepronda.com\/blog\/wp-json\/wp\/v2\/tags?post=697"}],"curies":[{"name":"wp","href":"https:\/\/api.w.org\/{rel}","templated":true}]}}