{"id":673,"date":"2017-02-15T17:34:44","date_gmt":"2017-02-15T16:34:44","guid":{"rendered":"http:\/\/cepronda.com\/blog\/?p=673"},"modified":"2025-04-25T12:08:13","modified_gmt":"2025-04-25T10:08:13","slug":"xxxiii-olimpiada-matematica-thales","status":"publish","type":"post","link":"https:\/\/cepronda.com\/blog\/xxxiii-olimpiada-matematica-thales\/","title":{"rendered":"XXXIII Olimpiada Matem\u00e1tica Thales"},"content":{"rendered":"<p>\u00a1Hola!<\/p>\n<p>\u00bfQu\u00e9 tal? Queremos aprovechar esta entrada para todos aquellos docentes que est\u00e9is trabajando en 2\u00ba ESO en el \u00e1rea de Matem\u00e1ticas. Y es que ya est\u00e1 abierto el plazo de inscripci\u00f3n en la XXXIII edici\u00f3n de la Olimpiada Matem\u00e1tica Thales. As\u00ed que os animamos a participar en esta Olimpiada. Para acceder a la informaci\u00f3n de la misma, s\u00f3lo tienes que hacer clic en la imagen.<\/p>\n<p><a href=\"http:\/\/thales.cica.es\/olimpiada2\/\" target=\"_blank\"><img data-recalc-dims=\"1\" loading=\"lazy\" decoding=\"async\" class=\"aligncenter wp-image-676 \" src=\"https:\/\/i0.wp.com\/cepronda.com\/blog\/wp-content\/uploads\/2017\/02\/thales.png?resize=150%2C163\" width=\"150\" height=\"163\" \/><\/a><\/p>\n","protected":false},"excerpt":{"rendered":"<p>\u00a1Hola! \u00bfQu\u00e9 tal? Queremos aprovechar esta entrada para todos aquellos docentes que est\u00e9is trabajando en 2\u00ba ESO en el \u00e1rea de Matem\u00e1ticas. Y es que ya est\u00e1 abierto el plazo de inscripci\u00f3n en la XXXIII edici\u00f3n de la Olimpiada Matem\u00e1tica Thales. As\u00ed que os animamos a participar en esta Olimpiada. Para acceder a la informaci\u00f3n [&hellip;]<\/p>\n","protected":false},"author":3,"featured_media":676,"comment_status":"open","ping_status":"open","sticky":false,"template":"","format":"standard","meta":{"_crdt_document":"","advanced_seo_description":"","jetpack_seo_html_title":"","jetpack_seo_noindex":false,"jetpack_post_was_ever_published":false,"_jetpack_newsletter_access":"","_jetpack_dont_email_post_to_subs":false,"_jetpack_newsletter_tier_id":0,"_jetpack_memberships_contains_paywalled_content":false,"_jetpack_memberships_contains_paid_content":false,"footnotes":"","jetpack_publicize_message":"","jetpack_publicize_feature_enabled":true,"jetpack_social_post_already_shared":false,"jetpack_social_options":{"image_generator_settings":{"template":"highway","default_image_id":0,"font":"","enabled":false},"version":2}},"categories":[5],"tags":[231,122,26,48],"class_list":{"0":"post-673","1":"post","2":"type-post","3":"status-publish","4":"format-standard","5":"has-post-thumbnail","7":"category-noticias","8":"tag-certamen","9":"tag-concurso","10":"tag-eso","11":"tag-matematicas","12":"czr-hentry"},"jetpack_publicize_connections":[],"jetpack_featured_media_url":"","jetpack_shortlink":"https:\/\/wp.me\/p8M4X7-aR","jetpack-related-posts":[{"id":3433,"url":"https:\/\/cepronda.com\/blog\/xxxvi-olimpiada-matematica-thales\/","url_meta":{"origin":673,"position":0},"title":"XXXVI Olimpiada Matem\u00e1tica Thales","author":"V\u00edctor Caballero","date":"17 febrero, 2020","format":false,"excerpt":"La Sociedad Andaluza de Educaci\u00f3n Matem\u00e1tica Thales convoca la XXXVI edici\u00f3n de la Olimpiada Matem\u00e1tica para alumnos y alumnas matriculados en 2\u00ba ESO de los centros educativos de Andaluc\u00eda. El plazo de inscripci\u00f3n permanecer\u00e1 abierto hasta las 16:00 horas del martes 10 de marzo de 2020. Los centros inscribir\u00e1n a\u2026","rel":"","context":"En \u00abNoticias\u00bb","block_context":{"text":"Noticias","link":"https:\/\/cepronda.com\/blog\/category\/noticias\/"},"img":{"alt_text":"","src":"","width":0,"height":0},"classes":[]},{"id":1594,"url":"https:\/\/cepronda.com\/blog\/xxxiv-olimpiada-matematica-thales\/","url_meta":{"origin":673,"position":1},"title":"XXXIV Olimpiada Matem\u00e1tica Thales","author":"V\u00edctor Caballero","date":"5 febrero, 2018","format":false,"excerpt":"Hola familia,\u00a0 Hoy queremos compartir con los centros de Educaci\u00f3n Secundaria\u00a0 que ya se encuentra abierto el plazo de inscripci\u00f3n para la Olimpiada Matem\u00e1tica Thales. El periodo de inscripci\u00f3n ser\u00e1 del 2 de febrero hasta las 16:00 del 2 de marzo de 2018 La fase provincial de la XXXIV edici\u00f3n\u2026","rel":"","context":"En \u00abNoticias\u00bb","block_context":{"text":"Noticias","link":"https:\/\/cepronda.com\/blog\/category\/noticias\/"},"img":{"alt_text":"","src":"https:\/\/i0.wp.com\/cepronda.com\/blog\/wp-content\/uploads\/2018\/02\/thales.png?fit=509%2C717&ssl=1&resize=350%2C200","width":350,"height":200},"classes":[]},{"id":4764,"url":"https:\/\/cepronda.com\/blog\/matematicas-manipulativas-desarrollo-de-la-competencia-matematica-infantil-y-primaria\/","url_meta":{"origin":673,"position":2},"title":"MATEM\u00c1TICAS MANIPULATIVAS: DESARROLLO DE LA COMPETENCIA MATEM\u00c1TICA INFANTIL Y PRIMARIA","author":"V\u00edctor Caballero","date":"15 octubre, 2021","format":false,"excerpt":"Buenos d\u00edas. Os informamos que est\u00e1 abierto el plazo de inscripci\u00f3n de la formaci\u00f3n\u00a0 MATEM\u00c1TICAS MANIPULATIVAS: DESARROLLO DE LA COMPETENCIA MATEM\u00c1TICA INFANTIL Y PRIMARIA (C\u00f3digo: 222924GE043).\u00a0 Las fechas de inscripci\u00f3n son las comprendidas del 15 al 28 de octubre de 2021. La actividad se llevar\u00e1 a cabo los d\u00edas siguientes:\u2026","rel":"","context":"En \u00abFormaciones\u00bb","block_context":{"text":"Formaciones","link":"https:\/\/cepronda.com\/blog\/category\/formaciones\/"},"img":{"alt_text":"","src":"https:\/\/i0.wp.com\/cepronda.com\/blog\/wp-content\/uploads\/2021\/10\/Captura-de-pantalla-2021-10-15-a-las-13.52.24.png?fit=681%2C964&ssl=1&resize=350%2C200","width":350,"height":200,"srcset":"https:\/\/i0.wp.com\/cepronda.com\/blog\/wp-content\/uploads\/2021\/10\/Captura-de-pantalla-2021-10-15-a-las-13.52.24.png?fit=681%2C964&ssl=1&resize=350%2C200 1x, https:\/\/i0.wp.com\/cepronda.com\/blog\/wp-content\/uploads\/2021\/10\/Captura-de-pantalla-2021-10-15-a-las-13.52.24.png?fit=681%2C964&ssl=1&resize=525%2C300 1.5x"},"classes":[]},{"id":2853,"url":"https:\/\/cepronda.com\/blog\/pruebas-de-seleccion-estalmat-2019\/","url_meta":{"origin":673,"position":3},"title":"Pruebas de selecci\u00f3n ESTALMAT 2019","author":"V\u00edctor Caballero","date":"21 mayo, 2019","format":false,"excerpt":"Muy buenas familia, Queremos compartir con los y las docentes de matem\u00e1ticas esta informaci\u00f3n. Se trata de una iniciativa de la Sociedad Andaluza de Educaci\u00f3n Matem\u00e1tica Thales que propone una nueva edici\u00f3n de su Proyecto ESTALMAT para la selecci\u00f3n de un m\u00e1ximo de cincuenta ni\u00f1os y ni\u00f1as de centros andaluces,\u2026","rel":"","context":"En \u00abNoticias\u00bb","block_context":{"text":"Noticias","link":"https:\/\/cepronda.com\/blog\/category\/noticias\/"},"img":{"alt_text":"","src":"https:\/\/i0.wp.com\/cepronda.com\/blog\/wp-content\/uploads\/2017\/05\/thales.png?resize=350%2C200","width":350,"height":200},"classes":[]},{"id":440,"url":"https:\/\/cepronda.com\/blog\/formacion-en-competencia-matematica\/","url_meta":{"origin":673,"position":4},"title":"Formaci\u00f3n en competencia matem\u00e1tica","author":"V\u00edctor Caballero","date":"12 diciembre, 2016","format":false,"excerpt":"Hola de nuevo, En esta ocasi\u00f3n quiero comentaros que a la vuelta de las merecid\u00edsimas vacaciones de Navidad, ya con las pilas recargadas, pondremos en marcha un curso formativo en competencia matem\u00e1tica para Infantil y Primaria. Este curso est\u00e1 dirigido preferentemente al profesorado del CEIP Vicente Espinel, pero existen plazas\u2026","rel":"","context":"En \u00abFormaciones\u00bb","block_context":{"text":"Formaciones","link":"https:\/\/cepronda.com\/blog\/category\/formaciones\/"},"img":{"alt_text":"board-1103721_640","src":"https:\/\/i0.wp.com\/cepronda.com\/blog\/wp-content\/uploads\/2016\/12\/board-1103721_640.jpg?resize=350%2C200","width":350,"height":200,"srcset":"https:\/\/i0.wp.com\/cepronda.com\/blog\/wp-content\/uploads\/2016\/12\/board-1103721_640.jpg?resize=350%2C200 1x, https:\/\/i0.wp.com\/cepronda.com\/blog\/wp-content\/uploads\/2016\/12\/board-1103721_640.jpg?resize=525%2C300 1.5x"},"classes":[]},{"id":7180,"url":"https:\/\/cepronda.com\/blog\/itinerario-para-el-desarrollo-de-la-competencia-matematica-cursos-2\/","url_meta":{"origin":673,"position":5},"title":"ITINERARIO PARA EL DESARROLLO DE LA COMPETENCIA MATEM\u00c1TICA (CURSOS)","author":"V\u00edctor Caballero","date":"30 octubre, 2023","format":false,"excerpt":"Desde el CEP de Ronda informamos que hoy, 30 de octubre, es el \u00faltimo d\u00eda para inscribirse en los cursos de matem\u00e1ticas manipulativas (Infantil y Primaria). Por otro lado tambi\u00e9n informamos que los cursos de ABN (Infantil y Primaria) se aplazan para el 2\u00ba trimestre por el bajo n\u00famero de\u2026","rel":"","context":"En \u00abFormaciones\u00bb","block_context":{"text":"Formaciones","link":"https:\/\/cepronda.com\/blog\/category\/formaciones\/"},"img":{"alt_text":"","src":"https:\/\/i0.wp.com\/cepronda.com\/blog\/wp-content\/uploads\/2023\/10\/Cartel-Matematicas-aplazado.png?fit=1080%2C1080&ssl=1&resize=350%2C200","width":350,"height":200,"srcset":"https:\/\/i0.wp.com\/cepronda.com\/blog\/wp-content\/uploads\/2023\/10\/Cartel-Matematicas-aplazado.png?fit=1080%2C1080&ssl=1&resize=350%2C200 1x, https:\/\/i0.wp.com\/cepronda.com\/blog\/wp-content\/uploads\/2023\/10\/Cartel-Matematicas-aplazado.png?fit=1080%2C1080&ssl=1&resize=525%2C300 1.5x, https:\/\/i0.wp.com\/cepronda.com\/blog\/wp-content\/uploads\/2023\/10\/Cartel-Matematicas-aplazado.png?fit=1080%2C1080&ssl=1&resize=700%2C400 2x, https:\/\/i0.wp.com\/cepronda.com\/blog\/wp-content\/uploads\/2023\/10\/Cartel-Matematicas-aplazado.png?fit=1080%2C1080&ssl=1&resize=1050%2C600 3x"},"classes":[]}],"jetpack_sharing_enabled":true,"_links":{"self":[{"href":"https:\/\/cepronda.com\/blog\/wp-json\/wp\/v2\/posts\/673","targetHints":{"allow":["GET"]}}],"collection":[{"href":"https:\/\/cepronda.com\/blog\/wp-json\/wp\/v2\/posts"}],"about":[{"href":"https:\/\/cepronda.com\/blog\/wp-json\/wp\/v2\/types\/post"}],"author":[{"embeddable":true,"href":"https:\/\/cepronda.com\/blog\/wp-json\/wp\/v2\/users\/3"}],"replies":[{"embeddable":true,"href":"https:\/\/cepronda.com\/blog\/wp-json\/wp\/v2\/comments?post=673"}],"version-history":[{"count":1,"href":"https:\/\/cepronda.com\/blog\/wp-json\/wp\/v2\/posts\/673\/revisions"}],"predecessor-version":[{"id":8516,"href":"https:\/\/cepronda.com\/blog\/wp-json\/wp\/v2\/posts\/673\/revisions\/8516"}],"wp:featuredmedia":[{"embeddable":true,"href":"https:\/\/cepronda.com\/blog\/wp-json\/"}],"wp:attachment":[{"href":"https:\/\/cepronda.com\/blog\/wp-json\/wp\/v2\/media?parent=673"}],"wp:term":[{"taxonomy":"category","embeddable":true,"href":"https:\/\/cepronda.com\/blog\/wp-json\/wp\/v2\/categories?post=673"},{"taxonomy":"post_tag","embeddable":true,"href":"https:\/\/cepronda.com\/blog\/wp-json\/wp\/v2\/tags?post=673"}],"curies":[{"name":"wp","href":"https:\/\/api.w.org\/{rel}","templated":true}]}}