{"id":670,"date":"2017-02-13T11:18:45","date_gmt":"2017-02-13T10:18:45","guid":{"rendered":"http:\/\/cepronda.com\/blog\/?p=670"},"modified":"2017-02-13T11:18:45","modified_gmt":"2017-02-13T10:18:45","slug":"edupills","status":"publish","type":"post","link":"https:\/\/cepronda.com\/blog\/edupills\/","title":{"rendered":"EduPills"},"content":{"rendered":"<p>Hola familia,<\/p>\n<p>Desde el INTEF han creado una aplicaci\u00f3n de microformaci\u00f3n on-line super interesante, y quer\u00edamos compartirla.\u00a0EduPills es una app de microformaci\u00f3n para docentes, enfocada a que el profesorado adquiera y\/o desarrolle habilidades, destrezas y competencias digitales de una forma sencilla y r\u00e1pida.<\/p>\n<p>Se trata de una aplicaci\u00f3n que os pod\u00e9is descargar en el m\u00f3vil y\/o en la tablet, y podr\u00e9is acceder a minicursos sobre multitud de competencias docentes y digitales. Si hac\u00e9is clic en la imagen podr\u00e9is acceder a la web con toda la informaci\u00f3n.<\/p>\n<div id=\"attachment_671\" style=\"width: 248px\" class=\"wp-caption aligncenter\"><a href=\"http:\/\/edupills.educalab.es\/\" target=\"_blank\"><img data-recalc-dims=\"1\" loading=\"lazy\" decoding=\"async\" aria-describedby=\"caption-attachment-671\" class=\"wp-image-671\" src=\"https:\/\/i0.wp.com\/cepronda.com\/blog\/wp-content\/uploads\/2017\/02\/logo_edupills.png?resize=238%2C136\" width=\"238\" height=\"136\" \/><\/a><p id=\"caption-attachment-671\" class=\"wp-caption-text\">EduPills<\/p><\/div>\n<p>Yo ya la tengo \u00bfy t\u00fa?<\/p>\n<p>&nbsp;<\/p>\n","protected":false},"excerpt":{"rendered":"<p>Hola familia, Desde el INTEF han creado una aplicaci\u00f3n de microformaci\u00f3n on-line super interesante, y quer\u00edamos compartirla.\u00a0EduPills es una app de microformaci\u00f3n para docentes, enfocada a que el profesorado adquiera y\/o desarrolle habilidades, destrezas y competencias digitales de una forma sencilla y r\u00e1pida. Se trata de una aplicaci\u00f3n que os pod\u00e9is descargar en el m\u00f3vil [&hellip;]<\/p>\n","protected":false},"author":3,"featured_media":671,"comment_status":"open","ping_status":"open","sticky":false,"template":"","format":"standard","meta":{"_crdt_document":"","advanced_seo_description":"","jetpack_seo_html_title":"","jetpack_seo_noindex":false,"jetpack_post_was_ever_published":false,"_jetpack_newsletter_access":"","_jetpack_dont_email_post_to_subs":false,"_jetpack_newsletter_tier_id":0,"_jetpack_memberships_contains_paywalled_content":false,"_jetpack_memberships_contains_paid_content":false,"footnotes":"","jetpack_publicize_message":"","jetpack_publicize_feature_enabled":true,"jetpack_social_post_already_shared":false,"jetpack_social_options":{"image_generator_settings":{"template":"highway","default_image_id":0,"font":"","enabled":false},"version":2}},"categories":[5],"tags":[29,66],"class_list":{"0":"post-670","1":"post","2":"type-post","3":"status-publish","4":"format-standard","5":"has-post-thumbnail","7":"category-noticias","8":"tag-formacion-on-line","9":"tag-teleformacion","10":"czr-hentry"},"jetpack_publicize_connections":[],"jetpack_featured_media_url":"","jetpack_shortlink":"https:\/\/wp.me\/s8M4X7-edupills","jetpack-related-posts":[{"id":4186,"url":"https:\/\/cepronda.com\/blog\/recursos-digitales-on-line-para-educacion-primaria-nivel-ii\/","url_meta":{"origin":670,"position":0},"title":"RECURSOS DIGITALES ON-LINE PARA EDUCACI\u00d3N PRIMARIA. NIVEL II","author":"V\u00edctor Caballero","date":"11 febrero, 2021","format":false,"excerpt":"Muy buenas, compa\u00f1eros y compa\u00f1eras. Se abre el plazo para participar en la actividad formativa dirigida especialmente a docentes de Primaria:\u00a0 \" RECURSOS DIGITALES ON-LINE PARA EDUCACI\u00d3N PRIMARIA. NIVEL II\", con Jos\u00e9 Antonio Gelo como ponente. Esperamos que sea de vuestro inter\u00e9s. Un saludo. Fecha actividad:\u00a002\/03\/2021 hasta 30\/03\/2021 Fecha inscripci\u00f3n:\u00a011\/02\/2021\u2026","rel":"","context":"En \u00abFormaciones\u00bb","block_context":{"text":"Formaciones","link":"https:\/\/cepronda.com\/blog\/category\/formaciones\/"},"img":{"alt_text":"","src":"https:\/\/i0.wp.com\/cepronda.com\/blog\/wp-content\/uploads\/2021\/02\/212924GE012-Recursos-digitales-Primaria-II.png?fit=848%2C1200&ssl=1&resize=350%2C200","width":350,"height":200,"srcset":"https:\/\/i0.wp.com\/cepronda.com\/blog\/wp-content\/uploads\/2021\/02\/212924GE012-Recursos-digitales-Primaria-II.png?fit=848%2C1200&ssl=1&resize=350%2C200 1x, https:\/\/i0.wp.com\/cepronda.com\/blog\/wp-content\/uploads\/2021\/02\/212924GE012-Recursos-digitales-Primaria-II.png?fit=848%2C1200&ssl=1&resize=525%2C300 1.5x, https:\/\/i0.wp.com\/cepronda.com\/blog\/wp-content\/uploads\/2021\/02\/212924GE012-Recursos-digitales-Primaria-II.png?fit=848%2C1200&ssl=1&resize=700%2C400 2x"},"classes":[]},{"id":7924,"url":"https:\/\/cepronda.com\/blog\/competencias-docentes-para-la-deteccion-el-tratamiento-y-el-manejo-de-conductas-de-riesgo-en-residencias-escolares-codigo-252923ge859\/","url_meta":{"origin":670,"position":1},"title":"COMPETENCIAS DOCENTES PARA LA DETECCI\u00d3N, EL TRATAMIENTO Y EL MANEJO DE CONDUCTAS DE RIESGO EN RESIDENCIAS ESCOLARES. C\u00f3digo: 252923GE859","author":"Inmaculada Garc\u00eda","date":"10 diciembre, 2024","format":false,"excerpt":"Abierto el plazo de inscripci\u00f3n para la actividad provincial: COMPETENCIAS DOCENTES PARA LA DETECCI\u00d3N, EL TRATAMIENTO Y EL MANEJO DE CONDUCTAS DE RIESGO EN RESIDENCIAS ESCOLARES. C\u00f3digo: 252923GE859 \u270f\ufe0fFecha inscripci\u00f3n: 05\/12\/2024 hasta 07\/01\/2025 Fecha actividad: 17\/01\/2025 hasta 04\/04\/2025 Lugar de realizaci\u00f3n: RESIDENCIA ESCOLAR VIRGEN DE LA FUENSANTA - CO\u00cdN M\u00e1s\u2026","rel":"","context":"En \u00abFormaciones\u00bb","block_context":{"text":"Formaciones","link":"https:\/\/cepronda.com\/blog\/category\/formaciones\/"},"img":{"alt_text":"COMPETENCIAS DOCENTES PARA LA DETECCI\u00d3N, EL TRATAMIENTO Y EL MANEJO DE CONDUCTAS DE RIESGO EN RESIDENCIAS ESCOLARES","src":"https:\/\/i0.wp.com\/cepronda.com\/blog\/wp-content\/uploads\/2024\/12\/WhatsApp-Image-2024-12-10-at-12.42.27.jpeg?fit=1080%2C1080&ssl=1&resize=350%2C200","width":350,"height":200,"srcset":"https:\/\/i0.wp.com\/cepronda.com\/blog\/wp-content\/uploads\/2024\/12\/WhatsApp-Image-2024-12-10-at-12.42.27.jpeg?fit=1080%2C1080&ssl=1&resize=350%2C200 1x, https:\/\/i0.wp.com\/cepronda.com\/blog\/wp-content\/uploads\/2024\/12\/WhatsApp-Image-2024-12-10-at-12.42.27.jpeg?fit=1080%2C1080&ssl=1&resize=525%2C300 1.5x, https:\/\/i0.wp.com\/cepronda.com\/blog\/wp-content\/uploads\/2024\/12\/WhatsApp-Image-2024-12-10-at-12.42.27.jpeg?fit=1080%2C1080&ssl=1&resize=700%2C400 2x, https:\/\/i0.wp.com\/cepronda.com\/blog\/wp-content\/uploads\/2024\/12\/WhatsApp-Image-2024-12-10-at-12.42.27.jpeg?fit=1080%2C1080&ssl=1&resize=1050%2C600 3x"},"classes":[]},{"id":3406,"url":"https:\/\/cepronda.com\/blog\/curso-on-line-intervencion-educativa-para-alumnado-con-tea\/","url_meta":{"origin":670,"position":2},"title":"CURSO ON LINE: INTERVENCI\u00d3N EDUCATIVA PARA ALUMNADO CON TEA","author":"V\u00edctor Caballero","date":"12 febrero, 2020","format":false,"excerpt":"Muy buenas familia, Compartimos con todas y todos vosotros esta actividad on-line, que creemos que puede resultar muy interesante. Os dejamos con el enlace a la actividad, donde podr\u00e9is ver los contenidos y adem\u00e1s podr\u00e9is inscribiros. Un saludo.","rel":"","context":"En \u00abFormaciones\u00bb","block_context":{"text":"Formaciones","link":"https:\/\/cepronda.com\/blog\/category\/formaciones\/"},"img":{"alt_text":"","src":"https:\/\/i0.wp.com\/cepronda.com\/blog\/wp-content\/uploads\/2019\/05\/logo-nuevo.jpg?fit=531%2C342&ssl=1&resize=350%2C200","width":350,"height":200,"srcset":"https:\/\/i0.wp.com\/cepronda.com\/blog\/wp-content\/uploads\/2019\/05\/logo-nuevo.jpg?fit=531%2C342&ssl=1&resize=350%2C200 1x, https:\/\/i0.wp.com\/cepronda.com\/blog\/wp-content\/uploads\/2019\/05\/logo-nuevo.jpg?fit=531%2C342&ssl=1&resize=525%2C300 1.5x"},"classes":[]},{"id":1667,"url":"https:\/\/cepronda.com\/blog\/nuevos-manuales-de-seneca\/","url_meta":{"origin":670,"position":3},"title":"Nuevos manuales de S\u00e9neca","author":"V\u00edctor Caballero","date":"5 abril, 2018","format":false,"excerpt":"Muy buenas de nuevo, Queremos compartir con todas y todos vosotros dos nuevos manuales de S\u00e9neca, destinados a aclarar dudas y conceptos relacionados con la Evaluaci\u00f3n por competencias. Est\u00e1n bastante claros y muy bien explicados para poder seguir correctamente todo el proceso. Uno de los manuales est\u00e1 destinado a los\u2026","rel":"","context":"En \u00abNoticias\u00bb","block_context":{"text":"Noticias","link":"https:\/\/cepronda.com\/blog\/category\/noticias\/"},"img":{"alt_text":"","src":"https:\/\/i0.wp.com\/cepronda.com\/blog\/wp-content\/uploads\/2017\/05\/logo_ja_ce_mejor.jpg?fit=732%2C600&ssl=1&resize=350%2C200","width":350,"height":200,"srcset":"https:\/\/i0.wp.com\/cepronda.com\/blog\/wp-content\/uploads\/2017\/05\/logo_ja_ce_mejor.jpg?fit=732%2C600&ssl=1&resize=350%2C200 1x, https:\/\/i0.wp.com\/cepronda.com\/blog\/wp-content\/uploads\/2017\/05\/logo_ja_ce_mejor.jpg?fit=732%2C600&ssl=1&resize=525%2C300 1.5x, https:\/\/i0.wp.com\/cepronda.com\/blog\/wp-content\/uploads\/2017\/05\/logo_ja_ce_mejor.jpg?fit=732%2C600&ssl=1&resize=700%2C400 2x"},"classes":[]},{"id":245,"url":"https:\/\/cepronda.com\/blog\/concurso-consumopolis12\/","url_meta":{"origin":670,"position":4},"title":"Concurso Consum\u00f3polis12","author":"V\u00edctor Caballero","date":"27 octubre, 2016","format":false,"excerpt":"\u00a1Hola de nuevo! Nos acaba de llegar un concurso para tercer ciclo de primaria, y para 1\u00ba,2\u00ba,3\u00ba y 4\u00ba de ESO que creemos puede ser muy interesante. Es un concurso on-line\u00a0sobre consumo responsable con el lema \u201cInternet: \u00bfhaces un uso responsable?\u201d, y tiene como objetivo ofrecer a la comunidad escolar\u2026","rel":"","context":"En \u00abNoticias\u00bb","block_context":{"text":"Noticias","link":"https:\/\/cepronda.com\/blog\/category\/noticias\/"},"img":{"alt_text":"consumopolis","src":"https:\/\/i0.wp.com\/cepronda.com\/blog\/wp-content\/uploads\/2016\/10\/consum%C3%B3polis-300x77.png?resize=350%2C200","width":350,"height":200},"classes":[]},{"id":2519,"url":"https:\/\/cepronda.com\/blog\/jornadas-provinciales-para-directores-y-directoras\/","url_meta":{"origin":670,"position":5},"title":"Jornadas provinciales para Directores y Directoras","author":"V\u00edctor Caballero","date":"5 diciembre, 2018","format":false,"excerpt":"Muy buenas de nuevo, Para el pr\u00f3ximo 7 de febrero estamos preparando las jornadas provinciales \"Objetivo: liderazgo pedag\u00f3gico\" a desarrollar en M\u00e1laga. Para todas aquellas personas interesadas seguid este enlace y podr\u00e9is acceder a la informaci\u00f3n y a inscribiros en las mismas.\u00a0","rel":"","context":"En \u00abFormaciones\u00bb","block_context":{"text":"Formaciones","link":"https:\/\/cepronda.com\/blog\/category\/formaciones\/"},"img":{"alt_text":"","src":"https:\/\/i0.wp.com\/cepronda.com\/blog\/wp-content\/uploads\/2018\/12\/IMG_20181205_170242_704.jpg?fit=848%2C1200&ssl=1&resize=350%2C200","width":350,"height":200,"srcset":"https:\/\/i0.wp.com\/cepronda.com\/blog\/wp-content\/uploads\/2018\/12\/IMG_20181205_170242_704.jpg?fit=848%2C1200&ssl=1&resize=350%2C200 1x, https:\/\/i0.wp.com\/cepronda.com\/blog\/wp-content\/uploads\/2018\/12\/IMG_20181205_170242_704.jpg?fit=848%2C1200&ssl=1&resize=525%2C300 1.5x, https:\/\/i0.wp.com\/cepronda.com\/blog\/wp-content\/uploads\/2018\/12\/IMG_20181205_170242_704.jpg?fit=848%2C1200&ssl=1&resize=700%2C400 2x"},"classes":[]}],"jetpack_sharing_enabled":true,"_links":{"self":[{"href":"https:\/\/cepronda.com\/blog\/wp-json\/wp\/v2\/posts\/670","targetHints":{"allow":["GET"]}}],"collection":[{"href":"https:\/\/cepronda.com\/blog\/wp-json\/wp\/v2\/posts"}],"about":[{"href":"https:\/\/cepronda.com\/blog\/wp-json\/wp\/v2\/types\/post"}],"author":[{"embeddable":true,"href":"https:\/\/cepronda.com\/blog\/wp-json\/wp\/v2\/users\/3"}],"replies":[{"embeddable":true,"href":"https:\/\/cepronda.com\/blog\/wp-json\/wp\/v2\/comments?post=670"}],"version-history":[{"count":0,"href":"https:\/\/cepronda.com\/blog\/wp-json\/wp\/v2\/posts\/670\/revisions"}],"wp:featuredmedia":[{"embeddable":true,"href":"https:\/\/cepronda.com\/blog\/wp-json\/"}],"wp:attachment":[{"href":"https:\/\/cepronda.com\/blog\/wp-json\/wp\/v2\/media?parent=670"}],"wp:term":[{"taxonomy":"category","embeddable":true,"href":"https:\/\/cepronda.com\/blog\/wp-json\/wp\/v2\/categories?post=670"},{"taxonomy":"post_tag","embeddable":true,"href":"https:\/\/cepronda.com\/blog\/wp-json\/wp\/v2\/tags?post=670"}],"curies":[{"name":"wp","href":"https:\/\/api.w.org\/{rel}","templated":true}]}}