{"id":660,"date":"2017-02-06T17:08:33","date_gmt":"2017-02-06T16:08:33","guid":{"rendered":"http:\/\/cepronda.com\/blog\/?p=660"},"modified":"2025-04-25T12:08:13","modified_gmt":"2025-04-25T10:08:13","slug":"concurso-6-grados","status":"publish","type":"post","link":"https:\/\/cepronda.com\/blog\/concurso-6-grados\/","title":{"rendered":"Concurso 6 grados"},"content":{"rendered":"<p>Hola de nuevo,<\/p>\n<p>Nos ha llegado esta informaci\u00f3n a trav\u00e9s del CEP de Marbella, y os la queremos pasar para todas aquellas personas que est\u00e9is interesadas&#8230;<\/p>\n<p>\u00ab<span style=\"font-family: Helvetica, Arial, sans-serif;\">Estimados docentes, <\/span><\/p>\n<div><span style=\"font-family: Helvetica, Arial, sans-serif;\">Desde la Campa\u00f1a de Fotoprotecci\u00f3n y Prevenci\u00f3n del C\u00e1ncer de Piel del \u00c1rea Sanitaria Costa del Sol, queremos haceros part\u00edcipes del concurso de iniciativas escolares \u00abProyecto 6 grados en fotoprotecci\u00f3n\u00bb, que tiene como objetivo impulsar <i>\u00abh\u00e1bitos de vida saludables\u00bb<\/i> en el \u00e1mbito educativo, adem\u00e1s de fomentar la creatividad, el trabajo en equipo y la multiculturalidad. Podr\u00e1 concursar cualquier profesor o profesora con su clase y ganar una beca por valor de 3.000 euros para la instalaci\u00f3n de sombra en el patio del colegio.<\/span><\/div>\n<div><span style=\"font-family: Helvetica, Arial, sans-serif;\">Consulta las bases en \u00a0<a href=\"http:\/\/disfrutadelsol.hcs.es\/disfruta-del-sol\/\" target=\"_blank\">http:\/\/disfrutadelsol.hcs.es\/<wbr \/>disfruta-del-sol\/<\/a> y participa!\u00bb<\/span><\/div>\n<div><\/div>\n","protected":false},"excerpt":{"rendered":"<p>Hola de nuevo, Nos ha llegado esta informaci\u00f3n a trav\u00e9s del CEP de Marbella, y os la queremos pasar para todas aquellas personas que est\u00e9is interesadas&#8230; \u00abEstimados docentes, Desde la Campa\u00f1a de Fotoprotecci\u00f3n y Prevenci\u00f3n del C\u00e1ncer de Piel del \u00c1rea Sanitaria Costa del Sol, queremos haceros part\u00edcipes del concurso de iniciativas escolares \u00abProyecto 6 [&hellip;]<\/p>\n","protected":false},"author":3,"featured_media":661,"comment_status":"open","ping_status":"open","sticky":false,"template":"","format":"standard","meta":{"_crdt_document":"","advanced_seo_description":"","jetpack_seo_html_title":"","jetpack_seo_noindex":false,"jetpack_post_was_ever_published":false,"_jetpack_newsletter_access":"","_jetpack_dont_email_post_to_subs":false,"_jetpack_newsletter_tier_id":0,"_jetpack_memberships_contains_paywalled_content":false,"_jetpack_memberships_contains_paid_content":false,"footnotes":"","jetpack_publicize_message":"","jetpack_publicize_feature_enabled":true,"jetpack_social_post_already_shared":false,"jetpack_social_options":{"image_generator_settings":{"template":"highway","default_image_id":0,"font":"","enabled":false},"version":2}},"categories":[5],"tags":[231,122],"class_list":{"0":"post-660","1":"post","2":"type-post","3":"status-publish","4":"format-standard","5":"has-post-thumbnail","7":"category-noticias","8":"tag-certamen","9":"tag-concurso","10":"czr-hentry"},"jetpack_publicize_connections":[],"jetpack_featured_media_url":"","jetpack_shortlink":"https:\/\/wp.me\/p8M4X7-aE","jetpack-related-posts":[{"id":1492,"url":"https:\/\/cepronda.com\/blog\/proyecto-soludable\/","url_meta":{"origin":660,"position":0},"title":"Proyecto Soludable","author":"V\u00edctor Caballero","date":"15 diciembre, 2017","format":false,"excerpt":"\u00a1Hola! Compartimos con todos y todas vosotras esta informaci\u00f3n que nos llega desde el CEP de Marbella y creemos os puede resultar interesante.\u00a0 Os dejo el enlace a la carta que est\u00e1n mandando a los centros educativos, y adem\u00e1s la transcribimos m\u00e1s abajo:\u00a0Carta presentacion Distintivo Soludable Estimado\/a Director\/a, Nos ponemos\u2026","rel":"","context":"En \u00abNoticias\u00bb","block_context":{"text":"Noticias","link":"https:\/\/cepronda.com\/blog\/category\/noticias\/"},"img":{"alt_text":"","src":"","width":0,"height":0},"classes":[]},{"id":125,"url":"https:\/\/cepronda.com\/blog\/inscripcion-vii-concurso-buenas-practicas-educativas\/","url_meta":{"origin":660,"position":1},"title":"Inscripci\u00f3n VII Concurso Buenas Pr\u00e1cticas Educativas","author":"V\u00edctor Caballero","date":"22 septiembre, 2016","format":false,"excerpt":"Queremos compartir con todo el profesorado este concurso de Buenas Pr\u00e1cticas Educativas. La Asociaci\u00f3n Mejora tu Escuela P\u00fablica convoca la s\u00e9ptima edici\u00f3n de su concurso de Buenas Pr\u00e1cticas Educativas, en el que podr\u00e1n participar las experiencias educativas llevadas a cabo durante el curso 2015\/2016 en centros p\u00fablicos del Estado Espa\u00f1ol.\u2026","rel":"","context":"En \u00abNoticias\u00bb","block_context":{"text":"Noticias","link":"https:\/\/cepronda.com\/blog\/category\/noticias\/"},"img":{"alt_text":"logomep","src":"https:\/\/i0.wp.com\/cepronda.com\/blog\/wp-content\/uploads\/2016\/09\/logoMEP.png?resize=350%2C200","width":350,"height":200},"classes":[]},{"id":7455,"url":"https:\/\/cepronda.com\/blog\/ceip-vicente-espinel-concurso-de-poesia\/","url_meta":{"origin":660,"position":2},"title":"CEIP VICENTE ESPINEL: CONCURSO DE POES\u00cdA","author":"V\u00edctor Caballero","date":"14 febrero, 2024","format":false,"excerpt":"Muy buenas, Desde el CEP de Ronda queremos dar difusi\u00f3n a esta iniciativa del CEIP Vicente Espinel sobre la conmemoraci\u00f3n del 400 aniversario de la muerte de Vicente Espinel a trav\u00e9s de un Concurso de Poes\u00eda\u00a0 MODALIDADES: Hasta 18 a\u00f1os (Cuartetas y\/o Espinelas) Mayores de 18 a\u00f1os (Espinelas) FECHA FINAL\u2026","rel":"","context":"En \u00abFormaciones\u00bb","block_context":{"text":"Formaciones","link":"https:\/\/cepronda.com\/blog\/category\/formaciones\/"},"img":{"alt_text":"","src":"https:\/\/i0.wp.com\/cepronda.com\/blog\/wp-content\/uploads\/2024\/02\/WhatsApp-Image-2024-02-14-at-11.13.56.jpeg?fit=860%2C1200&ssl=1&resize=350%2C200","width":350,"height":200,"srcset":"https:\/\/i0.wp.com\/cepronda.com\/blog\/wp-content\/uploads\/2024\/02\/WhatsApp-Image-2024-02-14-at-11.13.56.jpeg?fit=860%2C1200&ssl=1&resize=350%2C200 1x, https:\/\/i0.wp.com\/cepronda.com\/blog\/wp-content\/uploads\/2024\/02\/WhatsApp-Image-2024-02-14-at-11.13.56.jpeg?fit=860%2C1200&ssl=1&resize=525%2C300 1.5x, https:\/\/i0.wp.com\/cepronda.com\/blog\/wp-content\/uploads\/2024\/02\/WhatsApp-Image-2024-02-14-at-11.13.56.jpeg?fit=860%2C1200&ssl=1&resize=700%2C400 2x"},"classes":[]},{"id":9322,"url":"https:\/\/cepronda.com\/blog\/concurso-cartel-anunciador-its-ronda-2025-26\/","url_meta":{"origin":660,"position":3},"title":"CONCURSO CARTEL ANUNCIADOR.  IT\u2019s Ronda 2025\/26","author":"Inmaculada Garc\u00eda","date":"29 enero, 2026","format":false,"excerpt":"\u00bfVives en la Serran\u00eda de Ronda y te apasiona crear? Entonces, el Concurso de Cartel Anunciador para la V Feria de Inventos y Talentos, IT's Ronda 2026, es tu oportunidad para brillar. \u00bfQui\u00e9n puede participar? Este concurso est\u00e1 abierto para estudiantes de educaci\u00f3n infantil, primaria, secundaria, bachillerato y FP de\u2026","rel":"","context":"En \u00abNoticias\u00bb","block_context":{"text":"Noticias","link":"https:\/\/cepronda.com\/blog\/category\/noticias\/"},"img":{"alt_text":"","src":"https:\/\/i0.wp.com\/cepronda.com\/blog\/wp-content\/uploads\/2026\/01\/de.jpg?fit=1080%2C1080&ssl=1&resize=350%2C200","width":350,"height":200,"srcset":"https:\/\/i0.wp.com\/cepronda.com\/blog\/wp-content\/uploads\/2026\/01\/de.jpg?fit=1080%2C1080&ssl=1&resize=350%2C200 1x, https:\/\/i0.wp.com\/cepronda.com\/blog\/wp-content\/uploads\/2026\/01\/de.jpg?fit=1080%2C1080&ssl=1&resize=525%2C300 1.5x, https:\/\/i0.wp.com\/cepronda.com\/blog\/wp-content\/uploads\/2026\/01\/de.jpg?fit=1080%2C1080&ssl=1&resize=700%2C400 2x, https:\/\/i0.wp.com\/cepronda.com\/blog\/wp-content\/uploads\/2026\/01\/de.jpg?fit=1080%2C1080&ssl=1&resize=1050%2C600 3x"},"classes":[]},{"id":235,"url":"https:\/\/cepronda.com\/blog\/xvii-concurso-hispanoamericano-de-ortografia\/","url_meta":{"origin":660,"position":4},"title":"XVII Concurso Hispanoamericano de ortografia","author":"V\u00edctor Caballero","date":"19 octubre, 2016","format":false,"excerpt":"Hola de nuevo compis, Os dejamos con este enlace sobre el Concurso Hispanoamericano de ortograf\u00eda para el alumnado de 2\u00ba curso de Bachillerato. Si hac\u00e9is clic en la imagen podr\u00e9is acceder a la normativa y la informaci\u00f3n. \u00a1Animaros a inscribir a vuestro alumnado!","rel":"","context":"En \u00abNoticias\u00bb","block_context":{"text":"Noticias","link":"https:\/\/cepronda.com\/blog\/category\/noticias\/"},"img":{"alt_text":"ortografia","src":"https:\/\/i0.wp.com\/cepronda.com\/blog\/wp-content\/uploads\/2016\/10\/ortografia-300x138.jpg?resize=350%2C200","width":350,"height":200},"classes":[]},{"id":3101,"url":"https:\/\/cepronda.com\/blog\/concurso-escolar-andalucia-en-un-mapa\/","url_meta":{"origin":660,"position":5},"title":"Concurso escolar \u00abAndaluc\u00eda en un mapa\u00bb","author":"V\u00edctor Caballero","date":"17 octubre, 2019","format":false,"excerpt":"El objeto de este concurso es promover la utilizaci\u00f3n de la cartograf\u00eda y la estad\u00edstica entre la comunidad escolar como herramientas did\u00e1cticas y de representaci\u00f3n creativa del territorio andaluz, con el fin \u00faltimo de aproximar a las personas participantes en el concurso a la importancia que la representaci\u00f3n cartogr\u00e1fica y\u2026","rel":"","context":"En \u00abNoticias\u00bb","block_context":{"text":"Noticias","link":"https:\/\/cepronda.com\/blog\/category\/noticias\/"},"img":{"alt_text":"","src":"","width":0,"height":0},"classes":[]}],"jetpack_sharing_enabled":true,"_links":{"self":[{"href":"https:\/\/cepronda.com\/blog\/wp-json\/wp\/v2\/posts\/660","targetHints":{"allow":["GET"]}}],"collection":[{"href":"https:\/\/cepronda.com\/blog\/wp-json\/wp\/v2\/posts"}],"about":[{"href":"https:\/\/cepronda.com\/blog\/wp-json\/wp\/v2\/types\/post"}],"author":[{"embeddable":true,"href":"https:\/\/cepronda.com\/blog\/wp-json\/wp\/v2\/users\/3"}],"replies":[{"embeddable":true,"href":"https:\/\/cepronda.com\/blog\/wp-json\/wp\/v2\/comments?post=660"}],"version-history":[{"count":1,"href":"https:\/\/cepronda.com\/blog\/wp-json\/wp\/v2\/posts\/660\/revisions"}],"predecessor-version":[{"id":8517,"href":"https:\/\/cepronda.com\/blog\/wp-json\/wp\/v2\/posts\/660\/revisions\/8517"}],"wp:featuredmedia":[{"embeddable":true,"href":"https:\/\/cepronda.com\/blog\/wp-json\/"}],"wp:attachment":[{"href":"https:\/\/cepronda.com\/blog\/wp-json\/wp\/v2\/media?parent=660"}],"wp:term":[{"taxonomy":"category","embeddable":true,"href":"https:\/\/cepronda.com\/blog\/wp-json\/wp\/v2\/categories?post=660"},{"taxonomy":"post_tag","embeddable":true,"href":"https:\/\/cepronda.com\/blog\/wp-json\/wp\/v2\/tags?post=660"}],"curies":[{"name":"wp","href":"https:\/\/api.w.org\/{rel}","templated":true}]}}