{"id":651,"date":"2017-02-06T12:32:42","date_gmt":"2017-02-06T11:32:42","guid":{"rendered":"http:\/\/cepronda.com\/blog\/?p=651"},"modified":"2017-02-06T12:32:42","modified_gmt":"2017-02-06T11:32:42","slug":"curso-educar-en-igualdad-en-mooc-intef","status":"publish","type":"post","link":"https:\/\/cepronda.com\/blog\/curso-educar-en-igualdad-en-mooc-intef\/","title":{"rendered":"Curso \u00abEducar en igualdad en MOOC-INTEF\u00bb"},"content":{"rendered":"<p>Hola familia,<\/p>\n<p>Quiero compartir con todas y todos vosotros este curso del INTEF que creo que puede resultar muy interesante, sobre todo a las personas coordinadoras del plan de igualdad en los centros. Os pongo la descripci\u00f3n del curso, es totalmente on-line y tiene muy buena pinta.<\/p>\n<p>\u00abEste <a href=\"http:\/\/mooc.educalab.es\/courses\/course-v1:INTEF+INTEF170+2017_ED1\/about\" target=\"_blank\">MOOC del Instituto de la Mujer y para la Igualdad de Oportunidades<\/a> (IMIO) re\u00fane m\u00faltiples propuestas de reflexi\u00f3n, indagaci\u00f3n y creaci\u00f3n de recursos pr\u00e1cticos para llevar la coeducaci\u00f3n al propio entorno personal, familiar y laboral, teniendo en cuenta que son varios los \u00e1mbitos y personas que intervienen en el proceso educativo de ni\u00f1as y ni\u00f1os, a quienes podemos ofrecer significados m\u00e1s o menos libres sobre los que conformen su ser y estar en el mundo.<\/p>\n<p>A lo largo del MOOC tendr\u00e1s ocasi\u00f3n de apreciar la importancia relevante de Internet y las Redes Sociales en el conocimiento, publicaci\u00f3n y difusi\u00f3n del pensamiento y la pr\u00e1ctica coeducativa, que expresan numerosas personas, organizaciones y organismos que hacen evidente la necesidad y posibilidad de Educar en Igualdad. Este MOOC te ofrece la oportunidad de enriquecer este acervo colectivo con tus actividades.<\/p>\n<p><img data-recalc-dims=\"1\" loading=\"lazy\" decoding=\"async\" src=\"https:\/\/i0.wp.com\/mooc.educalab.es\/asset-v1%3AINTEF%2BINTEF170%2B2017_ED1%2Btype%40asset%2Bblock\/Insignia_conmemorativa_500x512.jpg?resize=200%2C200\" alt=\"Insignia digital\" width=\"200\" height=\"200\" align=\"left\" \/><\/p>\n<p>Al finalizar las actividades, conseguir\u00e1s una insignia digital que se entrega como forma de reconocimiento del aprendizaje desarrollado en las actividades del MOOC, que almacenar\u00e1s en la mochila <a href=\"http:\/\/insignias.educalab.es\/\" target=\"_blank\">EducaLAB Insignias<\/a>. La estimaci\u00f3n de carga horaria es s\u00f3lo orientativa: no se certifican horas de formaci\u00f3n, sino que se espera que la participaci\u00f3n en el MOOC tenga como principal motivaci\u00f3n el aprendizaje personal, el desarrollo profesional y la colaboraci\u00f3n con otras personas\u00bb.<\/p>\n","protected":false},"excerpt":{"rendered":"<p>Hola familia, Quiero compartir con todas y todos vosotros este curso del INTEF que creo que puede resultar muy interesante, sobre todo a las personas coordinadoras del plan de igualdad en los centros. Os pongo la descripci\u00f3n del curso, es totalmente on-line y tiene muy buena pinta. \u00abEste MOOC del Instituto de la Mujer y [&hellip;]<\/p>\n","protected":false},"author":3,"featured_media":652,"comment_status":"open","ping_status":"open","sticky":false,"template":"","format":"standard","meta":{"_crdt_document":"","advanced_seo_description":"","jetpack_seo_html_title":"","jetpack_seo_noindex":false,"jetpack_post_was_ever_published":false,"_jetpack_newsletter_access":"","_jetpack_dont_email_post_to_subs":false,"_jetpack_newsletter_tier_id":0,"_jetpack_memberships_contains_paywalled_content":false,"_jetpack_memberships_contains_paid_content":false,"footnotes":"","jetpack_publicize_message":"","jetpack_publicize_feature_enabled":true,"jetpack_social_post_already_shared":false,"jetpack_social_options":{"image_generator_settings":{"template":"highway","default_image_id":0,"font":"","enabled":false},"version":2}},"categories":[5],"tags":[37],"class_list":{"0":"post-651","1":"post","2":"type-post","3":"status-publish","4":"format-standard","5":"has-post-thumbnail","7":"category-noticias","8":"tag-igualdad","9":"czr-hentry"},"jetpack_publicize_connections":[],"jetpack_featured_media_url":"","jetpack_shortlink":"https:\/\/wp.me\/p8M4X7-av","jetpack-related-posts":[{"id":1280,"url":"https:\/\/cepronda.com\/blog\/nuevo-curso-sobre-coeducacion-e-igualdad\/","url_meta":{"origin":651,"position":0},"title":"Nuevo curso sobre coeducaci\u00f3n e igualdad","author":"V\u00edctor Caballero","date":"25 septiembre, 2017","format":false,"excerpt":"Muy buenas, Uno de nuestros objetivos este curso es trabajar la igualdad y la coeducaci\u00f3n de forma espec\u00edfica y de manera transversal, de modo que no s\u00f3lo sea responsabilidad de la persona coordinadora del plan de igualdad. Para ello hemos dise\u00f1ado esta actividad en la que programaremos, dise\u00f1aremos y evaluaremos\u2026","rel":"","context":"En \u00abFormaciones\u00bb","block_context":{"text":"Formaciones","link":"https:\/\/cepronda.com\/blog\/category\/formaciones\/"},"img":{"alt_text":"","src":"https:\/\/i0.wp.com\/cepronda.com\/blog\/wp-content\/uploads\/2017\/09\/man-2660414_640.jpg?fit=640%2C640&ssl=1&resize=350%2C200","width":350,"height":200,"srcset":"https:\/\/i0.wp.com\/cepronda.com\/blog\/wp-content\/uploads\/2017\/09\/man-2660414_640.jpg?fit=640%2C640&ssl=1&resize=350%2C200 1x, https:\/\/i0.wp.com\/cepronda.com\/blog\/wp-content\/uploads\/2017\/09\/man-2660414_640.jpg?fit=640%2C640&ssl=1&resize=525%2C300 1.5x"},"classes":[]},{"id":223,"url":"https:\/\/cepronda.com\/blog\/jornada-de-presentacion-ii-plan-de-igualdad\/","url_meta":{"origin":651,"position":1},"title":"Jornada de presentaci\u00f3n II Plan de Igualdad","author":"V\u00edctor Caballero","date":"17 octubre, 2016","format":false,"excerpt":"\u00a1Coordinadoras y coordinadores del Plan de Igualdad! Comenzamos curso con bastantes novedades en este plan. Para aclarar todas las dudas, ayudar en todo lo referente al plan de igualdad, y sobre todo para volver a encontrarnos y conocernos, se ha preparado una Jornada de presentaci\u00f3n del II Plan de Igualdad\u2026","rel":"","context":"En \u00abNoticias\u00bb","block_context":{"text":"Noticias","link":"https:\/\/cepronda.com\/blog\/category\/noticias\/"},"img":{"alt_text":"man-101001_640","src":"https:\/\/i0.wp.com\/cepronda.com\/blog\/wp-content\/uploads\/2016\/10\/man-101001_640-300x212.jpg?resize=350%2C200","width":350,"height":200},"classes":[]},{"id":1369,"url":"https:\/\/cepronda.com\/blog\/programa-relaciona\/","url_meta":{"origin":651,"position":2},"title":"Programa RELACIONA","author":"V\u00edctor Caballero","date":"25 octubre, 2017","format":false,"excerpt":"\u00a1Hola de nuevo! Dentro de nuestras actividades formativas este curso tenemos la suerte de contar con la posibilidad de ofreceros un Programa de \u00e1mbito estatal y que tiene muy buenas referencias. Va dirigida a todas aquellas personas que quieran una formaci\u00f3n en igualdad y tiene como objetivo fundamental seguir avanzando\u2026","rel":"","context":"En \u00abFormaciones\u00bb","block_context":{"text":"Formaciones","link":"https:\/\/cepronda.com\/blog\/category\/formaciones\/"},"img":{"alt_text":"","src":"https:\/\/i0.wp.com\/cepronda.com\/blog\/wp-content\/uploads\/2017\/10\/FSE-invierte-2.jpg?resize=350%2C200","width":350,"height":200},"classes":[]},{"id":3350,"url":"https:\/\/cepronda.com\/blog\/cambio-de-fechas-en-curso-de-diversidad-afectivo-sexual\/","url_meta":{"origin":651,"position":3},"title":"Cambio de fechas en curso de Diversidad afectivo-sexual","author":"V\u00edctor Caballero","date":"20 enero, 2020","format":false,"excerpt":"Muy buenas familia, Comunicamos a todas las personas inscritas que ha habido un cambio de fechas en el curso de diversidad afectivo sexual que comenzaba este mi\u00e9rcoles, y que comenzar\u00e1 el pr\u00f3ximo 19 de febrero. La fecha cambia al 11 de marzo quedando entonces las fechas en las siguientes: 19\u2026","rel":"","context":"En \u00abFormaciones\u00bb","block_context":{"text":"Formaciones","link":"https:\/\/cepronda.com\/blog\/category\/formaciones\/"},"img":{"alt_text":"","src":"https:\/\/i0.wp.com\/cepronda.com\/blog\/wp-content\/uploads\/2020\/01\/EDUCACI%C3%93N-AFECTIVO-SEXUAL-EN-NUESTROS-CENTROS_-WE-LOVE-EDUCACI%C3%93N-SEXUAL-Y-COEDUCACI%C3%93N-1.jpg?fit=848%2C1200&ssl=1&resize=350%2C200","width":350,"height":200,"srcset":"https:\/\/i0.wp.com\/cepronda.com\/blog\/wp-content\/uploads\/2020\/01\/EDUCACI%C3%93N-AFECTIVO-SEXUAL-EN-NUESTROS-CENTROS_-WE-LOVE-EDUCACI%C3%93N-SEXUAL-Y-COEDUCACI%C3%93N-1.jpg?fit=848%2C1200&ssl=1&resize=350%2C200 1x, https:\/\/i0.wp.com\/cepronda.com\/blog\/wp-content\/uploads\/2020\/01\/EDUCACI%C3%93N-AFECTIVO-SEXUAL-EN-NUESTROS-CENTROS_-WE-LOVE-EDUCACI%C3%93N-SEXUAL-Y-COEDUCACI%C3%93N-1.jpg?fit=848%2C1200&ssl=1&resize=525%2C300 1.5x, https:\/\/i0.wp.com\/cepronda.com\/blog\/wp-content\/uploads\/2020\/01\/EDUCACI%C3%93N-AFECTIVO-SEXUAL-EN-NUESTROS-CENTROS_-WE-LOVE-EDUCACI%C3%93N-SEXUAL-Y-COEDUCACI%C3%93N-1.jpg?fit=848%2C1200&ssl=1&resize=700%2C400 2x"},"classes":[]},{"id":3786,"url":"https:\/\/cepronda.com\/blog\/plan-de-igualdad-convocatoria-abierta\/","url_meta":{"origin":651,"position":4},"title":"Plan de Igualdad. Convocatoria abierta.","author":"Inmaculada Garc\u00eda","date":"30 septiembre, 2020","format":false,"excerpt":"Buenos d\u00edas compa\u00f1eras y compa\u00f1eros, Os informamos que est\u00e1 publicada la Resoluci\u00f3n que regula las medidas y actuaciones para la prevenci\u00f3n de la violencia de g\u00e9nero en el \u00e1mbito educativo y establece la convocatoria para este curso 2020\/2021. El plazo para solicitarlo est\u00e1 abierto y en la convocatoria vienen explicadas\u2026","rel":"","context":"En \u00abFormaciones\u00bb","block_context":{"text":"Formaciones","link":"https:\/\/cepronda.com\/blog\/category\/formaciones\/"},"img":{"alt_text":"","src":"https:\/\/i0.wp.com\/cepronda.com\/blog\/wp-content\/uploads\/2020\/09\/cartel_vg_bien.jpg?fit=300%2C300&ssl=1&resize=350%2C200","width":350,"height":200},"classes":[]},{"id":1515,"url":"https:\/\/cepronda.com\/blog\/cursos-a-distancia-ofertados-por-el-intef\/","url_meta":{"origin":651,"position":5},"title":"Cursos a distancia ofertados por el INTEF","author":"V\u00edctor Caballero","date":"8 enero, 2018","format":false,"excerpt":"\u00a1Hola de nuevo familia! En esta entrada queremos compartir otra oferta formativa a distancia, en esta ocasi\u00f3n a trav\u00e9s del INTEF y el MECD. EL plazo de inscripci\u00f3n tambi\u00e9n se abre ma\u00f1ana, y tambi\u00e9n ten\u00e9is varios cursos interesantes a vuestra disposici\u00f3n.\u00a0 Para acceder a toda la informaci\u00f3n s\u00f3lo ten\u00e9is que\u2026","rel":"","context":"En \u00abFormaciones\u00bb","block_context":{"text":"Formaciones","link":"https:\/\/cepronda.com\/blog\/category\/formaciones\/"},"img":{"alt_text":"","src":"https:\/\/i0.wp.com\/cepronda.com\/blog\/wp-content\/uploads\/2018\/01\/notebook-2560953_640.jpg?fit=640%2C426&ssl=1&resize=350%2C200","width":350,"height":200,"srcset":"https:\/\/i0.wp.com\/cepronda.com\/blog\/wp-content\/uploads\/2018\/01\/notebook-2560953_640.jpg?fit=640%2C426&ssl=1&resize=350%2C200 1x, https:\/\/i0.wp.com\/cepronda.com\/blog\/wp-content\/uploads\/2018\/01\/notebook-2560953_640.jpg?fit=640%2C426&ssl=1&resize=525%2C300 1.5x"},"classes":[]}],"jetpack_sharing_enabled":true,"_links":{"self":[{"href":"https:\/\/cepronda.com\/blog\/wp-json\/wp\/v2\/posts\/651","targetHints":{"allow":["GET"]}}],"collection":[{"href":"https:\/\/cepronda.com\/blog\/wp-json\/wp\/v2\/posts"}],"about":[{"href":"https:\/\/cepronda.com\/blog\/wp-json\/wp\/v2\/types\/post"}],"author":[{"embeddable":true,"href":"https:\/\/cepronda.com\/blog\/wp-json\/wp\/v2\/users\/3"}],"replies":[{"embeddable":true,"href":"https:\/\/cepronda.com\/blog\/wp-json\/wp\/v2\/comments?post=651"}],"version-history":[{"count":0,"href":"https:\/\/cepronda.com\/blog\/wp-json\/wp\/v2\/posts\/651\/revisions"}],"wp:featuredmedia":[{"embeddable":true,"href":"https:\/\/cepronda.com\/blog\/wp-json\/"}],"wp:attachment":[{"href":"https:\/\/cepronda.com\/blog\/wp-json\/wp\/v2\/media?parent=651"}],"wp:term":[{"taxonomy":"category","embeddable":true,"href":"https:\/\/cepronda.com\/blog\/wp-json\/wp\/v2\/categories?post=651"},{"taxonomy":"post_tag","embeddable":true,"href":"https:\/\/cepronda.com\/blog\/wp-json\/wp\/v2\/tags?post=651"}],"curies":[{"name":"wp","href":"https:\/\/api.w.org\/{rel}","templated":true}]}}