{"id":648,"date":"2017-02-02T13:32:10","date_gmt":"2017-02-02T12:32:10","guid":{"rendered":"http:\/\/cepronda.com\/blog\/?p=648"},"modified":"2017-02-02T13:32:10","modified_gmt":"2017-02-02T12:32:10","slug":"curso-de-cuaderno-de-seneca-para-la-zona-de-cortes-de-la-frontera","status":"publish","type":"post","link":"https:\/\/cepronda.com\/blog\/curso-de-cuaderno-de-seneca-para-la-zona-de-cortes-de-la-frontera\/","title":{"rendered":"Curso de Cuaderno de S\u00e9neca para la zona de Cortes de la Frontera"},"content":{"rendered":"<p>\u00a1Hola!<\/p>\n<p>Desde hace algunos d\u00edas ten\u00e9is a disposici\u00f3n para el profesorado de la zona de Cortes de la Frontera de un curso que est\u00e1 resultando muy interesante para el profesorado. Se trata del curso de Cuaderno S\u00e9neca Pasen donde aprenderemos a configurar y manejar la herramienta que desde la Junta de Andaluc\u00eda nos ofrecen para hacer un seguimiento del alumnado de manera c\u00f3moda, sencilla y r\u00e1pida y a trav\u00e9s de nuestros dispositivos m\u00f3viles.<\/p>\n<p>Si quer\u00e9is acceder a la informaci\u00f3n del curso, os dejo con el <a href=\"https:\/\/www.juntadeandalucia.es\/educacion\/secretariavirtual\/consultaCEP\/actividad\/172924GE049\/\" target=\"_blank\">enlace al mismo<\/a>, y deciros que dar\u00e1 comienzo el pr\u00f3ximo martes 7 de febrero.<\/p>\n<p>\u00a1Nos vemos familia!<\/p>\n<p>&nbsp;<\/p>\n","protected":false},"excerpt":{"rendered":"<p>\u00a1Hola! Desde hace algunos d\u00edas ten\u00e9is a disposici\u00f3n para el profesorado de la zona de Cortes de la Frontera de un curso que est\u00e1 resultando muy interesante para el profesorado. Se trata del curso de Cuaderno S\u00e9neca Pasen donde aprenderemos a configurar y manejar la herramienta que desde la Junta de Andaluc\u00eda nos ofrecen para [&hellip;]<\/p>\n","protected":false},"author":3,"featured_media":598,"comment_status":"open","ping_status":"open","sticky":false,"template":"","format":"standard","meta":{"_crdt_document":"","advanced_seo_description":"","jetpack_seo_html_title":"","jetpack_seo_noindex":false,"jetpack_post_was_ever_published":false,"_jetpack_newsletter_access":"","_jetpack_dont_email_post_to_subs":false,"_jetpack_newsletter_tier_id":0,"_jetpack_memberships_contains_paywalled_content":false,"_jetpack_memberships_contains_paid_content":false,"footnotes":"","jetpack_publicize_message":"","jetpack_publicize_feature_enabled":true,"jetpack_social_post_already_shared":false,"jetpack_social_options":{"image_generator_settings":{"template":"highway","default_image_id":0,"font":"","enabled":false},"version":2}},"categories":[3],"tags":[36],"class_list":{"0":"post-648","1":"post","2":"type-post","3":"status-publish","4":"format-standard","5":"has-post-thumbnail","7":"category-formaciones","8":"tag-herramientas-tic","9":"czr-hentry"},"jetpack_publicize_connections":[],"jetpack_featured_media_url":"","jetpack_shortlink":"https:\/\/wp.me\/p8M4X7-as","jetpack-related-posts":[{"id":8830,"url":"https:\/\/cepronda.com\/blog\/cuaderno-de-clase-seneca-para-la-evaluacion-competencial\/","url_meta":{"origin":648,"position":0},"title":"CUADERNO DE CLASE S\u00c9NECA PARA LA EVALUACI\u00d3N COMPETENCIAL","author":"V\u00edctor Caballero","date":"24 septiembre, 2025","format":false,"excerpt":"Abierto el plazo de inscripci\u00f3n para el curso \"CUADERNO DE CLASE S\u00c9NECA PARA LA EVALUACI\u00d3N COMPETENCIAL\" c\u00f3digo 262924GE103 Curso a distancia tutorizado que pretende dotar al profesorado de los conocimientos necesarios para configurar el cuaderno de S\u00e9neca, usarlo para el seguimiento acad\u00e9mico, la evaluaci\u00f3n del alumnado y conocer como se\u2026","rel":"","context":"En \u00abFormaciones\u00bb","block_context":{"text":"Formaciones","link":"https:\/\/cepronda.com\/blog\/category\/formaciones\/"},"img":{"alt_text":"","src":"https:\/\/i0.wp.com\/cepronda.com\/blog\/wp-content\/uploads\/2025\/09\/262924GE103_Cartel-Cuaderno-Seneca-50h.png?fit=1080%2C1080&ssl=1&resize=350%2C200","width":350,"height":200,"srcset":"https:\/\/i0.wp.com\/cepronda.com\/blog\/wp-content\/uploads\/2025\/09\/262924GE103_Cartel-Cuaderno-Seneca-50h.png?fit=1080%2C1080&ssl=1&resize=350%2C200 1x, https:\/\/i0.wp.com\/cepronda.com\/blog\/wp-content\/uploads\/2025\/09\/262924GE103_Cartel-Cuaderno-Seneca-50h.png?fit=1080%2C1080&ssl=1&resize=525%2C300 1.5x, https:\/\/i0.wp.com\/cepronda.com\/blog\/wp-content\/uploads\/2025\/09\/262924GE103_Cartel-Cuaderno-Seneca-50h.png?fit=1080%2C1080&ssl=1&resize=700%2C400 2x, https:\/\/i0.wp.com\/cepronda.com\/blog\/wp-content\/uploads\/2025\/09\/262924GE103_Cartel-Cuaderno-Seneca-50h.png?fit=1080%2C1080&ssl=1&resize=1050%2C600 3x"},"classes":[]},{"id":2392,"url":"https:\/\/cepronda.com\/blog\/curso-cuaderno-seneca-para-primaria\/","url_meta":{"origin":648,"position":1},"title":"Curso \u00abCuaderno S\u00e9neca para Primaria\u00bb","author":"V\u00edctor Caballero","date":"19 octubre, 2018","format":false,"excerpt":"\u00a1Hola de nuevo! Terminamos la semana abriendo el plazo de inscripci\u00f3n para un curso que creemos va a resultaros de gran inter\u00e9s. Es un curso con seguimiento dirigido al profesorado de primaria donde aprenderemos a configurar nuestro cuaderno S\u00e9neca, a hacer un seguimiento del d\u00eda a d\u00eda con nuestro alumnado,\u2026","rel":"","context":"En \u00abFormaciones\u00bb","block_context":{"text":"Formaciones","link":"https:\/\/cepronda.com\/blog\/category\/formaciones\/"},"img":{"alt_text":"","src":"https:\/\/i0.wp.com\/cepronda.com\/blog\/wp-content\/uploads\/2017\/05\/CvIM0y6WcAA7hen.jpg?fit=673%2C305&ssl=1&resize=350%2C200","width":350,"height":200,"srcset":"https:\/\/i0.wp.com\/cepronda.com\/blog\/wp-content\/uploads\/2017\/05\/CvIM0y6WcAA7hen.jpg?fit=673%2C305&ssl=1&resize=350%2C200 1x, https:\/\/i0.wp.com\/cepronda.com\/blog\/wp-content\/uploads\/2017\/05\/CvIM0y6WcAA7hen.jpg?fit=673%2C305&ssl=1&resize=525%2C300 1.5x"},"classes":[]},{"id":6105,"url":"https:\/\/cepronda.com\/blog\/cuaderno-seneca-para-formacion-profesional-242923fp153\/","url_meta":{"origin":648,"position":2},"title":"CUADERNO S\u00c9NECA PARA FORMACI\u00d3N PROFESIONAL (242923FP153)","author":"Inmaculada Garc\u00eda","date":"18 octubre, 2023","format":false,"excerpt":"Abierto plazo de inscripci\u00f3n para el Curso a Distancia, gestionado por el CEP de Marbella- Co\u00edn: \"CUADERNO S\u00c9NECA PARA FORMACI\u00d3N PROFESIONAL (242923FP153)\" Destinados a profesorado de Formaci\u00f3n profesional de la provincia de M\u00e1laga. Inscripci\u00f3n del 18 al 27 de octubre. Realizaci\u00f3n entre el 6 de Noviembre y el 15 de\u2026","rel":"","context":"En \u00abNoticias\u00bb","block_context":{"text":"Noticias","link":"https:\/\/cepronda.com\/blog\/category\/noticias\/"},"img":{"alt_text":"","src":"https:\/\/i0.wp.com\/cepronda.com\/blog\/wp-content\/uploads\/2023\/10\/WhatsApp-Image-2023-10-17-at-20.51.07.jpeg?fit=1080%2C1080&ssl=1&resize=350%2C200","width":350,"height":200,"srcset":"https:\/\/i0.wp.com\/cepronda.com\/blog\/wp-content\/uploads\/2023\/10\/WhatsApp-Image-2023-10-17-at-20.51.07.jpeg?fit=1080%2C1080&ssl=1&resize=350%2C200 1x, https:\/\/i0.wp.com\/cepronda.com\/blog\/wp-content\/uploads\/2023\/10\/WhatsApp-Image-2023-10-17-at-20.51.07.jpeg?fit=1080%2C1080&ssl=1&resize=525%2C300 1.5x, https:\/\/i0.wp.com\/cepronda.com\/blog\/wp-content\/uploads\/2023\/10\/WhatsApp-Image-2023-10-17-at-20.51.07.jpeg?fit=1080%2C1080&ssl=1&resize=700%2C400 2x, https:\/\/i0.wp.com\/cepronda.com\/blog\/wp-content\/uploads\/2023\/10\/WhatsApp-Image-2023-10-17-at-20.51.07.jpeg?fit=1080%2C1080&ssl=1&resize=1050%2C600 3x"},"classes":[]},{"id":7412,"url":"https:\/\/cepronda.com\/blog\/cuaderno-de-clase-de-seneca-para-la-evaluacion-competencial\/","url_meta":{"origin":648,"position":3},"title":"CUADERNO DE CLASE DE S\u00c9NECA PARA LA EVALUACI\u00d3N COMPETENCIAL","author":"Mamen Moreno","date":"31 enero, 2024","format":false,"excerpt":"Abierto plazo de inscripci\u00f3n para curso CUADERNO DE CLASE DE S\u00c9NECA PARA LA EVALUACI\u00d3N COMPETENCIAL Destinado a profesorado de INFANTIL, PRIMARIA, SECUNDARIA, BACHILLERATO Y EDUCACI\u00d3N PERMANENTE \ufe0fInscripci\u00f3n del 29 de enero al 12 de febrero. Realizaci\u00f3n entre el 22 de febrero al 22 de abril a trav\u00e9s del AVFP M\u00e1s\u2026","rel":"","context":"En \u00abFormaciones\u00bb","block_context":{"text":"Formaciones","link":"https:\/\/cepronda.com\/blog\/category\/formaciones\/"},"img":{"alt_text":"","src":"https:\/\/i0.wp.com\/cepronda.com\/blog\/wp-content\/uploads\/2024\/01\/WhatsApp-Image-2024-01-30-at-13.43.45-1.jpeg?fit=1000%2C1000&ssl=1&resize=350%2C200","width":350,"height":200,"srcset":"https:\/\/i0.wp.com\/cepronda.com\/blog\/wp-content\/uploads\/2024\/01\/WhatsApp-Image-2024-01-30-at-13.43.45-1.jpeg?fit=1000%2C1000&ssl=1&resize=350%2C200 1x, https:\/\/i0.wp.com\/cepronda.com\/blog\/wp-content\/uploads\/2024\/01\/WhatsApp-Image-2024-01-30-at-13.43.45-1.jpeg?fit=1000%2C1000&ssl=1&resize=525%2C300 1.5x, https:\/\/i0.wp.com\/cepronda.com\/blog\/wp-content\/uploads\/2024\/01\/WhatsApp-Image-2024-01-30-at-13.43.45-1.jpeg?fit=1000%2C1000&ssl=1&resize=700%2C400 2x"},"classes":[]},{"id":4751,"url":"https:\/\/cepronda.com\/blog\/cuaderno-de-clase-de-seneca-para-la-evaluacion-criterial\/","url_meta":{"origin":648,"position":4},"title":"CUADERNO DE CLASE DE S\u00c9NECA PARA LA EVALUACI\u00d3N CRITERIAL","author":"Maribel Mu\u00f1oz","date":"11 octubre, 2021","format":false,"excerpt":"Buenas tardes compa\u00f1eras y compa\u00f1eros, Os informamos que est\u00e1 abierto el plazo de inscripci\u00f3n en la actividad \u00a0\"CUADERNO DE CLASE DE S\u00c9NECA PARA LA EVALUACI\u00d3N CRITERIAL\".\u00a0Es una actividad PROVINCIAL, gestionada por el\u00a0 CEP de V\u00e9lez-M\u00e1laga,\u00a0 con c\u00f3digo 229926KPF367.\u00a0 Se desarrollar\u00e1 en el Aula Virtual de Formaci\u00f3n del Profesorado. Las fechas\u2026","rel":"","context":"En \u00abFormaciones\u00bb","block_context":{"text":"Formaciones","link":"https:\/\/cepronda.com\/blog\/category\/formaciones\/"},"img":{"alt_text":"","src":"https:\/\/i0.wp.com\/cepronda.com\/blog\/wp-content\/uploads\/2021\/10\/WhatsApp-Image-2021-10-11-at-12.06.20-1.jpeg?fit=1200%2C427&ssl=1&resize=350%2C200","width":350,"height":200,"srcset":"https:\/\/i0.wp.com\/cepronda.com\/blog\/wp-content\/uploads\/2021\/10\/WhatsApp-Image-2021-10-11-at-12.06.20-1.jpeg?fit=1200%2C427&ssl=1&resize=350%2C200 1x, https:\/\/i0.wp.com\/cepronda.com\/blog\/wp-content\/uploads\/2021\/10\/WhatsApp-Image-2021-10-11-at-12.06.20-1.jpeg?fit=1200%2C427&ssl=1&resize=525%2C300 1.5x, https:\/\/i0.wp.com\/cepronda.com\/blog\/wp-content\/uploads\/2021\/10\/WhatsApp-Image-2021-10-11-at-12.06.20-1.jpeg?fit=1200%2C427&ssl=1&resize=700%2C400 2x, https:\/\/i0.wp.com\/cepronda.com\/blog\/wp-content\/uploads\/2021\/10\/WhatsApp-Image-2021-10-11-at-12.06.20-1.jpeg?fit=1200%2C427&ssl=1&resize=1050%2C600 3x"},"classes":[]},{"id":2401,"url":"https:\/\/cepronda.com\/blog\/cuaderno-seneca-en-secundaria-y-bachillerato\/","url_meta":{"origin":648,"position":5},"title":"Cuaderno S\u00e9neca en Secundaria y Bachillerato","author":"V\u00edctor Caballero","date":"26 octubre, 2018","format":false,"excerpt":"Muy buenas, C\u00f3mo sab\u00e9is una de las prioridades en este curso es que avancemos en el uso de Cuaderno S\u00e9neca. En este caso hemos preparado esta actividad para el profesorado de Educaci\u00f3n Secundaria y Bachillerato, con el principal objetivo de potenciar el uso de esta herramienta en el profesorado y\u2026","rel":"","context":"En \u00abFormaciones\u00bb","block_context":{"text":"Formaciones","link":"https:\/\/cepronda.com\/blog\/category\/formaciones\/"},"img":{"alt_text":"","src":"https:\/\/i0.wp.com\/cepronda.com\/blog\/wp-content\/uploads\/2018\/10\/laptop-2709647_1920.jpg?fit=1200%2C801&ssl=1&resize=350%2C200","width":350,"height":200,"srcset":"https:\/\/i0.wp.com\/cepronda.com\/blog\/wp-content\/uploads\/2018\/10\/laptop-2709647_1920.jpg?fit=1200%2C801&ssl=1&resize=350%2C200 1x, https:\/\/i0.wp.com\/cepronda.com\/blog\/wp-content\/uploads\/2018\/10\/laptop-2709647_1920.jpg?fit=1200%2C801&ssl=1&resize=525%2C300 1.5x, https:\/\/i0.wp.com\/cepronda.com\/blog\/wp-content\/uploads\/2018\/10\/laptop-2709647_1920.jpg?fit=1200%2C801&ssl=1&resize=700%2C400 2x, https:\/\/i0.wp.com\/cepronda.com\/blog\/wp-content\/uploads\/2018\/10\/laptop-2709647_1920.jpg?fit=1200%2C801&ssl=1&resize=1050%2C600 3x"},"classes":[]}],"jetpack_sharing_enabled":true,"_links":{"self":[{"href":"https:\/\/cepronda.com\/blog\/wp-json\/wp\/v2\/posts\/648","targetHints":{"allow":["GET"]}}],"collection":[{"href":"https:\/\/cepronda.com\/blog\/wp-json\/wp\/v2\/posts"}],"about":[{"href":"https:\/\/cepronda.com\/blog\/wp-json\/wp\/v2\/types\/post"}],"author":[{"embeddable":true,"href":"https:\/\/cepronda.com\/blog\/wp-json\/wp\/v2\/users\/3"}],"replies":[{"embeddable":true,"href":"https:\/\/cepronda.com\/blog\/wp-json\/wp\/v2\/comments?post=648"}],"version-history":[{"count":0,"href":"https:\/\/cepronda.com\/blog\/wp-json\/wp\/v2\/posts\/648\/revisions"}],"wp:featuredmedia":[{"embeddable":true,"href":"https:\/\/cepronda.com\/blog\/wp-json\/"}],"wp:attachment":[{"href":"https:\/\/cepronda.com\/blog\/wp-json\/wp\/v2\/media?parent=648"}],"wp:term":[{"taxonomy":"category","embeddable":true,"href":"https:\/\/cepronda.com\/blog\/wp-json\/wp\/v2\/categories?post=648"},{"taxonomy":"post_tag","embeddable":true,"href":"https:\/\/cepronda.com\/blog\/wp-json\/wp\/v2\/tags?post=648"}],"curies":[{"name":"wp","href":"https:\/\/api.w.org\/{rel}","templated":true}]}}