{"id":643,"date":"2017-02-02T13:25:09","date_gmt":"2017-02-02T12:25:09","guid":{"rendered":"http:\/\/cepronda.com\/blog\/?p=643"},"modified":"2017-02-02T13:25:09","modified_gmt":"2017-02-02T12:25:09","slug":"campana-con-motivo-del-dia-de-andalucia-la-historia-tambien-la-escriben-ellas","status":"publish","type":"post","link":"https:\/\/cepronda.com\/blog\/campana-con-motivo-del-dia-de-andalucia-la-historia-tambien-la-escriben-ellas\/","title":{"rendered":"Campa\u00f1a con motivo del D\u00eda de Andaluc\u00eda: La Historia tambi\u00e9n la escriben ELLAS"},"content":{"rendered":"<p>\u00a1Muy buenas!<\/p>\n<p>&nbsp;<\/p>\n<p>Buceando por internet y buscando aspectos relativos al Plan de Igualdad de Centro, me he encontrado con esta Campa\u00f1a y me ha resultado muy interesante y por eso quiero compartirlo con todas y todos vosotros. Adem\u00e1s de materiales tambi\u00e9n tiene una serie de v\u00eddeos muy chulos. Os recomiendo echarle un vistazo a la<a href=\"http:\/\/www.juntadeandalucia.es\/educacion\/webportal\/web\/portal-de-igualdad\/noticias\/-\/noticia\/detalle\/campana-con-motivo-del-dia-de-andalucia-la-historia-tambien-la-escriben-ellas-1\" target=\"_blank\"> web del Portal de Igualdad<\/a>. Os pongo la informaci\u00f3n de todos modos por aqu\u00ed:<\/p>\n<p align=\"JUSTIFY\">\u00abCon motivo del <strong>D\u00eda de Andaluc\u00eda<\/strong>, el Instituto Andaluz de la Mujer en coordinaci\u00f3n con la Consejer\u00eda de Educaci\u00f3n plantean la necesidad de crear un material que, cumpliendo con la <strong>transversalidad de g\u00e9nero<\/strong>, incorpore a las mujeres en la celebraci\u00f3n de ese d\u00eda.<\/p>\n<p align=\"JUSTIFY\">Se sigue as\u00ed la pauta de la Resoluci\u00f3n de 22 de enero de 2016, de la Direcci\u00f3n General de Innovaci\u00f3n, por la que se dictan instrucciones para la celebraci\u00f3n del D\u00eda de Andaluc\u00eda en los centros docentes de la Comunidad Aut\u00f3noma Andaluza.<\/p>\n<p align=\"JUSTIFY\">El material reflexiona, tomando como punto de partida la celebraci\u00f3n del 28 de Febrero en el \u00e1mbito escolar, los referentes y significados m\u00e1s importantes de ese d\u00eda, la identidad andaluza: \u00bfY en todo eso, d\u00f3nde est\u00e1n las mujeres?<\/p>\n<p id=\"aui_3_2_0_1151\" align=\"JUSTIFY\"><a id=\"aui_3_2_0_1149\" href=\"http:\/\/www.juntadeandalucia.es\/educacion\/webportal\/abaco-portlet\/content\/fa6f1756-e797-45ae-b2a7-9235b8b95849\" target=\"_blank\">Enlace al material en formato pdf<\/a><\/p>\n<p id=\"aui_3_2_0_1171\" align=\"JUSTIFY\"><a id=\"aui_3_2_0_1170\" href=\"https:\/\/www.youtube.com\/playlist?list=PLxydhsSBJDsqxwUp2bgF1QQKUOgMGRsX-\" target=\"_blank\">Enlace a los v\u00eddeos del material<\/a><\/p>\n<p align=\"JUSTIFY\">En un acto celebrado en el CEIP Poetas Andaluces de Montequinto, Dos Hermanas, Sevilla, las consejeras de Educaci\u00f3n e Igualdad han presentado el material did\u00e1ctico \u2018La Historia tambi\u00e9n la escriben ELLAS\u2019, elaborado por el IAM, que transmitir\u00e1 valores de igualdad y defensa de los derechos al alumnado y profesorado de Primaria.<\/p>\n<p align=\"JUSTIFY\">Esta campa\u00f1a, con motivo del D\u00eda de Andaluc\u00eda, pretende que se visibilice a las mujeres andaluzas en la Historia. Con el nombre de \u2018La Historia tambi\u00e9n la escriben ELLAS\u2019, dicha acci\u00f3n transmitir\u00e1 valores de igualdad y defensa de los derechos al alumnado y profesorado de Primaria\u00bb.<\/p>\n<p>&nbsp;<\/p>\n<p>&nbsp;<\/p>\n","protected":false},"excerpt":{"rendered":"<p>\u00a1Muy buenas! &nbsp; Buceando por internet y buscando aspectos relativos al Plan de Igualdad de Centro, me he encontrado con esta Campa\u00f1a y me ha resultado muy interesante y por eso quiero compartirlo con todas y todos vosotros. Adem\u00e1s de materiales tambi\u00e9n tiene una serie de v\u00eddeos muy chulos. Os recomiendo echarle un vistazo a [&hellip;]<\/p>\n","protected":false},"author":3,"featured_media":646,"comment_status":"open","ping_status":"open","sticky":false,"template":"","format":"standard","meta":{"_crdt_document":"","advanced_seo_description":"","jetpack_seo_html_title":"","jetpack_seo_noindex":false,"jetpack_post_was_ever_published":false,"_jetpack_newsletter_access":"","_jetpack_dont_email_post_to_subs":false,"_jetpack_newsletter_tier_id":0,"_jetpack_memberships_contains_paywalled_content":false,"_jetpack_memberships_contains_paid_content":false,"footnotes":"","jetpack_publicize_message":"","jetpack_publicize_feature_enabled":true,"jetpack_social_post_already_shared":false,"jetpack_social_options":{"image_generator_settings":{"template":"highway","default_image_id":0,"font":"","enabled":false},"version":2}},"categories":[5],"tags":[37],"class_list":{"0":"post-643","1":"post","2":"type-post","3":"status-publish","4":"format-standard","5":"has-post-thumbnail","7":"category-noticias","8":"tag-igualdad","9":"czr-hentry"},"jetpack_publicize_connections":[],"jetpack_featured_media_url":"","jetpack_shortlink":"https:\/\/wp.me\/p8M4X7-an","jetpack-related-posts":[{"id":5628,"url":"https:\/\/cepronda.com\/blog\/enhorabuena-por-vuestro-premio-en-la-campana-entonces-quien\/","url_meta":{"origin":643,"position":0},"title":"Enhorabuena por vuestro premio en la Campa\u00f1a \u00ab\u00bfEntonces Qui\u00e9n?\u00bb","author":"Inmaculada Garc\u00eda","date":"23 noviembre, 2022","format":false,"excerpt":"La Delegaci\u00f3n del Gobierno contra la violencia de g\u00e9nero hizo ayer oficial el nombre de las personas premiadas con motivo de la Campa\u00f1a \"\u00bfEntonces qui\u00e9n?\", con motivo del 25 N, D\u00eda internacional para la eliminaci\u00f3n de la Violencia contra las mujeres.\u00a0 La secretaria de Estado de Igualdad y contra la\u2026","rel":"","context":"En \u00abNoticias\u00bb","block_context":{"text":"Noticias","link":"https:\/\/cepronda.com\/blog\/category\/noticias\/"},"img":{"alt_text":"","src":"https:\/\/i0.wp.com\/cepronda.com\/blog\/wp-content\/uploads\/2022\/11\/Post-de-Instagram-para-rebajas-y-ofertas-tiendas-azul-y-terracota.png?fit=1080%2C1080&ssl=1&resize=350%2C200","width":350,"height":200,"srcset":"https:\/\/i0.wp.com\/cepronda.com\/blog\/wp-content\/uploads\/2022\/11\/Post-de-Instagram-para-rebajas-y-ofertas-tiendas-azul-y-terracota.png?fit=1080%2C1080&ssl=1&resize=350%2C200 1x, https:\/\/i0.wp.com\/cepronda.com\/blog\/wp-content\/uploads\/2022\/11\/Post-de-Instagram-para-rebajas-y-ofertas-tiendas-azul-y-terracota.png?fit=1080%2C1080&ssl=1&resize=525%2C300 1.5x, https:\/\/i0.wp.com\/cepronda.com\/blog\/wp-content\/uploads\/2022\/11\/Post-de-Instagram-para-rebajas-y-ofertas-tiendas-azul-y-terracota.png?fit=1080%2C1080&ssl=1&resize=700%2C400 2x, https:\/\/i0.wp.com\/cepronda.com\/blog\/wp-content\/uploads\/2022\/11\/Post-de-Instagram-para-rebajas-y-ofertas-tiendas-azul-y-terracota.png?fit=1080%2C1080&ssl=1&resize=1050%2C600 3x"},"classes":[]},{"id":2319,"url":"https:\/\/cepronda.com\/blog\/v-encuentro-de-escuelas-rurales-de-andalucia\/","url_meta":{"origin":643,"position":1},"title":"V Encuentro de Escuelas Rurales de Andaluc\u00eda","author":"V\u00edctor Caballero","date":"13 septiembre, 2018","format":false,"excerpt":"Muy buenas, Como sab\u00e9is una de nuestras prioridades son los centros rurales agrupados dada su casu\u00edstica tan peculiar, y dado que tenemos la gran suerte de contar con 5 de ellos en nuestra zona. En este sentido os queremos comunicar que los pr\u00f3ximos d\u00edas 4 y 5 de octubre se\u2026","rel":"","context":"En \u00abNoticias\u00bb","block_context":{"text":"Noticias","link":"https:\/\/cepronda.com\/blog\/category\/noticias\/"},"img":{"alt_text":"","src":"https:\/\/i0.wp.com\/cepronda.com\/blog\/wp-content\/uploads\/2018\/09\/handbag-407198_640.jpg?fit=640%2C426&ssl=1&resize=350%2C200","width":350,"height":200,"srcset":"https:\/\/i0.wp.com\/cepronda.com\/blog\/wp-content\/uploads\/2018\/09\/handbag-407198_640.jpg?fit=640%2C426&ssl=1&resize=350%2C200 1x, https:\/\/i0.wp.com\/cepronda.com\/blog\/wp-content\/uploads\/2018\/09\/handbag-407198_640.jpg?fit=640%2C426&ssl=1&resize=525%2C300 1.5x"},"classes":[]},{"id":2543,"url":"https:\/\/cepronda.com\/blog\/concurso-de-dibujo-mujer-y-astronomia\/","url_meta":{"origin":643,"position":2},"title":"CONCURSO DE DIBUJO MUJER Y ASTRONOM\u00cdA","author":"V\u00edctor Caballero","date":"20 diciembre, 2018","format":false,"excerpt":"Muy buenas familia, compartimos con todas y todos vosotros este concurso de dibujo que creemos puede ser muy interesante. Os adjuntamos las bases donde encontrar toda la informaci\u00f3n. Concurso_Dibujo_SEA_2019Descargar La Sociedad Espa\u00f1ola de Astronom\u00eda a trav\u00e9s de su Comisi\u00f3n de Mujer y Astronom\u00eda, convoca un concurso de dibujo para escolares\u2026","rel":"","context":"En \u00abNoticias\u00bb","block_context":{"text":"Noticias","link":"https:\/\/cepronda.com\/blog\/category\/noticias\/"},"img":{"alt_text":"","src":"https:\/\/i0.wp.com\/cepronda.com\/blog\/wp-content\/uploads\/2018\/12\/concurso-mujres-y-astronomia.jpg?fit=1200%2C788&ssl=1&resize=350%2C200","width":350,"height":200,"srcset":"https:\/\/i0.wp.com\/cepronda.com\/blog\/wp-content\/uploads\/2018\/12\/concurso-mujres-y-astronomia.jpg?fit=1200%2C788&ssl=1&resize=350%2C200 1x, https:\/\/i0.wp.com\/cepronda.com\/blog\/wp-content\/uploads\/2018\/12\/concurso-mujres-y-astronomia.jpg?fit=1200%2C788&ssl=1&resize=525%2C300 1.5x, https:\/\/i0.wp.com\/cepronda.com\/blog\/wp-content\/uploads\/2018\/12\/concurso-mujres-y-astronomia.jpg?fit=1200%2C788&ssl=1&resize=700%2C400 2x, https:\/\/i0.wp.com\/cepronda.com\/blog\/wp-content\/uploads\/2018\/12\/concurso-mujres-y-astronomia.jpg?fit=1200%2C788&ssl=1&resize=1050%2C600 3x"},"classes":[]},{"id":5499,"url":"https:\/\/cepronda.com\/blog\/xxi-certamen-literario-escolar-andaluz-en-materia-de-voluntariado-solidaridad-en-letras-2022\/","url_meta":{"origin":643,"position":3},"title":"XXI CERTAMEN LITERARIO ESCOLAR ANDALUZ EN MATERIA DE VOLUNTARIADO \u00abSOLIDARIDAD EN LETRAS\u00bb 2022","author":"Mamen Moreno","date":"21 septiembre, 2022","format":false,"excerpt":"La Junta de Andaluc\u00eda, a trav\u00e9s de la Consejer\u00eda de Igualdad, Pol\u00edticas Sociales y Conciliaci\u00f3n, tiene abierto el plazo de presentaci\u00f3n de candidaturas para el\u00a0 XXI Certamen Literario Escolar Andaluz en materia de voluntariado: \u00abSolidaridad en Letras. El plazo de presentaci\u00f3n finaliza el d\u00eda 28 de octubre de 2022. Dicho\u2026","rel":"","context":"En \u00abNoticias\u00bb","block_context":{"text":"Noticias","link":"https:\/\/cepronda.com\/blog\/category\/noticias\/"},"img":{"alt_text":"","src":"https:\/\/i0.wp.com\/cepronda.com\/blog\/wp-content\/uploads\/2022\/09\/f06ccb03-e9d6-4236-bc0e-f8c34407feb0.jpg?fit=1080%2C1080&ssl=1&resize=350%2C200","width":350,"height":200,"srcset":"https:\/\/i0.wp.com\/cepronda.com\/blog\/wp-content\/uploads\/2022\/09\/f06ccb03-e9d6-4236-bc0e-f8c34407feb0.jpg?fit=1080%2C1080&ssl=1&resize=350%2C200 1x, https:\/\/i0.wp.com\/cepronda.com\/blog\/wp-content\/uploads\/2022\/09\/f06ccb03-e9d6-4236-bc0e-f8c34407feb0.jpg?fit=1080%2C1080&ssl=1&resize=525%2C300 1.5x, https:\/\/i0.wp.com\/cepronda.com\/blog\/wp-content\/uploads\/2022\/09\/f06ccb03-e9d6-4236-bc0e-f8c34407feb0.jpg?fit=1080%2C1080&ssl=1&resize=700%2C400 2x, https:\/\/i0.wp.com\/cepronda.com\/blog\/wp-content\/uploads\/2022\/09\/f06ccb03-e9d6-4236-bc0e-f8c34407feb0.jpg?fit=1080%2C1080&ssl=1&resize=1050%2C600 3x"},"classes":[]},{"id":2773,"url":"https:\/\/cepronda.com\/blog\/convocatoria-de-asesorias-para-los-centro-de-profesorado\/","url_meta":{"origin":643,"position":4},"title":"Convocatoria de asesor\u00edas para los Centro de Profesorado","author":"V\u00edctor Caballero","date":"2 mayo, 2019","format":false,"excerpt":"Muy buenas familia, \u00bfQu\u00e9 tal el d\u00eda de ayer? Seguro que muy bien, y sirvi\u00f3 para descansar y disfrutar del d\u00eda tan bueno. Os comunicamos que ya ha salido la convocatoria para las distintas plazas de asesor\u00edas vacantes en los Centros de Profesorado de Andaluc\u00eda. En concreto, en nuestro CEP,\u2026","rel":"","context":"En \u00abNoticias\u00bb","block_context":{"text":"Noticias","link":"https:\/\/cepronda.com\/blog\/category\/noticias\/"},"img":{"alt_text":"","src":"https:\/\/i0.wp.com\/cepronda.com\/blog\/wp-content\/uploads\/2019\/05\/Logo-Educaci%C3%B3n-y-deporte.png?fit=512%2C512&ssl=1&resize=350%2C200","width":350,"height":200},"classes":[]},{"id":766,"url":"https:\/\/cepronda.com\/blog\/ix-jornada-de-equipos-directivos-y-responsables-del-plan-de-igualdad\/","url_meta":{"origin":643,"position":5},"title":"IX Jornada de Equipos directivos y responsables del plan de igualdad","author":"V\u00edctor Caballero","date":"5 abril, 2017","format":false,"excerpt":"Muy buenas familia, Tras la \"locura\" de esta ma\u00f1ana, y a\u00fan con las buenas sensaciones vividas y lo aprendido en la ma\u00f1ana de hoy, os dejo con las fotos realizadas. Espero que todos y todas est\u00e9is tan satisfechas como estamos aqu\u00ed en el CEP, creemos realmente que han sido productivas\u2026","rel":"","context":"En \u00abNoticias\u00bb","block_context":{"text":"Noticias","link":"https:\/\/cepronda.com\/blog\/category\/noticias\/"},"img":{"alt_text":"","src":"https:\/\/i0.wp.com\/cepronda.com\/blog\/wp-content\/uploads\/2017\/05\/team-2044760_640.jpg?fit=640%2C479&ssl=1&resize=350%2C200","width":350,"height":200,"srcset":"https:\/\/i0.wp.com\/cepronda.com\/blog\/wp-content\/uploads\/2017\/05\/team-2044760_640.jpg?fit=640%2C479&ssl=1&resize=350%2C200 1x, https:\/\/i0.wp.com\/cepronda.com\/blog\/wp-content\/uploads\/2017\/05\/team-2044760_640.jpg?fit=640%2C479&ssl=1&resize=525%2C300 1.5x"},"classes":[]}],"jetpack_sharing_enabled":true,"_links":{"self":[{"href":"https:\/\/cepronda.com\/blog\/wp-json\/wp\/v2\/posts\/643","targetHints":{"allow":["GET"]}}],"collection":[{"href":"https:\/\/cepronda.com\/blog\/wp-json\/wp\/v2\/posts"}],"about":[{"href":"https:\/\/cepronda.com\/blog\/wp-json\/wp\/v2\/types\/post"}],"author":[{"embeddable":true,"href":"https:\/\/cepronda.com\/blog\/wp-json\/wp\/v2\/users\/3"}],"replies":[{"embeddable":true,"href":"https:\/\/cepronda.com\/blog\/wp-json\/wp\/v2\/comments?post=643"}],"version-history":[{"count":0,"href":"https:\/\/cepronda.com\/blog\/wp-json\/wp\/v2\/posts\/643\/revisions"}],"wp:featuredmedia":[{"embeddable":true,"href":"https:\/\/cepronda.com\/blog\/wp-json\/"}],"wp:attachment":[{"href":"https:\/\/cepronda.com\/blog\/wp-json\/wp\/v2\/media?parent=643"}],"wp:term":[{"taxonomy":"category","embeddable":true,"href":"https:\/\/cepronda.com\/blog\/wp-json\/wp\/v2\/categories?post=643"},{"taxonomy":"post_tag","embeddable":true,"href":"https:\/\/cepronda.com\/blog\/wp-json\/wp\/v2\/tags?post=643"}],"curies":[{"name":"wp","href":"https:\/\/api.w.org\/{rel}","templated":true}]}}