{"id":6109,"date":"2023-10-24T09:57:02","date_gmt":"2023-10-24T07:57:02","guid":{"rendered":"https:\/\/cepronda.com\/blog\/?p=6109"},"modified":"2025-04-28T11:48:14","modified_gmt":"2025-04-28T09:48:14","slug":"la-educacion-afectivo-sexual-en-la-escuela-del-siglo-xxi","status":"publish","type":"post","link":"https:\/\/cepronda.com\/blog\/la-educacion-afectivo-sexual-en-la-escuela-del-siglo-xxi\/","title":{"rendered":"LA EDUCACI\u00d3N AFECTIVO-SEXUAL EN LA ESCUELA DEL SIGLO XXI"},"content":{"rendered":"<p><span class=\"tc-dropcap\">O<\/span>s informamos que se encuentra\u00a0<strong>abierto el plazo de inscripci\u00f3n<\/strong> para la formaci\u00f3n <strong>LA EDUCACI\u00d3N AFECTIVO-SEXUAL EN LA ESCUELA DEL SIGLO XXI<\/strong>\u00a0 (c\u00f3digo 242924GE024) que est\u00e1 compuesta por los siguientes talleres:<\/p>\n<ul>\n<li style=\"list-style-type: none;\">\n<ul>\n<li style=\"list-style-type: none;\">\n<ul>\n<li style=\"list-style-type: none;\">\n<ul>\n<li style=\"text-align: left;\"><strong>Taller 1. Estela Moreno Berm\u00fadez.\u00a0 16 de noviembre\u00a0<\/strong><\/li>\n<li style=\"text-align: left;\"><b>Taller 2. Mercedes M\u00e1rquez Flores.\u00a0 16\u00a0 y\u00a0 30 de enero<\/b><\/li>\n<li style=\"text-align: left;\"><strong>Taller 3. Carmen Ruiz Repullo. 13 y 14 de febrero<\/strong><\/li>\n<\/ul>\n<\/li>\n<\/ul>\n<\/li>\n<\/ul>\n<\/li>\n<\/ul>\n<p><strong>Fecha inscripci\u00f3n: 24\/10\/2023 hasta 13\/11\/2023<\/strong><\/p>\n<p><strong>Fecha de actividad: 16\/11\/2023 hasta 14\/02\/2024<\/strong><\/p>\n<p><strong>Lugar: CEP de Ronda<\/strong><\/p>\n<p><strong>Duraci\u00f3n: 14 horas presenciales<\/strong><\/p>\n<p>Para m\u00e1s informaci\u00f3n puedes consultar la ficha de la actividad en el siguiente enlace donde tambi\u00e9n puedes realizar la<a href=\"https:\/\/www.juntadeandalucia.es\/educacion\/secretariavirtual\/consultaCEP\/actividad\/242924GE024\/\"> \u00a0<strong>inscripci\u00f3n<\/strong>.<\/a><\/p>\n<p>Deseamos que sea de vuestro inter\u00e9s<\/p>\n<p><img data-recalc-dims=\"1\" loading=\"lazy\" decoding=\"async\" class=\"size-medium wp-image-7297 aligncenter\" src=\"https:\/\/i0.wp.com\/cepronda.com\/blog\/wp-content\/uploads\/2023\/10\/Itinerario-Igualdad.png?resize=212%2C300&#038;ssl=1\" alt=\"\" width=\"212\" height=\"300\" srcset=\"https:\/\/i0.wp.com\/cepronda.com\/blog\/wp-content\/uploads\/2023\/10\/Itinerario-Igualdad.png?resize=212%2C300&amp;ssl=1 212w, https:\/\/i0.wp.com\/cepronda.com\/blog\/wp-content\/uploads\/2023\/10\/Itinerario-Igualdad.png?resize=724%2C1024&amp;ssl=1 724w, https:\/\/i0.wp.com\/cepronda.com\/blog\/wp-content\/uploads\/2023\/10\/Itinerario-Igualdad.png?resize=768%2C1086&amp;ssl=1 768w, https:\/\/i0.wp.com\/cepronda.com\/blog\/wp-content\/uploads\/2023\/10\/Itinerario-Igualdad.png?resize=1086%2C1536&amp;ssl=1 1086w, https:\/\/i0.wp.com\/cepronda.com\/blog\/wp-content\/uploads\/2023\/10\/Itinerario-Igualdad.png?w=1414&amp;ssl=1 1414w\" sizes=\"auto, (max-width: 212px) 100vw, 212px\" \/><\/p>\n<p>&nbsp;<\/p>\n","protected":false},"excerpt":{"rendered":"<p>Os informamos que se encuentra\u00a0abierto el plazo de inscripci\u00f3n para la formaci\u00f3n LA EDUCACI\u00d3N AFECTIVO-SEXUAL EN LA ESCUELA DEL SIGLO XXI\u00a0 (c\u00f3digo 242924GE024) que est\u00e1 compuesta por los siguientes talleres: Taller 1. Estela Moreno Berm\u00fadez.\u00a0 16 de noviembre\u00a0 Taller 2. Mercedes M\u00e1rquez Flores.\u00a0 16\u00a0 y\u00a0 30 de enero Taller 3. Carmen Ruiz Repullo. 13 y [&hellip;]<\/p>\n","protected":false},"author":13,"featured_media":7297,"comment_status":"closed","ping_status":"open","sticky":false,"template":"","format":"standard","meta":{"_crdt_document":"","advanced_seo_description":"","jetpack_seo_html_title":"","jetpack_seo_noindex":false,"jetpack_post_was_ever_published":false,"_jetpack_newsletter_access":"","_jetpack_dont_email_post_to_subs":false,"_jetpack_newsletter_tier_id":0,"_jetpack_memberships_contains_paywalled_content":false,"_jetpack_memberships_contains_paid_content":false,"footnotes":"","jetpack_publicize_message":"","jetpack_publicize_feature_enabled":true,"jetpack_social_post_already_shared":false,"jetpack_social_options":{"image_generator_settings":{"template":"highway","default_image_id":0,"font":"","enabled":false},"version":2}},"categories":[3,5],"tags":[],"class_list":{"0":"post-6109","1":"post","2":"type-post","3":"status-publish","4":"format-standard","5":"has-post-thumbnail","7":"category-formaciones","8":"category-noticias","9":"czr-hentry"},"jetpack_publicize_connections":[],"jetpack_featured_media_url":"https:\/\/i0.wp.com\/cepronda.com\/blog\/wp-content\/uploads\/2023\/10\/Itinerario-Igualdad.png?fit=1414%2C2000&ssl=1","jetpack_shortlink":"https:\/\/wp.me\/p8M4X7-1Ax","jetpack-related-posts":[{"id":5875,"url":"https:\/\/cepronda.com\/blog\/construir-una-escuela-inclusiva-dua\/","url_meta":{"origin":6109,"position":0},"title":"CONSTRUIR UNA ESCUELA INCLUSIVA (DUA)","author":"Inmaculada Garc\u00eda","date":"22 marzo, 2023","format":false,"excerpt":"Buenos d\u00edas,\u00a0 Os Informamos de que se encuentra abierta la inscripci\u00f3n del CURSO PROVINCIAL con videoconferencias en directo, organizado por el CEP de V\u00e9lez-M\u00e1laga: CONSTRUIR UNA ESCUELA INCLUSIVA (DUA). C\u00f3digo: 232926GE406 Fecha actividad:\u00a012\/04\/2023 hasta 24\/05\/2023 Fecha inscripci\u00f3n:\u00a013\/03\/2023 hasta 28\/03\/2023 Horas totales: 20h. Lugar de realizaci\u00f3n: Aula Virtual de Formaci\u00f3n del\u2026","rel":"","context":"En \u00abFormaciones\u00bb","block_context":{"text":"Formaciones","link":"https:\/\/cepronda.com\/blog\/category\/formaciones\/"},"img":{"alt_text":"","src":"https:\/\/i0.wp.com\/cepronda.com\/blog\/wp-content\/uploads\/2023\/03\/WhatsApp-Image-2023-03-22-at-13.23.04.jpeg?fit=813%2C1200&ssl=1&resize=350%2C200","width":350,"height":200,"srcset":"https:\/\/i0.wp.com\/cepronda.com\/blog\/wp-content\/uploads\/2023\/03\/WhatsApp-Image-2023-03-22-at-13.23.04.jpeg?fit=813%2C1200&ssl=1&resize=350%2C200 1x, https:\/\/i0.wp.com\/cepronda.com\/blog\/wp-content\/uploads\/2023\/03\/WhatsApp-Image-2023-03-22-at-13.23.04.jpeg?fit=813%2C1200&ssl=1&resize=525%2C300 1.5x, https:\/\/i0.wp.com\/cepronda.com\/blog\/wp-content\/uploads\/2023\/03\/WhatsApp-Image-2023-03-22-at-13.23.04.jpeg?fit=813%2C1200&ssl=1&resize=700%2C400 2x"},"classes":[]},{"id":7712,"url":"https:\/\/cepronda.com\/blog\/convocatoria-regional-de-cursos-avfp-curso-2024-25\/","url_meta":{"origin":6109,"position":1},"title":"CONVOCATORIA REGIONAL DE CURSOS AVFP. CURSO 2024\/25.","author":"Inmaculada Garc\u00eda","date":"19 septiembre, 2024","format":false,"excerpt":"\u00a0 \u00a0 CONVOCATORIA REGIONAL DE CURSOS AVFP \u00a0 Os informamos que se encuentra abierto el plazo de inscripci\u00f3n en la convocatoria de cursos regional. La superaci\u00f3n de estos cursos supone la certificaci\u00f3n de diversos niveles de Competencia Digital Docente. - HERRAMIENTAS DIGITALES APLICADAS A LA DOCENCIA EN LA FORMACI\u00d3N PROFESIONAL,\u2026","rel":"","context":"En \u00abFormaciones\u00bb","block_context":{"text":"Formaciones","link":"https:\/\/cepronda.com\/blog\/category\/formaciones\/"},"img":{"alt_text":"","src":"https:\/\/i0.wp.com\/cepronda.com\/blog\/wp-content\/uploads\/2024\/09\/CURSOS.png?fit=1200%2C1200&ssl=1&resize=350%2C200","width":350,"height":200,"srcset":"https:\/\/i0.wp.com\/cepronda.com\/blog\/wp-content\/uploads\/2024\/09\/CURSOS.png?fit=1200%2C1200&ssl=1&resize=350%2C200 1x, https:\/\/i0.wp.com\/cepronda.com\/blog\/wp-content\/uploads\/2024\/09\/CURSOS.png?fit=1200%2C1200&ssl=1&resize=525%2C300 1.5x, https:\/\/i0.wp.com\/cepronda.com\/blog\/wp-content\/uploads\/2024\/09\/CURSOS.png?fit=1200%2C1200&ssl=1&resize=700%2C400 2x, https:\/\/i0.wp.com\/cepronda.com\/blog\/wp-content\/uploads\/2024\/09\/CURSOS.png?fit=1200%2C1200&ssl=1&resize=1050%2C600 3x"},"classes":[]},{"id":7427,"url":"https:\/\/cepronda.com\/blog\/claves-para-la-educacion-sexual-en-el-ambito-educativo\/","url_meta":{"origin":6109,"position":2},"title":"CLAVES PARA LA EDUCACI\u00d3N SEXUAL EN EL \u00c1MBITO EDUCATIVO","author":"Mamen Moreno","date":"2 febrero, 2024","format":false,"excerpt":"CURSO PROVINCIAL A DISTANCIA: CLAVES PARA LA EDUCACI\u00d3N SEXUAL EN EL \u00c1MBITO EDUCATIVO. Nivel I C\u00f3digo: 242922GE059 Curso Provincial a Distancia (AVFP) de 30 horas. Fecha inscripci\u00f3n: 01\/02\/2024 hasta el 15\/02\/2024 Fecha actividad: 07\/03\/2024 hasta 26\/04\/2024. M\u00e1s informaci\u00f3n e inscripci\u00f3n en: https:\/\/bit.ly\/3SFE9yr","rel":"","context":"En \u00abFormaciones\u00bb","block_context":{"text":"Formaciones","link":"https:\/\/cepronda.com\/blog\/category\/formaciones\/"},"img":{"alt_text":"","src":"https:\/\/i0.wp.com\/cepronda.com\/blog\/wp-content\/uploads\/2024\/02\/WhatsApp-Image-2024-02-01-at-08.47.28.jpeg?fit=1080%2C1080&ssl=1&resize=350%2C200","width":350,"height":200,"srcset":"https:\/\/i0.wp.com\/cepronda.com\/blog\/wp-content\/uploads\/2024\/02\/WhatsApp-Image-2024-02-01-at-08.47.28.jpeg?fit=1080%2C1080&ssl=1&resize=350%2C200 1x, https:\/\/i0.wp.com\/cepronda.com\/blog\/wp-content\/uploads\/2024\/02\/WhatsApp-Image-2024-02-01-at-08.47.28.jpeg?fit=1080%2C1080&ssl=1&resize=525%2C300 1.5x, https:\/\/i0.wp.com\/cepronda.com\/blog\/wp-content\/uploads\/2024\/02\/WhatsApp-Image-2024-02-01-at-08.47.28.jpeg?fit=1080%2C1080&ssl=1&resize=700%2C400 2x, https:\/\/i0.wp.com\/cepronda.com\/blog\/wp-content\/uploads\/2024\/02\/WhatsApp-Image-2024-02-01-at-08.47.28.jpeg?fit=1080%2C1080&ssl=1&resize=1050%2C600 3x"},"classes":[]},{"id":3285,"url":"https:\/\/cepronda.com\/blog\/educacion-afectivo-sexual-en-nuestros-centros-we-love-educacion-sexual-y-coeducacion\/","url_meta":{"origin":6109,"position":3},"title":"EDUCACI\u00d3N AFECTIVO SEXUAL EN NUESTROS CENTROS: WE LOVE EDUCACI\u00d3N SEXUAL Y COEDUCACI\u00d3N","author":"V\u00edctor Caballero","date":"7 enero, 2020","format":false,"excerpt":"Muy buenas de nuevo, Otro de los cursos que abrimos plazo de inscripci\u00f3n es el dedicado a la educaci\u00f3n afectivo sexual en nuestras aulas. para ello contaremos con una ponente que ya tuvimos el a\u00f1o pasado, y con la que aprendimos much\u00edsimo, Maite Heredia de la Asociaci\u00f3n Apoyo Positivo. El\u2026","rel":"","context":"En \u00abFormaciones\u00bb","block_context":{"text":"Formaciones","link":"https:\/\/cepronda.com\/blog\/category\/formaciones\/"},"img":{"alt_text":"","src":"https:\/\/i0.wp.com\/cepronda.com\/blog\/wp-content\/uploads\/2020\/01\/equality-2110594_1920.jpg?fit=1200%2C1200&ssl=1&resize=350%2C200","width":350,"height":200,"srcset":"https:\/\/i0.wp.com\/cepronda.com\/blog\/wp-content\/uploads\/2020\/01\/equality-2110594_1920.jpg?fit=1200%2C1200&ssl=1&resize=350%2C200 1x, https:\/\/i0.wp.com\/cepronda.com\/blog\/wp-content\/uploads\/2020\/01\/equality-2110594_1920.jpg?fit=1200%2C1200&ssl=1&resize=525%2C300 1.5x, https:\/\/i0.wp.com\/cepronda.com\/blog\/wp-content\/uploads\/2020\/01\/equality-2110594_1920.jpg?fit=1200%2C1200&ssl=1&resize=700%2C400 2x, https:\/\/i0.wp.com\/cepronda.com\/blog\/wp-content\/uploads\/2020\/01\/equality-2110594_1920.jpg?fit=1200%2C1200&ssl=1&resize=1050%2C600 3x"},"classes":[]},{"id":3331,"url":"https:\/\/cepronda.com\/blog\/educacion-afectivo-sexual-en-nuestros-centros\/","url_meta":{"origin":6109,"position":4},"title":"Educaci\u00f3n afectivo sexual en nuestros centros","author":"V\u00edctor Caballero","date":"13 enero, 2020","format":false,"excerpt":"\u00a1Hola de nuevo! Volvemos a compartir con todas y todos vosotros este curso de educaci\u00f3n afectivo sexual que creemos puede resultar muy interesante y de gran aplicabilidad en el aula. Se trata de 5 sesiones, una cada mes, y donde trabajremos violencia de g\u00e9nero, nuevas masculinidades, educaci\u00f3n afectivo sexual y\u2026","rel":"","context":"En \u00abFormaciones\u00bb","block_context":{"text":"Formaciones","link":"https:\/\/cepronda.com\/blog\/category\/formaciones\/"},"img":{"alt_text":"","src":"https:\/\/i0.wp.com\/cepronda.com\/blog\/wp-content\/uploads\/2020\/01\/EDUCACI%C3%93N-AFECTIVO-SEXUAL-EN-NUESTROS-CENTROS_-WE-LOVE-EDUCACI%C3%93N-SEXUAL-Y-COEDUCACI%C3%93N.jpg?fit=848%2C1200&ssl=1&resize=350%2C200","width":350,"height":200,"srcset":"https:\/\/i0.wp.com\/cepronda.com\/blog\/wp-content\/uploads\/2020\/01\/EDUCACI%C3%93N-AFECTIVO-SEXUAL-EN-NUESTROS-CENTROS_-WE-LOVE-EDUCACI%C3%93N-SEXUAL-Y-COEDUCACI%C3%93N.jpg?fit=848%2C1200&ssl=1&resize=350%2C200 1x, https:\/\/i0.wp.com\/cepronda.com\/blog\/wp-content\/uploads\/2020\/01\/EDUCACI%C3%93N-AFECTIVO-SEXUAL-EN-NUESTROS-CENTROS_-WE-LOVE-EDUCACI%C3%93N-SEXUAL-Y-COEDUCACI%C3%93N.jpg?fit=848%2C1200&ssl=1&resize=525%2C300 1.5x, https:\/\/i0.wp.com\/cepronda.com\/blog\/wp-content\/uploads\/2020\/01\/EDUCACI%C3%93N-AFECTIVO-SEXUAL-EN-NUESTROS-CENTROS_-WE-LOVE-EDUCACI%C3%93N-SEXUAL-Y-COEDUCACI%C3%93N.jpg?fit=848%2C1200&ssl=1&resize=700%2C400 2x"},"classes":[]},{"id":6078,"url":"https:\/\/cepronda.com\/blog\/formaciones-en-competancia-digital-docente-niveles-a1-a2-y-b1\/","url_meta":{"origin":6109,"position":5},"title":"FORMACIONES EN COMPETENCIA DIGITAL DOCENTE. NIVELES A1, A2 Y B1","author":"Inmaculada Garc\u00eda","date":"29 septiembre, 2023","format":false,"excerpt":"Est\u00e1 abierto el plazo de inscripci\u00f3n en los siguientes cursos de Competencia Digital Docente: Nivel A1 de Competencia Digital Docente.\u00a0 Fecha actividad: 10\/10\/2023 hasta 01\/12\/2023. Nivel A1 de Competencia Digital Docente para Educaci\u00f3n infantil de 0 a 3 a\u00f1os.\u00a0 Fecha actividad: 10\/10\/2023 hasta 01\/12\/2023. Nivel A2 de Competencia Digital Docente.\u00a0\u2026","rel":"","context":"En \u00abFormaciones\u00bb","block_context":{"text":"Formaciones","link":"https:\/\/cepronda.com\/blog\/category\/formaciones\/"},"img":{"alt_text":"","src":"https:\/\/i0.wp.com\/cepronda.com\/blog\/wp-content\/uploads\/2023\/09\/Purple-and-Pink-Abstract-SEO-Marketing-Infographic-Instagram-Post-5.png?fit=1080%2C1080&ssl=1&resize=350%2C200","width":350,"height":200,"srcset":"https:\/\/i0.wp.com\/cepronda.com\/blog\/wp-content\/uploads\/2023\/09\/Purple-and-Pink-Abstract-SEO-Marketing-Infographic-Instagram-Post-5.png?fit=1080%2C1080&ssl=1&resize=350%2C200 1x, https:\/\/i0.wp.com\/cepronda.com\/blog\/wp-content\/uploads\/2023\/09\/Purple-and-Pink-Abstract-SEO-Marketing-Infographic-Instagram-Post-5.png?fit=1080%2C1080&ssl=1&resize=525%2C300 1.5x, https:\/\/i0.wp.com\/cepronda.com\/blog\/wp-content\/uploads\/2023\/09\/Purple-and-Pink-Abstract-SEO-Marketing-Infographic-Instagram-Post-5.png?fit=1080%2C1080&ssl=1&resize=700%2C400 2x, https:\/\/i0.wp.com\/cepronda.com\/blog\/wp-content\/uploads\/2023\/09\/Purple-and-Pink-Abstract-SEO-Marketing-Infographic-Instagram-Post-5.png?fit=1080%2C1080&ssl=1&resize=1050%2C600 3x"},"classes":[]}],"jetpack_sharing_enabled":true,"_links":{"self":[{"href":"https:\/\/cepronda.com\/blog\/wp-json\/wp\/v2\/posts\/6109","targetHints":{"allow":["GET"]}}],"collection":[{"href":"https:\/\/cepronda.com\/blog\/wp-json\/wp\/v2\/posts"}],"about":[{"href":"https:\/\/cepronda.com\/blog\/wp-json\/wp\/v2\/types\/post"}],"author":[{"embeddable":true,"href":"https:\/\/cepronda.com\/blog\/wp-json\/wp\/v2\/users\/13"}],"replies":[{"embeddable":true,"href":"https:\/\/cepronda.com\/blog\/wp-json\/wp\/v2\/comments?post=6109"}],"version-history":[{"count":11,"href":"https:\/\/cepronda.com\/blog\/wp-json\/wp\/v2\/posts\/6109\/revisions"}],"predecessor-version":[{"id":7299,"href":"https:\/\/cepronda.com\/blog\/wp-json\/wp\/v2\/posts\/6109\/revisions\/7299"}],"wp:featuredmedia":[{"embeddable":true,"href":"https:\/\/cepronda.com\/blog\/wp-json\/wp\/v2\/media\/7297"}],"wp:attachment":[{"href":"https:\/\/cepronda.com\/blog\/wp-json\/wp\/v2\/media?parent=6109"}],"wp:term":[{"taxonomy":"category","embeddable":true,"href":"https:\/\/cepronda.com\/blog\/wp-json\/wp\/v2\/categories?post=6109"},{"taxonomy":"post_tag","embeddable":true,"href":"https:\/\/cepronda.com\/blog\/wp-json\/wp\/v2\/tags?post=6109"}],"curies":[{"name":"wp","href":"https:\/\/api.w.org\/{rel}","templated":true}]}}