{"id":6101,"date":"2023-10-16T09:40:09","date_gmt":"2023-10-16T07:40:09","guid":{"rendered":"https:\/\/cepronda.com\/blog\/?p=6101"},"modified":"2025-04-28T11:44:22","modified_gmt":"2025-04-28T09:44:22","slug":"ii-congreso-de-educacion-y-flamenco-innovacion-investigacion-y-transformacion","status":"publish","type":"post","link":"https:\/\/cepronda.com\/blog\/ii-congreso-de-educacion-y-flamenco-innovacion-investigacion-y-transformacion\/","title":{"rendered":"*II CONGRESO DE EDUCACI\u00d3N Y FLAMENCO. INNOVACI\u00d3N, INVESTIGACI\u00d3N Y TRANSFORMACI\u00d3N*"},"content":{"rendered":"<div class=\"xdj266r x11i5rnm xat24cr x1mh8g0r x1vvkbs x126k92a\">\n<div dir=\"auto\">Hasta el pr\u00f3ximo 23 de Octubre a las 14:00 h. se encuentra abierto el plazo de inscripci\u00f3n para la actividad formativa REGIONAL:<\/div>\n<\/div>\n<div class=\"x11i5rnm xat24cr x1mh8g0r x1vvkbs xtlvy1s x126k92a\">\n<div dir=\"auto\">*II CONGRESO DE EDUCACI\u00d3N Y FLAMENCO. INNOVACI\u00d3N, INVESTIGACI\u00d3N Y TRANSFORMACI\u00d3N* (242319GE001).<\/div>\n<\/div>\n<div class=\"x11i5rnm xat24cr x1mh8g0r x1vvkbs xtlvy1s x126k92a\">\n<div dir=\"auto\">Esta formaci\u00f3n se desarrollar\u00e1 de forma *presencial en Ja\u00e9n durante los d\u00edas 22, 23 y 24 de noviembre*.<\/div>\n<div dir=\"auto\">Los espacios ser\u00e1n los siguientes: Museo Ibero de Ja\u00e9n los d\u00edas 22 y 23 de Noviembre y Teatro Infanta Leonor el d\u00eda 24 de Noviembre , se adjunta programa del mismo.<\/div>\n<div dir=\"auto\">El curso consta de 19 horas de formaci\u00f3n.<\/div>\n<\/div>\n<div class=\"x11i5rnm xat24cr x1mh8g0r x1vvkbs xtlvy1s x126k92a\">\n<div dir=\"auto\">*M\u00e1s informaci\u00f3n e inscripci\u00f3n:* <a class=\"x1i10hfl xjbqb8w x6umtig x1b1mbwd xaqea5y xav7gou x9f619 x1ypdohk xt0psk2 xe8uvvx xdj266r x11i5rnm xat24cr x1mh8g0r xexx8yu x4uap5 x18d9i69 xkhd6sd x16tdsg8 x1hl2dhg xggy1nq x1a2a7pz xt0b8zv x1fey0fg\" tabindex=\"0\" role=\"link\" href=\"https:\/\/www.juntadeandalucia.es\/educacion\/secretariavirtual\/consultaCEP\/actividad\/242319GE001\/?fbclid=IwAR0nuk73-bgANeQg96cPfbpSXJdI42P5FwS7FwS6G0NDim0PRvYMixIa36U\" target=\"_blank\" rel=\"nofollow noopener noreferrer\">https:\/\/www.juntadeandalucia.es\/&#8230;\/actividad\/242319GE001\/<\/a><\/div>\n<div dir=\"auto\">*Programa del congreso:* <a class=\"x1i10hfl xjbqb8w x6umtig x1b1mbwd xaqea5y xav7gou x9f619 x1ypdohk xt0psk2 xe8uvvx xdj266r x11i5rnm xat24cr x1mh8g0r xexx8yu x4uap5 x18d9i69 xkhd6sd x16tdsg8 x1hl2dhg xggy1nq x1a2a7pz xt0b8zv x1fey0fg\" tabindex=\"0\" role=\"link\" href=\"https:\/\/drive.google.com\/file\/d\/1XLAHNgU6H6eq0VkWZaXcufHhIjJbWoJl\/view?usp=drive_link&amp;fbclid=IwAR2JFnr_04Gy3ylRoZ1RwlaHUgdUOTpFZPzZ34gcWHGZvEXjwRbGpNTg1gA\" target=\"_blank\" rel=\"nofollow noopener\">PROGRAMA<\/a><\/div>\n<\/div>\n<div dir=\"auto\"><img data-recalc-dims=\"1\" loading=\"lazy\" decoding=\"async\" class=\"aligncenter size-medium wp-image-6102\" src=\"https:\/\/i0.wp.com\/cepronda.com\/blog\/wp-content\/uploads\/2023\/10\/WhatsApp-Image-2023-10-13-at-09.28.51.jpeg?resize=157%2C300&#038;ssl=1\" alt=\"\" width=\"157\" height=\"300\" srcset=\"https:\/\/i0.wp.com\/cepronda.com\/blog\/wp-content\/uploads\/2023\/10\/WhatsApp-Image-2023-10-13-at-09.28.51.jpeg?resize=157%2C300&amp;ssl=1 157w, https:\/\/i0.wp.com\/cepronda.com\/blog\/wp-content\/uploads\/2023\/10\/WhatsApp-Image-2023-10-13-at-09.28.51.jpeg?w=398&amp;ssl=1 398w\" sizes=\"auto, (max-width: 157px) 100vw, 157px\" \/><\/div>\n","protected":false},"excerpt":{"rendered":"<p>Hasta el pr\u00f3ximo 23 de Octubre a las 14:00 h. se encuentra abierto el plazo de inscripci\u00f3n para la actividad formativa REGIONAL: *II CONGRESO DE EDUCACI\u00d3N Y FLAMENCO. INNOVACI\u00d3N, INVESTIGACI\u00d3N Y TRANSFORMACI\u00d3N* (242319GE001). Esta formaci\u00f3n se desarrollar\u00e1 de forma *presencial en Ja\u00e9n durante los d\u00edas 22, 23 y 24 de noviembre*. Los espacios ser\u00e1n los [&hellip;]<\/p>\n","protected":false},"author":9,"featured_media":6102,"comment_status":"closed","ping_status":"open","sticky":false,"template":"","format":"standard","meta":{"_crdt_document":"","advanced_seo_description":"","jetpack_seo_html_title":"","jetpack_seo_noindex":false,"jetpack_post_was_ever_published":false,"_jetpack_newsletter_access":"","_jetpack_dont_email_post_to_subs":false,"_jetpack_newsletter_tier_id":0,"_jetpack_memberships_contains_paywalled_content":false,"_jetpack_memberships_contains_paid_content":false,"footnotes":"","jetpack_publicize_message":"","jetpack_publicize_feature_enabled":true,"jetpack_social_post_already_shared":false,"jetpack_social_options":{"image_generator_settings":{"template":"highway","default_image_id":0,"font":"","enabled":false},"version":2}},"categories":[3,5],"tags":[],"class_list":{"0":"post-6101","1":"post","2":"type-post","3":"status-publish","4":"format-standard","5":"has-post-thumbnail","7":"category-formaciones","8":"category-noticias","9":"czr-hentry"},"jetpack_publicize_connections":[],"jetpack_featured_media_url":"https:\/\/i0.wp.com\/cepronda.com\/blog\/wp-content\/uploads\/2023\/10\/WhatsApp-Image-2023-10-13-at-09.28.51.jpeg?fit=398%2C760&ssl=1","jetpack_shortlink":"https:\/\/wp.me\/p8M4X7-1Ap","jetpack-related-posts":[{"id":8899,"url":"https:\/\/cepronda.com\/blog\/8899-2\/","url_meta":{"origin":6101,"position":0},"title":"III CONGRESO INTERNACIONAL DE EDUCACI\u00d3N Y FLAMENCO: FORMACI\u00d3N E INNOVACI\u00d3N EN EL AULA.","author":"Inmaculada Garc\u00eda","date":"9 octubre, 2025","format":false,"excerpt":"Os informamos de que ya est\u00e1 abierto el plazo de inscripci\u00f3n en el III CONGRESO INTERNACIONAL DE EDUCACI\u00d3N Y FLAMENCO: FORMACI\u00d3N E INNOVACI\u00d3N EN EL AULA. (C\u00f3digo 269915CIEF03) Esta actividad regional se celebrar\u00e1 en Huelva los d\u00edas 11-13 de noviembre. \u00a0 Fecha inscripci\u00f3n: 03\/10\/2025 hasta 20\/10\/2025 \u00a0 Para inscripci\u00f3n y\u2026","rel":"","context":"En \u00abFormaciones\u00bb","block_context":{"text":"Formaciones","link":"https:\/\/cepronda.com\/blog\/category\/formaciones\/"},"img":{"alt_text":"","src":"https:\/\/i0.wp.com\/cepronda.com\/blog\/wp-content\/uploads\/2025\/10\/flamenco-cep-huelva2.jpg?fit=740%2C1200&ssl=1&resize=350%2C200","width":350,"height":200,"srcset":"https:\/\/i0.wp.com\/cepronda.com\/blog\/wp-content\/uploads\/2025\/10\/flamenco-cep-huelva2.jpg?fit=740%2C1200&ssl=1&resize=350%2C200 1x, https:\/\/i0.wp.com\/cepronda.com\/blog\/wp-content\/uploads\/2025\/10\/flamenco-cep-huelva2.jpg?fit=740%2C1200&ssl=1&resize=525%2C300 1.5x, https:\/\/i0.wp.com\/cepronda.com\/blog\/wp-content\/uploads\/2025\/10\/flamenco-cep-huelva2.jpg?fit=740%2C1200&ssl=1&resize=700%2C400 2x"},"classes":[]},{"id":1399,"url":"https:\/\/cepronda.com\/blog\/celebracion-dia-del-flamenco\/","url_meta":{"origin":6101,"position":1},"title":"Celebraci\u00f3n D\u00eda del Flamenco","author":"V\u00edctor Caballero","date":"8 noviembre, 2017","format":false,"excerpt":"\u00a1Hola! Se acaban de publicar unas instrucciones para la celebraci\u00f3n del D\u00eda del Flamenco el pr\u00f3ximo 16 de noviembre. Compartimos con todos y todas vosotras estas instrucciones, as\u00ed como el enlace a las mismas. \"La importancia del Flamenco como una de las manifestaciones culturales principales de nuestra Comunidad Aut\u00f3noma qued\u00f3\u2026","rel":"","context":"En \u00abNoticias\u00bb","block_context":{"text":"Noticias","link":"https:\/\/cepronda.com\/blog\/category\/noticias\/"},"img":{"alt_text":"","src":"https:\/\/i0.wp.com\/cepronda.com\/blog\/wp-content\/uploads\/2017\/11\/spain-632802_640.jpg?fit=640%2C450&ssl=1&resize=350%2C200","width":350,"height":200,"srcset":"https:\/\/i0.wp.com\/cepronda.com\/blog\/wp-content\/uploads\/2017\/11\/spain-632802_640.jpg?fit=640%2C450&ssl=1&resize=350%2C200 1x, https:\/\/i0.wp.com\/cepronda.com\/blog\/wp-content\/uploads\/2017\/11\/spain-632802_640.jpg?fit=640%2C450&ssl=1&resize=525%2C300 1.5x"},"classes":[]},{"id":4683,"url":"https:\/\/cepronda.com\/blog\/ii-congreso-andaluz-de-coeducacion-del-feminismo-en-las-aulas-a-la-transformacion-social\/","url_meta":{"origin":6101,"position":2},"title":"II CONGRESO ANDALUZ DE COEDUCACI\u00d3N \u00abDEL FEMINISMO EN LAS AULAS A LA TRANSFORMACI\u00d3N SOCIAL\u00bb","author":"Inmaculada Garc\u00eda","date":"27 septiembre, 2021","format":false,"excerpt":"Buenos d\u00edas compa\u00f1eros y compa\u00f1eras, os informamos\u00a0 que los pr\u00f3ximos 25 y 26 de octubre se llevar\u00e1 a cabo el II CONGRESO ANDALUZ DE COEDUCACI\u00d3N \"DEL FEMINISMO EN LAS AULAS A LA TRANSFORMACI\u00d3N SOCIAL\". En el siguiente enlace podr\u00e9is acceder a toda la informaci\u00f3n y formulario de inscripci\u00f3n. Esperamos que\u2026","rel":"","context":"En \u00abNoticias\u00bb","block_context":{"text":"Noticias","link":"https:\/\/cepronda.com\/blog\/category\/noticias\/"},"img":{"alt_text":"","src":"https:\/\/i0.wp.com\/cepronda.com\/blog\/wp-content\/uploads\/2021\/09\/Congreso_WEB_Banner_nueva-1-2048x1106-1.png?fit=1200%2C648&ssl=1&resize=350%2C200","width":350,"height":200,"srcset":"https:\/\/i0.wp.com\/cepronda.com\/blog\/wp-content\/uploads\/2021\/09\/Congreso_WEB_Banner_nueva-1-2048x1106-1.png?fit=1200%2C648&ssl=1&resize=350%2C200 1x, https:\/\/i0.wp.com\/cepronda.com\/blog\/wp-content\/uploads\/2021\/09\/Congreso_WEB_Banner_nueva-1-2048x1106-1.png?fit=1200%2C648&ssl=1&resize=525%2C300 1.5x, https:\/\/i0.wp.com\/cepronda.com\/blog\/wp-content\/uploads\/2021\/09\/Congreso_WEB_Banner_nueva-1-2048x1106-1.png?fit=1200%2C648&ssl=1&resize=700%2C400 2x, https:\/\/i0.wp.com\/cepronda.com\/blog\/wp-content\/uploads\/2021\/09\/Congreso_WEB_Banner_nueva-1-2048x1106-1.png?fit=1200%2C648&ssl=1&resize=1050%2C600 3x"},"classes":[]},{"id":7203,"url":"https:\/\/cepronda.com\/blog\/ii-congreso-internacional-de-innovacion-educativa-2ciieand\/","url_meta":{"origin":6101,"position":3},"title":"II Congreso Internacional de Innovaci\u00f3n Educativa #2CIIEAND.","author":"Inmaculada Garc\u00eda","date":"10 noviembre, 2023","format":false,"excerpt":"El 15 y el 16 de diciembre tendr\u00e1 lugar en M\u00e1laga el II Congreso Internacional de Innovaci\u00f3n Educativa #2CIIEAND. Hoy se abre la inscripci\u00f3n en la web de la Consejer\u00eda. Solicita tu plaza aqu\u00ed. https:\/\/lajunta.es\/4gvmb","rel":"","context":"En \u00abNoticias\u00bb","block_context":{"text":"Noticias","link":"https:\/\/cepronda.com\/blog\/category\/noticias\/"},"img":{"alt_text":"","src":"https:\/\/i0.wp.com\/cepronda.com\/blog\/wp-content\/uploads\/2023\/11\/II-congrso-internacionesl.jpg?fit=680%2C589&ssl=1&resize=350%2C200","width":350,"height":200,"srcset":"https:\/\/i0.wp.com\/cepronda.com\/blog\/wp-content\/uploads\/2023\/11\/II-congrso-internacionesl.jpg?fit=680%2C589&ssl=1&resize=350%2C200 1x, https:\/\/i0.wp.com\/cepronda.com\/blog\/wp-content\/uploads\/2023\/11\/II-congrso-internacionesl.jpg?fit=680%2C589&ssl=1&resize=525%2C300 1.5x"},"classes":[]},{"id":4002,"url":"https:\/\/cepronda.com\/blog\/proyecto-steam\/","url_meta":{"origin":6101,"position":4},"title":"Proyecto STEAM","author":"Maribel Mu\u00f1oz","date":"17 noviembre, 2020","format":false,"excerpt":"Buenos d\u00edas compa\u00f1eras y compa\u00f1eros, Os informamos\u00a0 de la publicaci\u00f3n de la Resoluci\u00f3n de 9 de noviembre de 2020, de la Direcci\u00f3n General de Formaci\u00f3n del Profesorado e Innovaci\u00f3n Educativa, por la que se convoca a los centros docentes p\u00fablicos de Educaci\u00f3n Primaria y Secundaria para el desarrollo del \u00abProyecto\u2026","rel":"","context":"En \u00abFormaciones\u00bb","block_context":{"text":"Formaciones","link":"https:\/\/cepronda.com\/blog\/category\/formaciones\/"},"img":{"alt_text":"","src":"","width":0,"height":0},"classes":[]},{"id":5534,"url":"https:\/\/cepronda.com\/blog\/ii-jornadas-de-mediacion-escolar\/","url_meta":{"origin":6101,"position":5},"title":"II JORNADAS DE MEDIACI\u00d3N ESCOLAR","author":"Inmaculada Garc\u00eda","date":"28 octubre, 2022","format":false,"excerpt":"Buenos d\u00edas compa\u00f1eras y compa\u00f1eros, Os\u00a0 informamos que est\u00e1 abierto el plazo de inscripci\u00f3n en las II JORNADAS DE MEDIACI\u00d3N ESCOLAR,\u00a0 con c\u00f3digo 232922GE089. Fecha actividad: 16 y\u00a0 17 de noviembre del 2022. Fecha inscripci\u00f3n: 24\/10\/2022 hasta 10\/11\/2022 Lugar de realizaci\u00f3n: Facultad de Ciencias de la Educaci\u00f3n Inscripciones en el\u2026","rel":"","context":"En \u00abFormaciones\u00bb","block_context":{"text":"Formaciones","link":"https:\/\/cepronda.com\/blog\/category\/formaciones\/"},"img":{"alt_text":"","src":"https:\/\/i0.wp.com\/cepronda.com\/blog\/wp-content\/uploads\/2022\/11\/WhatsApp-Image-2022-10-28-at-08.42.57-212x300.jpeg?resize=350%2C200","width":350,"height":200},"classes":[]}],"jetpack_sharing_enabled":true,"_links":{"self":[{"href":"https:\/\/cepronda.com\/blog\/wp-json\/wp\/v2\/posts\/6101","targetHints":{"allow":["GET"]}}],"collection":[{"href":"https:\/\/cepronda.com\/blog\/wp-json\/wp\/v2\/posts"}],"about":[{"href":"https:\/\/cepronda.com\/blog\/wp-json\/wp\/v2\/types\/post"}],"author":[{"embeddable":true,"href":"https:\/\/cepronda.com\/blog\/wp-json\/wp\/v2\/users\/9"}],"replies":[{"embeddable":true,"href":"https:\/\/cepronda.com\/blog\/wp-json\/wp\/v2\/comments?post=6101"}],"version-history":[{"count":1,"href":"https:\/\/cepronda.com\/blog\/wp-json\/wp\/v2\/posts\/6101\/revisions"}],"predecessor-version":[{"id":6103,"href":"https:\/\/cepronda.com\/blog\/wp-json\/wp\/v2\/posts\/6101\/revisions\/6103"}],"wp:featuredmedia":[{"embeddable":true,"href":"https:\/\/cepronda.com\/blog\/wp-json\/wp\/v2\/media\/6102"}],"wp:attachment":[{"href":"https:\/\/cepronda.com\/blog\/wp-json\/wp\/v2\/media?parent=6101"}],"wp:term":[{"taxonomy":"category","embeddable":true,"href":"https:\/\/cepronda.com\/blog\/wp-json\/wp\/v2\/categories?post=6101"},{"taxonomy":"post_tag","embeddable":true,"href":"https:\/\/cepronda.com\/blog\/wp-json\/wp\/v2\/tags?post=6101"}],"curies":[{"name":"wp","href":"https:\/\/api.w.org\/{rel}","templated":true}]}}