{"id":6085,"date":"2023-10-06T11:34:57","date_gmt":"2023-10-06T09:34:57","guid":{"rendered":"https:\/\/cepronda.com\/blog\/?p=6085"},"modified":"2025-04-28T11:48:14","modified_gmt":"2025-04-28T09:48:14","slug":"tecnicas-ceramicas-engobes-y-esmaltes-nivel-avanzado","status":"publish","type":"post","link":"https:\/\/cepronda.com\/blog\/tecnicas-ceramicas-engobes-y-esmaltes-nivel-avanzado\/","title":{"rendered":"T\u00c9CNICAS CER\u00c1MICAS. ENGOBES Y ESMALTES (NIVEL AVANZADO)"},"content":{"rendered":"<p>Os informamos que se encuentra abierto el plazo de solicitudes para el curso&nbsp;<strong>T\u00c9CNICAS CER\u00c1MICAS. ENGOBES Y ESMALTES (NIVEL AVANZADO) C\u00f3digo 242924GE022<\/strong><\/p>\n<p>Ponente: <strong>Uta Gruber<\/strong><\/p>\n<p>Curso de <strong>18 horas<br \/>\n<\/strong><\/p>\n<p><strong>SESIONES PRESENCIALES: 25 de octubre, 8, 15 y 29 de noviembre , 13 de diciembre y 10 de enero de 16:30 h a 19:30 h<br \/>\n<\/strong><\/p>\n<p><strong>LUGAR: IES Mart\u00edn Rivero (Ronda)<br \/>\n<\/strong><\/p>\n<p><strong>INSCRIPCIONES: desde el 6 de octubre hasta el 24 de octubre de 2023<\/strong><\/p>\n<p>Para m\u00e1s detalle e inscripci\u00f3n pincha en el siguiente<strong> <a href=\"https:\/\/www.juntadeandalucia.es\/educacion\/secretariavirtual\/consultaCEP\/actividad\/242924GE022\/\">enlace<\/a><\/strong><\/p>\n<p>Deseamos que sea de vuestro inter\u00e9s.<\/p>\n<p><img data-recalc-dims=\"1\" loading=\"lazy\" decoding=\"async\" class=\"size-medium wp-image-6086 aligncenter\" src=\"https:\/\/i0.wp.com\/cepronda.com\/blog\/wp-content\/uploads\/2023\/10\/Nuevo-taller-ceramica-y-hh-codigo-242924GE020-1.jpg?resize=300%2C300&#038;ssl=1\" alt=\"\" width=\"300\" height=\"300\" srcset=\"https:\/\/i0.wp.com\/cepronda.com\/blog\/wp-content\/uploads\/2023\/10\/Nuevo-taller-ceramica-y-hh-codigo-242924GE020-1.jpg?resize=300%2C300&amp;ssl=1 300w, https:\/\/i0.wp.com\/cepronda.com\/blog\/wp-content\/uploads\/2023\/10\/Nuevo-taller-ceramica-y-hh-codigo-242924GE020-1.jpg?resize=1024%2C1024&amp;ssl=1 1024w, https:\/\/i0.wp.com\/cepronda.com\/blog\/wp-content\/uploads\/2023\/10\/Nuevo-taller-ceramica-y-hh-codigo-242924GE020-1.jpg?resize=150%2C150&amp;ssl=1 150w, https:\/\/i0.wp.com\/cepronda.com\/blog\/wp-content\/uploads\/2023\/10\/Nuevo-taller-ceramica-y-hh-codigo-242924GE020-1.jpg?resize=768%2C768&amp;ssl=1 768w, https:\/\/i0.wp.com\/cepronda.com\/blog\/wp-content\/uploads\/2023\/10\/Nuevo-taller-ceramica-y-hh-codigo-242924GE020-1.jpg?resize=50%2C50&amp;ssl=1 50w, https:\/\/i0.wp.com\/cepronda.com\/blog\/wp-content\/uploads\/2023\/10\/Nuevo-taller-ceramica-y-hh-codigo-242924GE020-1.jpg?w=1080&amp;ssl=1 1080w\" sizes=\"auto, (max-width: 300px) 100vw, 300px\" \/><\/p>\n","protected":false},"excerpt":{"rendered":"<p>Os informamos que se encuentra abierto el plazo de solicitudes para el curso&nbsp;T\u00c9CNICAS CER\u00c1MICAS. ENGOBES Y ESMALTES (NIVEL AVANZADO) C\u00f3digo 242924GE022 Ponente: Uta Gruber Curso de 18 horas SESIONES PRESENCIALES: 25 de octubre, 8, 15 y 29 de noviembre , 13 de diciembre y 10 de enero de 16:30 h a 19:30 h LUGAR: IES [&hellip;]<\/p>\n","protected":false},"author":13,"featured_media":6086,"comment_status":"closed","ping_status":"open","sticky":false,"template":"","format":"standard","meta":{"_crdt_document":"","advanced_seo_description":"","jetpack_seo_html_title":"","jetpack_seo_noindex":false,"jetpack_post_was_ever_published":false,"_jetpack_newsletter_access":"","_jetpack_dont_email_post_to_subs":false,"_jetpack_newsletter_tier_id":0,"_jetpack_memberships_contains_paywalled_content":false,"_jetpack_memberships_contains_paid_content":false,"footnotes":"","jetpack_publicize_message":"","jetpack_publicize_feature_enabled":true,"jetpack_social_post_already_shared":false,"jetpack_social_options":{"image_generator_settings":{"template":"highway","default_image_id":0,"font":"","enabled":false},"version":2}},"categories":[3,5],"tags":[],"class_list":{"0":"post-6085","1":"post","2":"type-post","3":"status-publish","4":"format-standard","5":"has-post-thumbnail","7":"category-formaciones","8":"category-noticias","9":"czr-hentry"},"jetpack_publicize_connections":[],"jetpack_featured_media_url":"https:\/\/i0.wp.com\/cepronda.com\/blog\/wp-content\/uploads\/2023\/10\/Nuevo-taller-ceramica-y-hh-codigo-242924GE020-1.jpg?fit=1080%2C1080&ssl=1","jetpack_shortlink":"https:\/\/wp.me\/p8M4X7-1A9","jetpack-related-posts":[{"id":8811,"url":"https:\/\/cepronda.com\/blog\/intervencion-en-superficies-ceramicas\/","url_meta":{"origin":6085,"position":0},"title":"INTERVENCI\u00d3N EN SUPERFICIES CER\u00c1MICAS","author":"Mamen Moreno","date":"18 septiembre, 2025","format":false,"excerpt":"Abierta la inscripci\u00f3n del curso:\u00a0 INTERVENCI\u00d3N EN SUPERFICIES CER\u00c1MICAS \u270f\ufe0f Inscripci\u00f3n: 17\/09\/2025 a 13\/10\/2025 Actividad: 28\/10\/2025 - 25\/11\/2025 \u27a1\ufe0f Duraci\u00f3n: 5 sesiones M\u00e1s informaci\u00f3n: https:\/\/www.juntadeandalucia.es\/educacion\/secretariavirtual\/consultaCEP\/actividad\/262922GE020\/","rel":"","context":"En \u00abFormaciones\u00bb","block_context":{"text":"Formaciones","link":"https:\/\/cepronda.com\/blog\/category\/formaciones\/"},"img":{"alt_text":"","src":"https:\/\/i0.wp.com\/cepronda.com\/blog\/wp-content\/uploads\/2025\/09\/WhatsApp-Image-2025-09-18-at-11.55.38.jpeg?fit=1080%2C1080&ssl=1&resize=350%2C200","width":350,"height":200,"srcset":"https:\/\/i0.wp.com\/cepronda.com\/blog\/wp-content\/uploads\/2025\/09\/WhatsApp-Image-2025-09-18-at-11.55.38.jpeg?fit=1080%2C1080&ssl=1&resize=350%2C200 1x, https:\/\/i0.wp.com\/cepronda.com\/blog\/wp-content\/uploads\/2025\/09\/WhatsApp-Image-2025-09-18-at-11.55.38.jpeg?fit=1080%2C1080&ssl=1&resize=525%2C300 1.5x, https:\/\/i0.wp.com\/cepronda.com\/blog\/wp-content\/uploads\/2025\/09\/WhatsApp-Image-2025-09-18-at-11.55.38.jpeg?fit=1080%2C1080&ssl=1&resize=700%2C400 2x, https:\/\/i0.wp.com\/cepronda.com\/blog\/wp-content\/uploads\/2025\/09\/WhatsApp-Image-2025-09-18-at-11.55.38.jpeg?fit=1080%2C1080&ssl=1&resize=1050%2C600 3x"},"classes":[]},{"id":3116,"url":"https:\/\/cepronda.com\/blog\/taller-de-ceramica-para-docentes\/","url_meta":{"origin":6085,"position":1},"title":"TALLER DE CER\u00c1MICA PARA DOCENTES","author":"V\u00edctor Caballero","date":"31 octubre, 2019","format":false,"excerpt":"Muy buenas de nuevo, Antes de irnos de puente compartimos esta formaci\u00f3n con todas aquellas personas interesadas. El programa incluye las siguientes propuestas de trabajo (se concretar\u00e1n una vez empezado el curso valorando la iniciativa del grupo): - Toma de contacto con el material existente y el trabajo a realizar.\u2026","rel":"","context":"En \u00abNoticias\u00bb","block_context":{"text":"Noticias","link":"https:\/\/cepronda.com\/blog\/category\/noticias\/"},"img":{"alt_text":"","src":"https:\/\/i0.wp.com\/cepronda.com\/blog\/wp-content\/uploads\/2019\/10\/Cer%C3%A1mica.png?resize=350%2C200&ssl=1","width":350,"height":200,"srcset":"https:\/\/i0.wp.com\/cepronda.com\/blog\/wp-content\/uploads\/2019\/10\/Cer%C3%A1mica.png?resize=350%2C200&ssl=1 1x, https:\/\/i0.wp.com\/cepronda.com\/blog\/wp-content\/uploads\/2019\/10\/Cer%C3%A1mica.png?resize=525%2C300&ssl=1 1.5x"},"classes":[]},{"id":5447,"url":"https:\/\/cepronda.com\/blog\/curso-creacion-digital-de-personajes-en-2d-y-3d-para-caracterizacion-2a-edicion\/","url_meta":{"origin":6085,"position":2},"title":"CURSO: CREACI\u00d3N DIGITAL DE PERSONAJES EN 2D Y 3D PARA CARACTERIZACI\u00d3N. 2\u00aa EDICI\u00d3N","author":"Antonio Montes","date":"14 septiembre, 2022","format":false,"excerpt":"Os informamos que\u00a0 desde el 14\/09 al 29\/09 est\u00e1 abierto el plazo de inscripci\u00f3n en el curso: CREACI\u00d3N DIGITAL DE PERSONAJES EN 2D Y 3D PARA CARACTERIZACI\u00d3N. 2\u00aa EDICI\u00d3N\u00a0 (C\u00f3digo: 232924GE002). Este curso, de car\u00e1cter regional, de 30 h de duraci\u00f3n (5 h presenciales por videoconferencias y 25 h no\u2026","rel":"","context":"En \u00abFormaciones\u00bb","block_context":{"text":"Formaciones","link":"https:\/\/cepronda.com\/blog\/category\/formaciones\/"},"img":{"alt_text":"","src":"https:\/\/i0.wp.com\/cepronda.com\/blog\/wp-content\/uploads\/2022\/09\/232924GE002-CREACION-DIGITAL-EN-2D-Y-3D.png-2.png?fit=848%2C1200&ssl=1&resize=350%2C200","width":350,"height":200,"srcset":"https:\/\/i0.wp.com\/cepronda.com\/blog\/wp-content\/uploads\/2022\/09\/232924GE002-CREACION-DIGITAL-EN-2D-Y-3D.png-2.png?fit=848%2C1200&ssl=1&resize=350%2C200 1x, https:\/\/i0.wp.com\/cepronda.com\/blog\/wp-content\/uploads\/2022\/09\/232924GE002-CREACION-DIGITAL-EN-2D-Y-3D.png-2.png?fit=848%2C1200&ssl=1&resize=525%2C300 1.5x, https:\/\/i0.wp.com\/cepronda.com\/blog\/wp-content\/uploads\/2022\/09\/232924GE002-CREACION-DIGITAL-EN-2D-Y-3D.png-2.png?fit=848%2C1200&ssl=1&resize=700%2C400 2x"},"classes":[]},{"id":5410,"url":"https:\/\/cepronda.com\/blog\/curso-el-museo-unicaja-joaquin-peinado-en-su-xx-aniversario-undecimo-curso-de-formacion\/","url_meta":{"origin":6085,"position":3},"title":"CURSO: EL MUSEO UNICAJA JOAQU\u00cdN PEINADO EN SU XX ANIVERSARIO. UND\u00c9CIMO CURSO DE FORMACI\u00d3N","author":"Antonio Montes","date":"8 septiembre, 2022","format":false,"excerpt":"Os informamos que se ha abierto el plazo de inscripci\u00f3n en el curso: EL MUSEO UNICAJA JOAQU\u00cdN PEINADO EN SU XX ANIVERSARIO. UND\u00c9CIMO CURSO DE FORMACI\u00d3N (C\u00f3digo: 232924GE004) Fechas de realizaci\u00f3n: del 20 de septiembre al 6 de octubre del 2022, en horario de 18:30 h a 20:00 h. Todas\u2026","rel":"","context":"En \u00abFormaciones\u00bb","block_context":{"text":"Formaciones","link":"https:\/\/cepronda.com\/blog\/category\/formaciones\/"},"img":{"alt_text":"","src":"https:\/\/i0.wp.com\/cepronda.com\/blog\/wp-content\/uploads\/2022\/09\/232924GE004-MUSEO-JOAQUIN-PEINADO.png?fit=848%2C1200&ssl=1&resize=350%2C200","width":350,"height":200,"srcset":"https:\/\/i0.wp.com\/cepronda.com\/blog\/wp-content\/uploads\/2022\/09\/232924GE004-MUSEO-JOAQUIN-PEINADO.png?fit=848%2C1200&ssl=1&resize=350%2C200 1x, https:\/\/i0.wp.com\/cepronda.com\/blog\/wp-content\/uploads\/2022\/09\/232924GE004-MUSEO-JOAQUIN-PEINADO.png?fit=848%2C1200&ssl=1&resize=525%2C300 1.5x, https:\/\/i0.wp.com\/cepronda.com\/blog\/wp-content\/uploads\/2022\/09\/232924GE004-MUSEO-JOAQUIN-PEINADO.png?fit=848%2C1200&ssl=1&resize=700%2C400 2x"},"classes":[]},{"id":8848,"url":"https:\/\/cepronda.com\/blog\/xiv-curso-de-formacion-aula-joaquin-peinado-una-mirada-a-las-otras-artes\/","url_meta":{"origin":6085,"position":4},"title":"XIV CURSO DE FORMACI\u00d3N AULA JOAQU\u00cdN PEINADO: UNA MIRADA A LAS OTRAS ARTES","author":"Mamen Moreno","date":"25 septiembre, 2025","format":false,"excerpt":"Abiertas inscripciones al curso: XIV Curso de Formaci\u00f3n Aula Joaqu\u00edn Peinado: Una mirada a las otras artes. C\u00f3digo: 262924GE051 Fechas del curso: del 21 de octubre al 11 de noviembre de 2025. Lugar de realizaci\u00f3n: Centro Cultural Fundaci\u00f3n Unicaja de Ronda Horario: 18:30 a 20:00 Plazo de inscripci\u00f3n: del 25\u2026","rel":"","context":"En \u00abFormaciones\u00bb","block_context":{"text":"Formaciones","link":"https:\/\/cepronda.com\/blog\/category\/formaciones\/"},"img":{"alt_text":"","src":"https:\/\/i0.wp.com\/cepronda.com\/blog\/wp-content\/uploads\/2025\/09\/ceramica-2.png?fit=900%2C1200&ssl=1&resize=350%2C200","width":350,"height":200,"srcset":"https:\/\/i0.wp.com\/cepronda.com\/blog\/wp-content\/uploads\/2025\/09\/ceramica-2.png?fit=900%2C1200&ssl=1&resize=350%2C200 1x, https:\/\/i0.wp.com\/cepronda.com\/blog\/wp-content\/uploads\/2025\/09\/ceramica-2.png?fit=900%2C1200&ssl=1&resize=525%2C300 1.5x, https:\/\/i0.wp.com\/cepronda.com\/blog\/wp-content\/uploads\/2025\/09\/ceramica-2.png?fit=900%2C1200&ssl=1&resize=700%2C400 2x"},"classes":[]},{"id":8965,"url":"https:\/\/cepronda.com\/blog\/gestion-administrativa-y-economica-de-proyectos-erasmus-2\/","url_meta":{"origin":6085,"position":5},"title":"GESTI\u00d3N ADMINISTRATIVA Y ECON\u00d3MICA DE PROYECTOS ERASMUS+","author":"Maribel Mu\u00f1oz","date":"22 octubre, 2025","format":false,"excerpt":"Se encuentra abierto el plazo de inscripci\u00f3n en el curso provincial, \"GESTI\u00d3N ADMINISTRATIVA Y ECON\u00d3MICA DE PROYECTOS ERASMUS+\", con c\u00f3digo: 269924KPI461. Inscripciones: del 22\u00a0 de octubre al 30\u00a0 de octubre. Publicaci\u00f3n del listado de admisi\u00f3n provisional:\u00a031 de octubre de 2025 a las 10:00 horas. Publicaci\u00f3n del listado de admisi\u00f3n definitiva:\u2026","rel":"","context":"En \u00abFormaciones\u00bb","block_context":{"text":"Formaciones","link":"https:\/\/cepronda.com\/blog\/category\/formaciones\/"},"img":{"alt_text":"","src":"https:\/\/i0.wp.com\/cepronda.com\/blog\/wp-content\/uploads\/2025\/10\/WhatsApp-Image-2025-10-23-at-10.24.03.jpeg?fit=960%2C1200&ssl=1&resize=350%2C200","width":350,"height":200,"srcset":"https:\/\/i0.wp.com\/cepronda.com\/blog\/wp-content\/uploads\/2025\/10\/WhatsApp-Image-2025-10-23-at-10.24.03.jpeg?fit=960%2C1200&ssl=1&resize=350%2C200 1x, https:\/\/i0.wp.com\/cepronda.com\/blog\/wp-content\/uploads\/2025\/10\/WhatsApp-Image-2025-10-23-at-10.24.03.jpeg?fit=960%2C1200&ssl=1&resize=525%2C300 1.5x, https:\/\/i0.wp.com\/cepronda.com\/blog\/wp-content\/uploads\/2025\/10\/WhatsApp-Image-2025-10-23-at-10.24.03.jpeg?fit=960%2C1200&ssl=1&resize=700%2C400 2x"},"classes":[]}],"jetpack_sharing_enabled":true,"_links":{"self":[{"href":"https:\/\/cepronda.com\/blog\/wp-json\/wp\/v2\/posts\/6085","targetHints":{"allow":["GET"]}}],"collection":[{"href":"https:\/\/cepronda.com\/blog\/wp-json\/wp\/v2\/posts"}],"about":[{"href":"https:\/\/cepronda.com\/blog\/wp-json\/wp\/v2\/types\/post"}],"author":[{"embeddable":true,"href":"https:\/\/cepronda.com\/blog\/wp-json\/wp\/v2\/users\/13"}],"replies":[{"embeddable":true,"href":"https:\/\/cepronda.com\/blog\/wp-json\/wp\/v2\/comments?post=6085"}],"version-history":[{"count":1,"href":"https:\/\/cepronda.com\/blog\/wp-json\/wp\/v2\/posts\/6085\/revisions"}],"predecessor-version":[{"id":6087,"href":"https:\/\/cepronda.com\/blog\/wp-json\/wp\/v2\/posts\/6085\/revisions\/6087"}],"wp:featuredmedia":[{"embeddable":true,"href":"https:\/\/cepronda.com\/blog\/wp-json\/wp\/v2\/media\/6086"}],"wp:attachment":[{"href":"https:\/\/cepronda.com\/blog\/wp-json\/wp\/v2\/media?parent=6085"}],"wp:term":[{"taxonomy":"category","embeddable":true,"href":"https:\/\/cepronda.com\/blog\/wp-json\/wp\/v2\/categories?post=6085"},{"taxonomy":"post_tag","embeddable":true,"href":"https:\/\/cepronda.com\/blog\/wp-json\/wp\/v2\/tags?post=6085"}],"curies":[{"name":"wp","href":"https:\/\/api.w.org\/{rel}","templated":true}]}}