{"id":6068,"date":"2023-09-28T10:36:50","date_gmt":"2023-09-28T08:36:50","guid":{"rendered":"https:\/\/cepronda.com\/blog\/?p=6068"},"modified":"2023-09-20T10:46:49","modified_gmt":"2023-09-20T08:46:49","slug":"kit-de-herramientas-digitales-para-el-profesorado-iii-242924ge008","status":"publish","type":"post","link":"https:\/\/cepronda.com\/blog\/kit-de-herramientas-digitales-para-el-profesorado-iii-242924ge008\/","title":{"rendered":"KIT DE HERRAMIENTAS DIGITALES PARA EL PROFESORADO III (242924GE008)"},"content":{"rendered":"<div class=\"\" data-block=\"true\" data-editor=\"1lepn\" data-offset-key=\"75c5k-0-0\">\n<div class=\"_1mf _1mj\" data-offset-key=\"75c5k-0-0\"><span style=\"font-weight: inherit;\" data-offset-key=\"75c5k-0-0\">Se ha abierto el plazo para el <strong>Curso<\/strong> <strong>a Distancia,<\/strong> de <strong>30 horas<\/strong> de desempe\u00f1o: \u00abKIT DE HERRAMIENTAS DIGITALES PARA EL PROFESORADO III <\/span><span style=\"font-weight: inherit;\">(242924GE008)\u00bb<\/span><\/div>\n<\/div>\n<div class=\"\" data-block=\"true\" data-editor=\"1lepn\" data-offset-key=\"c0hpl-0-0\">\n<div class=\"_1mf _1mj\" data-offset-key=\"c0hpl-0-0\"><span data-offset-key=\"c0hpl-0-0\">M\u00e1s informaci\u00f3n e inscripci\u00f3n: <a href=\"https:\/\/www.juntadeandalucia.es\/educacion\/secretariavirtual\/consultaCEP\/actividad\/242924GE008\/\">https:\/\/www.juntadeandalucia.es\/educacion\/secretariavirtual\/consultaCEP\/actividad\/242924GE008\/<\/a><\/span><\/div>\n<\/div>\n<div class=\"\" data-block=\"true\" data-editor=\"1lepn\" data-offset-key=\"aq09l-0-0\">\n<div class=\"_1mf _1mj\" data-offset-key=\"aq09l-0-0\">\n<ul class=\"list-group\">\n<li><b>Fecha inscripci\u00f3n:<\/b>&nbsp;28\/09\/2023 hasta 11\/10\/2023<\/li>\n<li class=\"list-group-item\"><b>Fecha actividad:<\/b>&nbsp;17\/10\/2023 hasta 29\/11\/2023<\/li>\n<\/ul>\n<\/div>\n<\/div>\n<p>Esperamos que sea de vuestro inter\u00e9s.<\/p>\n<p>La asesor\u00eda responsable de esta formaci\u00f3n es Inmaculada Garc\u00eda Dur\u00e1n Para cualquier duda, sugerencia o propuesta pod\u00e9is mandar mail al correo: inmaculadagarcia@cepronda.com o inmaculada.garcia.duran.edu@juntadeandalucia.es Tel\u00e9fono: 671599321.<\/p>\n<p>&nbsp;<\/p>\n","protected":false},"excerpt":{"rendered":"<p>Se ha abierto el plazo para el Curso a Distancia, de 30 horas de desempe\u00f1o: \u00abKIT DE HERRAMIENTAS DIGITALES PARA EL PROFESORADO III (242924GE008)\u00bb M\u00e1s informaci\u00f3n e inscripci\u00f3n: https:\/\/www.juntadeandalucia.es\/educacion\/secretariavirtual\/consultaCEP\/actividad\/242924GE008\/ Fecha inscripci\u00f3n:&nbsp;28\/09\/2023 hasta 11\/10\/2023 Fecha actividad:&nbsp;17\/10\/2023 hasta 29\/11\/2023 Esperamos que sea de vuestro inter\u00e9s. La asesor\u00eda responsable de esta formaci\u00f3n es Inmaculada Garc\u00eda Dur\u00e1n Para cualquier [&hellip;]<\/p>\n","protected":false},"author":9,"featured_media":6069,"comment_status":"closed","ping_status":"open","sticky":false,"template":"","format":"standard","meta":{"_crdt_document":"","advanced_seo_description":"","jetpack_seo_html_title":"","jetpack_seo_noindex":false,"jetpack_post_was_ever_published":false,"_jetpack_newsletter_access":"","_jetpack_dont_email_post_to_subs":false,"_jetpack_newsletter_tier_id":0,"_jetpack_memberships_contains_paywalled_content":false,"_jetpack_memberships_contains_paid_content":false,"footnotes":"","jetpack_publicize_message":"","jetpack_publicize_feature_enabled":true,"jetpack_social_post_already_shared":false,"jetpack_social_options":{"image_generator_settings":{"template":"highway","default_image_id":0,"font":"","enabled":false},"version":2}},"categories":[3,5],"tags":[],"class_list":{"0":"post-6068","1":"post","2":"type-post","3":"status-publish","4":"format-standard","5":"has-post-thumbnail","7":"category-formaciones","8":"category-noticias","9":"czr-hentry"},"jetpack_publicize_connections":[],"jetpack_featured_media_url":"https:\/\/cepronda.com\/blog\/wp-content\/uploads\/2023\/09\/Copia-de-Colorful-Illustration-Technology-Assists-in-Learning-Poster-pdf.jpg","jetpack_shortlink":"https:\/\/wp.me\/p8M4X7-1zS","jetpack-related-posts":[{"id":5802,"url":"https:\/\/cepronda.com\/blog\/kit-de-herramientas-digitales-para-el-profesorado-i\/","url_meta":{"origin":6068,"position":0},"title":"KIT DE HERRAMIENTAS DIGITALES PARA EL PROFESORADO I","author":"Inmaculada Garc\u00eda","date":"24 febrero, 2023","format":false,"excerpt":"Abierto el plazo de inscripci\u00f3n del CURSO A DISTANCIA: KIT DE HERRAMIENTAS DIGITALES PARA EL PROFESORADO I (232924GE022) M\u00e1s informaci\u00f3n e inscripci\u00f3n: https:\/\/www.juntadeandalucia.es\/educacion\/secretariavirtual\/consultaCEP\/actividad\/232924GE022\/ Fechas de inscripci\u00f3n: 21\/02\/2023 hasta 06\/03\/2023 Fecha actividad: 13\/03\/2023 hasta 21\/04\/2023 \u00a0","rel":"","context":"En \u00abFormaciones\u00bb","block_context":{"text":"Formaciones","link":"https:\/\/cepronda.com\/blog\/category\/formaciones\/"},"img":{"alt_text":"","src":"https:\/\/i0.wp.com\/cepronda.com\/blog\/wp-content\/uploads\/2023\/02\/Colorful-Illustration-Technology-Assists-in-Learning-Poster.png?fit=848%2C1200&ssl=1&resize=350%2C200","width":350,"height":200,"srcset":"https:\/\/i0.wp.com\/cepronda.com\/blog\/wp-content\/uploads\/2023\/02\/Colorful-Illustration-Technology-Assists-in-Learning-Poster.png?fit=848%2C1200&ssl=1&resize=350%2C200 1x, https:\/\/i0.wp.com\/cepronda.com\/blog\/wp-content\/uploads\/2023\/02\/Colorful-Illustration-Technology-Assists-in-Learning-Poster.png?fit=848%2C1200&ssl=1&resize=525%2C300 1.5x, https:\/\/i0.wp.com\/cepronda.com\/blog\/wp-content\/uploads\/2023\/02\/Colorful-Illustration-Technology-Assists-in-Learning-Poster.png?fit=848%2C1200&ssl=1&resize=700%2C400 2x"},"classes":[]},{"id":6013,"url":"https:\/\/cepronda.com\/blog\/kit-de-herramientas-digitales-para-el-profesorado-ii-232924ge043\/","url_meta":{"origin":6068,"position":1},"title":"KIT DE HERRAMIENTAS DIGITALES PARA EL PROFESORADO II (232924GE043)","author":"Inmaculada Garc\u00eda","date":"17 abril, 2023","format":false,"excerpt":"Abierto el plazo de inscripci\u00f3n del CURSO A DISTANCIA: KIT DE HERRAMIENTAS DIGITALES PARA EL PROFESORADO II (232924GE043). Curso a distancia en el Aula Virtual del Profesorado, con una duraci\u00f3n de 30h. M\u00e1s informaci\u00f3n e inscripci\u00f3n: https:\/\/www.juntadeandalucia.es\/educacion\/secretariavirtual\/consultaCEP\/actividad\/232924GE043\/ Fecha actividad:\u00a004\/05\/2023 hasta 23\/06\/2023 Fecha inscripci\u00f3n:\u00a017\/04\/2023 hasta 26\/04\/2023 \u00a0","rel":"","context":"En \u00abFormaciones\u00bb","block_context":{"text":"Formaciones","link":"https:\/\/cepronda.com\/blog\/category\/formaciones\/"},"img":{"alt_text":"","src":"https:\/\/i0.wp.com\/cepronda.com\/blog\/wp-content\/uploads\/2023\/02\/Colorful-Illustration-Technology-Assists-in-Learning-Poster.jpg?fit=848%2C1200&ssl=1&resize=350%2C200","width":350,"height":200,"srcset":"https:\/\/i0.wp.com\/cepronda.com\/blog\/wp-content\/uploads\/2023\/02\/Colorful-Illustration-Technology-Assists-in-Learning-Poster.jpg?fit=848%2C1200&ssl=1&resize=350%2C200 1x, https:\/\/i0.wp.com\/cepronda.com\/blog\/wp-content\/uploads\/2023\/02\/Colorful-Illustration-Technology-Assists-in-Learning-Poster.jpg?fit=848%2C1200&ssl=1&resize=525%2C300 1.5x, https:\/\/i0.wp.com\/cepronda.com\/blog\/wp-content\/uploads\/2023\/02\/Colorful-Illustration-Technology-Assists-in-Learning-Poster.jpg?fit=848%2C1200&ssl=1&resize=700%2C400 2x"},"classes":[]},{"id":6046,"url":"https:\/\/cepronda.com\/blog\/ii-kit-de-herramientas-digitales-para-centros-rurales-y-aulas-multinivel\/","url_meta":{"origin":6068,"position":2},"title":"II KIT DE HERRAMIENTAS DIGITALES PARA CENTROS RURALES Y AULAS MULTINIVEL","author":"Mamen Moreno","date":"14 septiembre, 2023","format":false,"excerpt":"Abierto el plazo de inscripci\u00f3n para el curso online provincial II KIT DE HERRAMIENTAS DIGITALES PARA CENTROS RURALES Y AULAS MULTINIVEL con c\u00f3digo 242924GE006 \u00a0 Dirigida al\u00a0Profesorado de Centro Rurales\u00a0 Fechas de inscripci\u00f3n: 14\/09\/2023 hasta 27\/09\/2023 Fecha actividad:\u00a0 3 de octubre hasta el 13 de noviembre Lugar de realizaci\u00f3n: AVFP\u2026","rel":"","context":"En \u00abFormaciones\u00bb","block_context":{"text":"Formaciones","link":"https:\/\/cepronda.com\/blog\/category\/formaciones\/"},"img":{"alt_text":"","src":"https:\/\/i0.wp.com\/cepronda.com\/blog\/wp-content\/uploads\/2023\/09\/Diseno-sin-titulo-2.jpg?fit=1080%2C1080&ssl=1&resize=350%2C200","width":350,"height":200,"srcset":"https:\/\/i0.wp.com\/cepronda.com\/blog\/wp-content\/uploads\/2023\/09\/Diseno-sin-titulo-2.jpg?fit=1080%2C1080&ssl=1&resize=350%2C200 1x, https:\/\/i0.wp.com\/cepronda.com\/blog\/wp-content\/uploads\/2023\/09\/Diseno-sin-titulo-2.jpg?fit=1080%2C1080&ssl=1&resize=525%2C300 1.5x, https:\/\/i0.wp.com\/cepronda.com\/blog\/wp-content\/uploads\/2023\/09\/Diseno-sin-titulo-2.jpg?fit=1080%2C1080&ssl=1&resize=700%2C400 2x, https:\/\/i0.wp.com\/cepronda.com\/blog\/wp-content\/uploads\/2023\/09\/Diseno-sin-titulo-2.jpg?fit=1080%2C1080&ssl=1&resize=1050%2C600 3x"},"classes":[]},{"id":8266,"url":"https:\/\/cepronda.com\/blog\/kit-de-herramientas-digitales-para-conservatorios-especialidades-instrumentales-y-de-conjunto-con-codigo-259911kpf535\/","url_meta":{"origin":6068,"position":3},"title":"KIT DE HERRAMIENTAS DIGITALES PARA CONSERVATORIOS","author":"Inmaculada Garc\u00eda","date":"5 marzo, 2025","format":false,"excerpt":"Abierto el plazo de inscripci\u00f3n en el curso regional: KIT DE HERRAMIENTAS DIGITALES PARA CONSERVATORIOS: ESPECIALIDADES INSTRUMENTALES Y DE CONJUNTO, con c\u00f3digo: 259911KPF535. \u00a0 Curso a Distancia con certificaci\u00f3n de 50 horas de formaci\u00f3n. N\u00ba de plazas: 250. \u00a0 Fecha inscripci\u00f3n: 26\/02\/2025 hasta 10\/03\/2025. Fecha actividad: 17\/03\/2025 hasta 18\/04\/2025 Dirigido\u2026","rel":"","context":"En \u00abFormaciones\u00bb","block_context":{"text":"Formaciones","link":"https:\/\/cepronda.com\/blog\/category\/formaciones\/"},"img":{"alt_text":"","src":"https:\/\/i0.wp.com\/cepronda.com\/blog\/wp-content\/uploads\/2025\/03\/Titulo-1.jpg?fit=960%2C1200&ssl=1&resize=350%2C200","width":350,"height":200,"srcset":"https:\/\/i0.wp.com\/cepronda.com\/blog\/wp-content\/uploads\/2025\/03\/Titulo-1.jpg?fit=960%2C1200&ssl=1&resize=350%2C200 1x, https:\/\/i0.wp.com\/cepronda.com\/blog\/wp-content\/uploads\/2025\/03\/Titulo-1.jpg?fit=960%2C1200&ssl=1&resize=525%2C300 1.5x, https:\/\/i0.wp.com\/cepronda.com\/blog\/wp-content\/uploads\/2025\/03\/Titulo-1.jpg?fit=960%2C1200&ssl=1&resize=700%2C400 2x"},"classes":[]},{"id":7845,"url":"https:\/\/cepronda.com\/blog\/kit-de-herramientas-digitales-para-conservatorios-especialidades-instrumentales-y-de-conjunto\/","url_meta":{"origin":6068,"position":4},"title":"KIT\u00a0DE\u00a0HERRAMIENTAS\u00a0DIGITALES\u00a0PARA\u00a0CONSERVATORIOS: ESPECIALIDADES\u00a0INSTRUMENTALES\u00a0Y\u00a0DE\u00a0CONJUNTO","author":"Mamen Moreno","date":"6 noviembre, 2024","format":false,"excerpt":"Se abre el plazo de inscripci\u00f3n para el curso regional: KIT DE HERRAMIENTAS DIGITALES PARA CONSERVATORIOS: ESPECIALIDADES INSTRUMENTALES Y DE CONJUNTO. Con c\u00f3digo 25992KPF535 \u00a0Inscripci\u00f3n: \u00a004\/11\/2024 hasta el 10\/11\/2024 \u00a0Actividad: 18\/11\/2024 - 20\/12\/2024 Duraci\u00f3n:\u00a0 50 horas \u00a0M\u00e1s informaci\u00f3n:\u00a0https:\/\/www.juntadeandalucia.es\/educacion\/secretariavirtual\/consultaCEP\/actividad\/259922KPF535\/","rel":"","context":"En \u00abFormaciones\u00bb","block_context":{"text":"Formaciones","link":"https:\/\/cepronda.com\/blog\/category\/formaciones\/"},"img":{"alt_text":"","src":"https:\/\/i0.wp.com\/cepronda.com\/blog\/wp-content\/uploads\/2024\/11\/curso-1-scaled.jpg?fit=1200%2C675&ssl=1&resize=350%2C200","width":350,"height":200,"srcset":"https:\/\/i0.wp.com\/cepronda.com\/blog\/wp-content\/uploads\/2024\/11\/curso-1-scaled.jpg?fit=1200%2C675&ssl=1&resize=350%2C200 1x, https:\/\/i0.wp.com\/cepronda.com\/blog\/wp-content\/uploads\/2024\/11\/curso-1-scaled.jpg?fit=1200%2C675&ssl=1&resize=525%2C300 1.5x, https:\/\/i0.wp.com\/cepronda.com\/blog\/wp-content\/uploads\/2024\/11\/curso-1-scaled.jpg?fit=1200%2C675&ssl=1&resize=700%2C400 2x, https:\/\/i0.wp.com\/cepronda.com\/blog\/wp-content\/uploads\/2024\/11\/curso-1-scaled.jpg?fit=1200%2C675&ssl=1&resize=1050%2C600 3x"},"classes":[]},{"id":5885,"url":"https:\/\/cepronda.com\/blog\/5885-2\/","url_meta":{"origin":6068,"position":5},"title":"KIT DE HERRAMIENTAS DIGITALES PARA CENTROS RURALES Y AULAS MULTINIVEL (232924GE046)","author":"Mamen Moreno","date":"28 marzo, 2023","format":false,"excerpt":"Se encuentra abierto el plazo de inscripci\u00f3n del CURSO PROVINCIAL A DISTANCIA: KIT DE HERRAMIENTAS DIGITALES PARA CENTROS RURALES Y AULAS MULTINIVEL\u00a0(232924GE046) M\u00e1s informaci\u00f3n e inscripci\u00f3n: https:\/\/www.juntadeandalucia.es\/educacion\/secretariavirtual\/consultaCEP\/actividad\/232924GE046\/ Fechas de inscripci\u00f3n: 28\/03\/2023 hasta 12\/04\/2023 Fecha actividad: 18\/04\/2023 hasta 30\/05\/2023","rel":"","context":"En \u00abFormaciones\u00bb","block_context":{"text":"Formaciones","link":"https:\/\/cepronda.com\/blog\/category\/formaciones\/"},"img":{"alt_text":"","src":"https:\/\/i0.wp.com\/cepronda.com\/blog\/wp-content\/uploads\/2023\/03\/PROVINCIAL-3.jpg?fit=848%2C1200&ssl=1&resize=350%2C200","width":350,"height":200,"srcset":"https:\/\/i0.wp.com\/cepronda.com\/blog\/wp-content\/uploads\/2023\/03\/PROVINCIAL-3.jpg?fit=848%2C1200&ssl=1&resize=350%2C200 1x, https:\/\/i0.wp.com\/cepronda.com\/blog\/wp-content\/uploads\/2023\/03\/PROVINCIAL-3.jpg?fit=848%2C1200&ssl=1&resize=525%2C300 1.5x, https:\/\/i0.wp.com\/cepronda.com\/blog\/wp-content\/uploads\/2023\/03\/PROVINCIAL-3.jpg?fit=848%2C1200&ssl=1&resize=700%2C400 2x"},"classes":[]}],"jetpack_sharing_enabled":true,"_links":{"self":[{"href":"https:\/\/cepronda.com\/blog\/wp-json\/wp\/v2\/posts\/6068","targetHints":{"allow":["GET"]}}],"collection":[{"href":"https:\/\/cepronda.com\/blog\/wp-json\/wp\/v2\/posts"}],"about":[{"href":"https:\/\/cepronda.com\/blog\/wp-json\/wp\/v2\/types\/post"}],"author":[{"embeddable":true,"href":"https:\/\/cepronda.com\/blog\/wp-json\/wp\/v2\/users\/9"}],"replies":[{"embeddable":true,"href":"https:\/\/cepronda.com\/blog\/wp-json\/wp\/v2\/comments?post=6068"}],"version-history":[{"count":1,"href":"https:\/\/cepronda.com\/blog\/wp-json\/wp\/v2\/posts\/6068\/revisions"}],"predecessor-version":[{"id":6070,"href":"https:\/\/cepronda.com\/blog\/wp-json\/wp\/v2\/posts\/6068\/revisions\/6070"}],"wp:featuredmedia":[{"embeddable":true,"href":"https:\/\/cepronda.com\/blog\/wp-json\/wp\/v2\/media\/6069"}],"wp:attachment":[{"href":"https:\/\/cepronda.com\/blog\/wp-json\/wp\/v2\/media?parent=6068"}],"wp:term":[{"taxonomy":"category","embeddable":true,"href":"https:\/\/cepronda.com\/blog\/wp-json\/wp\/v2\/categories?post=6068"},{"taxonomy":"post_tag","embeddable":true,"href":"https:\/\/cepronda.com\/blog\/wp-json\/wp\/v2\/tags?post=6068"}],"curies":[{"name":"wp","href":"https:\/\/api.w.org\/{rel}","templated":true}]}}