{"id":6041,"date":"2023-09-13T10:04:30","date_gmt":"2023-09-13T08:04:30","guid":{"rendered":"https:\/\/cepronda.com\/blog\/?p=6041"},"modified":"2025-04-28T11:48:15","modified_gmt":"2025-04-28T09:48:15","slug":"respiracion-y-movimiento-las-bases-para-estimular-la-atencion-en-el-aula","status":"publish","type":"post","link":"https:\/\/cepronda.com\/blog\/respiracion-y-movimiento-las-bases-para-estimular-la-atencion-en-el-aula\/","title":{"rendered":"RESPIRACI\u00d3N Y MOVIMIENTO: LAS BASES PARA ESTIMULAR LA ATENCI\u00d3N EN EL AULA"},"content":{"rendered":"<p><span class=\"tc-dropcap\">B<\/span>uenos d\u00edas compa\u00f1eras y compa\u00f1eros. Est\u00e1 abierto el plazo de inscripci\u00f3n para el curso RESPIRACI\u00d3N Y MOVIMIENTO: LAS BASES PARA ESTIMULAR LA ATENCI\u00d3N EN EL AULA,&nbsp; destinado a todo el profesorado.<\/p>\n<div class=\"\" data-block=\"true\" data-editor=\"1lepn\" data-offset-key=\"c0hpl-0-0\">\n<div class=\"_1mf _1mj\" data-offset-key=\"c0hpl-0-0\"><span data-offset-key=\"c0hpl-0-0\">M\u00e1s informaci\u00f3n e inscripci\u00f3n: <a href=\"https:\/\/www.juntadeandalucia.es\/educacion\/secretariavirtual\/consultaCEP\/actividad\/242924GE007\/\">https:\/\/www.juntadeandalucia.es\/educacion\/secretariavirtual\/consultaCEP\/actividad\/242924GE007\/<\/a><\/span><\/div>\n<\/div>\n<div class=\"\" data-block=\"true\" data-editor=\"1lepn\" data-offset-key=\"aq09l-0-0\">\n<div class=\"_1mf _1mj\" data-offset-key=\"aq09l-0-0\">\n<ul class=\"list-group\">\n<li class=\"list-group-item\"><b>Fecha inscripci\u00f3n:<\/b>&nbsp;12\/09\/2023 hasta 30\/09\/2023<\/li>\n<li class=\"list-group-item\"><b>Fecha y lugar de la actividad:<\/b>&nbsp; Del 4 de octubre al 15 de noviembre en horario de 17:00 a 18:30 h en el sal\u00f3n de actos del CEP<\/li>\n<\/ul>\n<\/div>\n<\/div>\n<p>Esperamos que sea de vuestro inter\u00e9s.<\/p>\n<p><img data-recalc-dims=\"1\" loading=\"lazy\" decoding=\"async\" class=\"alignnone size-medium wp-image-6042 aligncenter\" src=\"https:\/\/i0.wp.com\/cepronda.com\/blog\/wp-content\/uploads\/2023\/09\/Diseno-sin-titulo.jpg?resize=300%2C300&#038;ssl=1\" alt=\"\" width=\"300\" height=\"300\" srcset=\"https:\/\/i0.wp.com\/cepronda.com\/blog\/wp-content\/uploads\/2023\/09\/Diseno-sin-titulo.jpg?resize=300%2C300&amp;ssl=1 300w, https:\/\/i0.wp.com\/cepronda.com\/blog\/wp-content\/uploads\/2023\/09\/Diseno-sin-titulo.jpg?resize=1024%2C1024&amp;ssl=1 1024w, https:\/\/i0.wp.com\/cepronda.com\/blog\/wp-content\/uploads\/2023\/09\/Diseno-sin-titulo.jpg?resize=150%2C150&amp;ssl=1 150w, https:\/\/i0.wp.com\/cepronda.com\/blog\/wp-content\/uploads\/2023\/09\/Diseno-sin-titulo.jpg?resize=768%2C768&amp;ssl=1 768w, https:\/\/i0.wp.com\/cepronda.com\/blog\/wp-content\/uploads\/2023\/09\/Diseno-sin-titulo.jpg?resize=50%2C50&amp;ssl=1 50w, https:\/\/i0.wp.com\/cepronda.com\/blog\/wp-content\/uploads\/2023\/09\/Diseno-sin-titulo.jpg?w=1080&amp;ssl=1 1080w\" sizes=\"auto, (max-width: 300px) 100vw, 300px\" \/><\/p>\n<p>&nbsp;<\/p>\n<div class=\"sharedaddy sd-sharing-enabled\">\n<div class=\"robots-nocontent sd-block sd-social sd-social-official sd-sharing\">\n<h3 class=\"sd-title\">&nbsp;<\/h3>\n<\/div>\n<\/div>\n","protected":false},"excerpt":{"rendered":"<p>Buenos d\u00edas compa\u00f1eras y compa\u00f1eros. Est\u00e1 abierto el plazo de inscripci\u00f3n para el curso RESPIRACI\u00d3N Y MOVIMIENTO: LAS BASES PARA ESTIMULAR LA ATENCI\u00d3N EN EL AULA,&nbsp; destinado a todo el profesorado. M\u00e1s informaci\u00f3n e inscripci\u00f3n: https:\/\/www.juntadeandalucia.es\/educacion\/secretariavirtual\/consultaCEP\/actividad\/242924GE007\/ Fecha inscripci\u00f3n:&nbsp;12\/09\/2023 hasta 30\/09\/2023 Fecha y lugar de la actividad:&nbsp; Del 4 de octubre al 15 de noviembre en [&hellip;]<\/p>\n","protected":false},"author":13,"featured_media":6042,"comment_status":"closed","ping_status":"open","sticky":false,"template":"","format":"standard","meta":{"_crdt_document":"","advanced_seo_description":"","jetpack_seo_html_title":"","jetpack_seo_noindex":false,"jetpack_post_was_ever_published":false,"_jetpack_newsletter_access":"","_jetpack_dont_email_post_to_subs":false,"_jetpack_newsletter_tier_id":0,"_jetpack_memberships_contains_paywalled_content":false,"_jetpack_memberships_contains_paid_content":false,"footnotes":"","jetpack_publicize_message":"","jetpack_publicize_feature_enabled":true,"jetpack_social_post_already_shared":false,"jetpack_social_options":{"image_generator_settings":{"template":"highway","default_image_id":0,"font":"","enabled":false},"version":2}},"categories":[3,5],"tags":[],"class_list":{"0":"post-6041","1":"post","2":"type-post","3":"status-publish","4":"format-standard","5":"has-post-thumbnail","7":"category-formaciones","8":"category-noticias","9":"czr-hentry"},"jetpack_publicize_connections":[],"jetpack_featured_media_url":"https:\/\/i0.wp.com\/cepronda.com\/blog\/wp-content\/uploads\/2023\/09\/Diseno-sin-titulo.jpg?fit=1080%2C1080&ssl=1","jetpack_shortlink":"https:\/\/wp.me\/p8M4X7-1zr","jetpack-related-posts":[{"id":5753,"url":"https:\/\/cepronda.com\/blog\/atencion-al-alumnado-neae-a-traves-de-recursos-digitales-232924kpf288\/","url_meta":{"origin":6041,"position":0},"title":"ATENCI\u00d3N AL ALUMNADO NEAE A TRAV\u00c9S DE RECURSOS DIGITALES (232924KPF288)","author":"Inmaculada Garc\u00eda","date":"3 febrero, 2023","format":false,"excerpt":"Buenos\u00a0 d\u00edas. Os informamos de que est\u00e1 abierto el plazo de inscripci\u00f3n en la actividad \u00abATENCI\u00d3N AL ALUMNADO NEAE A TRAV\u00c9S DE RECURSOS DIGITALES.\u00bb C\u00f3digo:\u00a0 232924KPF288 Es una actividad Provincial en modalidad de \u00abCurso a distancia\u00bb, que se desarrollar\u00e1 en el Aula Virtual de Aprendizaje del Profesorado. Duraci\u00f3n de 30\u2026","rel":"","context":"En \u00abFormaciones\u00bb","block_context":{"text":"Formaciones","link":"https:\/\/cepronda.com\/blog\/category\/formaciones\/"},"img":{"alt_text":"","src":"https:\/\/i0.wp.com\/cepronda.com\/blog\/wp-content\/uploads\/2023\/02\/ATENCION-AL-ALUMNADO-NEAE-A-TRAVES-DE-RECURSOS-DIGITALES.png?fit=848%2C1200&ssl=1&resize=350%2C200","width":350,"height":200,"srcset":"https:\/\/i0.wp.com\/cepronda.com\/blog\/wp-content\/uploads\/2023\/02\/ATENCION-AL-ALUMNADO-NEAE-A-TRAVES-DE-RECURSOS-DIGITALES.png?fit=848%2C1200&ssl=1&resize=350%2C200 1x, https:\/\/i0.wp.com\/cepronda.com\/blog\/wp-content\/uploads\/2023\/02\/ATENCION-AL-ALUMNADO-NEAE-A-TRAVES-DE-RECURSOS-DIGITALES.png?fit=848%2C1200&ssl=1&resize=525%2C300 1.5x, https:\/\/i0.wp.com\/cepronda.com\/blog\/wp-content\/uploads\/2023\/02\/ATENCION-AL-ALUMNADO-NEAE-A-TRAVES-DE-RECURSOS-DIGITALES.png?fit=848%2C1200&ssl=1&resize=700%2C400 2x"},"classes":[]},{"id":6093,"url":"https:\/\/cepronda.com\/blog\/6093-2\/","url_meta":{"origin":6041,"position":1},"title":"\u00abATENCI\u00d3N AL ALUMNADO NEAE A TRAV\u00c9S DE RECURSOS DIGITALES.\u00bb C\u00f3digo:\u00a0 242924KPF288","author":"Inmaculada Garc\u00eda","date":"11 octubre, 2023","format":false,"excerpt":"Os informamos de que est\u00e1 abierto el plazo de inscripci\u00f3n en la actividad PROVINCIAL, gestionada por el CEP de Ronda, \u00abATENCI\u00d3N AL ALUMNADO NEAE A TRAV\u00c9S DE RECURSOS DIGITALES.\u00bb C\u00f3digo:\u00a0 242924KPF288 Es una actividad Provincial en modalidad de \u00abCurso a distancia\u00bb, que se desarrollar\u00e1 en el Aula Virtual de Aprendizaje\u2026","rel":"","context":"En \u00abFormaciones\u00bb","block_context":{"text":"Formaciones","link":"https:\/\/cepronda.com\/blog\/category\/formaciones\/"},"img":{"alt_text":"","src":"https:\/\/i0.wp.com\/cepronda.com\/blog\/wp-content\/uploads\/2023\/10\/Blue-Yellow-Futuristic-Technology-Poster-1.png?fit=848%2C1200&ssl=1&resize=350%2C200","width":350,"height":200,"srcset":"https:\/\/i0.wp.com\/cepronda.com\/blog\/wp-content\/uploads\/2023\/10\/Blue-Yellow-Futuristic-Technology-Poster-1.png?fit=848%2C1200&ssl=1&resize=350%2C200 1x, https:\/\/i0.wp.com\/cepronda.com\/blog\/wp-content\/uploads\/2023\/10\/Blue-Yellow-Futuristic-Technology-Poster-1.png?fit=848%2C1200&ssl=1&resize=525%2C300 1.5x, https:\/\/i0.wp.com\/cepronda.com\/blog\/wp-content\/uploads\/2023\/10\/Blue-Yellow-Futuristic-Technology-Poster-1.png?fit=848%2C1200&ssl=1&resize=700%2C400 2x"},"classes":[]},{"id":7826,"url":"https:\/\/cepronda.com\/blog\/curso-provincial-creando-entornos-de-aprendizaje-inclusivos-atencion-a-la-diversidad-en-el-aula-y-en-el-centro-escolar-con-codigo-252924ge004\/","url_meta":{"origin":6041,"position":2},"title":"Curso provincial: \u00abCREANDO ENTORNOS DE APRENDIZAJE INCLUSIVOS: ATENCI\u00d3N A LA DIVERSIDAD EN EL AULA Y EN EL CENTRO ESCOLAR\u00bb, con c\u00f3digo 252924GE004.","author":"Inmaculada Garc\u00eda","date":"30 octubre, 2024","format":false,"excerpt":"Se encuentra abierto el plazo de inscripci\u00f3n en el curso provincial: \"CREANDO ENTORNOS DE APRENDIZAJE INCLUSIVOS: ATENCI\u00d3N A LA DIVERSIDAD EN EL AULA Y EN EL CENTRO ESCOLAR\", con c\u00f3digo 252924GE004. Fecha inscripci\u00f3n: 30\/10\/2024 hasta 15\/11\/2024. Fecha actividad: 19\/11\/2024 hasta 10\/12\/2024 Lugar: Sala de videoconferencias Webex. Duraci\u00f3n del curso: 15\u2026","rel":"","context":"En \u00abFormaciones\u00bb","block_context":{"text":"Formaciones","link":"https:\/\/cepronda.com\/blog\/category\/formaciones\/"},"img":{"alt_text":"","src":"https:\/\/i0.wp.com\/cepronda.com\/blog\/wp-content\/uploads\/2024\/10\/CREANDO-ENTORNOS-DE-APRENDIZAJE-INCLUSIVOS-ATENCION-A-LA-DIVERSIDAD-EN-EL-AULA-Y-EN-EL-CENTRO-ESCOLAR.jpg?fit=1120%2C1120&ssl=1&resize=350%2C200","width":350,"height":200,"srcset":"https:\/\/i0.wp.com\/cepronda.com\/blog\/wp-content\/uploads\/2024\/10\/CREANDO-ENTORNOS-DE-APRENDIZAJE-INCLUSIVOS-ATENCION-A-LA-DIVERSIDAD-EN-EL-AULA-Y-EN-EL-CENTRO-ESCOLAR.jpg?fit=1120%2C1120&ssl=1&resize=350%2C200 1x, https:\/\/i0.wp.com\/cepronda.com\/blog\/wp-content\/uploads\/2024\/10\/CREANDO-ENTORNOS-DE-APRENDIZAJE-INCLUSIVOS-ATENCION-A-LA-DIVERSIDAD-EN-EL-AULA-Y-EN-EL-CENTRO-ESCOLAR.jpg?fit=1120%2C1120&ssl=1&resize=525%2C300 1.5x, https:\/\/i0.wp.com\/cepronda.com\/blog\/wp-content\/uploads\/2024\/10\/CREANDO-ENTORNOS-DE-APRENDIZAJE-INCLUSIVOS-ATENCION-A-LA-DIVERSIDAD-EN-EL-AULA-Y-EN-EL-CENTRO-ESCOLAR.jpg?fit=1120%2C1120&ssl=1&resize=700%2C400 2x, https:\/\/i0.wp.com\/cepronda.com\/blog\/wp-content\/uploads\/2024\/10\/CREANDO-ENTORNOS-DE-APRENDIZAJE-INCLUSIVOS-ATENCION-A-LA-DIVERSIDAD-EN-EL-AULA-Y-EN-EL-CENTRO-ESCOLAR.jpg?fit=1120%2C1120&ssl=1&resize=1050%2C600 3x"},"classes":[]},{"id":4409,"url":"https:\/\/cepronda.com\/blog\/atencion-al-alumnado-con-discapacidad-auditiva-en-el-aula-ordinaria\/","url_meta":{"origin":6041,"position":3},"title":"ATENCI\u00d3N AL ALUMNADO CON DISCAPACIDAD AUDITIVA EN EL AULA ORDINARIA","author":"Inmaculada Garc\u00eda","date":"15 abril, 2021","format":false,"excerpt":"Buenos d\u00edas, compa\u00f1eras y compa\u00f1eros, Os informamos que est\u00e1 abierto el plazo de inscripci\u00f3n (hasta el 26 de abril) de la formaci\u00f3n \u201c ATENCI\u00d3N AL ALUMNADO CON DISCAPACIDAD AUDITIVA EN EL AULA ORDINARIA (219903KOE275)\u201d. Es un curso a distancia que se desarrollar\u00e1 en el Aula Virtual de Formaci\u00f3n del Profesorado,\u2026","rel":"","context":"En \u00abFormaciones\u00bb","block_context":{"text":"Formaciones","link":"https:\/\/cepronda.com\/blog\/category\/formaciones\/"},"img":{"alt_text":"","src":"https:\/\/i0.wp.com\/cepronda.com\/blog\/wp-content\/uploads\/2021\/04\/7-discapacidad-auditiva-FREELIBROS.ORG_.jpg?fit=949%2C935&ssl=1&resize=350%2C200","width":350,"height":200,"srcset":"https:\/\/i0.wp.com\/cepronda.com\/blog\/wp-content\/uploads\/2021\/04\/7-discapacidad-auditiva-FREELIBROS.ORG_.jpg?fit=949%2C935&ssl=1&resize=350%2C200 1x, https:\/\/i0.wp.com\/cepronda.com\/blog\/wp-content\/uploads\/2021\/04\/7-discapacidad-auditiva-FREELIBROS.ORG_.jpg?fit=949%2C935&ssl=1&resize=525%2C300 1.5x, https:\/\/i0.wp.com\/cepronda.com\/blog\/wp-content\/uploads\/2021\/04\/7-discapacidad-auditiva-FREELIBROS.ORG_.jpg?fit=949%2C935&ssl=1&resize=700%2C400 2x"},"classes":[]},{"id":4418,"url":"https:\/\/cepronda.com\/blog\/atencion-al-alumnado-con-discapacidad-fisica-en-el-aula-ordinaria\/","url_meta":{"origin":6041,"position":4},"title":"ATENCI\u00d3N AL ALUMNADO CON DISCAPACIDAD F\u00cdSICA EN EL AULA ORDINARIA","author":"Inmaculada Garc\u00eda","date":"15 abril, 2021","format":false,"excerpt":"Est\u00e1 abierto el plazo de inscripci\u00f3n (hasta el 26 de abril) de la formaci\u00f3n \u201cATENCI\u00d3N AL ALUMNADO CON DISCAPACIDAD F\u00cdSICA, ENFERMEDADES RARAS Y NEUROMUSCULARES EN EL AULA ORDINARIA\u00a0(219905KOE281)\u201d. Es un curso a distancia que se desarrollar\u00e1 en el Aula Virtual de Formaci\u00f3n del Profesorado, de car\u00e1cter regional y gestionada por\u2026","rel":"","context":"En \u00abFormaciones\u00bb","block_context":{"text":"Formaciones","link":"https:\/\/cepronda.com\/blog\/category\/formaciones\/"},"img":{"alt_text":"","src":"","width":0,"height":0},"classes":[]},{"id":5056,"url":"https:\/\/cepronda.com\/blog\/atencion-al-alumnado-neae-a-traves-de-recursos-digitales\/","url_meta":{"origin":6041,"position":5},"title":"ATENCI\u00d3N AL ALUMNADO NEAE A TRAV\u00c9S DE RECURSOS DIGITALES","author":"Inmaculada Garc\u00eda","date":"2 febrero, 2022","format":false,"excerpt":"Buenos\u00a0 d\u00edas, compa\u00f1eras y compa\u00f1eros. Os recordamos que est\u00e1 abierto el plazo de inscripci\u00f3n en la actividad\u00a0\u00abATENCI\u00d3N AL ALUMNADO NEAE A TRAV\u00c9S DE RECURSOS DIGITALES.\u00bb C\u00f3digo:\u00a0 229924KPF288 Es una actividad Provincial en modalidad de \u00abCurso a distancia\u00bb, que se desarrollar\u00e1 en el Aula Virtual de Aprendizaje del Profesorado. Duraci\u00f3n de\u2026","rel":"","context":"En \u00abFormaciones\u00bb","block_context":{"text":"Formaciones","link":"https:\/\/cepronda.com\/blog\/category\/formaciones\/"},"img":{"alt_text":"","src":"https:\/\/i0.wp.com\/cepronda.com\/blog\/wp-content\/uploads\/2022\/02\/ATENCION-AL-ALUMNADO-NEAE-A-TRAVES-DE-RECURSOS-DIGITALES-1.png?fit=848%2C1200&ssl=1&resize=350%2C200","width":350,"height":200,"srcset":"https:\/\/i0.wp.com\/cepronda.com\/blog\/wp-content\/uploads\/2022\/02\/ATENCION-AL-ALUMNADO-NEAE-A-TRAVES-DE-RECURSOS-DIGITALES-1.png?fit=848%2C1200&ssl=1&resize=350%2C200 1x, https:\/\/i0.wp.com\/cepronda.com\/blog\/wp-content\/uploads\/2022\/02\/ATENCION-AL-ALUMNADO-NEAE-A-TRAVES-DE-RECURSOS-DIGITALES-1.png?fit=848%2C1200&ssl=1&resize=525%2C300 1.5x, https:\/\/i0.wp.com\/cepronda.com\/blog\/wp-content\/uploads\/2022\/02\/ATENCION-AL-ALUMNADO-NEAE-A-TRAVES-DE-RECURSOS-DIGITALES-1.png?fit=848%2C1200&ssl=1&resize=700%2C400 2x"},"classes":[]}],"jetpack_sharing_enabled":true,"_links":{"self":[{"href":"https:\/\/cepronda.com\/blog\/wp-json\/wp\/v2\/posts\/6041","targetHints":{"allow":["GET"]}}],"collection":[{"href":"https:\/\/cepronda.com\/blog\/wp-json\/wp\/v2\/posts"}],"about":[{"href":"https:\/\/cepronda.com\/blog\/wp-json\/wp\/v2\/types\/post"}],"author":[{"embeddable":true,"href":"https:\/\/cepronda.com\/blog\/wp-json\/wp\/v2\/users\/13"}],"replies":[{"embeddable":true,"href":"https:\/\/cepronda.com\/blog\/wp-json\/wp\/v2\/comments?post=6041"}],"version-history":[{"count":1,"href":"https:\/\/cepronda.com\/blog\/wp-json\/wp\/v2\/posts\/6041\/revisions"}],"predecessor-version":[{"id":6043,"href":"https:\/\/cepronda.com\/blog\/wp-json\/wp\/v2\/posts\/6041\/revisions\/6043"}],"wp:featuredmedia":[{"embeddable":true,"href":"https:\/\/cepronda.com\/blog\/wp-json\/wp\/v2\/media\/6042"}],"wp:attachment":[{"href":"https:\/\/cepronda.com\/blog\/wp-json\/wp\/v2\/media?parent=6041"}],"wp:term":[{"taxonomy":"category","embeddable":true,"href":"https:\/\/cepronda.com\/blog\/wp-json\/wp\/v2\/categories?post=6041"},{"taxonomy":"post_tag","embeddable":true,"href":"https:\/\/cepronda.com\/blog\/wp-json\/wp\/v2\/tags?post=6041"}],"curies":[{"name":"wp","href":"https:\/\/api.w.org\/{rel}","templated":true}]}}