{"id":6035,"date":"2023-09-12T11:53:57","date_gmt":"2023-09-12T09:53:57","guid":{"rendered":"https:\/\/cepronda.com\/blog\/?p=6035"},"modified":"2025-04-28T11:48:43","modified_gmt":"2025-04-28T09:48:43","slug":"paisajes-artisticos-y-culturales-duodecimo-curso-de-formacion-aula-joaquin-peinado","status":"publish","type":"post","link":"https:\/\/cepronda.com\/blog\/paisajes-artisticos-y-culturales-duodecimo-curso-de-formacion-aula-joaquin-peinado\/","title":{"rendered":"PA\u00cdSAJES ART\u00cdSTICOS Y CULTURALES. DUOD\u00c9CIMO CURSO DE FORMACI\u00d3N AULA JOAQU\u00cdN PEINADO"},"content":{"rendered":"<p>&nbsp;<\/p>\n<p>Abierto el plazo de inscripci\u00f3n al curso<strong>&nbsp;PA\u00cdSAJES ART\u00cdSTICOS Y CULTURALES. DUOD\u00c9CIMO CURSO DE FORMACI\u00d3N AULA JOAQU\u00cdN PEINADO, <\/strong>organizado por Fundaci\u00f3n Unicaja. C\u00f3digo&nbsp;242924GE002<\/p>\n<p><b>Fecha de inscripci\u00f3n:<\/b><span style=\"font-weight: inherit;\">&nbsp;12\/09\/2023 hasta 02\/10\/2023<\/span><\/p>\n<p><strong>Horas: <\/strong>10 presenciales<\/p>\n<p><b>Fecha de la actividad:<\/b>&nbsp;03\/10\/2023 hasta 24\/10\/2023<\/p>\n<p><b>Lugar de realizaci\u00f3n:<\/b>&nbsp;Sal\u00f3n de actos de la Fundaci\u00f3n Unicaja (c\/Sor Angela de la Cruz s\/n. Ronda)<\/p>\n<p>&nbsp;<\/p>\n<p>Para m\u00e1s informaci\u00f3n e inscripciones pincha en el siguiente enlace:<\/p>\n<p><a href=\"https:\/\/www.juntadeandalucia.es\/educacion\/secretariavirtual\/consultaCEP\/actividad\/242924GE002\/\">https:\/\/www.juntadeandalucia.es\/educacion\/secretariavirtual\/consultaCEP\/actividad\/242924GE002\/<\/a><\/p>\n<p><img data-recalc-dims=\"1\" loading=\"lazy\" decoding=\"async\" class=\"size-medium wp-image-6037 aligncenter\" src=\"https:\/\/i0.wp.com\/cepronda.com\/blog\/wp-content\/uploads\/2023\/09\/paisajes-artisticos-y-culturales.-duodecimo-curso-de-formacion-aula-joaquin-peinado-1.jpg?resize=300%2C300&#038;ssl=1\" alt=\"\" width=\"300\" height=\"300\" srcset=\"https:\/\/i0.wp.com\/cepronda.com\/blog\/wp-content\/uploads\/2023\/09\/paisajes-artisticos-y-culturales.-duodecimo-curso-de-formacion-aula-joaquin-peinado-1.jpg?resize=300%2C300&amp;ssl=1 300w, https:\/\/i0.wp.com\/cepronda.com\/blog\/wp-content\/uploads\/2023\/09\/paisajes-artisticos-y-culturales.-duodecimo-curso-de-formacion-aula-joaquin-peinado-1.jpg?resize=1024%2C1024&amp;ssl=1 1024w, https:\/\/i0.wp.com\/cepronda.com\/blog\/wp-content\/uploads\/2023\/09\/paisajes-artisticos-y-culturales.-duodecimo-curso-de-formacion-aula-joaquin-peinado-1.jpg?resize=150%2C150&amp;ssl=1 150w, https:\/\/i0.wp.com\/cepronda.com\/blog\/wp-content\/uploads\/2023\/09\/paisajes-artisticos-y-culturales.-duodecimo-curso-de-formacion-aula-joaquin-peinado-1.jpg?resize=768%2C768&amp;ssl=1 768w, https:\/\/i0.wp.com\/cepronda.com\/blog\/wp-content\/uploads\/2023\/09\/paisajes-artisticos-y-culturales.-duodecimo-curso-de-formacion-aula-joaquin-peinado-1.jpg?resize=50%2C50&amp;ssl=1 50w, https:\/\/i0.wp.com\/cepronda.com\/blog\/wp-content\/uploads\/2023\/09\/paisajes-artisticos-y-culturales.-duodecimo-curso-de-formacion-aula-joaquin-peinado-1.jpg?w=1080&amp;ssl=1 1080w\" sizes=\"auto, (max-width: 300px) 100vw, 300px\" \/><\/p>\n","protected":false},"excerpt":{"rendered":"<p>&nbsp; Abierto el plazo de inscripci\u00f3n al curso&nbsp;PA\u00cdSAJES ART\u00cdSTICOS Y CULTURALES. DUOD\u00c9CIMO CURSO DE FORMACI\u00d3N AULA JOAQU\u00cdN PEINADO, organizado por Fundaci\u00f3n Unicaja. C\u00f3digo&nbsp;242924GE002 Fecha de inscripci\u00f3n:&nbsp;12\/09\/2023 hasta 02\/10\/2023 Horas: 10 presenciales Fecha de la actividad:&nbsp;03\/10\/2023 hasta 24\/10\/2023 Lugar de realizaci\u00f3n:&nbsp;Sal\u00f3n de actos de la Fundaci\u00f3n Unicaja (c\/Sor Angela de la Cruz s\/n. Ronda) &nbsp; Para [&hellip;]<\/p>\n","protected":false},"author":13,"featured_media":6037,"comment_status":"closed","ping_status":"open","sticky":false,"template":"","format":"standard","meta":{"_crdt_document":"","advanced_seo_description":"","jetpack_seo_html_title":"","jetpack_seo_noindex":false,"jetpack_post_was_ever_published":false,"_jetpack_newsletter_access":"","_jetpack_dont_email_post_to_subs":false,"_jetpack_newsletter_tier_id":0,"_jetpack_memberships_contains_paywalled_content":false,"_jetpack_memberships_contains_paid_content":false,"footnotes":"","jetpack_publicize_message":"","jetpack_publicize_feature_enabled":true,"jetpack_social_post_already_shared":false,"jetpack_social_options":{"image_generator_settings":{"template":"highway","default_image_id":0,"font":"","enabled":false},"version":2}},"categories":[3,5],"tags":[],"class_list":{"0":"post-6035","1":"post","2":"type-post","3":"status-publish","4":"format-standard","5":"has-post-thumbnail","7":"category-formaciones","8":"category-noticias","9":"czr-hentry"},"jetpack_publicize_connections":[],"jetpack_featured_media_url":"https:\/\/i0.wp.com\/cepronda.com\/blog\/wp-content\/uploads\/2023\/09\/paisajes-artisticos-y-culturales.-duodecimo-curso-de-formacion-aula-joaquin-peinado-1.jpg?fit=1080%2C1080&ssl=1","jetpack_shortlink":"https:\/\/wp.me\/p8M4X7-1zl","jetpack-related-posts":[{"id":8848,"url":"https:\/\/cepronda.com\/blog\/xiv-curso-de-formacion-aula-joaquin-peinado-una-mirada-a-las-otras-artes\/","url_meta":{"origin":6035,"position":0},"title":"XIV CURSO DE FORMACI\u00d3N AULA JOAQU\u00cdN PEINADO: UNA MIRADA A LAS OTRAS ARTES","author":"Mamen Moreno","date":"25 septiembre, 2025","format":false,"excerpt":"Abiertas inscripciones al curso: XIV Curso de Formaci\u00f3n Aula Joaqu\u00edn Peinado: Una mirada a las otras artes. C\u00f3digo: 262924GE051 Fechas del curso: del 21 de octubre al 11 de noviembre de 2025. Lugar de realizaci\u00f3n: Centro Cultural Fundaci\u00f3n Unicaja de Ronda Horario: 18:30 a 20:00 Plazo de inscripci\u00f3n: del 25\u2026","rel":"","context":"En \u00abFormaciones\u00bb","block_context":{"text":"Formaciones","link":"https:\/\/cepronda.com\/blog\/category\/formaciones\/"},"img":{"alt_text":"","src":"https:\/\/i0.wp.com\/cepronda.com\/blog\/wp-content\/uploads\/2025\/09\/ceramica-2.png?fit=900%2C1200&ssl=1&resize=350%2C200","width":350,"height":200,"srcset":"https:\/\/i0.wp.com\/cepronda.com\/blog\/wp-content\/uploads\/2025\/09\/ceramica-2.png?fit=900%2C1200&ssl=1&resize=350%2C200 1x, https:\/\/i0.wp.com\/cepronda.com\/blog\/wp-content\/uploads\/2025\/09\/ceramica-2.png?fit=900%2C1200&ssl=1&resize=525%2C300 1.5x, https:\/\/i0.wp.com\/cepronda.com\/blog\/wp-content\/uploads\/2025\/09\/ceramica-2.png?fit=900%2C1200&ssl=1&resize=700%2C400 2x"},"classes":[]},{"id":5410,"url":"https:\/\/cepronda.com\/blog\/curso-el-museo-unicaja-joaquin-peinado-en-su-xx-aniversario-undecimo-curso-de-formacion\/","url_meta":{"origin":6035,"position":1},"title":"CURSO: EL MUSEO UNICAJA JOAQU\u00cdN PEINADO EN SU XX ANIVERSARIO. UND\u00c9CIMO CURSO DE FORMACI\u00d3N","author":"Antonio Montes","date":"8 septiembre, 2022","format":false,"excerpt":"Os informamos que se ha abierto el plazo de inscripci\u00f3n en el curso: EL MUSEO UNICAJA JOAQU\u00cdN PEINADO EN SU XX ANIVERSARIO. UND\u00c9CIMO CURSO DE FORMACI\u00d3N (C\u00f3digo: 232924GE004) Fechas de realizaci\u00f3n: del 20 de septiembre al 6 de octubre del 2022, en horario de 18:30 h a 20:00 h. Todas\u2026","rel":"","context":"En \u00abFormaciones\u00bb","block_context":{"text":"Formaciones","link":"https:\/\/cepronda.com\/blog\/category\/formaciones\/"},"img":{"alt_text":"","src":"https:\/\/i0.wp.com\/cepronda.com\/blog\/wp-content\/uploads\/2022\/09\/232924GE004-MUSEO-JOAQUIN-PEINADO.png?fit=848%2C1200&ssl=1&resize=350%2C200","width":350,"height":200,"srcset":"https:\/\/i0.wp.com\/cepronda.com\/blog\/wp-content\/uploads\/2022\/09\/232924GE004-MUSEO-JOAQUIN-PEINADO.png?fit=848%2C1200&ssl=1&resize=350%2C200 1x, https:\/\/i0.wp.com\/cepronda.com\/blog\/wp-content\/uploads\/2022\/09\/232924GE004-MUSEO-JOAQUIN-PEINADO.png?fit=848%2C1200&ssl=1&resize=525%2C300 1.5x, https:\/\/i0.wp.com\/cepronda.com\/blog\/wp-content\/uploads\/2022\/09\/232924GE004-MUSEO-JOAQUIN-PEINADO.png?fit=848%2C1200&ssl=1&resize=700%2C400 2x"},"classes":[]},{"id":5995,"url":"https:\/\/cepronda.com\/blog\/curso-aplicaciones-en-el-aula-de-inteligencia-artificial-231812ge220\/","url_meta":{"origin":6035,"position":2},"title":"CURSO APLICACIONES EN EL AULA DE INTELIGENCIA ARTIFICIAL (231812GE220)","author":"Inmaculada Garc\u00eda","date":"24 mayo, 2023","format":false,"excerpt":"Estimado\/a compa\u00f1ero\/a, Te informo que se encuentra abierta la inscripci\u00f3n al CURSO a DISTANCIA de \u00c1MBITO REGIONAL, INTERDISCIPLINAR: APLICACIONES EN EL AULA DE INTELIGENCIA ARTIFICIAL, organizado por el CEP de Motril. C\u00f3digo: 231812GE220 Inscripciones: desde el 16\/05\/2023 hasta 24\/05\/2023 Fecha actividad:\u00a026\/05\/2023 hasta 26\/06\/2023 Lugar de realizaci\u00f3n: Aula Virtual de Formaci\u00f3n\u2026","rel":"","context":"En \u00abFormaciones\u00bb","block_context":{"text":"Formaciones","link":"https:\/\/cepronda.com\/blog\/category\/formaciones\/"},"img":{"alt_text":"","src":"https:\/\/i0.wp.com\/cepronda.com\/blog\/wp-content\/uploads\/2023\/05\/inteligencia-artificial-aplicaciones.png?fit=1200%2C1200&ssl=1&resize=350%2C200","width":350,"height":200,"srcset":"https:\/\/i0.wp.com\/cepronda.com\/blog\/wp-content\/uploads\/2023\/05\/inteligencia-artificial-aplicaciones.png?fit=1200%2C1200&ssl=1&resize=350%2C200 1x, https:\/\/i0.wp.com\/cepronda.com\/blog\/wp-content\/uploads\/2023\/05\/inteligencia-artificial-aplicaciones.png?fit=1200%2C1200&ssl=1&resize=525%2C300 1.5x, https:\/\/i0.wp.com\/cepronda.com\/blog\/wp-content\/uploads\/2023\/05\/inteligencia-artificial-aplicaciones.png?fit=1200%2C1200&ssl=1&resize=700%2C400 2x, https:\/\/i0.wp.com\/cepronda.com\/blog\/wp-content\/uploads\/2023\/05\/inteligencia-artificial-aplicaciones.png?fit=1200%2C1200&ssl=1&resize=1050%2C600 3x"},"classes":[]},{"id":5902,"url":"https:\/\/cepronda.com\/blog\/curso-uso-de-herramientas-digitales-en-el-aula\/","url_meta":{"origin":6035,"position":3},"title":"CURSO \u00abUSO DE HERRAMIENTAS DIGITALES EN EL AULA\u00bb","author":"V\u00edctor Caballero","date":"10 abril, 2023","format":false,"excerpt":"Os Informamos de que se encuentra abierto el plazo de inscripci\u00f3n del CURSO \"USO DE HERRAMIENTAS DIGITALES EN EL AULA\" con c\u00f3digo: 232924GE045. \u00a0 Fecha inscripci\u00f3n: \u00a1\u00a1\u00a1\u00a1 10\/04\/2023 hasta 12\/04\/2023 !!!! Fecha actividad: 13\/04\/2023 hasta 04\/05\/2023 \u00a0 Es una formaci\u00f3n de \u00faltima hora destinada al CEPER Constituci\u00f3n Espa\u00f1ola pero que\u2026","rel":"","context":"En \u00abFormaciones\u00bb","block_context":{"text":"Formaciones","link":"https:\/\/cepronda.com\/blog\/category\/formaciones\/"},"img":{"alt_text":"","src":"https:\/\/i0.wp.com\/cepronda.com\/blog\/wp-content\/uploads\/2023\/04\/Herramientas-digitales-en-el-aula-CEPER.jpg?fit=848%2C1200&ssl=1&resize=350%2C200","width":350,"height":200,"srcset":"https:\/\/i0.wp.com\/cepronda.com\/blog\/wp-content\/uploads\/2023\/04\/Herramientas-digitales-en-el-aula-CEPER.jpg?fit=848%2C1200&ssl=1&resize=350%2C200 1x, https:\/\/i0.wp.com\/cepronda.com\/blog\/wp-content\/uploads\/2023\/04\/Herramientas-digitales-en-el-aula-CEPER.jpg?fit=848%2C1200&ssl=1&resize=525%2C300 1.5x, https:\/\/i0.wp.com\/cepronda.com\/blog\/wp-content\/uploads\/2023\/04\/Herramientas-digitales-en-el-aula-CEPER.jpg?fit=848%2C1200&ssl=1&resize=700%2C400 2x"},"classes":[]},{"id":7266,"url":"https:\/\/cepronda.com\/blog\/formacion-elaboracion-de-proyectos-de-calidad-erasmus-2024-249923pi303\/","url_meta":{"origin":6035,"position":4},"title":"FORMACI\u00d3N: ELABORACI\u00d3N DE PROYECTOS DE CALIDAD ERASMUS 2024\u00a0(249923PI303)","author":"Inmaculada Garc\u00eda","date":"11 diciembre, 2023","format":false,"excerpt":"Abierto el plazo de inscripci\u00f3n para el curso a distancia Provincial : ELABORACI\u00d3N DE PROYECTOS DE CALIDAD ERASMUS 2024\u00a0(249923PI303) Duraci\u00f3n: 20 horas Fecha actividad:\u00a021\/12\/2023 hasta 29\/02\/2024 Fecha inscripci\u00f3n: 04\/12\/2023 hasta 18\/12\/2023 Lugar: AVFP( aula virtual de formaci\u00f3n de profesorado) Sesiones de videoconferencia duplicadas en horario de ma\u00f1ana y tarde para\u2026","rel":"","context":"En \u00abFormaciones\u00bb","block_context":{"text":"Formaciones","link":"https:\/\/cepronda.com\/blog\/category\/formaciones\/"},"img":{"alt_text":"","src":"https:\/\/i0.wp.com\/cepronda.com\/blog\/wp-content\/uploads\/2023\/12\/WhatsApp-Image-2023-12-11-at-12.47.10.jpeg?fit=800%2C800&ssl=1&resize=350%2C200","width":350,"height":200,"srcset":"https:\/\/i0.wp.com\/cepronda.com\/blog\/wp-content\/uploads\/2023\/12\/WhatsApp-Image-2023-12-11-at-12.47.10.jpeg?fit=800%2C800&ssl=1&resize=350%2C200 1x, https:\/\/i0.wp.com\/cepronda.com\/blog\/wp-content\/uploads\/2023\/12\/WhatsApp-Image-2023-12-11-at-12.47.10.jpeg?fit=800%2C800&ssl=1&resize=525%2C300 1.5x, https:\/\/i0.wp.com\/cepronda.com\/blog\/wp-content\/uploads\/2023\/12\/WhatsApp-Image-2023-12-11-at-12.47.10.jpeg?fit=800%2C800&ssl=1&resize=700%2C400 2x"},"classes":[]},{"id":6060,"url":"https:\/\/cepronda.com\/blog\/formacion-inicial-para-orientadors-noveles\/","url_meta":{"origin":6035,"position":5},"title":"FORMACI\u00d3N INICIAL PARA ORIENTADOR@S NOVELES","author":"Inmaculada Garc\u00eda","date":"12 septiembre, 2023","format":false,"excerpt":"Abierto el plazo de inscripci\u00f3n para el curso provincial a distancia, organizado por el CEP de M\u00e1laga: \u00a0 \u00a0 \u00a0 \u00a0 \u00a0 \u00a0FORMACI\u00d3N INICIAL PARA ORIENTADOR@S NOVELES \u00a0 \u00a0 \u00a0 \u00a0 \u00a0 \u00a0 \u00a0 \u00a0 \u00a0 \u00a0 \u00a0 \u00a0 \u00a0 \u00a0 \u00a0 \u00a0 \u00a0 \u00a0 C\u00f3digo: 242922GE044 Curso Provincial a\u2026","rel":"","context":"En \u00abFormaciones\u00bb","block_context":{"text":"Formaciones","link":"https:\/\/cepronda.com\/blog\/category\/formaciones\/"},"img":{"alt_text":"","src":"https:\/\/i0.wp.com\/cepronda.com\/blog\/wp-content\/uploads\/2023\/09\/WhatsApp-Image-2023-09-15-at-09.23.33.jpeg?fit=1080%2C1080&ssl=1&resize=350%2C200","width":350,"height":200,"srcset":"https:\/\/i0.wp.com\/cepronda.com\/blog\/wp-content\/uploads\/2023\/09\/WhatsApp-Image-2023-09-15-at-09.23.33.jpeg?fit=1080%2C1080&ssl=1&resize=350%2C200 1x, https:\/\/i0.wp.com\/cepronda.com\/blog\/wp-content\/uploads\/2023\/09\/WhatsApp-Image-2023-09-15-at-09.23.33.jpeg?fit=1080%2C1080&ssl=1&resize=525%2C300 1.5x, https:\/\/i0.wp.com\/cepronda.com\/blog\/wp-content\/uploads\/2023\/09\/WhatsApp-Image-2023-09-15-at-09.23.33.jpeg?fit=1080%2C1080&ssl=1&resize=700%2C400 2x, https:\/\/i0.wp.com\/cepronda.com\/blog\/wp-content\/uploads\/2023\/09\/WhatsApp-Image-2023-09-15-at-09.23.33.jpeg?fit=1080%2C1080&ssl=1&resize=1050%2C600 3x"},"classes":[]}],"jetpack_sharing_enabled":true,"_links":{"self":[{"href":"https:\/\/cepronda.com\/blog\/wp-json\/wp\/v2\/posts\/6035","targetHints":{"allow":["GET"]}}],"collection":[{"href":"https:\/\/cepronda.com\/blog\/wp-json\/wp\/v2\/posts"}],"about":[{"href":"https:\/\/cepronda.com\/blog\/wp-json\/wp\/v2\/types\/post"}],"author":[{"embeddable":true,"href":"https:\/\/cepronda.com\/blog\/wp-json\/wp\/v2\/users\/13"}],"replies":[{"embeddable":true,"href":"https:\/\/cepronda.com\/blog\/wp-json\/wp\/v2\/comments?post=6035"}],"version-history":[{"count":1,"href":"https:\/\/cepronda.com\/blog\/wp-json\/wp\/v2\/posts\/6035\/revisions"}],"predecessor-version":[{"id":6038,"href":"https:\/\/cepronda.com\/blog\/wp-json\/wp\/v2\/posts\/6035\/revisions\/6038"}],"wp:featuredmedia":[{"embeddable":true,"href":"https:\/\/cepronda.com\/blog\/wp-json\/wp\/v2\/media\/6037"}],"wp:attachment":[{"href":"https:\/\/cepronda.com\/blog\/wp-json\/wp\/v2\/media?parent=6035"}],"wp:term":[{"taxonomy":"category","embeddable":true,"href":"https:\/\/cepronda.com\/blog\/wp-json\/wp\/v2\/categories?post=6035"},{"taxonomy":"post_tag","embeddable":true,"href":"https:\/\/cepronda.com\/blog\/wp-json\/wp\/v2\/tags?post=6035"}],"curies":[{"name":"wp","href":"https:\/\/api.w.org\/{rel}","templated":true}]}}