{"id":6029,"date":"2023-09-04T10:12:20","date_gmt":"2023-09-04T08:12:20","guid":{"rendered":"https:\/\/cepronda.com\/blog\/?p=6029"},"modified":"2025-04-28T11:48:43","modified_gmt":"2025-04-28T09:48:43","slug":"sentido-numerico-y-pensamiento-algebraico-numeracion-y-operaciones","status":"publish","type":"post","link":"https:\/\/cepronda.com\/blog\/sentido-numerico-y-pensamiento-algebraico-numeracion-y-operaciones\/","title":{"rendered":"SENTIDO NUM\u00c9RICO Y PENSAMIENTO ALGEBRAICO. NUMERACI\u00d3N Y OPERACIONES"},"content":{"rendered":"<div class=\"xdj266r x11i5rnm xat24cr x1mh8g0r x1vvkbs x126k92a\">\n<div dir=\"auto\">Abierto el plazo de inscripci\u00f3n para la actividad provincial SENTIDO NUM\u00c9RICO Y PENSAMIENTO ALGEBRAICO. NUMERACI\u00d3N Y OPERACIONES,&nbsp; ponente Jos\u00e9 Antonio Fern\u00e1ndez Bravo.<\/div>\n<div dir=\"auto\">Actividad gestionada desde el CEP de Marbella-Co\u00edn.<\/div>\n<div dir=\"auto\">&nbsp;<\/div>\n<\/div>\n<div dir=\"auto\">\n<div class=\"\" data-block=\"true\" data-editor=\"1lepn\" data-offset-key=\"aq09l-0-0\">\n<div class=\"_1mf _1mj\" data-offset-key=\"aq09l-0-0\"><span data-offset-key=\"aq09l-0-0\"><strong>Dirigida al <\/strong>Profesorado de Primaria y 1\u00ba ciclo de la ESO.<\/span><\/div>\n<div class=\"_1mf _1mj\" data-offset-key=\"aq09l-0-0\"><span data-offset-key=\"aq09l-0-0\"><strong>Fechas de inscripci\u00f3n:<\/strong> 1\/09\/2023 hasta 08\/09\/2023<\/span><\/div>\n<\/div>\n<div class=\"\" data-block=\"true\" data-editor=\"1lepn\" data-offset-key=\"3fvhq-0-0\">\n<div class=\"_1mf _1mj\" data-offset-key=\"3fvhq-0-0\"><span data-offset-key=\"3fvhq-0-0\"><strong>Fecha actividad:<\/strong>&nbsp; 14, 15 Y 16 de septiembre<\/span><\/div>\n<div data-offset-key=\"3fvhq-0-0\"><strong>Lugar de realizaci\u00f3n<\/strong>: Presencial en el Cep de Marbella-Co\u00edn<\/div>\n<div data-offset-key=\"3fvhq-0-0\">Para m\u00e1s informaci\u00f3n e inscripci\u00f3n acceder al siguiente enlace: <a class=\"x1i10hfl xjbqb8w x6umtig x1b1mbwd xaqea5y xav7gou x9f619 x1ypdohk xt0psk2 xe8uvvx xdj266r x11i5rnm xat24cr x1mh8g0r xexx8yu x4uap5 x18d9i69 xkhd6sd x16tdsg8 x1hl2dhg xggy1nq x1a2a7pz xt0b8zv x1fey0fg\" style=\"font-weight: inherit;\" tabindex=\"0\" role=\"link\" href=\"https:\/\/l.facebook.com\/l.php?u=https%3A%2F%2Fwww.juntadeandalucia.es%2Feducacion%2Fsecretariavirtual%2FconsultaCEP%2Factividad%2F242923GE251%2F%3Ffbclid%3DIwAR1BrwsOT71UePY_Kgaq5wyKFtlM9s054-ejNKRvj7Vfx8xgNhThdDVM_QQ&amp;h=AT1A5wJanxqB2GusXhmFaCqI9PHvSA1C7joA8TEmDQidfnQTebz26IQaRobtrI9nurt4i-I-PNTP14UuHaD26gEexsZ6U-FvNNldYBKnwTVFDxYEk-5D5K0P7ccUaRLgJONi&amp;__tn__=-UK-R&amp;c[0]=AT2t9YXwu5w26SnTACHiMogLHlx0rFWjVGpVIx69sgha14ANivXIrus5eGr2ISCtFUc0qMzgAPiAAUNM7RCRuYrUhw_n8N3yu2r1D3wcwB8WpU7w-nPGPxRm397xwXdieEQCQl_JwtUg02Kh9dIFmbI1-EIdBsDKgsySFmi1YFECL98OS-sVvOQwthcoq4MMdAJSwi8hshC6\" target=\"_blank\" rel=\"nofollow noopener noreferrer\">https:\/\/www.juntadeandalucia.es\/&#8230;\/actividad\/242923GE251\/<\/a><\/div>\n<div data-offset-key=\"3fvhq-0-0\">&nbsp;<\/div>\n<div data-offset-key=\"3fvhq-0-0\"><img data-recalc-dims=\"1\" loading=\"lazy\" decoding=\"async\" class=\"size-medium wp-image-6030 aligncenter\" style=\"font-weight: inherit;\" src=\"https:\/\/i0.wp.com\/cepronda.com\/blog\/wp-content\/uploads\/2023\/09\/371912956_785952096662678_8256979265680203517_n.jpg?resize=300%2C300&#038;ssl=1\" alt=\"\" width=\"300\" height=\"300\" srcset=\"https:\/\/i0.wp.com\/cepronda.com\/blog\/wp-content\/uploads\/2023\/09\/371912956_785952096662678_8256979265680203517_n.jpg?resize=300%2C300&amp;ssl=1 300w, https:\/\/i0.wp.com\/cepronda.com\/blog\/wp-content\/uploads\/2023\/09\/371912956_785952096662678_8256979265680203517_n.jpg?resize=150%2C150&amp;ssl=1 150w, https:\/\/i0.wp.com\/cepronda.com\/blog\/wp-content\/uploads\/2023\/09\/371912956_785952096662678_8256979265680203517_n.jpg?resize=50%2C50&amp;ssl=1 50w, https:\/\/i0.wp.com\/cepronda.com\/blog\/wp-content\/uploads\/2023\/09\/371912956_785952096662678_8256979265680203517_n.jpg?w=750&amp;ssl=1 750w\" sizes=\"auto, (max-width: 300px) 100vw, 300px\" \/><\/div>\n<\/div>\n<\/div>\n","protected":false},"excerpt":{"rendered":"<p>Abierto el plazo de inscripci\u00f3n para la actividad provincial SENTIDO NUM\u00c9RICO Y PENSAMIENTO ALGEBRAICO. NUMERACI\u00d3N Y OPERACIONES,&nbsp; ponente Jos\u00e9 Antonio Fern\u00e1ndez Bravo. Actividad gestionada desde el CEP de Marbella-Co\u00edn. &nbsp; Dirigida al Profesorado de Primaria y 1\u00ba ciclo de la ESO. Fechas de inscripci\u00f3n: 1\/09\/2023 hasta 08\/09\/2023 Fecha actividad:&nbsp; 14, 15 Y 16 de septiembre [&hellip;]<\/p>\n","protected":false},"author":13,"featured_media":6030,"comment_status":"closed","ping_status":"open","sticky":false,"template":"","format":"standard","meta":{"_crdt_document":"","advanced_seo_description":"","jetpack_seo_html_title":"","jetpack_seo_noindex":false,"jetpack_post_was_ever_published":false,"_jetpack_newsletter_access":"","_jetpack_dont_email_post_to_subs":false,"_jetpack_newsletter_tier_id":0,"_jetpack_memberships_contains_paywalled_content":false,"_jetpack_memberships_contains_paid_content":false,"footnotes":"","jetpack_publicize_message":"","jetpack_publicize_feature_enabled":true,"jetpack_social_post_already_shared":false,"jetpack_social_options":{"image_generator_settings":{"template":"highway","default_image_id":0,"font":"","enabled":false},"version":2}},"categories":[3,5],"tags":[],"class_list":{"0":"post-6029","1":"post","2":"type-post","3":"status-publish","4":"format-standard","5":"has-post-thumbnail","7":"category-formaciones","8":"category-noticias","9":"czr-hentry"},"jetpack_publicize_connections":[],"jetpack_featured_media_url":"https:\/\/i0.wp.com\/cepronda.com\/blog\/wp-content\/uploads\/2023\/09\/371912956_785952096662678_8256979265680203517_n.jpg?fit=750%2C747&ssl=1","jetpack_shortlink":"https:\/\/wp.me\/p8M4X7-1zf","jetpack-related-posts":[{"id":7987,"url":"https:\/\/cepronda.com\/blog\/robotica-y-pensamiento-computacional-en-primaria\/","url_meta":{"origin":6029,"position":0},"title":"ROB\u00d3TICA Y PENSAMIENTO COMPUTACIONAL EN PRIMARIA","author":"Mamen Moreno","date":"20 diciembre, 2024","format":false,"excerpt":"Se abre el plazo de inscripci\u00f3n para la actividad provincial ROB\u00d3TICA Y PENSAMIENTO COMPUTACIONAL EN PRIMARIA. Inscripci\u00f3n: Hasta el 31\/12\/24 Dirigido a Educaci\u00f3n Primaria Actividad: del 15\/01\/25 a 05\/02\/25 Duraci\u00f3n:12 h presenciales + 3 en AVFP M\u00e1s en: https:\/www.juntadeandalucia.es\/educacion\/secretariavirtual\/consultaCEP\/actividad\/252922GE073\/","rel":"","context":"En \u00abFormaciones\u00bb","block_context":{"text":"Formaciones","link":"https:\/\/cepronda.com\/blog\/category\/formaciones\/"},"img":{"alt_text":"","src":"https:\/\/i0.wp.com\/cepronda.com\/blog\/wp-content\/uploads\/2024\/12\/WhatsApp-Image-2024-12-20-at-13.06.06-300x300.jpeg?resize=350%2C200&ssl=1","width":350,"height":200},"classes":[]},{"id":8356,"url":"https:\/\/cepronda.com\/blog\/iniciacion-al-pensamiento-computacional-con-python\/","url_meta":{"origin":6029,"position":1},"title":"INICIACI\u00d3N AL PENSAMIENTO COMPUTACIONAL CON PYTHON","author":"Inmaculada Garc\u00eda","date":"13 marzo, 2025","format":false,"excerpt":"Abierto el plazo de inscripci\u00f3n en la actividad regional \"INICIACI\u00d3N AL PENSAMIENTO COMPUTACIONAL CON PYTHON\", con c\u00f3digo 251812GE102. \u00a0 Inscripciones: desde el 05\/03\/2025 hasta el 21\/03\/2025 Modalidad: Curso a Distancia. Horas no presenciales totales: 50 N\u00ba de plazas: 120 Dirigido a: Internivelar \u00a0 Enlace a la inscripci\u00f3n: https:\/\/www.juntadeandalucia.es\/educacion\/secretariavirtual\/consultaCEP\/actividad\/251812GE102\/ \u00a0 Para\u2026","rel":"","context":"En \u00abFormaciones\u00bb","block_context":{"text":"Formaciones","link":"https:\/\/cepronda.com\/blog\/category\/formaciones\/"},"img":{"alt_text":"","src":"https:\/\/i0.wp.com\/cepronda.com\/blog\/wp-content\/uploads\/2025\/03\/251812GE102-PYTHON_INICIAL-1.jpg?fit=1080%2C1080&ssl=1&resize=350%2C200","width":350,"height":200,"srcset":"https:\/\/i0.wp.com\/cepronda.com\/blog\/wp-content\/uploads\/2025\/03\/251812GE102-PYTHON_INICIAL-1.jpg?fit=1080%2C1080&ssl=1&resize=350%2C200 1x, https:\/\/i0.wp.com\/cepronda.com\/blog\/wp-content\/uploads\/2025\/03\/251812GE102-PYTHON_INICIAL-1.jpg?fit=1080%2C1080&ssl=1&resize=525%2C300 1.5x, https:\/\/i0.wp.com\/cepronda.com\/blog\/wp-content\/uploads\/2025\/03\/251812GE102-PYTHON_INICIAL-1.jpg?fit=1080%2C1080&ssl=1&resize=700%2C400 2x, https:\/\/i0.wp.com\/cepronda.com\/blog\/wp-content\/uploads\/2025\/03\/251812GE102-PYTHON_INICIAL-1.jpg?fit=1080%2C1080&ssl=1&resize=1050%2C600 3x"},"classes":[]},{"id":5089,"url":"https:\/\/cepronda.com\/blog\/jornadas-de-pensamiento-critico\/","url_meta":{"origin":6029,"position":2},"title":"JORNADAS DE PENSAMIENTO CR\u00cdTICO","author":"Maribel Mu\u00f1oz","date":"4 febrero, 2022","format":false,"excerpt":"Buenos d\u00edas compa\u00f1eras y compa\u00f1eros Os informamos que est\u00e1 abierto el plazo de solicitudes para la actividad provincial JORNADAS DE PENSAMIENTO CR\u00cdTICO (222925GE213), dirigidas a todo el profesorado de centros p\u00fablicos. La actividad se realizar\u00e1 por videoconferencia los d\u00edas 8 y 9 de Marzo en horario de 16:30 a 19:00\u2026","rel":"","context":"En \u00abFormaciones\u00bb","block_context":{"text":"Formaciones","link":"https:\/\/cepronda.com\/blog\/category\/formaciones\/"},"img":{"alt_text":"","src":"https:\/\/i0.wp.com\/cepronda.com\/blog\/wp-content\/uploads\/2022\/02\/WhatsApp-Image-2022-02-04-at-14.04.33-1.jpeg?fit=848%2C1200&ssl=1&resize=350%2C200","width":350,"height":200,"srcset":"https:\/\/i0.wp.com\/cepronda.com\/blog\/wp-content\/uploads\/2022\/02\/WhatsApp-Image-2022-02-04-at-14.04.33-1.jpeg?fit=848%2C1200&ssl=1&resize=350%2C200 1x, https:\/\/i0.wp.com\/cepronda.com\/blog\/wp-content\/uploads\/2022\/02\/WhatsApp-Image-2022-02-04-at-14.04.33-1.jpeg?fit=848%2C1200&ssl=1&resize=525%2C300 1.5x, https:\/\/i0.wp.com\/cepronda.com\/blog\/wp-content\/uploads\/2022\/02\/WhatsApp-Image-2022-02-04-at-14.04.33-1.jpeg?fit=848%2C1200&ssl=1&resize=700%2C400 2x"},"classes":[]},{"id":5807,"url":"https:\/\/cepronda.com\/blog\/competencia-digital-docente-nivel-a1-2\/","url_meta":{"origin":6029,"position":3},"title":"COMPETENCIA DIGITAL DOCENTE NIVEL A1 (232924QPF420)","author":"Inmaculada Garc\u00eda","date":"24 febrero, 2023","format":false,"excerpt":"Buenos d\u00edas. Os recordamos que est\u00e1 abierto el plazo de inscripci\u00f3n en el CURSO A DISTANCIA: COMPETENCIA DIGITAL DOCENTE NIVEL A1 M\u00e1s informaci\u00f3n e inscripci\u00f3n: https:\/\/www.juntadeandalucia.es\/educacion\/secretariavirtual\/consultaCEP\/actividad\/232924QPF420\/ Fechas de inscripci\u00f3n: 21\/02\/2023 hasta 13\/03\/2023 Fecha actividad: 20\/03\/2023 hasta 19\/05\/2023","rel":"","context":"En \u00abFormaciones\u00bb","block_context":{"text":"Formaciones","link":"https:\/\/cepronda.com\/blog\/category\/formaciones\/"},"img":{"alt_text":"","src":"https:\/\/i0.wp.com\/cepronda.com\/blog\/wp-content\/uploads\/2023\/02\/DEFINITIVO-CDD-A1.jpg?fit=1000%2C1000&ssl=1&resize=350%2C200","width":350,"height":200,"srcset":"https:\/\/i0.wp.com\/cepronda.com\/blog\/wp-content\/uploads\/2023\/02\/DEFINITIVO-CDD-A1.jpg?fit=1000%2C1000&ssl=1&resize=350%2C200 1x, https:\/\/i0.wp.com\/cepronda.com\/blog\/wp-content\/uploads\/2023\/02\/DEFINITIVO-CDD-A1.jpg?fit=1000%2C1000&ssl=1&resize=525%2C300 1.5x, https:\/\/i0.wp.com\/cepronda.com\/blog\/wp-content\/uploads\/2023\/02\/DEFINITIVO-CDD-A1.jpg?fit=1000%2C1000&ssl=1&resize=700%2C400 2x"},"classes":[]},{"id":5802,"url":"https:\/\/cepronda.com\/blog\/kit-de-herramientas-digitales-para-el-profesorado-i\/","url_meta":{"origin":6029,"position":4},"title":"KIT DE HERRAMIENTAS DIGITALES PARA EL PROFESORADO I","author":"Inmaculada Garc\u00eda","date":"24 febrero, 2023","format":false,"excerpt":"Abierto el plazo de inscripci\u00f3n del CURSO A DISTANCIA: KIT DE HERRAMIENTAS DIGITALES PARA EL PROFESORADO I (232924GE022) M\u00e1s informaci\u00f3n e inscripci\u00f3n: https:\/\/www.juntadeandalucia.es\/educacion\/secretariavirtual\/consultaCEP\/actividad\/232924GE022\/ Fechas de inscripci\u00f3n: 21\/02\/2023 hasta 06\/03\/2023 Fecha actividad: 13\/03\/2023 hasta 21\/04\/2023 \u00a0","rel":"","context":"En \u00abFormaciones\u00bb","block_context":{"text":"Formaciones","link":"https:\/\/cepronda.com\/blog\/category\/formaciones\/"},"img":{"alt_text":"","src":"https:\/\/i0.wp.com\/cepronda.com\/blog\/wp-content\/uploads\/2023\/02\/Colorful-Illustration-Technology-Assists-in-Learning-Poster.png?fit=848%2C1200&ssl=1&resize=350%2C200","width":350,"height":200,"srcset":"https:\/\/i0.wp.com\/cepronda.com\/blog\/wp-content\/uploads\/2023\/02\/Colorful-Illustration-Technology-Assists-in-Learning-Poster.png?fit=848%2C1200&ssl=1&resize=350%2C200 1x, https:\/\/i0.wp.com\/cepronda.com\/blog\/wp-content\/uploads\/2023\/02\/Colorful-Illustration-Technology-Assists-in-Learning-Poster.png?fit=848%2C1200&ssl=1&resize=525%2C300 1.5x, https:\/\/i0.wp.com\/cepronda.com\/blog\/wp-content\/uploads\/2023\/02\/Colorful-Illustration-Technology-Assists-in-Learning-Poster.png?fit=848%2C1200&ssl=1&resize=700%2C400 2x"},"classes":[]},{"id":5885,"url":"https:\/\/cepronda.com\/blog\/5885-2\/","url_meta":{"origin":6029,"position":5},"title":"KIT DE HERRAMIENTAS DIGITALES PARA CENTROS RURALES Y AULAS MULTINIVEL (232924GE046)","author":"Mamen Moreno","date":"28 marzo, 2023","format":false,"excerpt":"Se encuentra abierto el plazo de inscripci\u00f3n del CURSO PROVINCIAL A DISTANCIA: KIT DE HERRAMIENTAS DIGITALES PARA CENTROS RURALES Y AULAS MULTINIVEL\u00a0(232924GE046) M\u00e1s informaci\u00f3n e inscripci\u00f3n: https:\/\/www.juntadeandalucia.es\/educacion\/secretariavirtual\/consultaCEP\/actividad\/232924GE046\/ Fechas de inscripci\u00f3n: 28\/03\/2023 hasta 12\/04\/2023 Fecha actividad: 18\/04\/2023 hasta 30\/05\/2023","rel":"","context":"En \u00abFormaciones\u00bb","block_context":{"text":"Formaciones","link":"https:\/\/cepronda.com\/blog\/category\/formaciones\/"},"img":{"alt_text":"","src":"https:\/\/i0.wp.com\/cepronda.com\/blog\/wp-content\/uploads\/2023\/03\/PROVINCIAL-3.jpg?fit=848%2C1200&ssl=1&resize=350%2C200","width":350,"height":200,"srcset":"https:\/\/i0.wp.com\/cepronda.com\/blog\/wp-content\/uploads\/2023\/03\/PROVINCIAL-3.jpg?fit=848%2C1200&ssl=1&resize=350%2C200 1x, https:\/\/i0.wp.com\/cepronda.com\/blog\/wp-content\/uploads\/2023\/03\/PROVINCIAL-3.jpg?fit=848%2C1200&ssl=1&resize=525%2C300 1.5x, https:\/\/i0.wp.com\/cepronda.com\/blog\/wp-content\/uploads\/2023\/03\/PROVINCIAL-3.jpg?fit=848%2C1200&ssl=1&resize=700%2C400 2x"},"classes":[]}],"jetpack_sharing_enabled":true,"_links":{"self":[{"href":"https:\/\/cepronda.com\/blog\/wp-json\/wp\/v2\/posts\/6029","targetHints":{"allow":["GET"]}}],"collection":[{"href":"https:\/\/cepronda.com\/blog\/wp-json\/wp\/v2\/posts"}],"about":[{"href":"https:\/\/cepronda.com\/blog\/wp-json\/wp\/v2\/types\/post"}],"author":[{"embeddable":true,"href":"https:\/\/cepronda.com\/blog\/wp-json\/wp\/v2\/users\/13"}],"replies":[{"embeddable":true,"href":"https:\/\/cepronda.com\/blog\/wp-json\/wp\/v2\/comments?post=6029"}],"version-history":[{"count":1,"href":"https:\/\/cepronda.com\/blog\/wp-json\/wp\/v2\/posts\/6029\/revisions"}],"predecessor-version":[{"id":6031,"href":"https:\/\/cepronda.com\/blog\/wp-json\/wp\/v2\/posts\/6029\/revisions\/6031"}],"wp:featuredmedia":[{"embeddable":true,"href":"https:\/\/cepronda.com\/blog\/wp-json\/wp\/v2\/media\/6030"}],"wp:attachment":[{"href":"https:\/\/cepronda.com\/blog\/wp-json\/wp\/v2\/media?parent=6029"}],"wp:term":[{"taxonomy":"category","embeddable":true,"href":"https:\/\/cepronda.com\/blog\/wp-json\/wp\/v2\/categories?post=6029"},{"taxonomy":"post_tag","embeddable":true,"href":"https:\/\/cepronda.com\/blog\/wp-json\/wp\/v2\/tags?post=6029"}],"curies":[{"name":"wp","href":"https:\/\/api.w.org\/{rel}","templated":true}]}}