{"id":5995,"date":"2023-05-24T10:49:38","date_gmt":"2023-05-24T08:49:38","guid":{"rendered":"https:\/\/cepronda.com\/blog\/?p=5995"},"modified":"2025-04-28T12:10:09","modified_gmt":"2025-04-28T10:10:09","slug":"curso-aplicaciones-en-el-aula-de-inteligencia-artificial-231812ge220","status":"publish","type":"post","link":"https:\/\/cepronda.com\/blog\/curso-aplicaciones-en-el-aula-de-inteligencia-artificial-231812ge220\/","title":{"rendered":"CURSO APLICACIONES EN EL AULA DE INTELIGENCIA ARTIFICIAL (231812GE220)"},"content":{"rendered":"<p>Estimado\/a compa\u00f1ero\/a,<\/p>\n<p>Te informo que se encuentra abierta la inscripci\u00f3n al CURSO a DISTANCIA de \u00c1MBITO REGIONAL, INTERDISCIPLINAR: <strong>APLICACIONES EN EL AULA DE INTELIGENCIA ARTIFICIAL<\/strong>, organizado por el CEP de Motril. C\u00f3digo: <strong>231812GE220<\/strong><br \/>\nInscripciones: <strong>desde el 16\/05\/2023 hasta 24\/05\/2023<\/strong><br \/>\nFecha actividad:&nbsp;<strong>26\/05\/2023 hasta 26\/06\/2023<\/strong><br \/>\nLugar de realizaci\u00f3n: Aula Virtual de Formaci\u00f3n del Profesorado<br \/>\nDetalle e inscripci\u00f3n: <a href=\"https:\/\/www.juntadeandalucia.es\/educacion\/secretariavirtual\/consultaCEP\/actividad\/231812GE220\/\">https:\/\/www.juntadeandalucia.es\/educacion\/secretariavirtual\/consultaCEP\/actividad\/232922GE152\/<\/a><br \/>\nEsperamos que sea de vuestro inter\u00e9s.<\/p>\n<p>&nbsp;<\/p>\n<p><img data-recalc-dims=\"1\" loading=\"lazy\" decoding=\"async\" class=\"aligncenter size-medium wp-image-5998\" src=\"https:\/\/i0.wp.com\/cepronda.com\/blog\/wp-content\/uploads\/2023\/05\/inteligencia-artificial-aplicaciones-1.png?resize=300%2C300&#038;ssl=1\" alt=\"\" width=\"300\" height=\"300\" srcset=\"https:\/\/i0.wp.com\/cepronda.com\/blog\/wp-content\/uploads\/2023\/05\/inteligencia-artificial-aplicaciones-1.png?resize=300%2C300&amp;ssl=1 300w, https:\/\/i0.wp.com\/cepronda.com\/blog\/wp-content\/uploads\/2023\/05\/inteligencia-artificial-aplicaciones-1.png?resize=1024%2C1024&amp;ssl=1 1024w, https:\/\/i0.wp.com\/cepronda.com\/blog\/wp-content\/uploads\/2023\/05\/inteligencia-artificial-aplicaciones-1.png?resize=150%2C150&amp;ssl=1 150w, https:\/\/i0.wp.com\/cepronda.com\/blog\/wp-content\/uploads\/2023\/05\/inteligencia-artificial-aplicaciones-1.png?resize=768%2C768&amp;ssl=1 768w, https:\/\/i0.wp.com\/cepronda.com\/blog\/wp-content\/uploads\/2023\/05\/inteligencia-artificial-aplicaciones-1.png?resize=50%2C50&amp;ssl=1 50w, https:\/\/i0.wp.com\/cepronda.com\/blog\/wp-content\/uploads\/2023\/05\/inteligencia-artificial-aplicaciones-1.png?w=1375&amp;ssl=1 1375w\" sizes=\"auto, (max-width: 300px) 100vw, 300px\" \/>&nbsp; &nbsp;&nbsp; &nbsp;&nbsp; &nbsp;&nbsp; &nbsp;&nbsp; &nbsp;&nbsp; &nbsp;&nbsp; &nbsp;&nbsp; &nbsp;&nbsp; &nbsp;&nbsp; &nbsp;&nbsp; &nbsp;&nbsp; &nbsp;&nbsp; &nbsp;&nbsp; &nbsp;&nbsp; &nbsp;&nbsp; &nbsp;&nbsp; &nbsp;&nbsp; &nbsp;&nbsp; &nbsp;&nbsp; &nbsp;&nbsp; &nbsp;&nbsp; &nbsp;&nbsp; &nbsp;&nbsp; &nbsp;&nbsp; &nbsp;&nbsp; &nbsp;&nbsp; &nbsp;&nbsp; &nbsp;&nbsp; &nbsp;&nbsp; &nbsp;&nbsp; &nbsp;&nbsp; &nbsp;&nbsp; &nbsp;&nbsp; &nbsp;&nbsp; &nbsp;&nbsp; &nbsp;&nbsp; &nbsp;&nbsp; &nbsp;&nbsp; &nbsp;&nbsp; &nbsp;&nbsp; &nbsp;&nbsp; &nbsp;&nbsp; &nbsp;&nbsp; &nbsp;&nbsp; &nbsp;&nbsp; &nbsp;&nbsp; &nbsp;&nbsp; &nbsp;&nbsp; &nbsp;&nbsp; &nbsp;&nbsp; &nbsp;&nbsp; &nbsp;&nbsp;<a href=\"https:\/\/www.juntadeandalucia.es\/educacion\/secretariavirtual\/consultaCEP\/actividad\/231812GE220\/\" target=\"_blank\" rel=\"noopener\" data-saferedirecturl=\"https:\/\/www.google.com\/url?q=https:\/\/www.juntadeandalucia.es\/educacion\/secretariavirtual\/consultaCEP\/actividad\/231812GE220\/&amp;source=gmail&amp;ust=1684998899141000&amp;usg=AOvVaw0ozuWg_ESwehgb1xl53yuo\"><strong>APLICACIONES PARA EL USO DE INTELIGENCIA ARTIFICIAL EN EL AULA<\/strong><\/a><\/p>\n<p>&nbsp;<\/p>\n","protected":false},"excerpt":{"rendered":"<p>Estimado\/a compa\u00f1ero\/a, Te informo que se encuentra abierta la inscripci\u00f3n al CURSO a DISTANCIA de \u00c1MBITO REGIONAL, INTERDISCIPLINAR: APLICACIONES EN EL AULA DE INTELIGENCIA ARTIFICIAL, organizado por el CEP de Motril. C\u00f3digo: 231812GE220 Inscripciones: desde el 16\/05\/2023 hasta 24\/05\/2023 Fecha actividad:&nbsp;26\/05\/2023 hasta 26\/06\/2023 Lugar de realizaci\u00f3n: Aula Virtual de Formaci\u00f3n del Profesorado Detalle e inscripci\u00f3n: [&hellip;]<\/p>\n","protected":false},"author":9,"featured_media":5997,"comment_status":"closed","ping_status":"open","sticky":false,"template":"","format":"standard","meta":{"_crdt_document":"","advanced_seo_description":"","jetpack_seo_html_title":"","jetpack_seo_noindex":false,"jetpack_post_was_ever_published":false,"_jetpack_newsletter_access":"","_jetpack_dont_email_post_to_subs":false,"_jetpack_newsletter_tier_id":0,"_jetpack_memberships_contains_paywalled_content":false,"_jetpack_memberships_contains_paid_content":false,"footnotes":"","jetpack_publicize_message":"","jetpack_publicize_feature_enabled":true,"jetpack_social_post_already_shared":false,"jetpack_social_options":{"image_generator_settings":{"template":"highway","default_image_id":0,"font":"","enabled":false},"version":2}},"categories":[3],"tags":[401],"class_list":{"0":"post-5995","1":"post","2":"type-post","3":"status-publish","4":"format-standard","5":"has-post-thumbnail","7":"category-formaciones","8":"tag-tde","9":"czr-hentry"},"jetpack_publicize_connections":[],"jetpack_featured_media_url":"https:\/\/i0.wp.com\/cepronda.com\/blog\/wp-content\/uploads\/2023\/05\/inteligencia-artificial-aplicaciones.png?fit=1375%2C1375&ssl=1","jetpack_shortlink":"https:\/\/wp.me\/p8M4X7-1yH","jetpack-related-posts":[{"id":8464,"url":"https:\/\/cepronda.com\/blog\/iniciacion-al-uso-de-la-inteligencia-artificial-generativa-centrada-en-la-educacion\/","url_meta":{"origin":5995,"position":0},"title":"INICIACI\u00d3N AL USO DE LA INTELIGENCIA ARTIFICIAL GENERATIVA CENTRADA EN LA EDUCACI\u00d3N.","author":"Inmaculada Garc\u00eda","date":"23 abril, 2025","format":false,"excerpt":"Abierto el plazo de inscripci\u00f3n para la actividad a distancia \" INICIACI\u00d3N AL USO DE LA INTELIGENCIA ARTIFICIAL GENERATIVA CENTRADA EN LA EDUCACI\u00d3N\u201d. C\u00f3digo: 259926WPF485. Curso con reconocimiento de 40 horas de formaci\u00f3n, a desarrollar en el Aula Virtual de Formaci\u00f3n del Profesorado. Plazo de inscripci\u00f3n: 23\/04\/2025 hasta 05\/05\/2025 Fecha\u2026","rel":"","context":"En \u00abFormaciones\u00bb","block_context":{"text":"Formaciones","link":"https:\/\/cepronda.com\/blog\/category\/formaciones\/"},"img":{"alt_text":"","src":"https:\/\/i0.wp.com\/cepronda.com\/blog\/wp-content\/uploads\/2025\/04\/ia-generativa.jpg?fit=960%2C1200&ssl=1&resize=350%2C200","width":350,"height":200,"srcset":"https:\/\/i0.wp.com\/cepronda.com\/blog\/wp-content\/uploads\/2025\/04\/ia-generativa.jpg?fit=960%2C1200&ssl=1&resize=350%2C200 1x, https:\/\/i0.wp.com\/cepronda.com\/blog\/wp-content\/uploads\/2025\/04\/ia-generativa.jpg?fit=960%2C1200&ssl=1&resize=525%2C300 1.5x, https:\/\/i0.wp.com\/cepronda.com\/blog\/wp-content\/uploads\/2025\/04\/ia-generativa.jpg?fit=960%2C1200&ssl=1&resize=700%2C400 2x"},"classes":[]},{"id":8251,"url":"https:\/\/cepronda.com\/blog\/iniciacion-al-uso-de-la-inteligencia-artificial-generativa-centrada-en-la-educacion-codigo-259924kpf485\/","url_meta":{"origin":5995,"position":1},"title":"\u00abINICIACI\u00d3N AL USO DE LA INTELIGENCIA ARTIFICIAL GENERATIVA CENTRADA EN LA EDUCACI\u00d3N\u00bb, c\u00f3digo: 259924KPF485.","author":"Inmaculada Garc\u00eda","date":"30 septiembre, 2024","format":false,"excerpt":"Se encuentra abierto el plazo de inscripci\u00f3n del curso provincial: INICIACI\u00d3N AL USO DE LA INTELIGENCIA ARTIFICIAL GENERATIVA CENTRADA EN LA EDUCACI\u00d3N, c\u00f3digo: 259924KPF485. Curso a distancia con certificaci\u00f3n de 40 horas de formaci\u00f3n y v\u00e1lido para la acreditaci\u00f3n del nivel A1 de CDD. A desarrollar en el Aula Virtual\u2026","rel":"","context":"En \u00abNoticias\u00bb","block_context":{"text":"Noticias","link":"https:\/\/cepronda.com\/blog\/category\/noticias\/"},"img":{"alt_text":"","src":"https:\/\/i0.wp.com\/cepronda.com\/blog\/wp-content\/uploads\/2025\/03\/Anadir-un-subtitulo-819x1024.jpg?resize=350%2C200&ssl=1","width":350,"height":200},"classes":[]},{"id":6035,"url":"https:\/\/cepronda.com\/blog\/paisajes-artisticos-y-culturales-duodecimo-curso-de-formacion-aula-joaquin-peinado\/","url_meta":{"origin":5995,"position":2},"title":"PA\u00cdSAJES ART\u00cdSTICOS Y CULTURALES. DUOD\u00c9CIMO CURSO DE FORMACI\u00d3N AULA JOAQU\u00cdN PEINADO","author":"Mamen Moreno","date":"12 septiembre, 2023","format":false,"excerpt":"\u00a0 Abierto el plazo de inscripci\u00f3n al curso\u00a0PA\u00cdSAJES ART\u00cdSTICOS Y CULTURALES. DUOD\u00c9CIMO CURSO DE FORMACI\u00d3N AULA JOAQU\u00cdN PEINADO, organizado por Fundaci\u00f3n Unicaja. C\u00f3digo\u00a0242924GE002 Fecha de inscripci\u00f3n:\u00a012\/09\/2023 hasta 02\/10\/2023 Horas: 10 presenciales Fecha de la actividad:\u00a003\/10\/2023 hasta 24\/10\/2023 Lugar de realizaci\u00f3n:\u00a0Sal\u00f3n de actos de la Fundaci\u00f3n Unicaja (c\/Sor Angela de la\u2026","rel":"","context":"En \u00abFormaciones\u00bb","block_context":{"text":"Formaciones","link":"https:\/\/cepronda.com\/blog\/category\/formaciones\/"},"img":{"alt_text":"","src":"https:\/\/i0.wp.com\/cepronda.com\/blog\/wp-content\/uploads\/2023\/09\/paisajes-artisticos-y-culturales.-duodecimo-curso-de-formacion-aula-joaquin-peinado-1.jpg?fit=1080%2C1080&ssl=1&resize=350%2C200","width":350,"height":200,"srcset":"https:\/\/i0.wp.com\/cepronda.com\/blog\/wp-content\/uploads\/2023\/09\/paisajes-artisticos-y-culturales.-duodecimo-curso-de-formacion-aula-joaquin-peinado-1.jpg?fit=1080%2C1080&ssl=1&resize=350%2C200 1x, https:\/\/i0.wp.com\/cepronda.com\/blog\/wp-content\/uploads\/2023\/09\/paisajes-artisticos-y-culturales.-duodecimo-curso-de-formacion-aula-joaquin-peinado-1.jpg?fit=1080%2C1080&ssl=1&resize=525%2C300 1.5x, https:\/\/i0.wp.com\/cepronda.com\/blog\/wp-content\/uploads\/2023\/09\/paisajes-artisticos-y-culturales.-duodecimo-curso-de-formacion-aula-joaquin-peinado-1.jpg?fit=1080%2C1080&ssl=1&resize=700%2C400 2x, https:\/\/i0.wp.com\/cepronda.com\/blog\/wp-content\/uploads\/2023\/09\/paisajes-artisticos-y-culturales.-duodecimo-curso-de-formacion-aula-joaquin-peinado-1.jpg?fit=1080%2C1080&ssl=1&resize=1050%2C600 3x"},"classes":[]},{"id":5902,"url":"https:\/\/cepronda.com\/blog\/curso-uso-de-herramientas-digitales-en-el-aula\/","url_meta":{"origin":5995,"position":3},"title":"CURSO \u00abUSO DE HERRAMIENTAS DIGITALES EN EL AULA\u00bb","author":"V\u00edctor Caballero","date":"10 abril, 2023","format":false,"excerpt":"Os Informamos de que se encuentra abierto el plazo de inscripci\u00f3n del CURSO \"USO DE HERRAMIENTAS DIGITALES EN EL AULA\" con c\u00f3digo: 232924GE045. \u00a0 Fecha inscripci\u00f3n: \u00a1\u00a1\u00a1\u00a1 10\/04\/2023 hasta 12\/04\/2023 !!!! Fecha actividad: 13\/04\/2023 hasta 04\/05\/2023 \u00a0 Es una formaci\u00f3n de \u00faltima hora destinada al CEPER Constituci\u00f3n Espa\u00f1ola pero que\u2026","rel":"","context":"En \u00abFormaciones\u00bb","block_context":{"text":"Formaciones","link":"https:\/\/cepronda.com\/blog\/category\/formaciones\/"},"img":{"alt_text":"","src":"https:\/\/i0.wp.com\/cepronda.com\/blog\/wp-content\/uploads\/2023\/04\/Herramientas-digitales-en-el-aula-CEPER.jpg?fit=848%2C1200&ssl=1&resize=350%2C200","width":350,"height":200,"srcset":"https:\/\/i0.wp.com\/cepronda.com\/blog\/wp-content\/uploads\/2023\/04\/Herramientas-digitales-en-el-aula-CEPER.jpg?fit=848%2C1200&ssl=1&resize=350%2C200 1x, https:\/\/i0.wp.com\/cepronda.com\/blog\/wp-content\/uploads\/2023\/04\/Herramientas-digitales-en-el-aula-CEPER.jpg?fit=848%2C1200&ssl=1&resize=525%2C300 1.5x, https:\/\/i0.wp.com\/cepronda.com\/blog\/wp-content\/uploads\/2023\/04\/Herramientas-digitales-en-el-aula-CEPER.jpg?fit=848%2C1200&ssl=1&resize=700%2C400 2x"},"classes":[]},{"id":6013,"url":"https:\/\/cepronda.com\/blog\/kit-de-herramientas-digitales-para-el-profesorado-ii-232924ge043\/","url_meta":{"origin":5995,"position":4},"title":"KIT DE HERRAMIENTAS DIGITALES PARA EL PROFESORADO II (232924GE043)","author":"Inmaculada Garc\u00eda","date":"17 abril, 2023","format":false,"excerpt":"Abierto el plazo de inscripci\u00f3n del CURSO A DISTANCIA: KIT DE HERRAMIENTAS DIGITALES PARA EL PROFESORADO II (232924GE043). Curso a distancia en el Aula Virtual del Profesorado, con una duraci\u00f3n de 30h. M\u00e1s informaci\u00f3n e inscripci\u00f3n: https:\/\/www.juntadeandalucia.es\/educacion\/secretariavirtual\/consultaCEP\/actividad\/232924GE043\/ Fecha actividad:\u00a004\/05\/2023 hasta 23\/06\/2023 Fecha inscripci\u00f3n:\u00a017\/04\/2023 hasta 26\/04\/2023 \u00a0","rel":"","context":"En \u00abFormaciones\u00bb","block_context":{"text":"Formaciones","link":"https:\/\/cepronda.com\/blog\/category\/formaciones\/"},"img":{"alt_text":"","src":"https:\/\/i0.wp.com\/cepronda.com\/blog\/wp-content\/uploads\/2023\/02\/Colorful-Illustration-Technology-Assists-in-Learning-Poster.jpg?fit=848%2C1200&ssl=1&resize=350%2C200","width":350,"height":200,"srcset":"https:\/\/i0.wp.com\/cepronda.com\/blog\/wp-content\/uploads\/2023\/02\/Colorful-Illustration-Technology-Assists-in-Learning-Poster.jpg?fit=848%2C1200&ssl=1&resize=350%2C200 1x, https:\/\/i0.wp.com\/cepronda.com\/blog\/wp-content\/uploads\/2023\/02\/Colorful-Illustration-Technology-Assists-in-Learning-Poster.jpg?fit=848%2C1200&ssl=1&resize=525%2C300 1.5x, https:\/\/i0.wp.com\/cepronda.com\/blog\/wp-content\/uploads\/2023\/02\/Colorful-Illustration-Technology-Assists-in-Learning-Poster.jpg?fit=848%2C1200&ssl=1&resize=700%2C400 2x"},"classes":[]},{"id":5810,"url":"https:\/\/cepronda.com\/blog\/atencion-al-alumnado-que-presenta-trastornos-graves-de-conducta-en-el-aula-ordinaria-2o-edicion\/","url_meta":{"origin":5995,"position":5},"title":"ATENCI\u00d3N AL ALUMNADO QUE PRESENTA TRASTORNOS GRAVES DE CONDUCTA EN EL AULA ORDINARIA ( 2\u00ba Edici\u00f3n)","author":"Mamen Moreno","date":"7 marzo, 2023","format":false,"excerpt":"Estimado\/a compa\u00f1ero\/a, Te informo que se encuentra abierta la inscripci\u00f3n del curso a distancia provincial organizado por el CEP de V\u00e9lez-M\u00e1laga: ATENCI\u00d3N AL ALUMNADO QUE PRESENTA TRASTORNOS GRAVES DE CONDUCTA EN EL AULA ORDINARIA ( 2\u00ba Edici\u00f3n) C\u00f3digo: 232926GE405 Inscripciones: desde el 07\/03\/2023 hasta 21\/03\/2023 Comienzo del curso: 28\/03\/2023 Lugar\u2026","rel":"","context":"En \u00abFormaciones\u00bb","block_context":{"text":"Formaciones","link":"https:\/\/cepronda.com\/blog\/category\/formaciones\/"},"img":{"alt_text":"","src":"https:\/\/i0.wp.com\/cepronda.com\/blog\/wp-content\/uploads\/2023\/03\/WhatsApp-Image-2023-03-07-at-09.41.40.jpeg?fit=848%2C1200&ssl=1&resize=350%2C200","width":350,"height":200,"srcset":"https:\/\/i0.wp.com\/cepronda.com\/blog\/wp-content\/uploads\/2023\/03\/WhatsApp-Image-2023-03-07-at-09.41.40.jpeg?fit=848%2C1200&ssl=1&resize=350%2C200 1x, https:\/\/i0.wp.com\/cepronda.com\/blog\/wp-content\/uploads\/2023\/03\/WhatsApp-Image-2023-03-07-at-09.41.40.jpeg?fit=848%2C1200&ssl=1&resize=525%2C300 1.5x, https:\/\/i0.wp.com\/cepronda.com\/blog\/wp-content\/uploads\/2023\/03\/WhatsApp-Image-2023-03-07-at-09.41.40.jpeg?fit=848%2C1200&ssl=1&resize=700%2C400 2x"},"classes":[]}],"jetpack_sharing_enabled":true,"_links":{"self":[{"href":"https:\/\/cepronda.com\/blog\/wp-json\/wp\/v2\/posts\/5995","targetHints":{"allow":["GET"]}}],"collection":[{"href":"https:\/\/cepronda.com\/blog\/wp-json\/wp\/v2\/posts"}],"about":[{"href":"https:\/\/cepronda.com\/blog\/wp-json\/wp\/v2\/types\/post"}],"author":[{"embeddable":true,"href":"https:\/\/cepronda.com\/blog\/wp-json\/wp\/v2\/users\/9"}],"replies":[{"embeddable":true,"href":"https:\/\/cepronda.com\/blog\/wp-json\/wp\/v2\/comments?post=5995"}],"version-history":[{"count":2,"href":"https:\/\/cepronda.com\/blog\/wp-json\/wp\/v2\/posts\/5995\/revisions"}],"predecessor-version":[{"id":5999,"href":"https:\/\/cepronda.com\/blog\/wp-json\/wp\/v2\/posts\/5995\/revisions\/5999"}],"wp:featuredmedia":[{"embeddable":true,"href":"https:\/\/cepronda.com\/blog\/wp-json\/wp\/v2\/media\/5997"}],"wp:attachment":[{"href":"https:\/\/cepronda.com\/blog\/wp-json\/wp\/v2\/media?parent=5995"}],"wp:term":[{"taxonomy":"category","embeddable":true,"href":"https:\/\/cepronda.com\/blog\/wp-json\/wp\/v2\/categories?post=5995"},{"taxonomy":"post_tag","embeddable":true,"href":"https:\/\/cepronda.com\/blog\/wp-json\/wp\/v2\/tags?post=5995"}],"curies":[{"name":"wp","href":"https:\/\/api.w.org\/{rel}","templated":true}]}}