{"id":5988,"date":"2023-05-23T13:25:04","date_gmt":"2023-05-23T11:25:04","guid":{"rendered":"https:\/\/cepronda.com\/blog\/?p=5988"},"modified":"2025-04-28T11:48:43","modified_gmt":"2025-04-28T09:48:43","slug":"webinar-medidas-organizativas-ante-olas-de-calor-o-altas-temperaturas-excepcionales","status":"publish","type":"post","link":"https:\/\/cepronda.com\/blog\/webinar-medidas-organizativas-ante-olas-de-calor-o-altas-temperaturas-excepcionales\/","title":{"rendered":"WEBINAR MEDIDAS ORGANIZATIVAS ANTE OLAS DE CALOR O ALTAS TEMPERATURAS EXCEPCIONALES"},"content":{"rendered":"<p><span class=\"css-901oao css-16my406 r-poiln3 r-bcqeeo r-qvutc0\"> de \u00e1mbito regional sobre \u00abMEDIDAS ORGANIZATIVAS ANTE OLAS DE CALOR O ALTAS TEMPERATURAS EXCEPCIONALES\u00bb<\/span><\/p>\n<p><span class=\"css-901oao css-16my406 r-poiln3 r-bcqeeo r-qvutc0\">D\u00eda: Pr\u00f3ximo 25 de mayo <\/span><span class=\"css-901oao css-16my406 r-poiln3 r-bcqeeo r-qvutc0\">&nbsp;<\/span><\/p>\n<p><span class=\"css-901oao css-16my406 r-poiln3 r-bcqeeo r-qvutc0\">Horario: De 11:00 a 11:30 am <\/span><span class=\"css-901oao css-16my406 r-poiln3 r-bcqeeo r-qvutc0\"> a cargo de D\u00ba Rafael Mart\u00ednez Nogueras. Jefe de Servicio de Medicina Preventiva y Salud P\u00fablica del Hospital Universitario de Ja\u00e9n.<\/span><\/p>\n<p><span class=\"css-901oao css-16my406 r-poiln3 r-bcqeeo r-qvutc0\">Lugar: Webex <\/span><span class=\"css-901oao css-16my406 r-poiln3 r-bcqeeo r-qvutc0\">&nbsp;<\/span><\/p>\n<p><span class=\"css-901oao css-16my406 r-poiln3 r-bcqeeo r-qvutc0\">Enlace a webinar: <\/span><a class=\"css-4rbku5 css-18t94o4 css-901oao css-16my406 r-1cvl2hr r-1loqt21 r-poiln3 r-bcqeeo r-1ny4l3l r-1ddef8g r-tjvw6i r-qvutc0\" dir=\"ltr\" role=\"link\" href=\"https:\/\/t.co\/m3BwVuTCUJ\" target=\"_blank\" rel=\"noopener noreferrer nofollow\"><span class=\"css-901oao css-16my406 r-poiln3 r-hiw28u r-qvk6io r-bcqeeo r-qvutc0\" aria-hidden=\"true\">http:\/\/<\/span>qrco.de\/25052023<\/a><\/p>\n<p>&nbsp;<img data-recalc-dims=\"1\" loading=\"lazy\" decoding=\"async\" class=\"size-medium wp-image-5990 aligncenter\" src=\"https:\/\/i0.wp.com\/cepronda.com\/blog\/wp-content\/uploads\/2023\/05\/JJ.jpeg?resize=300%2C169&#038;ssl=1\" alt=\"\" width=\"300\" height=\"169\" srcset=\"https:\/\/i0.wp.com\/cepronda.com\/blog\/wp-content\/uploads\/2023\/05\/JJ.jpeg?resize=300%2C169&amp;ssl=1 300w, https:\/\/i0.wp.com\/cepronda.com\/blog\/wp-content\/uploads\/2023\/05\/JJ.jpeg?resize=1024%2C576&amp;ssl=1 1024w, https:\/\/i0.wp.com\/cepronda.com\/blog\/wp-content\/uploads\/2023\/05\/JJ.jpeg?resize=768%2C432&amp;ssl=1 768w, https:\/\/i0.wp.com\/cepronda.com\/blog\/wp-content\/uploads\/2023\/05\/JJ.jpeg?resize=1536%2C864&amp;ssl=1 1536w, https:\/\/i0.wp.com\/cepronda.com\/blog\/wp-content\/uploads\/2023\/05\/JJ.jpeg?w=1920&amp;ssl=1 1920w\" sizes=\"auto, (max-width: 300px) 100vw, 300px\" \/><\/p>\n<p>&nbsp;<\/p>\n<p>&nbsp;<\/p>\n<p>&nbsp;<\/p>\n","protected":false},"excerpt":{"rendered":"<p>de \u00e1mbito regional sobre \u00abMEDIDAS ORGANIZATIVAS ANTE OLAS DE CALOR O ALTAS TEMPERATURAS EXCEPCIONALES\u00bb D\u00eda: Pr\u00f3ximo 25 de mayo &nbsp; Horario: De 11:00 a 11:30 am a cargo de D\u00ba Rafael Mart\u00ednez Nogueras. Jefe de Servicio de Medicina Preventiva y Salud P\u00fablica del Hospital Universitario de Ja\u00e9n. Lugar: Webex &nbsp; Enlace a webinar: http:\/\/qrco.de\/25052023 &nbsp; [&hellip;]<\/p>\n","protected":false},"author":13,"featured_media":5990,"comment_status":"closed","ping_status":"open","sticky":false,"template":"","format":"standard","meta":{"_crdt_document":"","advanced_seo_description":"","jetpack_seo_html_title":"","jetpack_seo_noindex":false,"jetpack_post_was_ever_published":false,"_jetpack_newsletter_access":"","_jetpack_dont_email_post_to_subs":false,"_jetpack_newsletter_tier_id":0,"_jetpack_memberships_contains_paywalled_content":false,"_jetpack_memberships_contains_paid_content":false,"footnotes":"","jetpack_publicize_message":"","jetpack_publicize_feature_enabled":true,"jetpack_social_post_already_shared":false,"jetpack_social_options":{"image_generator_settings":{"template":"highway","default_image_id":0,"font":"","enabled":false},"version":2}},"categories":[3,5],"tags":[],"class_list":{"0":"post-5988","1":"post","2":"type-post","3":"status-publish","4":"format-standard","5":"has-post-thumbnail","7":"category-formaciones","8":"category-noticias","9":"czr-hentry"},"jetpack_publicize_connections":[],"jetpack_featured_media_url":"https:\/\/i0.wp.com\/cepronda.com\/blog\/wp-content\/uploads\/2023\/05\/JJ.jpeg?fit=1920%2C1080&ssl=1","jetpack_shortlink":"https:\/\/wp.me\/p8M4X7-1yA","jetpack-related-posts":[{"id":5972,"url":"https:\/\/cepronda.com\/blog\/medidas-organizativas-ante-olas-de-calor-o-altas-temperaturas-excepcionales\/","url_meta":{"origin":5988,"position":0},"title":"\u00abMEDIDAS ORGANIZATIVAS ANTE OLAS DE CALOR O ALTAS TEMPERATURAS EXCEPCIONALES\u00bb","author":"Mamen Moreno","date":"15 mayo, 2023","format":false,"excerpt":"Se encuentra abierto el plazo de inscripci\u00f3n para la actividad formativa: \"MEDIDAS ORGANIZATIVAS ANTE OLAS DE CALOR O ALTAS TEMPERATURAS EXCEPCIONALES\", con c\u00f3digo\u00a0239918HVS446 Se trata de una actividad dirigida al profesorado de centros educativos andaluces sostenidos con fondos p\u00fablicos. La modalidad es\u00a0CURSO A DISTANCIA\u00a0(sin tutorizaci\u00f3n) con una duraci\u00f3n total de\u00a010\u2026","rel":"","context":"En \u00abFormaciones\u00bb","block_context":{"text":"Formaciones","link":"https:\/\/cepronda.com\/blog\/category\/formaciones\/"},"img":{"alt_text":"","src":"https:\/\/i0.wp.com\/cepronda.com\/blog\/wp-content\/uploads\/2023\/05\/FwKT9ePXwAUN9C-1.jpg?fit=1200%2C675&ssl=1&resize=350%2C200","width":350,"height":200,"srcset":"https:\/\/i0.wp.com\/cepronda.com\/blog\/wp-content\/uploads\/2023\/05\/FwKT9ePXwAUN9C-1.jpg?fit=1200%2C675&ssl=1&resize=350%2C200 1x, https:\/\/i0.wp.com\/cepronda.com\/blog\/wp-content\/uploads\/2023\/05\/FwKT9ePXwAUN9C-1.jpg?fit=1200%2C675&ssl=1&resize=525%2C300 1.5x, https:\/\/i0.wp.com\/cepronda.com\/blog\/wp-content\/uploads\/2023\/05\/FwKT9ePXwAUN9C-1.jpg?fit=1200%2C675&ssl=1&resize=700%2C400 2x, https:\/\/i0.wp.com\/cepronda.com\/blog\/wp-content\/uploads\/2023\/05\/FwKT9ePXwAUN9C-1.jpg?fit=1200%2C675&ssl=1&resize=1050%2C600 3x"},"classes":[]},{"id":3782,"url":"https:\/\/cepronda.com\/blog\/webinar-que-es-una-cda\/","url_meta":{"origin":5988,"position":1},"title":"WEBINAR \u00bfQU\u00c9 ES UNA CdA?","author":"Inmaculada Garc\u00eda","date":"29 septiembre, 2020","format":false,"excerpt":"Buenas tardes compa\u00f1eras y compa\u00f1eros: Os informamos que est\u00e1 abierto el plazo de inscripci\u00f3n a la actividad\u00a0 \"WEBINAR \u00bfQU\u00c9 ES UNA CdA?\"\u00a0 que\u00a0 se llevar\u00e1 a cabo el pr\u00f3ximo\u00a0 d\u00eda 8 de octubre en horario de 16:30 a 19:00 horas, en el Aula Virtual de Formaci\u00f3n del Profesorado y en\u2026","rel":"","context":"En \u00abNoticias\u00bb","block_context":{"text":"Noticias","link":"https:\/\/cepronda.com\/blog\/category\/noticias\/"},"img":{"alt_text":"","src":"https:\/\/i0.wp.com\/cepronda.com\/blog\/wp-content\/uploads\/2020\/09\/webinar-%C2%BFque-es-una-CdA_.jpg?fit=848%2C1200&ssl=1&resize=350%2C200","width":350,"height":200,"srcset":"https:\/\/i0.wp.com\/cepronda.com\/blog\/wp-content\/uploads\/2020\/09\/webinar-%C2%BFque-es-una-CdA_.jpg?fit=848%2C1200&ssl=1&resize=350%2C200 1x, https:\/\/i0.wp.com\/cepronda.com\/blog\/wp-content\/uploads\/2020\/09\/webinar-%C2%BFque-es-una-CdA_.jpg?fit=848%2C1200&ssl=1&resize=525%2C300 1.5x, https:\/\/i0.wp.com\/cepronda.com\/blog\/wp-content\/uploads\/2020\/09\/webinar-%C2%BFque-es-una-CdA_.jpg?fit=848%2C1200&ssl=1&resize=700%2C400 2x"},"classes":[]},{"id":4378,"url":"https:\/\/cepronda.com\/blog\/atencion-educativa-al-alumnado-de-altas-capacidades\/","url_meta":{"origin":5988,"position":2},"title":"Atenci\u00f3n Educativa al Alumnado de Altas Capacidades","author":"Inmaculada Garc\u00eda","date":"7 abril, 2021","format":false,"excerpt":"La pr\u00f3xima semana dar\u00e1 comienzo la formaci\u00f3n \"Atenci\u00f3n Educativa al Alumnado de Altas Capacidades\". En esta ocasi\u00f3n contamos con la Asociaci\u00f3n ASA- M\u00e1laga para impartirla. Entre nuestros ponentes vamos a tener a: Laura D\u00edaz (responsable de formaci\u00f3n de ASA- M\u00e1laga) Laura Caparr\u00f3s\u00a0 (especialista en atenci\u00f3n educativa a alumnado de AACC)\u2026","rel":"","context":"En \u00abFormaciones\u00bb","block_context":{"text":"Formaciones","link":"https:\/\/cepronda.com\/blog\/category\/formaciones\/"},"img":{"alt_text":"","src":"https:\/\/i0.wp.com\/cepronda.com\/blog\/wp-content\/uploads\/2021\/04\/212924GE025-CARTEL-ALTAS-CAPACIDADES.jpg?fit=848%2C1200&ssl=1&resize=350%2C200","width":350,"height":200,"srcset":"https:\/\/i0.wp.com\/cepronda.com\/blog\/wp-content\/uploads\/2021\/04\/212924GE025-CARTEL-ALTAS-CAPACIDADES.jpg?fit=848%2C1200&ssl=1&resize=350%2C200 1x, https:\/\/i0.wp.com\/cepronda.com\/blog\/wp-content\/uploads\/2021\/04\/212924GE025-CARTEL-ALTAS-CAPACIDADES.jpg?fit=848%2C1200&ssl=1&resize=525%2C300 1.5x, https:\/\/i0.wp.com\/cepronda.com\/blog\/wp-content\/uploads\/2021\/04\/212924GE025-CARTEL-ALTAS-CAPACIDADES.jpg?fit=848%2C1200&ssl=1&resize=700%2C400 2x"},"classes":[]},{"id":9263,"url":"https:\/\/cepronda.com\/blog\/9263-2\/","url_meta":{"origin":5988,"position":3},"title":"RESPUESTA EDUCATIVA AL ALUMNADO CON ALTAS CAPACIDADES: PROGRAMAS DE PROFUNDIZACI\u00d3N","author":"Encarni Jim\u00e9nez Rosado","date":"28 enero, 2026","format":false,"excerpt":"Se abre plazo de inscripci\u00f3n para el curso \u201cRESPUESTA EDUCATIVA AL ALUMNADO CON ALTAS CAPACIDADES: PROGRAMAS DE PROFUNDIZACI\u00d3N\u201d, con c\u00f3digo: 262923GE801. Duraci\u00f3n: 3 sesiones por videoconferencia. 6 horas de tareas tutorizadas en el AVFP Inscripci\u00f3n:\u00a027 enero - 17 febrero Sesiones: 11, 18, 25 marzo - 17:00 a 19:00 Informaci\u00f3n e\u2026","rel":"","context":"En \u00abFormaciones\u00bb","block_context":{"text":"Formaciones","link":"https:\/\/cepronda.com\/blog\/category\/formaciones\/"},"img":{"alt_text":"","src":"https:\/\/i0.wp.com\/cepronda.com\/blog\/wp-content\/uploads\/2026\/01\/aci.png?fit=822%2C818&ssl=1&resize=350%2C200","width":350,"height":200,"srcset":"https:\/\/i0.wp.com\/cepronda.com\/blog\/wp-content\/uploads\/2026\/01\/aci.png?fit=822%2C818&ssl=1&resize=350%2C200 1x, https:\/\/i0.wp.com\/cepronda.com\/blog\/wp-content\/uploads\/2026\/01\/aci.png?fit=822%2C818&ssl=1&resize=525%2C300 1.5x, https:\/\/i0.wp.com\/cepronda.com\/blog\/wp-content\/uploads\/2026\/01\/aci.png?fit=822%2C818&ssl=1&resize=700%2C400 2x"},"classes":[]},{"id":4415,"url":"https:\/\/cepronda.com\/blog\/atencion-al-alumnado-con-altas-capacidades-intelectuales-aaccii\/","url_meta":{"origin":5988,"position":4},"title":"ATENCI\u00d3N AL ALUMNADO CON ALTAS CAPACIDADES INTELECTUALES (AACCII)","author":"Inmaculada Garc\u00eda","date":"15 abril, 2021","format":false,"excerpt":"Os informamos que est\u00e1 abierto el plazo de inscripci\u00f3n (hasta el 26 de abril) de la formaci\u00f3n \u201cATENCI\u00d3N AL ALUMNADO CON ALTAS CAPACIDADES INTELECTUALES (AACCII)(219908KOE278)\u201d. Es un curso a distancia que se desarrollar\u00e1 en el Aula Virtual de Formaci\u00f3n del Profesorado, de car\u00e1cter regional y gestionada por el CEP de\u2026","rel":"","context":"En \u00abFormaciones\u00bb","block_context":{"text":"Formaciones","link":"https:\/\/cepronda.com\/blog\/category\/formaciones\/"},"img":{"alt_text":"","src":"https:\/\/i0.wp.com\/cepronda.com\/blog\/wp-content\/uploads\/2021\/04\/article.jpg?resize=350%2C200","width":350,"height":200},"classes":[]},{"id":485,"url":"https:\/\/cepronda.com\/blog\/curso-trabajar-en-el-aula-con-alumnado-de-altas-capacidades\/","url_meta":{"origin":5988,"position":5},"title":"Curso \u00abTrabajar en el aula con alumnado de altas capacidades\u00bb","author":"V\u00edctor Caballero","date":"13 diciembre, 2016","format":false,"excerpt":"\u00a1Y seguimos en marcha! \u00a1No nos paran! Ahora continuamos con otro curso dirigido a aquellos docentes que est\u00e9n interesados en la atenci\u00f3n al alumnado con altas capacidades intelectuales, con el objetivo principal de adquirir los mecanismos y medios adecuados para dar una \u00f3ptima respuesta a las necesidades educativas de este\u2026","rel":"","context":"En \u00abFormaciones\u00bb","block_context":{"text":"Formaciones","link":"https:\/\/cepronda.com\/blog\/category\/formaciones\/"},"img":{"alt_text":"sunset-485016_640","src":"https:\/\/i0.wp.com\/cepronda.com\/blog\/wp-content\/uploads\/2016\/12\/sunset-485016_640.png?resize=350%2C200","width":350,"height":200,"srcset":"https:\/\/i0.wp.com\/cepronda.com\/blog\/wp-content\/uploads\/2016\/12\/sunset-485016_640.png?resize=350%2C200 1x, https:\/\/i0.wp.com\/cepronda.com\/blog\/wp-content\/uploads\/2016\/12\/sunset-485016_640.png?resize=525%2C300 1.5x"},"classes":[]}],"jetpack_sharing_enabled":true,"_links":{"self":[{"href":"https:\/\/cepronda.com\/blog\/wp-json\/wp\/v2\/posts\/5988","targetHints":{"allow":["GET"]}}],"collection":[{"href":"https:\/\/cepronda.com\/blog\/wp-json\/wp\/v2\/posts"}],"about":[{"href":"https:\/\/cepronda.com\/blog\/wp-json\/wp\/v2\/types\/post"}],"author":[{"embeddable":true,"href":"https:\/\/cepronda.com\/blog\/wp-json\/wp\/v2\/users\/13"}],"replies":[{"embeddable":true,"href":"https:\/\/cepronda.com\/blog\/wp-json\/wp\/v2\/comments?post=5988"}],"version-history":[{"count":1,"href":"https:\/\/cepronda.com\/blog\/wp-json\/wp\/v2\/posts\/5988\/revisions"}],"predecessor-version":[{"id":5992,"href":"https:\/\/cepronda.com\/blog\/wp-json\/wp\/v2\/posts\/5988\/revisions\/5992"}],"wp:featuredmedia":[{"embeddable":true,"href":"https:\/\/cepronda.com\/blog\/wp-json\/wp\/v2\/media\/5990"}],"wp:attachment":[{"href":"https:\/\/cepronda.com\/blog\/wp-json\/wp\/v2\/media?parent=5988"}],"wp:term":[{"taxonomy":"category","embeddable":true,"href":"https:\/\/cepronda.com\/blog\/wp-json\/wp\/v2\/categories?post=5988"},{"taxonomy":"post_tag","embeddable":true,"href":"https:\/\/cepronda.com\/blog\/wp-json\/wp\/v2\/tags?post=5988"}],"curies":[{"name":"wp","href":"https:\/\/api.w.org\/{rel}","templated":true}]}}