{"id":5972,"date":"2023-05-15T12:07:44","date_gmt":"2023-05-15T10:07:44","guid":{"rendered":"https:\/\/cepronda.com\/blog\/?p=5972"},"modified":"2025-04-28T11:48:43","modified_gmt":"2025-04-28T09:48:43","slug":"medidas-organizativas-ante-olas-de-calor-o-altas-temperaturas-excepcionales","status":"publish","type":"post","link":"https:\/\/cepronda.com\/blog\/medidas-organizativas-ante-olas-de-calor-o-altas-temperaturas-excepcionales\/","title":{"rendered":"\u00abMEDIDAS ORGANIZATIVAS ANTE OLAS DE CALOR O ALTAS TEMPERATURAS EXCEPCIONALES\u00bb"},"content":{"rendered":"<p>Se encuentra abierto el plazo de inscripci\u00f3n para la actividad formativa: \u00ab<b>MEDIDAS ORGANIZATIVAS ANTE OLAS DE CALOR O ALTAS TEMPERATURAS EXCEPCIONALES<\/b>\u00ab, con c\u00f3digo&nbsp;<b>239918HVS446<\/b><\/p>\n<p>Se trata de una actividad dirigida al profesorado de centros educativos andaluces sostenidos con fondos p\u00fablicos.<\/p>\n<p>La modalidad es&nbsp;<b>CURSO A DISTANCIA<\/b>&nbsp;(sin tutorizaci\u00f3n) con una duraci\u00f3n total de&nbsp;<b>10 horas<\/b>, que se realizar\u00e1 \u00edntegramente a&nbsp;trav\u00e9s del Aula Virtual de&nbsp;Formaci\u00f3n del Profesorado.<\/p>\n<p>Fecha de realizaci\u00f3n: Del 22\/05 al 12\/06\/2023<\/p>\n<p>La inscripci\u00f3n se puede realizar a trav\u00e9s del siguiente&nbsp;enlace:<a href=\"https:\/\/www.juntadeandalucia.es\/educacion\/secretariavirtual\/consultaCEP\/actividad\/239918HVS446\/\" target=\"_blank\" rel=\"noopener\" data-saferedirecturl=\"https:\/\/www.google.com\/url?q=https:\/\/www.juntadeandalucia.es\/educacion\/secretariavirtual\/consultaCEP\/actividad\/239918HVS446\/&amp;source=gmail&amp;ust=1684309448102000&amp;usg=AOvVaw2QjN4iHhaC6lNTUn9jLGRL\">https:\/\/www.<wbr>juntadeandalucia.es\/educacion\/<wbr>secretariavirtual\/consultaCEP\/<wbr>actividad\/239918HVS446\/<\/a><\/p>\n<p>&nbsp;<\/p>\n<p>&nbsp;<\/p>\n<p><img data-recalc-dims=\"1\" loading=\"lazy\" decoding=\"async\" class=\"size-medium wp-image-5973 aligncenter\" style=\"font-weight: inherit;\" src=\"https:\/\/i0.wp.com\/cepronda.com\/blog\/wp-content\/uploads\/2023\/05\/FwKT9ePXwAUN9C-1.jpg?resize=300%2C169&#038;ssl=1\" alt=\"\" width=\"300\" height=\"169\" srcset=\"https:\/\/i0.wp.com\/cepronda.com\/blog\/wp-content\/uploads\/2023\/05\/FwKT9ePXwAUN9C-1.jpg?resize=300%2C169&amp;ssl=1 300w, https:\/\/i0.wp.com\/cepronda.com\/blog\/wp-content\/uploads\/2023\/05\/FwKT9ePXwAUN9C-1.jpg?resize=1024%2C576&amp;ssl=1 1024w, https:\/\/i0.wp.com\/cepronda.com\/blog\/wp-content\/uploads\/2023\/05\/FwKT9ePXwAUN9C-1.jpg?resize=768%2C432&amp;ssl=1 768w, https:\/\/i0.wp.com\/cepronda.com\/blog\/wp-content\/uploads\/2023\/05\/FwKT9ePXwAUN9C-1.jpg?w=1200&amp;ssl=1 1200w\" sizes=\"auto, (max-width: 300px) 100vw, 300px\" \/><\/p>\n","protected":false},"excerpt":{"rendered":"<p>Se encuentra abierto el plazo de inscripci\u00f3n para la actividad formativa: \u00abMEDIDAS ORGANIZATIVAS ANTE OLAS DE CALOR O ALTAS TEMPERATURAS EXCEPCIONALES\u00ab, con c\u00f3digo&nbsp;239918HVS446 Se trata de una actividad dirigida al profesorado de centros educativos andaluces sostenidos con fondos p\u00fablicos. La modalidad es&nbsp;CURSO A DISTANCIA&nbsp;(sin tutorizaci\u00f3n) con una duraci\u00f3n total de&nbsp;10 horas, que se realizar\u00e1 \u00edntegramente [&hellip;]<\/p>\n","protected":false},"author":13,"featured_media":5973,"comment_status":"closed","ping_status":"open","sticky":false,"template":"","format":"standard","meta":{"_crdt_document":"","advanced_seo_description":"","jetpack_seo_html_title":"","jetpack_seo_noindex":false,"jetpack_post_was_ever_published":false,"_jetpack_newsletter_access":"","_jetpack_dont_email_post_to_subs":false,"_jetpack_newsletter_tier_id":0,"_jetpack_memberships_contains_paywalled_content":false,"_jetpack_memberships_contains_paid_content":false,"footnotes":"","jetpack_publicize_message":"","jetpack_publicize_feature_enabled":true,"jetpack_social_post_already_shared":false,"jetpack_social_options":{"image_generator_settings":{"template":"highway","default_image_id":0,"font":"","enabled":false},"version":2}},"categories":[3,5],"tags":[],"class_list":{"0":"post-5972","1":"post","2":"type-post","3":"status-publish","4":"format-standard","5":"has-post-thumbnail","7":"category-formaciones","8":"category-noticias","9":"czr-hentry"},"jetpack_publicize_connections":[],"jetpack_featured_media_url":"https:\/\/i0.wp.com\/cepronda.com\/blog\/wp-content\/uploads\/2023\/05\/FwKT9ePXwAUN9C-1.jpg?fit=1200%2C675&ssl=1","jetpack_shortlink":"https:\/\/wp.me\/p8M4X7-1yk","jetpack-related-posts":[{"id":5988,"url":"https:\/\/cepronda.com\/blog\/webinar-medidas-organizativas-ante-olas-de-calor-o-altas-temperaturas-excepcionales\/","url_meta":{"origin":5972,"position":0},"title":"WEBINAR MEDIDAS ORGANIZATIVAS ANTE OLAS DE CALOR O ALTAS TEMPERATURAS EXCEPCIONALES","author":"Mamen Moreno","date":"23 mayo, 2023","format":false,"excerpt":"de \u00e1mbito regional sobre \"MEDIDAS ORGANIZATIVAS ANTE OLAS DE CALOR O ALTAS TEMPERATURAS EXCEPCIONALES\" D\u00eda: Pr\u00f3ximo 25 de mayo \u00a0 Horario: De 11:00 a 11:30 am a cargo de D\u00ba Rafael Mart\u00ednez Nogueras. Jefe de Servicio de Medicina Preventiva y Salud P\u00fablica del Hospital Universitario de Ja\u00e9n. Lugar: Webex \u00a0\u2026","rel":"","context":"En \u00abFormaciones\u00bb","block_context":{"text":"Formaciones","link":"https:\/\/cepronda.com\/blog\/category\/formaciones\/"},"img":{"alt_text":"","src":"https:\/\/i0.wp.com\/cepronda.com\/blog\/wp-content\/uploads\/2023\/05\/JJ.jpeg?fit=1200%2C675&ssl=1&resize=350%2C200","width":350,"height":200,"srcset":"https:\/\/i0.wp.com\/cepronda.com\/blog\/wp-content\/uploads\/2023\/05\/JJ.jpeg?fit=1200%2C675&ssl=1&resize=350%2C200 1x, https:\/\/i0.wp.com\/cepronda.com\/blog\/wp-content\/uploads\/2023\/05\/JJ.jpeg?fit=1200%2C675&ssl=1&resize=525%2C300 1.5x, https:\/\/i0.wp.com\/cepronda.com\/blog\/wp-content\/uploads\/2023\/05\/JJ.jpeg?fit=1200%2C675&ssl=1&resize=700%2C400 2x, https:\/\/i0.wp.com\/cepronda.com\/blog\/wp-content\/uploads\/2023\/05\/JJ.jpeg?fit=1200%2C675&ssl=1&resize=1050%2C600 3x"},"classes":[]},{"id":5802,"url":"https:\/\/cepronda.com\/blog\/kit-de-herramientas-digitales-para-el-profesorado-i\/","url_meta":{"origin":5972,"position":1},"title":"KIT DE HERRAMIENTAS DIGITALES PARA EL PROFESORADO I","author":"Inmaculada Garc\u00eda","date":"24 febrero, 2023","format":false,"excerpt":"Abierto el plazo de inscripci\u00f3n del CURSO A DISTANCIA: KIT DE HERRAMIENTAS DIGITALES PARA EL PROFESORADO I (232924GE022) M\u00e1s informaci\u00f3n e inscripci\u00f3n: https:\/\/www.juntadeandalucia.es\/educacion\/secretariavirtual\/consultaCEP\/actividad\/232924GE022\/ Fechas de inscripci\u00f3n: 21\/02\/2023 hasta 06\/03\/2023 Fecha actividad: 13\/03\/2023 hasta 21\/04\/2023 \u00a0","rel":"","context":"En \u00abFormaciones\u00bb","block_context":{"text":"Formaciones","link":"https:\/\/cepronda.com\/blog\/category\/formaciones\/"},"img":{"alt_text":"","src":"https:\/\/i0.wp.com\/cepronda.com\/blog\/wp-content\/uploads\/2023\/02\/Colorful-Illustration-Technology-Assists-in-Learning-Poster.png?fit=848%2C1200&ssl=1&resize=350%2C200","width":350,"height":200,"srcset":"https:\/\/i0.wp.com\/cepronda.com\/blog\/wp-content\/uploads\/2023\/02\/Colorful-Illustration-Technology-Assists-in-Learning-Poster.png?fit=848%2C1200&ssl=1&resize=350%2C200 1x, https:\/\/i0.wp.com\/cepronda.com\/blog\/wp-content\/uploads\/2023\/02\/Colorful-Illustration-Technology-Assists-in-Learning-Poster.png?fit=848%2C1200&ssl=1&resize=525%2C300 1.5x, https:\/\/i0.wp.com\/cepronda.com\/blog\/wp-content\/uploads\/2023\/02\/Colorful-Illustration-Technology-Assists-in-Learning-Poster.png?fit=848%2C1200&ssl=1&resize=700%2C400 2x"},"classes":[]},{"id":6013,"url":"https:\/\/cepronda.com\/blog\/kit-de-herramientas-digitales-para-el-profesorado-ii-232924ge043\/","url_meta":{"origin":5972,"position":2},"title":"KIT DE HERRAMIENTAS DIGITALES PARA EL PROFESORADO II (232924GE043)","author":"Inmaculada Garc\u00eda","date":"17 abril, 2023","format":false,"excerpt":"Abierto el plazo de inscripci\u00f3n del CURSO A DISTANCIA: KIT DE HERRAMIENTAS DIGITALES PARA EL PROFESORADO II (232924GE043). Curso a distancia en el Aula Virtual del Profesorado, con una duraci\u00f3n de 30h. M\u00e1s informaci\u00f3n e inscripci\u00f3n: https:\/\/www.juntadeandalucia.es\/educacion\/secretariavirtual\/consultaCEP\/actividad\/232924GE043\/ Fecha actividad:\u00a004\/05\/2023 hasta 23\/06\/2023 Fecha inscripci\u00f3n:\u00a017\/04\/2023 hasta 26\/04\/2023 \u00a0","rel":"","context":"En \u00abFormaciones\u00bb","block_context":{"text":"Formaciones","link":"https:\/\/cepronda.com\/blog\/category\/formaciones\/"},"img":{"alt_text":"","src":"https:\/\/i0.wp.com\/cepronda.com\/blog\/wp-content\/uploads\/2023\/02\/Colorful-Illustration-Technology-Assists-in-Learning-Poster.jpg?fit=848%2C1200&ssl=1&resize=350%2C200","width":350,"height":200,"srcset":"https:\/\/i0.wp.com\/cepronda.com\/blog\/wp-content\/uploads\/2023\/02\/Colorful-Illustration-Technology-Assists-in-Learning-Poster.jpg?fit=848%2C1200&ssl=1&resize=350%2C200 1x, https:\/\/i0.wp.com\/cepronda.com\/blog\/wp-content\/uploads\/2023\/02\/Colorful-Illustration-Technology-Assists-in-Learning-Poster.jpg?fit=848%2C1200&ssl=1&resize=525%2C300 1.5x, https:\/\/i0.wp.com\/cepronda.com\/blog\/wp-content\/uploads\/2023\/02\/Colorful-Illustration-Technology-Assists-in-Learning-Poster.jpg?fit=848%2C1200&ssl=1&resize=700%2C400 2x"},"classes":[]},{"id":9203,"url":"https:\/\/cepronda.com\/blog\/curso-regional-a-distancia-curso-para-profesorado-de-area-no-linguistica-en-ingles\/","url_meta":{"origin":5972,"position":3},"title":"CURSO REGIONAL A DISTANCIA: CURSO PARA PROFESORADO DE \u00c1REA NO LING\u00dc\u00cdSTICA EN INGL\u00c9S","author":"Encarni Jim\u00e9nez Rosado","date":"13 enero, 2026","format":false,"excerpt":"Abierto plazo de inscripci\u00f3n para curso \u201cREGIONAL A DISTANCIA: CURSO PARA PROFESORADO DE \u00c1REA NO LING\u00dc\u00cdSTICA EN INGL\u00c9S\u201d. C\u00f3digo: 26K9926AV156. Dirigido al profesorado de \u00e1reas no ling\u00fc\u00edsticas de centro biling\u00fces de Andaluc\u00eda. Inscripci\u00f3n: 07\/01\/2026 al 21\/01\/2026. Fecha de realizaci\u00f3n de la actividad 27\/01\/2026 hasta 26\/03\/2026. M\u00e1s informaci\u00f3n e inscripci\u00f3n: https:\/\/secretariavirtual.juntadeandalucia.es\/secretariavirtual\/consultaCEP\/actividad\/26K9926AV156\/","rel":"","context":"En \u00abFormaciones\u00bb","block_context":{"text":"Formaciones","link":"https:\/\/cepronda.com\/blog\/category\/formaciones\/"},"img":{"alt_text":"","src":"","width":0,"height":0},"classes":[]},{"id":7591,"url":"https:\/\/cepronda.com\/blog\/i-jornadas-provinciales-profesorado-de-educacion-plastica-visual-y-audiovisual\/","url_meta":{"origin":5972,"position":4},"title":"I JORNADAS PROVINCIALES PROFESORADO DE EDUCACI\u00d3N PL\u00c1STICA, VISUAL Y AUDIOVISUAL.","author":"Mamen Moreno","date":"22 abril, 2024","format":false,"excerpt":"Abierto el plazo de solicitudes de las I JORNADAS PROVINCIALES PROFESORADO DE EDUCACI\u00d3N PL\u00c1STICA, VISUAL Y AUDIOVISUAL. 8 horas presenciales (Lugar: Colecci\u00f3n del Museo Ruso de M\u00e1laga). Fecha inscripci\u00f3n: 22\/04\/2024 hasta 06\/05\/2024. Fecha actividad: 16\/05\/2024. M\u00e1s informaci\u00f3n e inscripci\u00f3n: https:\/\/www.juntadeandalucia.es\/educacion\/secretariavirtual\/consultaCEP\/actividad\/242922GE257\/","rel":"","context":"En \u00abNoticias\u00bb","block_context":{"text":"Noticias","link":"https:\/\/cepronda.com\/blog\/category\/noticias\/"},"img":{"alt_text":"","src":"https:\/\/i0.wp.com\/cepronda.com\/blog\/wp-content\/uploads\/2024\/04\/WhatsApp-Image-2024-04-20-at-11.09.52.jpeg?fit=942%2C787&ssl=1&resize=350%2C200","width":350,"height":200,"srcset":"https:\/\/i0.wp.com\/cepronda.com\/blog\/wp-content\/uploads\/2024\/04\/WhatsApp-Image-2024-04-20-at-11.09.52.jpeg?fit=942%2C787&ssl=1&resize=350%2C200 1x, https:\/\/i0.wp.com\/cepronda.com\/blog\/wp-content\/uploads\/2024\/04\/WhatsApp-Image-2024-04-20-at-11.09.52.jpeg?fit=942%2C787&ssl=1&resize=525%2C300 1.5x, https:\/\/i0.wp.com\/cepronda.com\/blog\/wp-content\/uploads\/2024\/04\/WhatsApp-Image-2024-04-20-at-11.09.52.jpeg?fit=942%2C787&ssl=1&resize=700%2C400 2x"},"classes":[]},{"id":7242,"url":"https:\/\/cepronda.com\/blog\/curso-para-el-profesorado-area-no-linguistica-anl-en-frances\/","url_meta":{"origin":5972,"position":5},"title":"CURSO PARA EL PROFESORADO \u00c1REA NO LING\u00dc\u00cdSTICA (ANL) EN FRANC\u00c9S","author":"Mamen Moreno","date":"5 diciembre, 2023","format":false,"excerpt":"Abierto el plazo de inscripci\u00f3n para el curso regional a distancia, dirigido al profesorado de \u00e1reas no ling\u00fc\u00edsticas de centros biling\u00fces franc\u00e9s: CURSO PARA PROFESORADO DE \u00c1REA NO LING\u00dc\u00cdSTICA EN FRANC\u00c9S c\u00f3digo: 24K9926AV155 Plazo de Inscripci\u00f3n: 04\/12\/2023 al 18\/12\/2023 Del 08\/01\/2024 hasta 29\/02\/2024 Enlace de inscripci\u00f3n:\u00a0https:\/\/www.juntadeandalucia.es\/educacion\/secretariavirtual\/consultaCEP\/actividad\/24K9926AV155\/","rel":"","context":"En \u00abFormaciones\u00bb","block_context":{"text":"Formaciones","link":"https:\/\/cepronda.com\/blog\/category\/formaciones\/"},"img":{"alt_text":"","src":"https:\/\/i0.wp.com\/cepronda.com\/blog\/wp-content\/uploads\/2023\/12\/CODIGO-1.png?fit=1080%2C1080&ssl=1&resize=350%2C200","width":350,"height":200,"srcset":"https:\/\/i0.wp.com\/cepronda.com\/blog\/wp-content\/uploads\/2023\/12\/CODIGO-1.png?fit=1080%2C1080&ssl=1&resize=350%2C200 1x, https:\/\/i0.wp.com\/cepronda.com\/blog\/wp-content\/uploads\/2023\/12\/CODIGO-1.png?fit=1080%2C1080&ssl=1&resize=525%2C300 1.5x, https:\/\/i0.wp.com\/cepronda.com\/blog\/wp-content\/uploads\/2023\/12\/CODIGO-1.png?fit=1080%2C1080&ssl=1&resize=700%2C400 2x, https:\/\/i0.wp.com\/cepronda.com\/blog\/wp-content\/uploads\/2023\/12\/CODIGO-1.png?fit=1080%2C1080&ssl=1&resize=1050%2C600 3x"},"classes":[]}],"jetpack_sharing_enabled":true,"_links":{"self":[{"href":"https:\/\/cepronda.com\/blog\/wp-json\/wp\/v2\/posts\/5972","targetHints":{"allow":["GET"]}}],"collection":[{"href":"https:\/\/cepronda.com\/blog\/wp-json\/wp\/v2\/posts"}],"about":[{"href":"https:\/\/cepronda.com\/blog\/wp-json\/wp\/v2\/types\/post"}],"author":[{"embeddable":true,"href":"https:\/\/cepronda.com\/blog\/wp-json\/wp\/v2\/users\/13"}],"replies":[{"embeddable":true,"href":"https:\/\/cepronda.com\/blog\/wp-json\/wp\/v2\/comments?post=5972"}],"version-history":[{"count":1,"href":"https:\/\/cepronda.com\/blog\/wp-json\/wp\/v2\/posts\/5972\/revisions"}],"predecessor-version":[{"id":5974,"href":"https:\/\/cepronda.com\/blog\/wp-json\/wp\/v2\/posts\/5972\/revisions\/5974"}],"wp:featuredmedia":[{"embeddable":true,"href":"https:\/\/cepronda.com\/blog\/wp-json\/wp\/v2\/media\/5973"}],"wp:attachment":[{"href":"https:\/\/cepronda.com\/blog\/wp-json\/wp\/v2\/media?parent=5972"}],"wp:term":[{"taxonomy":"category","embeddable":true,"href":"https:\/\/cepronda.com\/blog\/wp-json\/wp\/v2\/categories?post=5972"},{"taxonomy":"post_tag","embeddable":true,"href":"https:\/\/cepronda.com\/blog\/wp-json\/wp\/v2\/tags?post=5972"}],"curies":[{"name":"wp","href":"https:\/\/api.w.org\/{rel}","templated":true}]}}