{"id":5968,"date":"2023-05-12T09:13:39","date_gmt":"2023-05-12T07:13:39","guid":{"rendered":"https:\/\/cepronda.com\/blog\/?p=5968"},"modified":"2025-04-28T11:48:43","modified_gmt":"2025-04-28T09:48:43","slug":"podcast-recurso-educativo-didactico-e-internivelar-para-todas-las-especialidades-dentro-y-fuera-del-aula-virtual-2","status":"publish","type":"post","link":"https:\/\/cepronda.com\/blog\/podcast-recurso-educativo-didactico-e-internivelar-para-todas-las-especialidades-dentro-y-fuera-del-aula-virtual-2\/","title":{"rendered":"PODCAST: RECURSO EDUCATIVO, DID\u00c1CTICO E INTERNIVELAR, PARA TODAS LAS ESPECIALIDADES, DENTRO Y FUERA\u00a0DEL AULA VIRTUAL."},"content":{"rendered":"<p>Abierto el plazo de inscripciones del <strong>curso provincial<\/strong> PODCAST: RECURSO EDUCATIVO, DID\u00c1CTICO E INTERNIVELAR, PARA TODAS LAS ESPECIALIDADES, DENTRO Y FUERA&nbsp;<span style=\"font-weight: inherit;\">DEL AULA VIRTUAL. ENFOQUE PR\u00c1CTICO.<\/span><span style=\"font-weight: inherit;\">(<\/span><span style=\"font-weight: inherit;\">232924GE012).<\/span><\/p>\n<p><strong>15 horas:<\/strong> 6 Presenciales videoconferencias y 9 No presenciales online.<\/p>\n<p><strong>Fechas de inscripci\u00f3n:<\/strong> Del 12 al 28 de mayo de 2023<\/p>\n<p><strong>Fechas de realizaci\u00f3n:<\/strong> Del 1 al 20 de junio de 2023&nbsp;<\/p>\n<p>Para m\u00e1s informaci\u00f3n e inscripciones pincha en el siguiente enlace:<\/p>\n<p><a href=\"https:\/\/www.juntadeandalucia.es\/educacion\/secretariavirtual\/consultaCEP\/actividad\/232924GE012\/\">https:\/\/www.juntadeandalucia.es\/educacion\/secretariavirtual\/consultaCEP\/actividad\/232924GE012\/<\/a><\/p>\n<p>&nbsp;<\/p>\n<p><img data-recalc-dims=\"1\" loading=\"lazy\" decoding=\"async\" class=\"size-medium wp-image-5969 aligncenter\" src=\"https:\/\/i0.wp.com\/cepronda.com\/blog\/wp-content\/uploads\/2023\/05\/WhatsApp-Image-2023-05-15-at-08.49.02.jpeg?resize=212%2C300&#038;ssl=1\" alt=\"\" width=\"212\" height=\"300\" srcset=\"https:\/\/i0.wp.com\/cepronda.com\/blog\/wp-content\/uploads\/2023\/05\/WhatsApp-Image-2023-05-15-at-08.49.02.jpeg?resize=212%2C300&amp;ssl=1 212w, https:\/\/i0.wp.com\/cepronda.com\/blog\/wp-content\/uploads\/2023\/05\/WhatsApp-Image-2023-05-15-at-08.49.02.jpeg?resize=724%2C1024&amp;ssl=1 724w, https:\/\/i0.wp.com\/cepronda.com\/blog\/wp-content\/uploads\/2023\/05\/WhatsApp-Image-2023-05-15-at-08.49.02.jpeg?resize=768%2C1086&amp;ssl=1 768w, https:\/\/i0.wp.com\/cepronda.com\/blog\/wp-content\/uploads\/2023\/05\/WhatsApp-Image-2023-05-15-at-08.49.02.jpeg?resize=1086%2C1536&amp;ssl=1 1086w, https:\/\/i0.wp.com\/cepronda.com\/blog\/wp-content\/uploads\/2023\/05\/WhatsApp-Image-2023-05-15-at-08.49.02.jpeg?w=1131&amp;ssl=1 1131w\" sizes=\"auto, (max-width: 212px) 100vw, 212px\" \/><\/p>\n","protected":false},"excerpt":{"rendered":"<p>Abierto el plazo de inscripciones del curso provincial PODCAST: RECURSO EDUCATIVO, DID\u00c1CTICO E INTERNIVELAR, PARA TODAS LAS ESPECIALIDADES, DENTRO Y FUERA&nbsp;DEL AULA VIRTUAL. ENFOQUE PR\u00c1CTICO.(232924GE012). 15 horas: 6 Presenciales videoconferencias y 9 No presenciales online. Fechas de inscripci\u00f3n: Del 12 al 28 de mayo de 2023 Fechas de realizaci\u00f3n: Del 1 al 20 de junio [&hellip;]<\/p>\n","protected":false},"author":13,"featured_media":5969,"comment_status":"closed","ping_status":"open","sticky":false,"template":"","format":"standard","meta":{"_crdt_document":"","advanced_seo_description":"","jetpack_seo_html_title":"","jetpack_seo_noindex":false,"jetpack_post_was_ever_published":false,"_jetpack_newsletter_access":"","_jetpack_dont_email_post_to_subs":false,"_jetpack_newsletter_tier_id":0,"_jetpack_memberships_contains_paywalled_content":false,"_jetpack_memberships_contains_paid_content":false,"footnotes":"","jetpack_publicize_message":"","jetpack_publicize_feature_enabled":true,"jetpack_social_post_already_shared":false,"jetpack_social_options":{"image_generator_settings":{"template":"highway","default_image_id":0,"font":"","enabled":false},"version":2}},"categories":[3,5],"tags":[],"class_list":{"0":"post-5968","1":"post","2":"type-post","3":"status-publish","4":"format-standard","5":"has-post-thumbnail","7":"category-formaciones","8":"category-noticias","9":"czr-hentry"},"jetpack_publicize_connections":[],"jetpack_featured_media_url":"https:\/\/i0.wp.com\/cepronda.com\/blog\/wp-content\/uploads\/2023\/05\/WhatsApp-Image-2023-05-15-at-08.49.02.jpeg?fit=1131%2C1600&ssl=1","jetpack_shortlink":"https:\/\/wp.me\/p8M4X7-1yg","jetpack-related-posts":[{"id":9011,"url":"https:\/\/cepronda.com\/blog\/podcast-recurso-educativo-didactico-e-internivelar-para-todas-las-especialidades-dentro-y-fuera-del-aula-virtual-enfoque-practico\/","url_meta":{"origin":5968,"position":0},"title":"PODCAST: RECURSO EDUCATIVO, DID\u00c1CTICO E INTERNIVELAR, PARA TODAS LAS ESPECIALIDADES, DENTRO Y FUERA DEL AULA VIRTUAL. ENFOQUE PR\u00c1CTICO.","author":"V\u00edctor Caballero","date":"5 noviembre, 2025","format":false,"excerpt":"Abierto el plazo de inscripci\u00f3n para el curso con seguimiento\u00a0 \"PODCAST: RECURSO EDUCATIVO, DID\u00c1CTICO E INTERNIVELAR, PARA TODAS LAS ESPECIALIDADES, DENTRO Y FUERA DEL AULA VIRTUAL. ENFOQUE PR\u00c1CTICO.\" c\u00f3digo 262924GE104 Destinado para docentes de cualquier etapa o especialidad que quieran descubrir el potencial educativo del podcast como herramienta creativa, interdisciplinar\u2026","rel":"","context":"En \u00abFormaciones\u00bb","block_context":{"text":"Formaciones","link":"https:\/\/cepronda.com\/blog\/category\/formaciones\/"},"img":{"alt_text":"","src":"https:\/\/i0.wp.com\/cepronda.com\/blog\/wp-content\/uploads\/2025\/11\/262924GE104_PODCAST.png?fit=848%2C1200&ssl=1&resize=350%2C200","width":350,"height":200,"srcset":"https:\/\/i0.wp.com\/cepronda.com\/blog\/wp-content\/uploads\/2025\/11\/262924GE104_PODCAST.png?fit=848%2C1200&ssl=1&resize=350%2C200 1x, https:\/\/i0.wp.com\/cepronda.com\/blog\/wp-content\/uploads\/2025\/11\/262924GE104_PODCAST.png?fit=848%2C1200&ssl=1&resize=525%2C300 1.5x, https:\/\/i0.wp.com\/cepronda.com\/blog\/wp-content\/uploads\/2025\/11\/262924GE104_PODCAST.png?fit=848%2C1200&ssl=1&resize=700%2C400 2x"},"classes":[]},{"id":4811,"url":"https:\/\/cepronda.com\/blog\/podcast-recurso-educativo-didactico-e-internivelar-para-todas-las-especialidades-dentro-y-fuera-del-aula-virtual-nivel-ii-2\/","url_meta":{"origin":5968,"position":1},"title":"PODCAST: RECURSO EDUCATIVO, DID\u00c1CTICO E INTERNIVELAR, PARA TODAS LAS ESPECIALIDADES, DENTRO Y FUERA DEL AULA VIRTUAL. NIVEL II","author":"Maribel Mu\u00f1oz","date":"25 octubre, 2021","format":false,"excerpt":"Buenas tardes compa\u00f1eras y compa\u00f1eros, Os informamos que est\u00e1 abierto el plazo de inscripci\u00f3n en la actividad \u00a0\"PODCAST: RECURSO EDUCATIVO, DID\u00c1CTICO E INTERNIVELAR, PARA TODAS LAS ESPECIALIDADES, DENTRO Y FUERA DEL AULA VIRTUAL. NIVEL II\" con c\u00f3digo 222924GE019. Es una actividad PROVINCIAL.\u00a0 Se desarrollar\u00e1 en el Aula Virtual de Formaci\u00f3n\u2026","rel":"","context":"En \u00abFormaciones\u00bb","block_context":{"text":"Formaciones","link":"https:\/\/cepronda.com\/blog\/category\/formaciones\/"},"img":{"alt_text":"","src":"https:\/\/i0.wp.com\/cepronda.com\/blog\/wp-content\/uploads\/2021\/10\/PODCAST-NIVEL-II-PROVINCIAL-212x300.png?resize=350%2C200","width":350,"height":200},"classes":[]},{"id":4089,"url":"https:\/\/cepronda.com\/blog\/podcast-recurso-educativo-didactico-e-internivelar-para-todas-las-especialidades-dentro-y-fuera-del-aula-virtual-nivel-i\/","url_meta":{"origin":5968,"position":2},"title":"PODCAST: RECURSO EDUCATIVO, DID\u00c1CTICO E INTERNIVELAR, PARA TODAS LAS ESPECIALIDADES, DENTRO Y FUERA DEL AULA VIRTUAL. NIVEL I","author":"Maribel Mu\u00f1oz","date":"7 enero, 2021","format":false,"excerpt":"Buenas tardes compa\u00f1eras y compa\u00f1eros, Os informamos que est\u00e1 abierto el plazo de inscripci\u00f3n de la formaci\u00f3n\u00a0 PODCAST: RECURSO EDUCATIVO, DID\u00c1CTICO E INTERNIVELAR, PARA TODAS LAS ESPECIALIDADES, DENTRO Y FUERA DEL AULA VIRTUAL. NIVEL I a nivel provincial,\u00a0 y que comenzar\u00e1 a desarrollarse el pr\u00f3ximo\u00a0 01\/02\/2021. Adjuntamos enlace : https:\/\/www.juntadeandalucia.es\/educacion\/secretariavirtual\/consultaCEP\/actividad\/212924GE007\/\u2026","rel":"","context":"En \u00abFormaciones\u00bb","block_context":{"text":"Formaciones","link":"https:\/\/cepronda.com\/blog\/category\/formaciones\/"},"img":{"alt_text":"podcast","src":"https:\/\/i0.wp.com\/cepronda.com\/blog\/wp-content\/uploads\/2021\/01\/JORNADAS-INFORMATIVAS-SOBRE-LA-CONVOCATORIA-DE-GRUPOS-DE-TRABAJO-FORMACION-EN-CENTROS-Y-PROGRAMAS-EDUCATIVOS.jpg?fit=848%2C1200&ssl=1&resize=350%2C200","width":350,"height":200,"srcset":"https:\/\/i0.wp.com\/cepronda.com\/blog\/wp-content\/uploads\/2021\/01\/JORNADAS-INFORMATIVAS-SOBRE-LA-CONVOCATORIA-DE-GRUPOS-DE-TRABAJO-FORMACION-EN-CENTROS-Y-PROGRAMAS-EDUCATIVOS.jpg?fit=848%2C1200&ssl=1&resize=350%2C200 1x, https:\/\/i0.wp.com\/cepronda.com\/blog\/wp-content\/uploads\/2021\/01\/JORNADAS-INFORMATIVAS-SOBRE-LA-CONVOCATORIA-DE-GRUPOS-DE-TRABAJO-FORMACION-EN-CENTROS-Y-PROGRAMAS-EDUCATIVOS.jpg?fit=848%2C1200&ssl=1&resize=525%2C300 1.5x, https:\/\/i0.wp.com\/cepronda.com\/blog\/wp-content\/uploads\/2021\/01\/JORNADAS-INFORMATIVAS-SOBRE-LA-CONVOCATORIA-DE-GRUPOS-DE-TRABAJO-FORMACION-EN-CENTROS-Y-PROGRAMAS-EDUCATIVOS.jpg?fit=848%2C1200&ssl=1&resize=700%2C400 2x"},"classes":[]},{"id":4180,"url":"https:\/\/cepronda.com\/blog\/podcast-recurso-educativo-didactico-e-internivelar-para-todas-las-especialidades-dentro-y-fuera-del-aula-virtual-nivel-ii\/","url_meta":{"origin":5968,"position":3},"title":"PODCAST: RECURSO EDUCATIVO, DID\u00c1CTICO E INTERNIVELAR, PARA TODAS LAS ESPECIALIDADES, DENTRO Y FUERA DEL AULA VIRTUAL. NIVEL II","author":"Maribel Mu\u00f1oz","date":"11 febrero, 2021","format":false,"excerpt":"Buenos d\u00edas compa\u00f1eras y compa\u00f1eros,Os informamos que est\u00e1 abierto el plazo de inscripci\u00f3n de la formaci\u00f3n\u00a0 PODCAST: RECURSO EDUCATIVO, DID\u00c1CTICO E INTERNIVELAR. NIVEL II\u00a0 212924GE008,\u00a0\u00a0 que comenzar\u00e1 a desarrollarse el pr\u00f3ximo\u00a0 08\/03\/2021. Adjuntamos enlace : https:\/\/www.juntadeandalucia.es\/educacion\/secretariavirtual\/consultaCEP\/actividad\/212924GE008\/Te rogamos que en el caso de renunciar o no poder asistir a esta formaci\u00f3n,\u2026","rel":"","context":"En \u00abFormaciones\u00bb","block_context":{"text":"Formaciones","link":"https:\/\/cepronda.com\/blog\/category\/formaciones\/"},"img":{"alt_text":"","src":"https:\/\/i0.wp.com\/cepronda.com\/blog\/wp-content\/uploads\/2021\/02\/PODCAST-II-212924GE008.jpg?fit=848%2C1200&ssl=1&resize=350%2C200","width":350,"height":200,"srcset":"https:\/\/i0.wp.com\/cepronda.com\/blog\/wp-content\/uploads\/2021\/02\/PODCAST-II-212924GE008.jpg?fit=848%2C1200&ssl=1&resize=350%2C200 1x, https:\/\/i0.wp.com\/cepronda.com\/blog\/wp-content\/uploads\/2021\/02\/PODCAST-II-212924GE008.jpg?fit=848%2C1200&ssl=1&resize=525%2C300 1.5x, https:\/\/i0.wp.com\/cepronda.com\/blog\/wp-content\/uploads\/2021\/02\/PODCAST-II-212924GE008.jpg?fit=848%2C1200&ssl=1&resize=700%2C400 2x"},"classes":[]},{"id":3577,"url":"https:\/\/cepronda.com\/blog\/podcast-recurso-educativo-didactico-e-internivelar-para-todas-las-especialidades-dentro-y-fuera-del-aula-virtual\/","url_meta":{"origin":5968,"position":4},"title":"PODCAST: RECURSO EDUCATIVO, DID\u00c1CTICO E INTERNIVELAR, PARA TODAS LAS ESPECIALIDADES, DENTRO Y FUERA DEL AULA VIRTUAL","author":"V\u00edctor Caballero","date":"7 mayo, 2020","format":false,"excerpt":"Hola familia, \u00bfc\u00f3mo est\u00e1is? Seguimos intentando ayudaros en todo lo que podamos, y en esta ocasi\u00f3n queremos compartir otra de las posibilidades que ten\u00e9is de acercar a vuestro alumnado y familias vuestras clases. Se trata de los Podcast, una herramienta para docentes de cualquier especialidad interesados en el potencial educativo\u2026","rel":"","context":"En \u00abFormaciones\u00bb","block_context":{"text":"Formaciones","link":"https:\/\/cepronda.com\/blog\/category\/formaciones\/"},"img":{"alt_text":"","src":"https:\/\/i0.wp.com\/cepronda.com\/blog\/wp-content\/uploads\/2020\/05\/20200520PODCAST.-RECURSO-EDUCATIVO.png?fit=848%2C1200&ssl=1&resize=350%2C200","width":350,"height":200,"srcset":"https:\/\/i0.wp.com\/cepronda.com\/blog\/wp-content\/uploads\/2020\/05\/20200520PODCAST.-RECURSO-EDUCATIVO.png?fit=848%2C1200&ssl=1&resize=350%2C200 1x, https:\/\/i0.wp.com\/cepronda.com\/blog\/wp-content\/uploads\/2020\/05\/20200520PODCAST.-RECURSO-EDUCATIVO.png?fit=848%2C1200&ssl=1&resize=525%2C300 1.5x, https:\/\/i0.wp.com\/cepronda.com\/blog\/wp-content\/uploads\/2020\/05\/20200520PODCAST.-RECURSO-EDUCATIVO.png?fit=848%2C1200&ssl=1&resize=700%2C400 2x"},"classes":[]},{"id":4913,"url":"https:\/\/cepronda.com\/blog\/la-musicoterapia-como-recurso-educativo-en-el-aula-desde-cualquier-materia\/","url_meta":{"origin":5968,"position":5},"title":"LA MUSICOTERAPIA COMO RECURSO EDUCATIVO EN EL AULA, DESDE CUALQUIER MATERIA","author":"Maribel Mu\u00f1oz","date":"21 diciembre, 2021","format":false,"excerpt":"Buenos d\u00edas compa\u00f1eras y compa\u00f1eros, Os informamos que est\u00e1 abierto el plazo de inscripci\u00f3n en la actividad LA MUSICOTERAPIA COMO RECURSO EDUCATIVO EN EL AULA, DESDE CUALQUIER MATERIA con c\u00f3digo 222924GE027. Es una actividad de \u00e1mbito CEP.\u00a0 Se desarrollar\u00e1 mediante 4 sesiones de videoconferencia. Consta de 10 horas. Las fechas\u2026","rel":"","context":"En \u00abFormaciones\u00bb","block_context":{"text":"Formaciones","link":"https:\/\/cepronda.com\/blog\/category\/formaciones\/"},"img":{"alt_text":"","src":"https:\/\/i0.wp.com\/cepronda.com\/blog\/wp-content\/uploads\/2021\/12\/WhatsApp-Image-2021-12-20-at-13.31.24-1.jpeg?fit=848%2C1200&ssl=1&resize=350%2C200","width":350,"height":200,"srcset":"https:\/\/i0.wp.com\/cepronda.com\/blog\/wp-content\/uploads\/2021\/12\/WhatsApp-Image-2021-12-20-at-13.31.24-1.jpeg?fit=848%2C1200&ssl=1&resize=350%2C200 1x, https:\/\/i0.wp.com\/cepronda.com\/blog\/wp-content\/uploads\/2021\/12\/WhatsApp-Image-2021-12-20-at-13.31.24-1.jpeg?fit=848%2C1200&ssl=1&resize=525%2C300 1.5x, https:\/\/i0.wp.com\/cepronda.com\/blog\/wp-content\/uploads\/2021\/12\/WhatsApp-Image-2021-12-20-at-13.31.24-1.jpeg?fit=848%2C1200&ssl=1&resize=700%2C400 2x"},"classes":[]}],"jetpack_sharing_enabled":true,"_links":{"self":[{"href":"https:\/\/cepronda.com\/blog\/wp-json\/wp\/v2\/posts\/5968","targetHints":{"allow":["GET"]}}],"collection":[{"href":"https:\/\/cepronda.com\/blog\/wp-json\/wp\/v2\/posts"}],"about":[{"href":"https:\/\/cepronda.com\/blog\/wp-json\/wp\/v2\/types\/post"}],"author":[{"embeddable":true,"href":"https:\/\/cepronda.com\/blog\/wp-json\/wp\/v2\/users\/13"}],"replies":[{"embeddable":true,"href":"https:\/\/cepronda.com\/blog\/wp-json\/wp\/v2\/comments?post=5968"}],"version-history":[{"count":1,"href":"https:\/\/cepronda.com\/blog\/wp-json\/wp\/v2\/posts\/5968\/revisions"}],"predecessor-version":[{"id":5970,"href":"https:\/\/cepronda.com\/blog\/wp-json\/wp\/v2\/posts\/5968\/revisions\/5970"}],"wp:featuredmedia":[{"embeddable":true,"href":"https:\/\/cepronda.com\/blog\/wp-json\/wp\/v2\/media\/5969"}],"wp:attachment":[{"href":"https:\/\/cepronda.com\/blog\/wp-json\/wp\/v2\/media?parent=5968"}],"wp:term":[{"taxonomy":"category","embeddable":true,"href":"https:\/\/cepronda.com\/blog\/wp-json\/wp\/v2\/categories?post=5968"},{"taxonomy":"post_tag","embeddable":true,"href":"https:\/\/cepronda.com\/blog\/wp-json\/wp\/v2\/tags?post=5968"}],"curies":[{"name":"wp","href":"https:\/\/api.w.org\/{rel}","templated":true}]}}