{"id":5961,"date":"2023-05-12T13:02:59","date_gmt":"2023-05-12T11:02:59","guid":{"rendered":"https:\/\/cepronda.com\/blog\/?p=5961"},"modified":"2025-04-28T12:16:56","modified_gmt":"2025-04-28T10:16:56","slug":"curso-de-formacion-ciclista-para-docentes","status":"publish","type":"post","link":"https:\/\/cepronda.com\/blog\/curso-de-formacion-ciclista-para-docentes\/","title":{"rendered":"CURSO DE FORMACI\u00d3N CICLISTA PARA DOCENTES"},"content":{"rendered":"<p>Se abre el plazo para el CURSO DE FORMACI\u00d3N CICLISTA PARA DOCENTES.<br \/>\nC\u00f3digo de la actividad: 239922HVS445.<br \/>\n\u00c1mbito regional: 240 plazas<br \/>\nLugar de realizaci\u00f3n: AVFP. Duraci\u00f3n: 30 horas.<br \/>\nPlazo de inscripci\u00f3n: desde el 09\/05\/2023 hasta el 15\/05\/2023.<br \/>\nRealizaci\u00f3n: desde el 22\/05\/2023 hasta el 21\/06\/2023.<br \/>\n<a href=\"https:\/\/www.juntadeandalucia.es\/educacion\/secretariavirtual\/consultaCEP\/actividad\/239922HVS445\/\">M\u00e1s informaci\u00f3n: https:\/\/www.juntadeandalucia.es\/educacion\/secretariavirtual\/consultaCEP\/actividad\/239922HVS445\/<\/a><\/p>\n","protected":false},"excerpt":{"rendered":"<p>Se abre el plazo para el CURSO DE FORMACI\u00d3N CICLISTA PARA DOCENTES. C\u00f3digo de la actividad: 239922HVS445. \u00c1mbito regional: 240 plazas Lugar de realizaci\u00f3n: AVFP. Duraci\u00f3n: 30 horas. Plazo de inscripci\u00f3n: desde el 09\/05\/2023 hasta el 15\/05\/2023. Realizaci\u00f3n: desde el 22\/05\/2023 hasta el 21\/06\/2023. M\u00e1s informaci\u00f3n: https:\/\/www.juntadeandalucia.es\/educacion\/secretariavirtual\/consultaCEP\/actividad\/239922HVS445\/<\/p>\n","protected":false},"author":13,"featured_media":5963,"comment_status":"closed","ping_status":"open","sticky":false,"template":"","format":"standard","meta":{"_crdt_document":"","advanced_seo_description":"","jetpack_seo_html_title":"","jetpack_seo_noindex":false,"jetpack_post_was_ever_published":false,"_jetpack_newsletter_access":"","_jetpack_dont_email_post_to_subs":false,"_jetpack_newsletter_tier_id":0,"_jetpack_memberships_contains_paywalled_content":false,"_jetpack_memberships_contains_paid_content":false,"footnotes":"","jetpack_publicize_message":"","jetpack_publicize_feature_enabled":true,"jetpack_social_post_already_shared":false,"jetpack_social_options":{"image_generator_settings":{"template":"highway","default_image_id":0,"font":"","enabled":false},"version":2}},"categories":[3,5],"tags":[],"class_list":{"0":"post-5961","1":"post","2":"type-post","3":"status-publish","4":"format-standard","5":"has-post-thumbnail","7":"category-formaciones","8":"category-noticias","9":"czr-hentry"},"jetpack_publicize_connections":[],"jetpack_featured_media_url":"https:\/\/i0.wp.com\/cepronda.com\/blog\/wp-content\/uploads\/2023\/05\/445.png?fit=1920%2C1080&ssl=1","jetpack_shortlink":"https:\/\/wp.me\/p8M4X7-1y9","jetpack-related-posts":[{"id":7270,"url":"https:\/\/cepronda.com\/blog\/formacion-logica-y-razonamiento-matematico-a-traves-del-ajedrez-educativo-242922ge012\/","url_meta":{"origin":5961,"position":0},"title":"FORMACI\u00d3N: L\u00d3GICA Y RAZONAMIENTO MATEM\u00c1TICO A TRAV\u00c9S DEL AJEDREZ EDUCATIVO (242922GE012)","author":"Inmaculada Garc\u00eda","date":"11 diciembre, 2023","format":false,"excerpt":"Abierto el plazo de inscripci\u00f3n para el curso presencial, destinado a docentes de la ense\u00f1anza p\u00fablica: L\u00d3GICA Y RAZONAMIENTO MATEM\u00c1TICO A TRAV\u00c9S DEL AJEDREZ EDUCATIVO (242922GE012) Duraci\u00f3n: 15 horas Plazo de inscripci\u00f3n: 11\/12\/2023 hasta 11\/01\/2024 Fechas de realizaci\u00f3n: 18\/01\/2024 hasta 15\/02\/2024 Lugar de realizaci\u00f3n: CEP DE M\u00c1LAGA M\u00e1s informaci\u00f3n e\u2026","rel":"","context":"En \u00abFormaciones\u00bb","block_context":{"text":"Formaciones","link":"https:\/\/cepronda.com\/blog\/category\/formaciones\/"},"img":{"alt_text":"","src":"https:\/\/i0.wp.com\/cepronda.com\/blog\/wp-content\/uploads\/2023\/12\/410355709_872387644523579_4404426349770499370_n.jpg?fit=1080%2C1080&ssl=1&resize=350%2C200","width":350,"height":200,"srcset":"https:\/\/i0.wp.com\/cepronda.com\/blog\/wp-content\/uploads\/2023\/12\/410355709_872387644523579_4404426349770499370_n.jpg?fit=1080%2C1080&ssl=1&resize=350%2C200 1x, https:\/\/i0.wp.com\/cepronda.com\/blog\/wp-content\/uploads\/2023\/12\/410355709_872387644523579_4404426349770499370_n.jpg?fit=1080%2C1080&ssl=1&resize=525%2C300 1.5x, https:\/\/i0.wp.com\/cepronda.com\/blog\/wp-content\/uploads\/2023\/12\/410355709_872387644523579_4404426349770499370_n.jpg?fit=1080%2C1080&ssl=1&resize=700%2C400 2x, https:\/\/i0.wp.com\/cepronda.com\/blog\/wp-content\/uploads\/2023\/12\/410355709_872387644523579_4404426349770499370_n.jpg?fit=1080%2C1080&ssl=1&resize=1050%2C600 3x"},"classes":[]},{"id":6035,"url":"https:\/\/cepronda.com\/blog\/paisajes-artisticos-y-culturales-duodecimo-curso-de-formacion-aula-joaquin-peinado\/","url_meta":{"origin":5961,"position":1},"title":"PA\u00cdSAJES ART\u00cdSTICOS Y CULTURALES. DUOD\u00c9CIMO CURSO DE FORMACI\u00d3N AULA JOAQU\u00cdN PEINADO","author":"Mamen Moreno","date":"12 septiembre, 2023","format":false,"excerpt":"\u00a0 Abierto el plazo de inscripci\u00f3n al curso\u00a0PA\u00cdSAJES ART\u00cdSTICOS Y CULTURALES. DUOD\u00c9CIMO CURSO DE FORMACI\u00d3N AULA JOAQU\u00cdN PEINADO, organizado por Fundaci\u00f3n Unicaja. C\u00f3digo\u00a0242924GE002 Fecha de inscripci\u00f3n:\u00a012\/09\/2023 hasta 02\/10\/2023 Horas: 10 presenciales Fecha de la actividad:\u00a003\/10\/2023 hasta 24\/10\/2023 Lugar de realizaci\u00f3n:\u00a0Sal\u00f3n de actos de la Fundaci\u00f3n Unicaja (c\/Sor Angela de la\u2026","rel":"","context":"En \u00abFormaciones\u00bb","block_context":{"text":"Formaciones","link":"https:\/\/cepronda.com\/blog\/category\/formaciones\/"},"img":{"alt_text":"","src":"https:\/\/i0.wp.com\/cepronda.com\/blog\/wp-content\/uploads\/2023\/09\/paisajes-artisticos-y-culturales.-duodecimo-curso-de-formacion-aula-joaquin-peinado-1.jpg?fit=1080%2C1080&ssl=1&resize=350%2C200","width":350,"height":200,"srcset":"https:\/\/i0.wp.com\/cepronda.com\/blog\/wp-content\/uploads\/2023\/09\/paisajes-artisticos-y-culturales.-duodecimo-curso-de-formacion-aula-joaquin-peinado-1.jpg?fit=1080%2C1080&ssl=1&resize=350%2C200 1x, https:\/\/i0.wp.com\/cepronda.com\/blog\/wp-content\/uploads\/2023\/09\/paisajes-artisticos-y-culturales.-duodecimo-curso-de-formacion-aula-joaquin-peinado-1.jpg?fit=1080%2C1080&ssl=1&resize=525%2C300 1.5x, https:\/\/i0.wp.com\/cepronda.com\/blog\/wp-content\/uploads\/2023\/09\/paisajes-artisticos-y-culturales.-duodecimo-curso-de-formacion-aula-joaquin-peinado-1.jpg?fit=1080%2C1080&ssl=1&resize=700%2C400 2x, https:\/\/i0.wp.com\/cepronda.com\/blog\/wp-content\/uploads\/2023\/09\/paisajes-artisticos-y-culturales.-duodecimo-curso-de-formacion-aula-joaquin-peinado-1.jpg?fit=1080%2C1080&ssl=1&resize=1050%2C600 3x"},"classes":[]},{"id":7288,"url":"https:\/\/cepronda.com\/blog\/inteligencia-artificial-para-docentes\/","url_meta":{"origin":5961,"position":2},"title":"INTELIGENCIA ARTIFICIAL PARA DOCENTES","author":"V\u00edctor Caballero","date":"22 diciembre, 2023","format":false,"excerpt":"Se encuentra abierto el plazo de inscripci\u00f3n para la formaci\u00f3n \u201cINTELIGENCIA ARTIFICIAL PARA DOCENTES.\" C\u00d3DIGO 242924GE013. Ponente:\u00a0 Vanesa Moreno Duraci\u00f3n de la actividad 10 horas presenciales + 2 horas de tareas. Fecha actividad: J11\/01\/2024 (16:30h a 19:00h) CEP de Ronda J18\/01\/2024 (16:30h a 19:00h) CEP de Ronda J25\/01\/2024 (16:30h a\u2026","rel":"","context":"En \u00abFormaciones\u00bb","block_context":{"text":"Formaciones","link":"https:\/\/cepronda.com\/blog\/category\/formaciones\/"},"img":{"alt_text":"","src":"https:\/\/i0.wp.com\/cepronda.com\/blog\/wp-content\/uploads\/2023\/12\/242924GE013-Cartel-Inteligencia-artificial.png?fit=1080%2C1080&ssl=1&resize=350%2C200","width":350,"height":200,"srcset":"https:\/\/i0.wp.com\/cepronda.com\/blog\/wp-content\/uploads\/2023\/12\/242924GE013-Cartel-Inteligencia-artificial.png?fit=1080%2C1080&ssl=1&resize=350%2C200 1x, https:\/\/i0.wp.com\/cepronda.com\/blog\/wp-content\/uploads\/2023\/12\/242924GE013-Cartel-Inteligencia-artificial.png?fit=1080%2C1080&ssl=1&resize=525%2C300 1.5x, https:\/\/i0.wp.com\/cepronda.com\/blog\/wp-content\/uploads\/2023\/12\/242924GE013-Cartel-Inteligencia-artificial.png?fit=1080%2C1080&ssl=1&resize=700%2C400 2x, https:\/\/i0.wp.com\/cepronda.com\/blog\/wp-content\/uploads\/2023\/12\/242924GE013-Cartel-Inteligencia-artificial.png?fit=1080%2C1080&ssl=1&resize=1050%2C600 3x"},"classes":[]},{"id":7946,"url":"https:\/\/cepronda.com\/blog\/curso-provincial-jornadas-de-formacion-cambridge-con-codigo-259923kpi441\/","url_meta":{"origin":5961,"position":3},"title":"CURSO PROVINCIAL \u00abJornadas de formaci\u00f3n Cambridge\u00bb, con c\u00f3digo: 259923KPI441.","author":"Inmaculada Garc\u00eda","date":"17 diciembre, 2024","format":false,"excerpt":"Abierto el plazo de solicitudes para el PLAZO DE INSCRIPCI\u00d3N: Presentaci\u00f3n solicitudes: Inscripciones del 13\/12\/2024 al 08\/01\/2025 FECHA DE REALIZACI\u00d3N: Fechas de actividad: 16\/01\/2025 al 03\/03\/2025 Lugar de realizaci\u00f3n: Aula Virtual de Formaci\u00f3n del Profesorado \u270f\ufe0fInscripci\u00f3n: https:\/\/www.juntadeandalucia.es\/educacion\/secretariavirtual\/consultaCEP\/actividad\/259923KPI441\/","rel":"","context":"En \u00abFormaciones\u00bb","block_context":{"text":"Formaciones","link":"https:\/\/cepronda.com\/blog\/category\/formaciones\/"},"img":{"alt_text":"","src":"https:\/\/i0.wp.com\/cepronda.com\/blog\/wp-content\/uploads\/2024\/12\/WhatsApp-Image-2024-12-17-at-11.11.55.jpeg?fit=1080%2C1080&ssl=1&resize=350%2C200","width":350,"height":200,"srcset":"https:\/\/i0.wp.com\/cepronda.com\/blog\/wp-content\/uploads\/2024\/12\/WhatsApp-Image-2024-12-17-at-11.11.55.jpeg?fit=1080%2C1080&ssl=1&resize=350%2C200 1x, https:\/\/i0.wp.com\/cepronda.com\/blog\/wp-content\/uploads\/2024\/12\/WhatsApp-Image-2024-12-17-at-11.11.55.jpeg?fit=1080%2C1080&ssl=1&resize=525%2C300 1.5x, https:\/\/i0.wp.com\/cepronda.com\/blog\/wp-content\/uploads\/2024\/12\/WhatsApp-Image-2024-12-17-at-11.11.55.jpeg?fit=1080%2C1080&ssl=1&resize=700%2C400 2x, https:\/\/i0.wp.com\/cepronda.com\/blog\/wp-content\/uploads\/2024\/12\/WhatsApp-Image-2024-12-17-at-11.11.55.jpeg?fit=1080%2C1080&ssl=1&resize=1050%2C600 3x"},"classes":[]},{"id":9134,"url":"https:\/\/cepronda.com\/blog\/jornada-de-formacion-cambridge-clil-methodology-and-practice-2\/","url_meta":{"origin":5961,"position":4},"title":"JORNADA DE FORMACI\u00d3N CAMBRIDGE: CLIL METHODOLOGY AND PRACTICE","author":"Inmaculada Garc\u00eda","date":"12 diciembre, 2025","format":false,"excerpt":"Se encuentra abierto el plazo de inscripci\u00f3n en la actividad provincial \"JORNADA DE FORMACI\u00d3N CAMBRIDGE: CLIL METHODOLOGY AND PRACTICE\", con c\u00f3digo: 269923KPI441. \u00a0 Curso a distancia: Aula Virtual de Formaci\u00f3n del Profesorado \u00a0 Periodo de inscripci\u00f3n: 12\/12\/2025 al 08\/01\/2025 a las 12:00 horas \u00a0 Plazo de realizaci\u00f3n desde el 15\u2026","rel":"","context":"En \u00abNoticias\u00bb","block_context":{"text":"Noticias","link":"https:\/\/cepronda.com\/blog\/category\/noticias\/"},"img":{"alt_text":"","src":"https:\/\/i0.wp.com\/cepronda.com\/blog\/wp-content\/uploads\/2025\/12\/IMG-20251210-WA0000-1024x1024.jpg?resize=350%2C200&ssl=1","width":350,"height":200},"classes":[]},{"id":5785,"url":"https:\/\/cepronda.com\/blog\/curso-para-profesorado-de-area-no-linguistica-en-ingles\/","url_meta":{"origin":5961,"position":5},"title":"CURSO PARA PROFESORADO DE \u00c1REA NO LING\u00dc\u00cdSTICA EN INGL\u00c9S","author":"Mamen Moreno","date":"15 febrero, 2023","format":false,"excerpt":"Abierto plazo de solicitudes para actividad regional a distancia: https:\/\/www.juntadeandalucia.es\/educacion\/secretariavirtual\/consultaCEP\/actividad\/23K9926AV156\/ Dirigido a profesorado de primaria y de secundaria. Inicio del plazo de solicitudes: del 15\/02\/2023 al 06\/03\/2023 Listado definitivos del curso: 10\/03\/2023 Fechas para realizaci\u00f3n de la actividad: del 13\/03\/2023 al 24\/04\/2023 Rogamos difusi\u00f3n al profesorado de ANL del centro\u2026","rel":"","context":"En \u00abFormaciones\u00bb","block_context":{"text":"Formaciones","link":"https:\/\/cepronda.com\/blog\/category\/formaciones\/"},"img":{"alt_text":"","src":"https:\/\/i0.wp.com\/cepronda.com\/blog\/wp-content\/uploads\/2023\/02\/WhatsApp-Image-2023-02-15-at-11.15.43-1.jpeg?fit=1080%2C1080&ssl=1&resize=350%2C200","width":350,"height":200,"srcset":"https:\/\/i0.wp.com\/cepronda.com\/blog\/wp-content\/uploads\/2023\/02\/WhatsApp-Image-2023-02-15-at-11.15.43-1.jpeg?fit=1080%2C1080&ssl=1&resize=350%2C200 1x, https:\/\/i0.wp.com\/cepronda.com\/blog\/wp-content\/uploads\/2023\/02\/WhatsApp-Image-2023-02-15-at-11.15.43-1.jpeg?fit=1080%2C1080&ssl=1&resize=525%2C300 1.5x, https:\/\/i0.wp.com\/cepronda.com\/blog\/wp-content\/uploads\/2023\/02\/WhatsApp-Image-2023-02-15-at-11.15.43-1.jpeg?fit=1080%2C1080&ssl=1&resize=700%2C400 2x, https:\/\/i0.wp.com\/cepronda.com\/blog\/wp-content\/uploads\/2023\/02\/WhatsApp-Image-2023-02-15-at-11.15.43-1.jpeg?fit=1080%2C1080&ssl=1&resize=1050%2C600 3x"},"classes":[]}],"jetpack_sharing_enabled":true,"_links":{"self":[{"href":"https:\/\/cepronda.com\/blog\/wp-json\/wp\/v2\/posts\/5961","targetHints":{"allow":["GET"]}}],"collection":[{"href":"https:\/\/cepronda.com\/blog\/wp-json\/wp\/v2\/posts"}],"about":[{"href":"https:\/\/cepronda.com\/blog\/wp-json\/wp\/v2\/types\/post"}],"author":[{"embeddable":true,"href":"https:\/\/cepronda.com\/blog\/wp-json\/wp\/v2\/users\/13"}],"replies":[{"embeddable":true,"href":"https:\/\/cepronda.com\/blog\/wp-json\/wp\/v2\/comments?post=5961"}],"version-history":[{"count":1,"href":"https:\/\/cepronda.com\/blog\/wp-json\/wp\/v2\/posts\/5961\/revisions"}],"predecessor-version":[{"id":5964,"href":"https:\/\/cepronda.com\/blog\/wp-json\/wp\/v2\/posts\/5961\/revisions\/5964"}],"wp:featuredmedia":[{"embeddable":true,"href":"https:\/\/cepronda.com\/blog\/wp-json\/wp\/v2\/media\/5963"}],"wp:attachment":[{"href":"https:\/\/cepronda.com\/blog\/wp-json\/wp\/v2\/media?parent=5961"}],"wp:term":[{"taxonomy":"category","embeddable":true,"href":"https:\/\/cepronda.com\/blog\/wp-json\/wp\/v2\/categories?post=5961"},{"taxonomy":"post_tag","embeddable":true,"href":"https:\/\/cepronda.com\/blog\/wp-json\/wp\/v2\/tags?post=5961"}],"curies":[{"name":"wp","href":"https:\/\/api.w.org\/{rel}","templated":true}]}}