{"id":5940,"date":"2023-04-18T12:07:24","date_gmt":"2023-04-18T10:07:24","guid":{"rendered":"https:\/\/cepronda.com\/blog\/?p=5940"},"modified":"2025-04-28T11:48:43","modified_gmt":"2025-04-28T09:48:43","slug":"vii-jornadas-de-divulgacion-cientifica-diego-perez-de-mesa-la-ciencia-no-entiende-de-genero","status":"publish","type":"post","link":"https:\/\/cepronda.com\/blog\/vii-jornadas-de-divulgacion-cientifica-diego-perez-de-mesa-la-ciencia-no-entiende-de-genero\/","title":{"rendered":"VII JORNADAS DE DIVULGACI\u00d3N CIENT\u00cdFICA \u00bbDIEGO P\u00c9REZ DE MESA\u00bb. LA CIENCIA NO ENTIENDE DE G\u00c9NERO"},"content":{"rendered":"<p>Volvemos a retomar para el mes de mayo con las VII Jornadas de Divulgaci\u00f3n Cient\u00edfica Diego P\u00e9rez de Mesa. En esta ocasi\u00f3n relacionadas con la Ciencia no entiende g\u00e9nero.<\/p>\n<p>El contenido de estas jornadas comprende tres sesiones con una serie de conferencias relacionadas con la divulgaci\u00f3n cient\u00edfica:<\/p>\n<p><strong>Jueves 4 de mayo de 2023:<\/strong> &#8211; 17:00 h a 18:30 h: C\u00f3mo la luz nos descubre el macro y micro Universo (Ponente: D\u00aa Mar\u00eda Rosa L\u00f3pez Ram\u00edrez; Profesora Titular del Departamento de Qu\u00edmica F\u00edsica de la Universidad de M\u00e1laga) &#8211; 18:30 h a 20:00 h: Despertando la curiosidad cient\u00edfica (Ponente: D. Vicente L\u00f3pez Garc\u00eda. Asesor Cient\u00edfico del Parque de las Ciencias de Granada).<\/p>\n<p><strong>Martes 9 de mayo de 2023:<\/strong> &#8211; 17:00 h a 18:30 h: La ciencia detr\u00e1s de los terremotos: c\u00f3mo se liberan grandes cantidades de energ\u00eda en un instante. (Ponente: D\u00aa Flor de L\u00eds Mancilla P\u00e9rez, Instituto Andaluz de Geof\u00edsica y Prevenci\u00f3n de Desastres S\u00edsmicos). &#8211; 18:30 h a 20:00 h: Astrobiolog\u00eda. Marte, habitabilidad y b\u00fasqueda de vida (Ponente: D. Jes\u00fas Mart\u00ednez Fr\u00edas. Investigador del Instituto de Geociencias, IGEO (CSIC-UCM).<\/p>\n<p><strong>Jueves 11 de mayo de 2023:<\/strong> &#8211; 17:00 h a 18:30 h: Descripci\u00f3n de la exposici\u00f3n Astr\u00f3nomas en el sal\u00f3n de actos del CEP &#8211; 18:30 h a 20:00 h: La evoluci\u00f3n de las redes de comunicaciones de NASA: de Apolo a Artemisa (Ponente: D. Valeriano Claros Guerra, Ingeniero Superior de Telecomunicaciones. Acad\u00e9mico de la Real Academia Hispano Americana de Ciencias, Artes y Letras. Clausura de las Jornadas: Videoconferencia de D. Juan P\u00e9rez Mercader (Investigador, Department of Earth &amp; Planetary Sciences and Origins of Life Initiative. Harvard University, USA)<\/p>\n<p>Os dejo el <a href=\"https:\/\/www.juntadeandalucia.es\/educacion\/secretariavirtual\/consultaCEP\/actividad\/232924GE044\/\">enlace de la actividad<\/a> para poder inscribiros y ver los detalles de la misma. Adem\u00e1s deciros que todas estas conferencias se encuentran<strong> abiertas al p\u00fablico en general<\/strong>, as\u00ed que no dud\u00e9is en compartirlas con todas aquellas personas que cre\u00e1is puedan estar interesadas.<\/p>\n<p>&nbsp;<\/p>\n<p><img data-recalc-dims=\"1\" loading=\"lazy\" decoding=\"async\" class=\" wp-image-5946 aligncenter\" src=\"https:\/\/i0.wp.com\/cepronda.com\/blog\/wp-content\/uploads\/2023\/04\/Poster-Contratacion-de-la-Universidad-Foto-en-Escala-de-Grises-y-Azul-2.jpg?resize=223%2C315&#038;ssl=1\" alt=\"\" width=\"223\" height=\"315\" srcset=\"https:\/\/i0.wp.com\/cepronda.com\/blog\/wp-content\/uploads\/2023\/04\/Poster-Contratacion-de-la-Universidad-Foto-en-Escala-de-Grises-y-Azul-2-scaled.jpg?resize=212%2C300&amp;ssl=1 212w, https:\/\/i0.wp.com\/cepronda.com\/blog\/wp-content\/uploads\/2023\/04\/Poster-Contratacion-de-la-Universidad-Foto-en-Escala-de-Grises-y-Azul-2-scaled.jpg?resize=724%2C1024&amp;ssl=1 724w, https:\/\/i0.wp.com\/cepronda.com\/blog\/wp-content\/uploads\/2023\/04\/Poster-Contratacion-de-la-Universidad-Foto-en-Escala-de-Grises-y-Azul-2-scaled.jpg?resize=768%2C1086&amp;ssl=1 768w, https:\/\/i0.wp.com\/cepronda.com\/blog\/wp-content\/uploads\/2023\/04\/Poster-Contratacion-de-la-Universidad-Foto-en-Escala-de-Grises-y-Azul-2-scaled.jpg?resize=1086%2C1536&amp;ssl=1 1086w, https:\/\/i0.wp.com\/cepronda.com\/blog\/wp-content\/uploads\/2023\/04\/Poster-Contratacion-de-la-Universidad-Foto-en-Escala-de-Grises-y-Azul-2-scaled.jpg?resize=1448%2C2048&amp;ssl=1 1448w, https:\/\/i0.wp.com\/cepronda.com\/blog\/wp-content\/uploads\/2023\/04\/Poster-Contratacion-de-la-Universidad-Foto-en-Escala-de-Grises-y-Azul-2-scaled.jpg?w=1810&amp;ssl=1 1810w\" sizes=\"auto, (max-width: 223px) 100vw, 223px\" \/><\/p>\n","protected":false},"excerpt":{"rendered":"<p>Volvemos a retomar para el mes de mayo con las VII Jornadas de Divulgaci\u00f3n Cient\u00edfica Diego P\u00e9rez de Mesa. En esta ocasi\u00f3n relacionadas con la Ciencia no entiende g\u00e9nero. El contenido de estas jornadas comprende tres sesiones con una serie de conferencias relacionadas con la divulgaci\u00f3n cient\u00edfica: Jueves 4 de mayo de 2023: &#8211; 17:00 [&hellip;]<\/p>\n","protected":false},"author":13,"featured_media":5942,"comment_status":"closed","ping_status":"open","sticky":false,"template":"","format":"standard","meta":{"_crdt_document":"","advanced_seo_description":"","jetpack_seo_html_title":"","jetpack_seo_noindex":false,"jetpack_post_was_ever_published":false,"_jetpack_newsletter_access":"","_jetpack_dont_email_post_to_subs":false,"_jetpack_newsletter_tier_id":0,"_jetpack_memberships_contains_paywalled_content":false,"_jetpack_memberships_contains_paid_content":false,"footnotes":"","jetpack_publicize_message":"","jetpack_publicize_feature_enabled":true,"jetpack_social_post_already_shared":false,"jetpack_social_options":{"image_generator_settings":{"template":"highway","default_image_id":0,"font":"","enabled":false},"version":2}},"categories":[3,5],"tags":[],"class_list":{"0":"post-5940","1":"post","2":"type-post","3":"status-publish","4":"format-standard","5":"has-post-thumbnail","7":"category-formaciones","8":"category-noticias","9":"czr-hentry"},"jetpack_publicize_connections":[],"jetpack_featured_media_url":"https:\/\/i0.wp.com\/cepronda.com\/blog\/wp-content\/uploads\/2023\/04\/CARTEL-JORNADAS-DE-DIVULGACION-CIENTIFICA.jpg?fit=1587%2C2245&ssl=1","jetpack_shortlink":"https:\/\/wp.me\/p8M4X7-1xO","jetpack-related-posts":[{"id":7324,"url":"https:\/\/cepronda.com\/blog\/vii-jornadas-de-divulgacion-cientifica-diego-perez-de-mesa-la-ciencia-no-entiende-de-genero-2\/","url_meta":{"origin":5940,"position":0},"title":"VII JORNADAS DE DIVULGACI\u00d3N CIENT\u00cdFICA \u00bbDIEGO P\u00c9REZ DE MESA\u00bb. LA CIENCIA NO ENTIENDE DE G\u00c9NERO","author":"Mamen Moreno","date":"11 enero, 2024","format":false,"excerpt":"Se encuentra abierto el plazo de inscripci\u00f3n de las VII JORNADAS DE DIVULGACI\u00d3N CIENT\u00cdFICA ''DIEGO P\u00c9REZ DE MESA'' con c\u00f3digo 242924GE030. En esta ocasi\u00f3n relacionadas con la Ciencia no entiende de g\u00e9nero. El contenido de estas jornadas comprende tres sesiones con una serie de conferencias relacionadas con la divulgaci\u00f3n cient\u00edfica,\u2026","rel":"","context":"En \u00abFormaciones\u00bb","block_context":{"text":"Formaciones","link":"https:\/\/cepronda.com\/blog\/category\/formaciones\/"},"img":{"alt_text":"","src":"https:\/\/i0.wp.com\/cepronda.com\/blog\/wp-content\/uploads\/2024\/01\/Poster-Contratacion-de-la-Universidad-Foto-en-Escala-de-Grises-y-Azul.png?fit=848%2C1200&ssl=1&resize=350%2C200","width":350,"height":200,"srcset":"https:\/\/i0.wp.com\/cepronda.com\/blog\/wp-content\/uploads\/2024\/01\/Poster-Contratacion-de-la-Universidad-Foto-en-Escala-de-Grises-y-Azul.png?fit=848%2C1200&ssl=1&resize=350%2C200 1x, https:\/\/i0.wp.com\/cepronda.com\/blog\/wp-content\/uploads\/2024\/01\/Poster-Contratacion-de-la-Universidad-Foto-en-Escala-de-Grises-y-Azul.png?fit=848%2C1200&ssl=1&resize=525%2C300 1.5x, https:\/\/i0.wp.com\/cepronda.com\/blog\/wp-content\/uploads\/2024\/01\/Poster-Contratacion-de-la-Universidad-Foto-en-Escala-de-Grises-y-Azul.png?fit=848%2C1200&ssl=1&resize=700%2C400 2x"},"classes":[]},{"id":2769,"url":"https:\/\/cepronda.com\/blog\/vi-jornadas-de-divulgacion-cientifica-diego-perez-de-mesa-50-aniversario-de-la-llegada-del-ser-humano-a-la-luna\/","url_meta":{"origin":5940,"position":1},"title":"VI JORNADAS DE DIVULGACI\u00d3N CIENT\u00cdFICA \u00bbDIEGO P\u00c9REZ DE MESA\u00bb: 50 ANIVERSARIO DE LA LLEGADA DEL SER HUMANO A LA LUNA.","author":"V\u00edctor Caballero","date":"29 abril, 2019","format":false,"excerpt":"Como ya va siendo habitual, junto con la llegada del calor y el buen tiempo aparecen en escena las VI Jornada de divulgaci\u00f3n cient\u00edfica Diego P\u00e9rez de Mesa. En esta ocasi\u00f3n est\u00e1n muy relacionadas con el aniversario de la llegada del ser humano a la Luna. El contenido de estas\u2026","rel":"","context":"En \u00abFormaciones\u00bb","block_context":{"text":"Formaciones","link":"https:\/\/cepronda.com\/blog\/category\/formaciones\/"},"img":{"alt_text":"","src":"https:\/\/i0.wp.com\/cepronda.com\/blog\/wp-content\/uploads\/2019\/04\/50-a%C3%B1os-luna-Humano-logos-1.jpg?fit=841%2C1200&ssl=1&resize=350%2C200","width":350,"height":200,"srcset":"https:\/\/i0.wp.com\/cepronda.com\/blog\/wp-content\/uploads\/2019\/04\/50-a%C3%B1os-luna-Humano-logos-1.jpg?fit=841%2C1200&ssl=1&resize=350%2C200 1x, https:\/\/i0.wp.com\/cepronda.com\/blog\/wp-content\/uploads\/2019\/04\/50-a%C3%B1os-luna-Humano-logos-1.jpg?fit=841%2C1200&ssl=1&resize=525%2C300 1.5x, https:\/\/i0.wp.com\/cepronda.com\/blog\/wp-content\/uploads\/2019\/04\/50-a%C3%B1os-luna-Humano-logos-1.jpg?fit=841%2C1200&ssl=1&resize=700%2C400 2x"},"classes":[]},{"id":822,"url":"https:\/\/cepronda.com\/blog\/iv-ciclo-de-conferencias-de-divulgacion-cientifica-diego-perez-de-mesa\/","url_meta":{"origin":5940,"position":2},"title":"IV CICLO DE CONFERENCIAS DE DIVULGACI\u00d3N CIENT\u00cdFICA \u00bbDIEGO P\u00c9REZ DE MESA\u00bb","author":"V\u00edctor Caballero","date":"12 mayo, 2017","format":false,"excerpt":"Muy buenas, \u00a1Terminamos la semana con energ\u00eda! A partir de hoy pod\u00e9is inscribiros en las jornadas de divulgaci\u00f3n cient\u00edfica que tendr\u00e1n lugar los pr\u00f3ximos 17 y 18 de mayo en la biblioteca del CEP de Ronda.\u00a0Con estas conferencias pretendemos dar un paso m\u00e1s en la divulgaci\u00f3n de la ciencia, aprovechando\u2026","rel":"","context":"En \u00abNoticias\u00bb","block_context":{"text":"Noticias","link":"https:\/\/cepronda.com\/blog\/category\/noticias\/"},"img":{"alt_text":"","src":"https:\/\/i0.wp.com\/cepronda.com\/blog\/wp-content\/uploads\/2017\/05\/beakers-309864_640.png?fit=607%2C640&ssl=1&resize=350%2C200","width":350,"height":200,"srcset":"https:\/\/i0.wp.com\/cepronda.com\/blog\/wp-content\/uploads\/2017\/05\/beakers-309864_640.png?fit=607%2C640&ssl=1&resize=350%2C200 1x, https:\/\/i0.wp.com\/cepronda.com\/blog\/wp-content\/uploads\/2017\/05\/beakers-309864_640.png?fit=607%2C640&ssl=1&resize=525%2C300 1.5x"},"classes":[]},{"id":1688,"url":"https:\/\/cepronda.com\/blog\/v-jornadas-de-divulgacion-cientifica-diego-perez-de-mesa\/","url_meta":{"origin":5940,"position":3},"title":"V Jornadas de divulgaci\u00f3n cient\u00edfica \u00abDiego P\u00e9rez de Mesa\u00bb","author":"V\u00edctor Caballero","date":"13 abril, 2018","format":false,"excerpt":"Muy buenas, Como se viene haciendo en los \u00faltimos a\u00f1os desde el CEP de Ronda, en colaboraci\u00f3n con la Asociaci\u00f3n Astron\u00f3mica Abb\u00e1s Ibn Firn\u00e1s, se han preparado las V Jornadas de Divulgaci\u00f3n Cient\u00edfica \"Diego P\u00e9rez de Mesa\". Este a\u00f1o se ha cambiado un poco el formato de las mismas, y\u2026","rel":"","context":"En \u00abNoticias\u00bb","block_context":{"text":"Noticias","link":"https:\/\/cepronda.com\/blog\/category\/noticias\/"},"img":{"alt_text":"","src":"https:\/\/i0.wp.com\/cepronda.com\/blog\/wp-content\/uploads\/2018\/04\/jornadas_ciencias.png?fit=1200%2C347&ssl=1&resize=350%2C200","width":350,"height":200,"srcset":"https:\/\/i0.wp.com\/cepronda.com\/blog\/wp-content\/uploads\/2018\/04\/jornadas_ciencias.png?fit=1200%2C347&ssl=1&resize=350%2C200 1x, https:\/\/i0.wp.com\/cepronda.com\/blog\/wp-content\/uploads\/2018\/04\/jornadas_ciencias.png?fit=1200%2C347&ssl=1&resize=525%2C300 1.5x, https:\/\/i0.wp.com\/cepronda.com\/blog\/wp-content\/uploads\/2018\/04\/jornadas_ciencias.png?fit=1200%2C347&ssl=1&resize=700%2C400 2x, https:\/\/i0.wp.com\/cepronda.com\/blog\/wp-content\/uploads\/2018\/04\/jornadas_ciencias.png?fit=1200%2C347&ssl=1&resize=1050%2C600 3x"},"classes":[]},{"id":9524,"url":"https:\/\/cepronda.com\/blog\/9524-2\/","url_meta":{"origin":5940,"position":4},"title":"JORNADAS PROVINCIALES DE DIRECTORES Y DIRECTORAS DE M\u00c1LAGA","author":"Encarni Jim\u00e9nez Rosado","date":"27 abril, 2026","format":false,"excerpt":"Inscripciones abiertas para las JORNADAS PROVINCIALES DE DIRECTORES Y DIRECTORAS DE M\u00c1LAGA. La Escuela que viene: Liderazgo valiente en tiempos de IA (262926GE705) Plazo: hasta el viernes 8 de mayo, 10:00 h Fecha y lugar: 18 de mayo en el Sal\u00f3n del Exilio de V\u00e9lez-M\u00e1laga (Centro del Profesorado de V\u00e9lez-M\u00e1laga,\u2026","rel":"","context":"En \u00abFormaciones\u00bb","block_context":{"text":"Formaciones","link":"https:\/\/cepronda.com\/blog\/category\/formaciones\/"},"img":{"alt_text":"","src":"https:\/\/i0.wp.com\/cepronda.com\/blog\/wp-content\/uploads\/2026\/04\/681219828_18144459232498221_244676935071962519_n.jpg?fit=526%2C701&ssl=1&resize=350%2C200","width":350,"height":200,"srcset":"https:\/\/i0.wp.com\/cepronda.com\/blog\/wp-content\/uploads\/2026\/04\/681219828_18144459232498221_244676935071962519_n.jpg?fit=526%2C701&ssl=1&resize=350%2C200 1x, https:\/\/i0.wp.com\/cepronda.com\/blog\/wp-content\/uploads\/2026\/04\/681219828_18144459232498221_244676935071962519_n.jpg?fit=526%2C701&ssl=1&resize=525%2C300 1.5x"},"classes":[]},{"id":1763,"url":"https:\/\/cepronda.com\/blog\/jornadas-regionales-de-bibliotecas-escolares\/","url_meta":{"origin":5940,"position":5},"title":"Jornadas provinciales de Bibliotecas Escolares","author":"V\u00edctor Caballero","date":"4 mayo, 2018","format":false,"excerpt":"\u00a1Hola de nuevo! Volvemos a compartir con todas y todos vosotros la informaci\u00f3n sobre estas jornadas provinciales de biblioteca, y os animamos a asistir a las mismas.\u00a0 Se trata de las Jornadas de de bibliotecas escolares a celebrar el pr\u00f3ximo 16 de mayo, mi\u00e9rcoles, en el CEP de M\u00e1laga. Os\u2026","rel":"","context":"En \u00abFormaciones\u00bb","block_context":{"text":"Formaciones","link":"https:\/\/cepronda.com\/blog\/category\/formaciones\/"},"img":{"alt_text":"","src":"https:\/\/i0.wp.com\/cepronda.com\/blog\/wp-content\/uploads\/2018\/04\/shelf-3290109_640.jpg?fit=640%2C428&ssl=1&resize=350%2C200","width":350,"height":200,"srcset":"https:\/\/i0.wp.com\/cepronda.com\/blog\/wp-content\/uploads\/2018\/04\/shelf-3290109_640.jpg?fit=640%2C428&ssl=1&resize=350%2C200 1x, https:\/\/i0.wp.com\/cepronda.com\/blog\/wp-content\/uploads\/2018\/04\/shelf-3290109_640.jpg?fit=640%2C428&ssl=1&resize=525%2C300 1.5x"},"classes":[]}],"jetpack_sharing_enabled":true,"_links":{"self":[{"href":"https:\/\/cepronda.com\/blog\/wp-json\/wp\/v2\/posts\/5940","targetHints":{"allow":["GET"]}}],"collection":[{"href":"https:\/\/cepronda.com\/blog\/wp-json\/wp\/v2\/posts"}],"about":[{"href":"https:\/\/cepronda.com\/blog\/wp-json\/wp\/v2\/types\/post"}],"author":[{"embeddable":true,"href":"https:\/\/cepronda.com\/blog\/wp-json\/wp\/v2\/users\/13"}],"replies":[{"embeddable":true,"href":"https:\/\/cepronda.com\/blog\/wp-json\/wp\/v2\/comments?post=5940"}],"version-history":[{"count":4,"href":"https:\/\/cepronda.com\/blog\/wp-json\/wp\/v2\/posts\/5940\/revisions"}],"predecessor-version":[{"id":5947,"href":"https:\/\/cepronda.com\/blog\/wp-json\/wp\/v2\/posts\/5940\/revisions\/5947"}],"wp:featuredmedia":[{"embeddable":true,"href":"https:\/\/cepronda.com\/blog\/wp-json\/wp\/v2\/media\/5942"}],"wp:attachment":[{"href":"https:\/\/cepronda.com\/blog\/wp-json\/wp\/v2\/media?parent=5940"}],"wp:term":[{"taxonomy":"category","embeddable":true,"href":"https:\/\/cepronda.com\/blog\/wp-json\/wp\/v2\/categories?post=5940"},{"taxonomy":"post_tag","embeddable":true,"href":"https:\/\/cepronda.com\/blog\/wp-json\/wp\/v2\/tags?post=5940"}],"curies":[{"name":"wp","href":"https:\/\/api.w.org\/{rel}","templated":true}]}}