{"id":5931,"date":"2023-04-12T09:37:05","date_gmt":"2023-04-12T07:37:05","guid":{"rendered":"https:\/\/cepronda.com\/blog\/?p=5931"},"modified":"2023-04-12T09:37:05","modified_gmt":"2023-04-12T07:37:05","slug":"ii-feria-de-formacion-profesional-de-la-serrania-de-ronda","status":"publish","type":"post","link":"https:\/\/cepronda.com\/blog\/ii-feria-de-formacion-profesional-de-la-serrania-de-ronda\/","title":{"rendered":"II FERIA DE FORMACI\u00d3N PROFESIONAL DE LA SERRAN\u00cdA DE RONDA"},"content":{"rendered":"<p>Ya est\u00e1 aqu\u00ed la segunda edici\u00f3n de la Feria de Formaci\u00f3n Profesional de la Serran\u00eda de Ronda. Los d\u00edas 12 y 13 de abril, en el Convento de Santo Domingo, tenemos una cita con la Formaci\u00f3n Profesional de la Serran\u00eda de Ronda, para darle visibilidad a la formaci\u00f3n, el empleo y las pr\u00e1cticas que esta modalidad educativa ofrece al alumnado de la comarca.<\/p>\n<p>Os esperamos en esta nueva edici\u00f3n.<\/p>\n<p>&nbsp;<\/p>\n","protected":false},"excerpt":{"rendered":"<p>Ya est\u00e1 aqu\u00ed la segunda edici\u00f3n de la Feria de Formaci\u00f3n Profesional de la Serran\u00eda de Ronda. Los d\u00edas 12 y 13 de abril, en el Convento de Santo Domingo, tenemos una cita con la Formaci\u00f3n Profesional de la Serran\u00eda de Ronda, para darle visibilidad a la formaci\u00f3n, el empleo y las pr\u00e1cticas que esta [&hellip;]<\/p>\n","protected":false},"author":9,"featured_media":5933,"comment_status":"closed","ping_status":"open","sticky":false,"template":"","format":"standard","meta":{"_crdt_document":"","advanced_seo_description":"","jetpack_seo_html_title":"","jetpack_seo_noindex":false,"jetpack_post_was_ever_published":false,"_jetpack_newsletter_access":"","_jetpack_dont_email_post_to_subs":false,"_jetpack_newsletter_tier_id":0,"_jetpack_memberships_contains_paywalled_content":false,"_jetpack_memberships_contains_paid_content":false,"footnotes":"","jetpack_publicize_message":"","jetpack_publicize_feature_enabled":true,"jetpack_social_post_already_shared":false,"jetpack_social_options":{"image_generator_settings":{"template":"highway","default_image_id":0,"font":"","enabled":false},"version":2}},"categories":[5],"tags":[],"class_list":{"0":"post-5931","1":"post","2":"type-post","3":"status-publish","4":"format-standard","5":"has-post-thumbnail","7":"category-noticias","8":"czr-hentry"},"jetpack_publicize_connections":[],"jetpack_featured_media_url":"https:\/\/i0.wp.com\/cepronda.com\/blog\/wp-content\/uploads\/2023\/04\/WhatsApp-Image-2023-04-11-at-11.20.09.jpeg?fit=1131%2C1600&ssl=1","jetpack_shortlink":"https:\/\/wp.me\/p8M4X7-1xF","jetpack-related-posts":[{"id":5722,"url":"https:\/\/cepronda.com\/blog\/la-serrania-innova-trabajo-por-rincones\/","url_meta":{"origin":5931,"position":0},"title":"LA SERRAN\u00cdA INNOVA: TRABAJO POR RINCONES","author":"Inmaculada Garc\u00eda","date":"20 enero, 2023","format":false,"excerpt":"Estimados compa\u00f1eros y compa\u00f1eras. Terminamos la semana con un nuevo v\u00eddeo de LA SERRAN\u00cdA INNOVA del CEP de Ronda donde pretendemos conocer las metodolog\u00edas emergentes en la Serran\u00eda de Ronda de la mano de nuestros compa\u00f1eros y compa\u00f1eras. En esta ocasi\u00f3n nuestra compa\u00f1era Eli Barroso nos explica c\u00f3mo pone en\u2026","rel":"","context":"En \u00abNoticias\u00bb","block_context":{"text":"Noticias","link":"https:\/\/cepronda.com\/blog\/category\/noticias\/"},"img":{"alt_text":"","src":"https:\/\/i0.wp.com\/cepronda.com\/blog\/wp-content\/uploads\/2023\/01\/MATEMATICAS-MANIPULATIVAS.png?fit=1080%2C1080&ssl=1&resize=350%2C200","width":350,"height":200,"srcset":"https:\/\/i0.wp.com\/cepronda.com\/blog\/wp-content\/uploads\/2023\/01\/MATEMATICAS-MANIPULATIVAS.png?fit=1080%2C1080&ssl=1&resize=350%2C200 1x, https:\/\/i0.wp.com\/cepronda.com\/blog\/wp-content\/uploads\/2023\/01\/MATEMATICAS-MANIPULATIVAS.png?fit=1080%2C1080&ssl=1&resize=525%2C300 1.5x, https:\/\/i0.wp.com\/cepronda.com\/blog\/wp-content\/uploads\/2023\/01\/MATEMATICAS-MANIPULATIVAS.png?fit=1080%2C1080&ssl=1&resize=700%2C400 2x, https:\/\/i0.wp.com\/cepronda.com\/blog\/wp-content\/uploads\/2023\/01\/MATEMATICAS-MANIPULATIVAS.png?fit=1080%2C1080&ssl=1&resize=1050%2C600 3x"},"classes":[]},{"id":5212,"url":"https:\/\/cepronda.com\/blog\/la-serrania-innova-abp\/","url_meta":{"origin":5931,"position":1},"title":"LA SERRAN\u00cdA INNOVA. ABP.","author":"Inmaculada Garc\u00eda","date":"4 abril, 2022","format":false,"excerpt":"Estimados compa\u00f1eros y compa\u00f1eras continuamos con el nuevo proyecto del CEP de Ronda: \u00a0\u201cLA SERRAN\u00cdA INNOVA\u201d. Metodolog\u00edas Emergentes. En esta ocasi\u00f3n vamos a conocer de la mano de nuestra compa\u00f1era Ester Valiente la metodolog\u00eda ABP (Aprendizaje Basado en Proyectos) y su puesta en pr\u00e1ctica con el alumnado de Secundaria integrando\u2026","rel":"","context":"En \u00abNoticias\u00bb","block_context":{"text":"Noticias","link":"https:\/\/cepronda.com\/blog\/category\/noticias\/"},"img":{"alt_text":"","src":"https:\/\/i0.wp.com\/cepronda.com\/blog\/wp-content\/uploads\/2022\/04\/ABP-1-1.png?fit=1080%2C1080&ssl=1&resize=350%2C200","width":350,"height":200,"srcset":"https:\/\/i0.wp.com\/cepronda.com\/blog\/wp-content\/uploads\/2022\/04\/ABP-1-1.png?fit=1080%2C1080&ssl=1&resize=350%2C200 1x, https:\/\/i0.wp.com\/cepronda.com\/blog\/wp-content\/uploads\/2022\/04\/ABP-1-1.png?fit=1080%2C1080&ssl=1&resize=525%2C300 1.5x, https:\/\/i0.wp.com\/cepronda.com\/blog\/wp-content\/uploads\/2022\/04\/ABP-1-1.png?fit=1080%2C1080&ssl=1&resize=700%2C400 2x, https:\/\/i0.wp.com\/cepronda.com\/blog\/wp-content\/uploads\/2022\/04\/ABP-1-1.png?fit=1080%2C1080&ssl=1&resize=1050%2C600 3x"},"classes":[]},{"id":5244,"url":"https:\/\/cepronda.com\/blog\/la-serrania-innova-metodologias-emergentes-2\/","url_meta":{"origin":5931,"position":2},"title":"LA SERRAN\u00cdA INNOVA. Metodolog\u00edas Emergentes.","author":"Inmaculada Garc\u00eda","date":"25 abril, 2022","format":false,"excerpt":"Estimados compa\u00f1eros y compa\u00f1eras, comenzamos la semana con un nuevo v\u00eddeo de LA SERRAN\u00cdA INNOVA del CEP de Ronda donde pretendemos conocer las metodolog\u00edas emergentes en la Serran\u00eda de Ronda de la mano de nuestros compa\u00f1eros y compa\u00f1eras.\u00a0 En esta ocasi\u00f3n nuestra compa\u00f1era Eli Barroso nos explica c\u00f3mo pone en\u2026","rel":"","context":"En \u00abNoticias\u00bb","block_context":{"text":"Noticias","link":"https:\/\/cepronda.com\/blog\/category\/noticias\/"},"img":{"alt_text":"","src":"https:\/\/i0.wp.com\/cepronda.com\/blog\/wp-content\/uploads\/2022\/04\/ABP-1.png?fit=1080%2C1080&ssl=1&resize=350%2C200","width":350,"height":200,"srcset":"https:\/\/i0.wp.com\/cepronda.com\/blog\/wp-content\/uploads\/2022\/04\/ABP-1.png?fit=1080%2C1080&ssl=1&resize=350%2C200 1x, https:\/\/i0.wp.com\/cepronda.com\/blog\/wp-content\/uploads\/2022\/04\/ABP-1.png?fit=1080%2C1080&ssl=1&resize=525%2C300 1.5x, https:\/\/i0.wp.com\/cepronda.com\/blog\/wp-content\/uploads\/2022\/04\/ABP-1.png?fit=1080%2C1080&ssl=1&resize=700%2C400 2x, https:\/\/i0.wp.com\/cepronda.com\/blog\/wp-content\/uploads\/2022\/04\/ABP-1.png?fit=1080%2C1080&ssl=1&resize=1050%2C600 3x"},"classes":[]},{"id":282,"url":"https:\/\/cepronda.com\/blog\/i-jornadas-cpr-serrania-de-ronda\/","url_meta":{"origin":5931,"position":3},"title":"I Jornadas CPR Serran\u00eda de Ronda","author":"V\u00edctor Caballero","date":"8 noviembre, 2016","format":false,"excerpt":"Ayer lunes por la tarde tuvimos la gran suerte de poder asistir a la primera sesi\u00f3n de las I Jornadas de CPR de la Serran\u00eda de Ronda. Fu\u00e9 un gran \u00e9xito de asistencia, ya que tuvimos a 50 asistentes a la misma, y creemos que los ponentes que tuvimos la\u2026","rel":"","context":"En \u00abNoticias\u00bb","block_context":{"text":"Noticias","link":"https:\/\/cepronda.com\/blog\/category\/noticias\/"},"img":{"alt_text":"","src":"","width":0,"height":0},"classes":[]},{"id":5264,"url":"https:\/\/cepronda.com\/blog\/la-serrania-innova-aprendizaje-basado-en-la-investigacion\/","url_meta":{"origin":5931,"position":4},"title":"LA SERRAN\u00cdA INNOVA. APRENDIZAJE BASADO EN LA INVESTIGACI\u00d3N.","author":"Inmaculada Garc\u00eda","date":"3 mayo, 2022","format":false,"excerpt":"Estimados compa\u00f1eros y compa\u00f1eras, comenzamos la semana con un nuevo v\u00eddeo de LA SERRAN\u00cdA INNOVA del CEP de Ronda donde pretendemos conocer las metodolog\u00edas emergentes en la Serran\u00eda de Ronda de la mano de nuestros compa\u00f1eros y compa\u00f1eras. En esta ocasi\u00f3n nuestro compa\u00f1ero Marcos Naz nos explica en qu\u00e9 consiste\u2026","rel":"","context":"En \u00abNoticias\u00bb","block_context":{"text":"Noticias","link":"https:\/\/cepronda.com\/blog\/category\/noticias\/"},"img":{"alt_text":"","src":"https:\/\/i0.wp.com\/cepronda.com\/blog\/wp-content\/uploads\/2022\/05\/ABP.png?fit=1080%2C1080&ssl=1&resize=350%2C200","width":350,"height":200,"srcset":"https:\/\/i0.wp.com\/cepronda.com\/blog\/wp-content\/uploads\/2022\/05\/ABP.png?fit=1080%2C1080&ssl=1&resize=350%2C200 1x, https:\/\/i0.wp.com\/cepronda.com\/blog\/wp-content\/uploads\/2022\/05\/ABP.png?fit=1080%2C1080&ssl=1&resize=525%2C300 1.5x, https:\/\/i0.wp.com\/cepronda.com\/blog\/wp-content\/uploads\/2022\/05\/ABP.png?fit=1080%2C1080&ssl=1&resize=700%2C400 2x, https:\/\/i0.wp.com\/cepronda.com\/blog\/wp-content\/uploads\/2022\/05\/ABP.png?fit=1080%2C1080&ssl=1&resize=1050%2C600 3x"},"classes":[]},{"id":5348,"url":"https:\/\/cepronda.com\/blog\/la-serrania-innova-rutinas-de-pensamiento\/","url_meta":{"origin":5931,"position":5},"title":"LA SERRAN\u00cdA INNOVA. RUTINAS DE PENSAMIENTO.","author":"Inmaculada Garc\u00eda","date":"30 mayo, 2022","format":false,"excerpt":"Hola compa\u00f1eros y compa\u00f1eras, ya vamos finalizando el curso y tambi\u00e9n compartiendo los \u00faltimos v\u00eddeos de LA SERRAN\u00cdA INNOVA, un proyecto del CEP de Ronda que pretende dar a conocer a trav\u00e9s de pr\u00e1cticas inspiradoras de docentes de la Serran\u00eda de Ronda, metodolog\u00edas emergentes, activas e innovadoras. Este lunes nuestra\u2026","rel":"","context":"En \u00abNoticias\u00bb","block_context":{"text":"Noticias","link":"https:\/\/cepronda.com\/blog\/category\/noticias\/"},"img":{"alt_text":"","src":"https:\/\/i0.wp.com\/cepronda.com\/blog\/wp-content\/uploads\/2022\/05\/ABP-2.png?fit=1080%2C1080&ssl=1&resize=350%2C200","width":350,"height":200,"srcset":"https:\/\/i0.wp.com\/cepronda.com\/blog\/wp-content\/uploads\/2022\/05\/ABP-2.png?fit=1080%2C1080&ssl=1&resize=350%2C200 1x, https:\/\/i0.wp.com\/cepronda.com\/blog\/wp-content\/uploads\/2022\/05\/ABP-2.png?fit=1080%2C1080&ssl=1&resize=525%2C300 1.5x, https:\/\/i0.wp.com\/cepronda.com\/blog\/wp-content\/uploads\/2022\/05\/ABP-2.png?fit=1080%2C1080&ssl=1&resize=700%2C400 2x, https:\/\/i0.wp.com\/cepronda.com\/blog\/wp-content\/uploads\/2022\/05\/ABP-2.png?fit=1080%2C1080&ssl=1&resize=1050%2C600 3x"},"classes":[]}],"jetpack_sharing_enabled":true,"_links":{"self":[{"href":"https:\/\/cepronda.com\/blog\/wp-json\/wp\/v2\/posts\/5931","targetHints":{"allow":["GET"]}}],"collection":[{"href":"https:\/\/cepronda.com\/blog\/wp-json\/wp\/v2\/posts"}],"about":[{"href":"https:\/\/cepronda.com\/blog\/wp-json\/wp\/v2\/types\/post"}],"author":[{"embeddable":true,"href":"https:\/\/cepronda.com\/blog\/wp-json\/wp\/v2\/users\/9"}],"replies":[{"embeddable":true,"href":"https:\/\/cepronda.com\/blog\/wp-json\/wp\/v2\/comments?post=5931"}],"version-history":[{"count":1,"href":"https:\/\/cepronda.com\/blog\/wp-json\/wp\/v2\/posts\/5931\/revisions"}],"predecessor-version":[{"id":5935,"href":"https:\/\/cepronda.com\/blog\/wp-json\/wp\/v2\/posts\/5931\/revisions\/5935"}],"wp:featuredmedia":[{"embeddable":true,"href":"https:\/\/cepronda.com\/blog\/wp-json\/wp\/v2\/media\/5933"}],"wp:attachment":[{"href":"https:\/\/cepronda.com\/blog\/wp-json\/wp\/v2\/media?parent=5931"}],"wp:term":[{"taxonomy":"category","embeddable":true,"href":"https:\/\/cepronda.com\/blog\/wp-json\/wp\/v2\/categories?post=5931"},{"taxonomy":"post_tag","embeddable":true,"href":"https:\/\/cepronda.com\/blog\/wp-json\/wp\/v2\/tags?post=5931"}],"curies":[{"name":"wp","href":"https:\/\/api.w.org\/{rel}","templated":true}]}}