{"id":5906,"date":"2023-04-11T11:39:46","date_gmt":"2023-04-11T09:39:46","guid":{"rendered":"https:\/\/cepronda.com\/blog\/?p=5906"},"modified":"2023-04-11T11:39:46","modified_gmt":"2023-04-11T09:39:46","slug":"quieres-visitar-la-feria-de-inventos-y-talentos-its-ronda-2023-apuntate","status":"publish","type":"post","link":"https:\/\/cepronda.com\/blog\/quieres-visitar-la-feria-de-inventos-y-talentos-its-ronda-2023-apuntate\/","title":{"rendered":"\u00bfQUIERES VISITAR LA FERIA DE INVENTOS Y TALENTOS. IT\u00b4S RONDA 2023? AP\u00daNTATE."},"content":{"rendered":"<p>Ya est\u00e1 habilitado el <a href=\"https:\/\/forms.gle\/U3jR8nqRiEcpT7iT9\">cuestionario para registrarte como visitante<\/a> de la Feria de Inventos y Talentos. IT\u00b4s Ronda 2023.<\/p>\n<p>Si est\u00e1is interesados en asistir, ten\u00e9is hasta el d\u00eda 16 de abril del 2023 para rellenarlo. Este a\u00f1o contamos con nuevos talleres, nuevos experiencias educativas en nuestros Stands, actuaciones musicales y teatrales del alumnado de nuestros centros y las conferencias del alumnado presentando sus originales proyectos cient\u00edficos.<\/p>\n<p>Os esperamos los d\u00edas 27 y 28 de abril del 2023, en el Convento de Santo Domingo (Ronda).<\/p>\n","protected":false},"excerpt":{"rendered":"<p>Ya est\u00e1 habilitado el cuestionario para registrarte como visitante de la Feria de Inventos y Talentos. IT\u00b4s Ronda 2023. Si est\u00e1is interesados en asistir, ten\u00e9is hasta el d\u00eda 16 de abril del 2023 para rellenarlo. Este a\u00f1o contamos con nuevos talleres, nuevos experiencias educativas en nuestros Stands, actuaciones musicales y teatrales del alumnado de nuestros [&hellip;]<\/p>\n","protected":false},"author":9,"featured_media":5907,"comment_status":"closed","ping_status":"open","sticky":false,"template":"","format":"standard","meta":{"_crdt_document":"","advanced_seo_description":"","jetpack_seo_html_title":"","jetpack_seo_noindex":false,"jetpack_post_was_ever_published":false,"_jetpack_newsletter_access":"","_jetpack_dont_email_post_to_subs":false,"_jetpack_newsletter_tier_id":0,"_jetpack_memberships_contains_paywalled_content":false,"_jetpack_memberships_contains_paid_content":false,"footnotes":"","jetpack_publicize_message":"","jetpack_publicize_feature_enabled":true,"jetpack_social_post_already_shared":false,"jetpack_social_options":{"image_generator_settings":{"template":"highway","default_image_id":0,"font":"","enabled":false},"version":2}},"categories":[5],"tags":[],"class_list":{"0":"post-5906","1":"post","2":"type-post","3":"status-publish","4":"format-standard","5":"has-post-thumbnail","7":"category-noticias","8":"czr-hentry"},"jetpack_publicize_connections":[],"jetpack_featured_media_url":"https:\/\/i0.wp.com\/cepronda.com\/blog\/wp-content\/uploads\/2023\/04\/WhatsApp-Image-2023-03-29-at-13.12.52.jpeg?fit=1131%2C1600&ssl=1","jetpack_shortlink":"https:\/\/wp.me\/p8M4X7-1xg","jetpack-related-posts":[{"id":7552,"url":"https:\/\/cepronda.com\/blog\/iii-feria-de-inventos-y-talentos-its-ronda-2024-2\/","url_meta":{"origin":5906,"position":0},"title":"III Feria de Inventos y Talentos. IT\u00b4S RONDA 2024.","author":"Mamen Moreno","date":"8 abril, 2024","format":false,"excerpt":"Desde el CEP de Ronda, nos complace invitaros a visitar la III Feria de Inventos y Talentos. IT\u00b4s RONDA 2024. Se desarrollar\u00e1 los d\u00edas jueves 25 de abril (centros de ESO y Bachillerato) y el viernes 26 de abril (centros de Educaci\u00f3n Infantil y Primaria). Os recordamos que ten\u00e9is hasta\u2026","rel":"","context":"En \u00abNoticias\u00bb","block_context":{"text":"Noticias","link":"https:\/\/cepronda.com\/blog\/category\/noticias\/"},"img":{"alt_text":"","src":"https:\/\/i0.wp.com\/cepronda.com\/blog\/wp-content\/uploads\/2024\/04\/IMAGEN-VIDEO.png?fit=1200%2C707&ssl=1&resize=350%2C200","width":350,"height":200,"srcset":"https:\/\/i0.wp.com\/cepronda.com\/blog\/wp-content\/uploads\/2024\/04\/IMAGEN-VIDEO.png?fit=1200%2C707&ssl=1&resize=350%2C200 1x, https:\/\/i0.wp.com\/cepronda.com\/blog\/wp-content\/uploads\/2024\/04\/IMAGEN-VIDEO.png?fit=1200%2C707&ssl=1&resize=525%2C300 1.5x, https:\/\/i0.wp.com\/cepronda.com\/blog\/wp-content\/uploads\/2024\/04\/IMAGEN-VIDEO.png?fit=1200%2C707&ssl=1&resize=700%2C400 2x, https:\/\/i0.wp.com\/cepronda.com\/blog\/wp-content\/uploads\/2024\/04\/IMAGEN-VIDEO.png?fit=1200%2C707&ssl=1&resize=1050%2C600 3x"},"classes":[]},{"id":5910,"url":"https:\/\/cepronda.com\/blog\/%c9%aa%c9%aa-fe%ca%80%c9%aaa-de-%c9%aanventos-y-talentos-%c9%aats-%ca%80onda-2023-ya-tenemos-cartel-ganador\/","url_meta":{"origin":5906,"position":1},"title":"\ua7ae\ua7ae FE\u01a6\ua7aeA DE \ua7aeNVENTOS Y TALENTOS. \ua7aeT\u00b4S \u01a6ONDA 2023. YA TENEMOS CARTEL GANADOR","author":"Inmaculada Garc\u00eda","date":"31 marzo, 2023","format":false,"excerpt":"\ua7ae\ua7ae FE\u01a6\ua7aeA DE \ua7aeNVENTOS Y TALENTOS. \ua7aeT\u00b4S \u01a6ONDA 2023. YA TENEMOS CARTEL GANADOR \u00a0 En primer lugar, dar las gracias a todos los participantes por sus dise\u00f1os tan geniales, a la Comisi\u00f3n Seleccionadora le ha costado decidirse. El cartel que representar\u00e1 a este a\u00f1o a la feria ha sido dise\u00f1ado\u2026","rel":"","context":"En \u00abNoticias\u00bb","block_context":{"text":"Noticias","link":"https:\/\/cepronda.com\/blog\/category\/noticias\/"},"img":{"alt_text":"","src":"https:\/\/i0.wp.com\/cepronda.com\/blog\/wp-content\/uploads\/2023\/04\/WhatsApp-Image-2023-03-29-at-13.12.52.jpeg?fit=848%2C1200&ssl=1&resize=350%2C200","width":350,"height":200,"srcset":"https:\/\/i0.wp.com\/cepronda.com\/blog\/wp-content\/uploads\/2023\/04\/WhatsApp-Image-2023-03-29-at-13.12.52.jpeg?fit=848%2C1200&ssl=1&resize=350%2C200 1x, https:\/\/i0.wp.com\/cepronda.com\/blog\/wp-content\/uploads\/2023\/04\/WhatsApp-Image-2023-03-29-at-13.12.52.jpeg?fit=848%2C1200&ssl=1&resize=525%2C300 1.5x, https:\/\/i0.wp.com\/cepronda.com\/blog\/wp-content\/uploads\/2023\/04\/WhatsApp-Image-2023-03-29-at-13.12.52.jpeg?fit=848%2C1200&ssl=1&resize=700%2C400 2x"},"classes":[]},{"id":7389,"url":"https:\/\/cepronda.com\/blog\/iii-feria-de-inventos-y-talentos-its-ronda-2024\/","url_meta":{"origin":5906,"position":2},"title":"III FERIA DE INVENTOS Y TALENTOS. It\u00b4s Ronda 2024","author":"Inmaculada Garc\u00eda","date":"18 enero, 2024","format":false,"excerpt":"\u00bfQuieres mostrar a la comunidad educativa de Ronda y la comarca el Proyecto que hac\u00e9is en vuestro centro? \u00bfHac\u00e9is actividades innovadoras, creativas o art\u00edsticas en vuestras aulas? \u00bfTe gustar\u00eda que tu alumnado tuviera un espacio donde mostrar su talento?... Desde el Centro del Profesorado de Ronda, en colaboraci\u00f3n con el\u2026","rel":"","context":"En \u00abNoticias\u00bb","block_context":{"text":"Noticias","link":"https:\/\/cepronda.com\/blog\/category\/noticias\/"},"img":{"alt_text":"","src":"https:\/\/i0.wp.com\/cepronda.com\/blog\/wp-content\/uploads\/2024\/01\/WhatsApp-Image-2023-03-21-at-11.39.26.jpg?fit=500%2C500&ssl=1&resize=350%2C200","width":350,"height":200},"classes":[]},{"id":5729,"url":"https:\/\/cepronda.com\/blog\/ii-feria-de-inventos-y-talentos-its-ronda-2023\/","url_meta":{"origin":5906,"position":3},"title":"II FERIA DE INVENTOS Y TALENTOS. It\u00b4s Ronda 2023","author":"Inmaculada Garc\u00eda","date":"23 enero, 2023","format":false,"excerpt":"\u00bfQuieres mostrar a la comunidad educativa de Ronda y la comarca el Proyecto que hac\u00e9is en vuestro centro? \u00bfHac\u00e9is actividades innovadoras, creativas o art\u00edsticas en vuestras aulas? \u00bfTe gustar\u00eda que tu alumnado tuviera un espacio donde mostrar su talento?...\u00a0 Desde el Centro del Profesorado de Ronda, en colaboraci\u00f3n con el\u2026","rel":"","context":"En \u00abNoticias\u00bb","block_context":{"text":"Noticias","link":"https:\/\/cepronda.com\/blog\/category\/noticias\/"},"img":{"alt_text":"","src":"https:\/\/i0.wp.com\/cepronda.com\/blog\/wp-content\/uploads\/2022\/03\/It%C2%B4s-Ronda.png?fit=848%2C1200&ssl=1&resize=350%2C200","width":350,"height":200,"srcset":"https:\/\/i0.wp.com\/cepronda.com\/blog\/wp-content\/uploads\/2022\/03\/It%C2%B4s-Ronda.png?fit=848%2C1200&ssl=1&resize=350%2C200 1x, https:\/\/i0.wp.com\/cepronda.com\/blog\/wp-content\/uploads\/2022\/03\/It%C2%B4s-Ronda.png?fit=848%2C1200&ssl=1&resize=525%2C300 1.5x, https:\/\/i0.wp.com\/cepronda.com\/blog\/wp-content\/uploads\/2022\/03\/It%C2%B4s-Ronda.png?fit=848%2C1200&ssl=1&resize=700%2C400 2x"},"classes":[]},{"id":9214,"url":"https:\/\/cepronda.com\/blog\/9214-2\/","url_meta":{"origin":5906,"position":4},"title":"PARTICIPA EN LA V EDICI\u00d3N DE LA FERIA DE INVENTOS Y TALENTOS. IT\u00b4s RONDA 2026.","author":"Encarni Jim\u00e9nez Rosado","date":"16 enero, 2026","format":false,"excerpt":"Queremos contar contigo en la V edici\u00f3n de la\u00a0Feria de Inventos y Talentos de Ronda, reci\u00e9n galardonada con el 3\u00ba Premio Joaqu\u00edn Guichot a la Innovaci\u00f3n Educativa. Se celebrar\u00e1 los d\u00edas 22 (mi\u00e9rcoles) y 23 (jueves) de abril de 2026. Buscamos mentes inquietas, inventores e inventoras del futuro y talentos\u2026","rel":"","context":"En \u00abNoticias\u00bb","block_context":{"text":"Noticias","link":"https:\/\/cepronda.com\/blog\/category\/noticias\/"},"img":{"alt_text":"","src":"https:\/\/i0.wp.com\/cepronda.com\/blog\/wp-content\/uploads\/2026\/01\/feria-2.jpg?fit=960%2C1200&ssl=1&resize=350%2C200","width":350,"height":200,"srcset":"https:\/\/i0.wp.com\/cepronda.com\/blog\/wp-content\/uploads\/2026\/01\/feria-2.jpg?fit=960%2C1200&ssl=1&resize=350%2C200 1x, https:\/\/i0.wp.com\/cepronda.com\/blog\/wp-content\/uploads\/2026\/01\/feria-2.jpg?fit=960%2C1200&ssl=1&resize=525%2C300 1.5x, https:\/\/i0.wp.com\/cepronda.com\/blog\/wp-content\/uploads\/2026\/01\/feria-2.jpg?fit=960%2C1200&ssl=1&resize=700%2C400 2x"},"classes":[]},{"id":5726,"url":"https:\/\/cepronda.com\/blog\/convocatoria-de-concurso-de-carteles-its-ronda-2023\/","url_meta":{"origin":5906,"position":5},"title":"CONVOCATORIA DE CONCURSO DE CARTELES. IT\u2019S Ronda 2023","author":"Inmaculada Garc\u00eda","date":"10 diciembre, 2022","format":false,"excerpt":"Estamos calentando motores para la segunda edici\u00f3n de la FERIA DE INVENTOS Y TALENTOS. It\u00b4s Ronda 2023, y necesitamos el cartel para dicho evento, por lo que hemos convocado un concurso para el dise\u00f1o de la carteler\u00eda. FECHA L\u00cdMITE DE PRESENTACI\u00d3N: 30 de enero de 2023 a las 23:59 horas.\u2026","rel":"","context":"En \u00abNoticias\u00bb","block_context":{"text":"Noticias","link":"https:\/\/cepronda.com\/blog\/category\/noticias\/"},"img":{"alt_text":"","src":"https:\/\/i0.wp.com\/cepronda.com\/blog\/wp-content\/uploads\/2022\/03\/It%C2%B4s-Ronda.png?fit=848%2C1200&ssl=1&resize=350%2C200","width":350,"height":200,"srcset":"https:\/\/i0.wp.com\/cepronda.com\/blog\/wp-content\/uploads\/2022\/03\/It%C2%B4s-Ronda.png?fit=848%2C1200&ssl=1&resize=350%2C200 1x, https:\/\/i0.wp.com\/cepronda.com\/blog\/wp-content\/uploads\/2022\/03\/It%C2%B4s-Ronda.png?fit=848%2C1200&ssl=1&resize=525%2C300 1.5x, https:\/\/i0.wp.com\/cepronda.com\/blog\/wp-content\/uploads\/2022\/03\/It%C2%B4s-Ronda.png?fit=848%2C1200&ssl=1&resize=700%2C400 2x"},"classes":[]}],"jetpack_sharing_enabled":true,"_links":{"self":[{"href":"https:\/\/cepronda.com\/blog\/wp-json\/wp\/v2\/posts\/5906","targetHints":{"allow":["GET"]}}],"collection":[{"href":"https:\/\/cepronda.com\/blog\/wp-json\/wp\/v2\/posts"}],"about":[{"href":"https:\/\/cepronda.com\/blog\/wp-json\/wp\/v2\/types\/post"}],"author":[{"embeddable":true,"href":"https:\/\/cepronda.com\/blog\/wp-json\/wp\/v2\/users\/9"}],"replies":[{"embeddable":true,"href":"https:\/\/cepronda.com\/blog\/wp-json\/wp\/v2\/comments?post=5906"}],"version-history":[{"count":1,"href":"https:\/\/cepronda.com\/blog\/wp-json\/wp\/v2\/posts\/5906\/revisions"}],"predecessor-version":[{"id":5908,"href":"https:\/\/cepronda.com\/blog\/wp-json\/wp\/v2\/posts\/5906\/revisions\/5908"}],"wp:featuredmedia":[{"embeddable":true,"href":"https:\/\/cepronda.com\/blog\/wp-json\/wp\/v2\/media\/5907"}],"wp:attachment":[{"href":"https:\/\/cepronda.com\/blog\/wp-json\/wp\/v2\/media?parent=5906"}],"wp:term":[{"taxonomy":"category","embeddable":true,"href":"https:\/\/cepronda.com\/blog\/wp-json\/wp\/v2\/categories?post=5906"},{"taxonomy":"post_tag","embeddable":true,"href":"https:\/\/cepronda.com\/blog\/wp-json\/wp\/v2\/tags?post=5906"}],"curies":[{"name":"wp","href":"https:\/\/api.w.org\/{rel}","templated":true}]}}