{"id":5891,"date":"2023-03-31T13:10:02","date_gmt":"2023-03-31T11:10:02","guid":{"rendered":"https:\/\/cepronda.com\/blog\/?p=5891"},"modified":"2025-04-28T12:04:59","modified_gmt":"2025-04-28T10:04:59","slug":"una-direccion-para-ilusionarte","status":"publish","type":"post","link":"https:\/\/cepronda.com\/blog\/una-direccion-para-ilusionarte\/","title":{"rendered":"UNA DIRECCI\u00d3N PARA ILUSIONARTE"},"content":{"rendered":"<div class=\"\" data-block=\"true\" data-editor=\"75o64\" data-offset-key=\"99i74-0-0\">\n<div class=\"_1mf _1mj\" data-offset-key=\"99i74-0-0\" data-auto-logging-id=\"fe0da0b0b19064\"><span data-offset-key=\"99i74-0-0\">Abierto el plazo de inscripciones de la Jornada a nivel Regional \u00abUna direcci\u00f3n para ilusionarte\u00bb. Del 30 de marzo al 18 de abril de 2023.<\/span><\/div>\n<\/div>\n<div class=\"\" data-block=\"true\" data-editor=\"75o64\" data-offset-key=\"dvk9i-0-0\">\n<div class=\"_1mf _1mj\" data-offset-key=\"dvk9i-0-0\"><span data-offset-key=\"dvk9i-0-0\">&nbsp;<\/span><\/div>\n<\/div>\n<div class=\"\" data-block=\"true\" data-editor=\"75o64\" data-offset-key=\"e92bq-0-0\">\n<div class=\"_1mf _1mj\" data-offset-key=\"e92bq-0-0\"><span data-offset-key=\"e92bq-0-0\">Actividad organizada junto con ASADIPRE \u00b7 Asociaci\u00f3n Andaluza de Directores y Directoras de Centros de Infantil, Primaria y Residencias Escolares.<\/span><\/div>\n<\/div>\n<div class=\"\" data-block=\"true\" data-editor=\"75o64\" data-offset-key=\"cs46f-0-0\">\n<div class=\"_1mf _1mj\" data-offset-key=\"cs46f-0-0\"><span data-offset-key=\"cs46f-0-0\">&nbsp;<\/span><\/div>\n<\/div>\n<div class=\"\" data-block=\"true\" data-editor=\"75o64\" data-offset-key=\"104k4-0-0\">\n<div class=\"_1mf _1mj\" data-offset-key=\"104k4-0-0\" data-auto-logging-id=\"f10aa2c09915df\"><span data-offset-key=\"104k4-0-0\">Las Jornadas tienen como objetivo fundamental acercar a las direcciones de los centros a la adecuada gesti\u00f3n de grupos y al desarrollo de un liderazgo emocional de los Claustros.<\/span><\/div>\n<\/div>\n<div class=\"\" data-block=\"true\" data-editor=\"75o64\" data-offset-key=\"5qlq3-0-0\">\n<div class=\"_1mf _1mj\" data-offset-key=\"5qlq3-0-0\"><span data-offset-key=\"5qlq3-0-0\">&nbsp;<\/span><\/div>\n<\/div>\n<div class=\"\" data-block=\"true\" data-editor=\"75o64\" data-offset-key=\"58t4n-0-0\">\n<div class=\"_1mf _1mj\" data-offset-key=\"58t4n-0-0\"><span data-offset-key=\"58t4n-0-0\">Fechas de realizaci\u00f3n: 18 y 19 de mayo. Rectorado de la Universidad de Sevilla.<\/span><\/div>\n<\/div>\n<div class=\"\" data-block=\"true\" data-editor=\"75o64\" data-offset-key=\"fe8da-0-0\">\n<div class=\"_1mf _1mj\" data-offset-key=\"fe8da-0-0\"><span data-offset-key=\"fe8da-0-0\">&nbsp;<\/span><\/div>\n<\/div>\n<div class=\"\" data-block=\"true\" data-editor=\"75o64\" data-offset-key=\"7rsll-0-0\">\n<div class=\"_1mf _1mj\" data-offset-key=\"7rsll-0-0\" data-auto-logging-id=\"f13a0676b090fec\"><span data-offset-key=\"7rsll-0-0\">Para m\u00e1s informaci\u00f3n e inscripciones:<\/span><\/div>\n<\/div>\n<div class=\"\" data-block=\"true\" data-editor=\"75o64\" data-offset-key=\"dvhui-0-0\">\n<div class=\"_1mf _1mj\" data-offset-key=\"dvhui-0-0\"><a href=\"https:\/\/www.juntadeandalucia.es\/educacion\/secretariavirtual\/consultaCEP\/actividad\/234128EP055\/\"><span data-offset-key=\"dvhui-0-0\">https:\/\/www.juntadeandalucia.es\/educacion\/secretariavirtual\/consultaCEP\/actividad\/234128EP055\/<\/span><\/a><\/div>\n<div data-offset-key=\"dvhui-0-0\">&nbsp;<\/div>\n<div class=\"_1mf _1mj\" data-offset-key=\"dvhui-0-0\"><img data-recalc-dims=\"1\" loading=\"lazy\" decoding=\"async\" class=\"wp-image-5892 aligncenter\" style=\"font-weight: inherit;\" src=\"https:\/\/i0.wp.com\/cepronda.com\/blog\/wp-content\/uploads\/2023\/03\/DIFUSION-TWITER-4.png?resize=393%2C221&#038;ssl=1\" alt=\"\" width=\"393\" height=\"221\" srcset=\"https:\/\/i0.wp.com\/cepronda.com\/blog\/wp-content\/uploads\/2023\/03\/DIFUSION-TWITER-4.png?resize=300%2C169&amp;ssl=1 300w, https:\/\/i0.wp.com\/cepronda.com\/blog\/wp-content\/uploads\/2023\/03\/DIFUSION-TWITER-4.png?w=400&amp;ssl=1 400w\" sizes=\"auto, (max-width: 393px) 100vw, 393px\" \/><\/div>\n<\/div>\n<div class=\"\" data-block=\"true\" data-editor=\"75o64\" data-offset-key=\"afr9e-0-0\">&nbsp;<\/div>\n","protected":false},"excerpt":{"rendered":"<p>Abierto el plazo de inscripciones de la Jornada a nivel Regional \u00abUna direcci\u00f3n para ilusionarte\u00bb. Del 30 de marzo al 18 de abril de 2023. &nbsp; Actividad organizada junto con ASADIPRE \u00b7 Asociaci\u00f3n Andaluza de Directores y Directoras de Centros de Infantil, Primaria y Residencias Escolares. &nbsp; Las Jornadas tienen como objetivo fundamental acercar a [&hellip;]<\/p>\n","protected":false},"author":13,"featured_media":0,"comment_status":"closed","ping_status":"open","sticky":false,"template":"","format":"standard","meta":{"_crdt_document":"","advanced_seo_description":"","jetpack_seo_html_title":"","jetpack_seo_noindex":false,"jetpack_post_was_ever_published":false,"_jetpack_newsletter_access":"","_jetpack_dont_email_post_to_subs":false,"_jetpack_newsletter_tier_id":0,"_jetpack_memberships_contains_paywalled_content":false,"_jetpack_memberships_contains_paid_content":false,"footnotes":"","jetpack_publicize_message":"","jetpack_publicize_feature_enabled":true,"jetpack_social_post_already_shared":false,"jetpack_social_options":{"image_generator_settings":{"template":"highway","default_image_id":0,"font":"","enabled":false},"version":2}},"categories":[3],"tags":[32],"class_list":{"0":"post-5891","1":"post","2":"type-post","3":"status-publish","4":"format-standard","6":"category-formaciones","7":"tag-funcion-directiva","8":"czr-hentry"},"jetpack_publicize_connections":[],"jetpack_featured_media_url":"","jetpack_shortlink":"https:\/\/wp.me\/p8M4X7-1x1","jetpack-related-posts":[{"id":3622,"url":"https:\/\/cepronda.com\/blog\/convocatoria-para-la-provision-de-plazas-vacantes-de-direccion-y-asesorias-en-centros-del-profesorado\/","url_meta":{"origin":5891,"position":0},"title":"Convocatoria para la provisi\u00f3n de plazas vacantes de direcci\u00f3n y asesor\u00edas en Centros del Profesorado","author":"V\u00edctor Caballero","date":"9 junio, 2020","format":false,"excerpt":"Muy buenas familia, Como sab\u00e9is el curso pr\u00f3ximo queda una vacante en el CEP de Ronda en cuanto a asesor\u00edas de formaci\u00f3n. Se acaba de publicar la resoluci\u00f3n, tanto al de asesor\u00edas como la de direcci\u00f3n. Os animamos a participar en la convocatoria de asesor\u00eda de nuestro CEP. Convocatorias Asesor\u00edas\u2026","rel":"","context":"En \u00abFormaciones\u00bb","block_context":{"text":"Formaciones","link":"https:\/\/cepronda.com\/blog\/category\/formaciones\/"},"img":{"alt_text":"","src":"https:\/\/i0.wp.com\/cepronda.com\/blog\/wp-content\/uploads\/2020\/03\/Logo_twitter_cep_ronda-INSTITUCIONAL-estrecho.jpg?fit=349%2C527&ssl=1&resize=350%2C200","width":350,"height":200},"classes":[]},{"id":5954,"url":"https:\/\/cepronda.com\/blog\/jornadas-provinciales-nuevos-retos-y-enfoques-para-una-direccion-de-exito\/","url_meta":{"origin":5891,"position":1},"title":"JORNADAS PROVINCIALES \u00abNUEVOS RETOS Y ENFOQUES PARA UNA DIRECCI\u00d3N DE \u00c9XITO\u00bb","author":"Mamen Moreno","date":"21 abril, 2023","format":false,"excerpt":"Se encuentra abierto el plazo de inscripci\u00f3n para las Jornadas Provinciales de Directores y Directoras \"NUEVOS RETOS Y ENFOQUES PARA UNA DIRECCI\u00d3N DE \u00c9XITO\" Inscripci\u00f3n: desde 20 de abril a 19 de mayo Fecha: 1 de junio Lugar: Facultad de Ciencias de la Educaci\u00f3n (UMA) Duraci\u00f3n: 8 horas M\u00e1s informaci\u00f3n\u2026","rel":"","context":"En \u00abNoticias\u00bb","block_context":{"text":"Noticias","link":"https:\/\/cepronda.com\/blog\/category\/noticias\/"},"img":{"alt_text":"","src":"https:\/\/i0.wp.com\/cepronda.com\/blog\/wp-content\/uploads\/2023\/04\/WhatsApp-Image-2023-04-20-at-17.21.58.jpeg?fit=1080%2C1080&ssl=1&resize=350%2C200","width":350,"height":200,"srcset":"https:\/\/i0.wp.com\/cepronda.com\/blog\/wp-content\/uploads\/2023\/04\/WhatsApp-Image-2023-04-20-at-17.21.58.jpeg?fit=1080%2C1080&ssl=1&resize=350%2C200 1x, https:\/\/i0.wp.com\/cepronda.com\/blog\/wp-content\/uploads\/2023\/04\/WhatsApp-Image-2023-04-20-at-17.21.58.jpeg?fit=1080%2C1080&ssl=1&resize=525%2C300 1.5x, https:\/\/i0.wp.com\/cepronda.com\/blog\/wp-content\/uploads\/2023\/04\/WhatsApp-Image-2023-04-20-at-17.21.58.jpeg?fit=1080%2C1080&ssl=1&resize=700%2C400 2x, https:\/\/i0.wp.com\/cepronda.com\/blog\/wp-content\/uploads\/2023\/04\/WhatsApp-Image-2023-04-20-at-17.21.58.jpeg?fit=1080%2C1080&ssl=1&resize=1050%2C600 3x"},"classes":[]},{"id":9259,"url":"https:\/\/cepronda.com\/blog\/jornadas-provinciales-asadipre-genesis-de-la-direccion-escolar\/","url_meta":{"origin":5891,"position":2},"title":"JORNADAS PROVINCIALES ASADIPRE: G\u00c9NESIS DE LA DIRECCI\u00d3N ESCOLAR","author":"Inmaculada Garc\u00eda","date":"27 enero, 2026","format":false,"excerpt":"En breve se abre el plazo de inscripci\u00f3n a las jornadas provinciales: JORNADAS PROVINCIALES ASADIPRE: G\u00c9NESIS DE LA DIRECCI\u00d3N ESCOLAR, c\u00f3digo: 262924GE003. Actividad presencial con una dedicaci\u00f3n de 8h, dirigida a Equipos Directivos. Las jornadas tendr\u00e1n lugar en el Palacio de Ferias y Congresos Convento de Santo Domingo en Ronda,\u2026","rel":"","context":"En \u00abFormaciones\u00bb","block_context":{"text":"Formaciones","link":"https:\/\/cepronda.com\/blog\/category\/formaciones\/"},"img":{"alt_text":"","src":"https:\/\/i0.wp.com\/cepronda.com\/blog\/wp-content\/uploads\/2026\/01\/jornadas-provinciales-de-asadipre-malaga.jpg?fit=960%2C1200&ssl=1&resize=350%2C200","width":350,"height":200,"srcset":"https:\/\/i0.wp.com\/cepronda.com\/blog\/wp-content\/uploads\/2026\/01\/jornadas-provinciales-de-asadipre-malaga.jpg?fit=960%2C1200&ssl=1&resize=350%2C200 1x, https:\/\/i0.wp.com\/cepronda.com\/blog\/wp-content\/uploads\/2026\/01\/jornadas-provinciales-de-asadipre-malaga.jpg?fit=960%2C1200&ssl=1&resize=525%2C300 1.5x, https:\/\/i0.wp.com\/cepronda.com\/blog\/wp-content\/uploads\/2026\/01\/jornadas-provinciales-de-asadipre-malaga.jpg?fit=960%2C1200&ssl=1&resize=700%2C400 2x"},"classes":[]},{"id":5818,"url":"https:\/\/cepronda.com\/blog\/xxiii-jornadas-regionales-de-directores-y-directoras-de-instituto-por-una-direccion-competente-para-la-escuela-del-futuro\/","url_meta":{"origin":5891,"position":3},"title":"XXIII JORNADAS REGIONALES DE DIRECTORES Y DIRECTORAS DE INSTITUTO: POR UNA DIRECCI\u00d3N COMPETENTE PARA LA ESCUELA DEL FUTURO","author":"Inmaculada Garc\u00eda","date":"8 marzo, 2023","format":false,"excerpt":"Se convoca la actividad formativa Regional\u00a0 \u201cXXIII JORNADAS REGIONALES DE DIRECTORES Y DIRECTORAS DE INSTITUTO: POR UNA DIRECCI\u00d3N COMPETENTE PARA LA ESCUELA DEL FUTURO\u201d con c\u00f3digo 239904DI012, dirigida a directores y directoras de Institutos de Ense\u00f1anza Secundaria p\u00fablicos de la Comunidad Andaluza. Formaci\u00f3n presencial de 10 horas de duraci\u00f3n. Plazo\u2026","rel":"","context":"En \u00abNoticias\u00bb","block_context":{"text":"Noticias","link":"https:\/\/cepronda.com\/blog\/category\/noticias\/"},"img":{"alt_text":"","src":"","width":0,"height":0},"classes":[]},{"id":3146,"url":"https:\/\/cepronda.com\/blog\/jornadas-regionales-sobre-seleccion-y-evaluacion-de-la-direccion-escolar\/","url_meta":{"origin":5891,"position":4},"title":"JORNADAS REGIONALES SOBRE SELECCI\u00d3N Y EVALUACI\u00d3N DE LA DIRECCI\u00d3N ESCOLAR","author":"V\u00edctor Caballero","date":"18 noviembre, 2019","format":false,"excerpt":"Muy buenas comenzamos la semana compartiendo con las directoras y directores de los centros de nuestra zona esta actividad regional, que tendr\u00e1 lugar el pr\u00f3ximo 27 de noviembre en el CEP de Sevilla, y que creemos puede ser de vuestro inter\u00e9s. Os dejamos con el enlace a las mismas, por\u2026","rel":"","context":"En \u00abFormaciones\u00bb","block_context":{"text":"Formaciones","link":"https:\/\/cepronda.com\/blog\/category\/formaciones\/"},"img":{"alt_text":"","src":"https:\/\/i0.wp.com\/cepronda.com\/blog\/wp-content\/uploads\/2019\/11\/success-2081168_1280.jpg?fit=1200%2C675&ssl=1&resize=350%2C200","width":350,"height":200,"srcset":"https:\/\/i0.wp.com\/cepronda.com\/blog\/wp-content\/uploads\/2019\/11\/success-2081168_1280.jpg?fit=1200%2C675&ssl=1&resize=350%2C200 1x, https:\/\/i0.wp.com\/cepronda.com\/blog\/wp-content\/uploads\/2019\/11\/success-2081168_1280.jpg?fit=1200%2C675&ssl=1&resize=525%2C300 1.5x, https:\/\/i0.wp.com\/cepronda.com\/blog\/wp-content\/uploads\/2019\/11\/success-2081168_1280.jpg?fit=1200%2C675&ssl=1&resize=700%2C400 2x, https:\/\/i0.wp.com\/cepronda.com\/blog\/wp-content\/uploads\/2019\/11\/success-2081168_1280.jpg?fit=1200%2C675&ssl=1&resize=1050%2C600 3x"},"classes":[]},{"id":3149,"url":"https:\/\/cepronda.com\/blog\/curso-extraordinario-de-actualizacion-de-competencias-directivas\/","url_meta":{"origin":5891,"position":5},"title":"Curso extraordinario de actualizaci\u00f3n de competencias directivas","author":"V\u00edctor Caballero","date":"18 noviembre, 2019","format":false,"excerpt":"\u00a1Hola de nuevo! El pasado viernes se public\u00f3 una Resoluci\u00f3n, de la Direcci\u00f3n General de Formaci\u00f3n del Profesorado e Innovaci\u00f3n Educativa, por la que se convoca curso extraordinario de actualizaci\u00f3n de competencias directivas sobre el desarrollo de la funci\u00f3n directiva establecido en el art\u00edculo 1 del Real Decreto 894\/2014, de\u2026","rel":"","context":"En \u00abFormaciones\u00bb","block_context":{"text":"Formaciones","link":"https:\/\/cepronda.com\/blog\/category\/formaciones\/"},"img":{"alt_text":"","src":"https:\/\/i0.wp.com\/cepronda.com\/blog\/wp-content\/uploads\/2019\/05\/logo-nuevo.jpg?fit=531%2C342&ssl=1&resize=350%2C200","width":350,"height":200,"srcset":"https:\/\/i0.wp.com\/cepronda.com\/blog\/wp-content\/uploads\/2019\/05\/logo-nuevo.jpg?fit=531%2C342&ssl=1&resize=350%2C200 1x, https:\/\/i0.wp.com\/cepronda.com\/blog\/wp-content\/uploads\/2019\/05\/logo-nuevo.jpg?fit=531%2C342&ssl=1&resize=525%2C300 1.5x"},"classes":[]}],"jetpack_sharing_enabled":true,"_links":{"self":[{"href":"https:\/\/cepronda.com\/blog\/wp-json\/wp\/v2\/posts\/5891","targetHints":{"allow":["GET"]}}],"collection":[{"href":"https:\/\/cepronda.com\/blog\/wp-json\/wp\/v2\/posts"}],"about":[{"href":"https:\/\/cepronda.com\/blog\/wp-json\/wp\/v2\/types\/post"}],"author":[{"embeddable":true,"href":"https:\/\/cepronda.com\/blog\/wp-json\/wp\/v2\/users\/13"}],"replies":[{"embeddable":true,"href":"https:\/\/cepronda.com\/blog\/wp-json\/wp\/v2\/comments?post=5891"}],"version-history":[{"count":1,"href":"https:\/\/cepronda.com\/blog\/wp-json\/wp\/v2\/posts\/5891\/revisions"}],"predecessor-version":[{"id":5893,"href":"https:\/\/cepronda.com\/blog\/wp-json\/wp\/v2\/posts\/5891\/revisions\/5893"}],"wp:attachment":[{"href":"https:\/\/cepronda.com\/blog\/wp-json\/wp\/v2\/media?parent=5891"}],"wp:term":[{"taxonomy":"category","embeddable":true,"href":"https:\/\/cepronda.com\/blog\/wp-json\/wp\/v2\/categories?post=5891"},{"taxonomy":"post_tag","embeddable":true,"href":"https:\/\/cepronda.com\/blog\/wp-json\/wp\/v2\/tags?post=5891"}],"curies":[{"name":"wp","href":"https:\/\/api.w.org\/{rel}","templated":true}]}}