{"id":5885,"date":"2023-03-28T11:50:42","date_gmt":"2023-03-28T09:50:42","guid":{"rendered":"https:\/\/cepronda.com\/blog\/?p=5885"},"modified":"2025-04-28T12:15:40","modified_gmt":"2025-04-28T10:15:40","slug":"5885-2","status":"publish","type":"post","link":"https:\/\/cepronda.com\/blog\/5885-2\/","title":{"rendered":"KIT DE HERRAMIENTAS DIGITALES PARA CENTROS RURALES Y AULAS MULTINIVEL (232924GE046)"},"content":{"rendered":"<p><span data-offset-key=\"9tvma-1-0\">Se encuentra abierto<\/span><span data-offset-key=\"9tvma-2-0\"> el plazo de inscripci\u00f3n del <strong>CURSO PROVINCIAL A DISTANCIA: KIT DE HERRAMIENTAS DIGITALES PARA CENTROS RURALES Y AULAS MULTINIVEL<\/strong>&nbsp;(232924GE046)<\/span><\/p>\n<p><span data-offset-key=\"9tvma-2-0\">M\u00e1s informaci\u00f3n e inscripci\u00f3n: <a href=\"https:\/\/www.juntadeandalucia.es\/educacion\/secretariavirtual\/consultaCEP\/actividad\/232924GE046\/\">https:\/\/www.juntadeandalucia.es\/educacion\/secretariavirtual\/consultaCEP\/actividad\/232924GE046\/<\/a><\/span><\/p>\n<p><span data-offset-key=\"9tvma-4-0\"><strong>Fechas de inscripci\u00f3n:<\/strong> 28\/03\/2023 hasta 12\/04\/2023<\/span><\/p>\n<p><span data-offset-key=\"9tvma-4-0\"><strong>Fecha actividad:<\/strong> 18\/04\/2023 hasta 30\/05\/2023<\/span><\/p>\n<p><img data-recalc-dims=\"1\" loading=\"lazy\" decoding=\"async\" class=\"size-medium wp-image-5959 aligncenter\" src=\"https:\/\/i0.wp.com\/cepronda.com\/blog\/wp-content\/uploads\/2023\/03\/PROVINCIAL-3.jpg?resize=212%2C300&#038;ssl=1\" alt=\"\" width=\"212\" height=\"300\" srcset=\"https:\/\/i0.wp.com\/cepronda.com\/blog\/wp-content\/uploads\/2023\/03\/PROVINCIAL-3.jpg?resize=212%2C300&amp;ssl=1 212w, https:\/\/i0.wp.com\/cepronda.com\/blog\/wp-content\/uploads\/2023\/03\/PROVINCIAL-3.jpg?resize=724%2C1024&amp;ssl=1 724w, https:\/\/i0.wp.com\/cepronda.com\/blog\/wp-content\/uploads\/2023\/03\/PROVINCIAL-3.jpg?resize=768%2C1086&amp;ssl=1 768w, https:\/\/i0.wp.com\/cepronda.com\/blog\/wp-content\/uploads\/2023\/03\/PROVINCIAL-3.jpg?resize=1086%2C1536&amp;ssl=1 1086w, https:\/\/i0.wp.com\/cepronda.com\/blog\/wp-content\/uploads\/2023\/03\/PROVINCIAL-3.jpg?w=1414&amp;ssl=1 1414w\" sizes=\"auto, (max-width: 212px) 100vw, 212px\" \/><\/p>\n","protected":false},"excerpt":{"rendered":"<p>Se encuentra abierto el plazo de inscripci\u00f3n del CURSO PROVINCIAL A DISTANCIA: KIT DE HERRAMIENTAS DIGITALES PARA CENTROS RURALES Y AULAS MULTINIVEL&nbsp;(232924GE046) M\u00e1s informaci\u00f3n e inscripci\u00f3n: https:\/\/www.juntadeandalucia.es\/educacion\/secretariavirtual\/consultaCEP\/actividad\/232924GE046\/ Fechas de inscripci\u00f3n: 28\/03\/2023 hasta 12\/04\/2023 Fecha actividad: 18\/04\/2023 hasta 30\/05\/2023<\/p>\n","protected":false},"author":13,"featured_media":5959,"comment_status":"closed","ping_status":"open","sticky":false,"template":"","format":"standard","meta":{"_crdt_document":"","advanced_seo_description":"","jetpack_seo_html_title":"","jetpack_seo_noindex":false,"jetpack_post_was_ever_published":false,"_jetpack_newsletter_access":"","_jetpack_dont_email_post_to_subs":false,"_jetpack_newsletter_tier_id":0,"_jetpack_memberships_contains_paywalled_content":false,"_jetpack_memberships_contains_paid_content":false,"footnotes":"","jetpack_publicize_message":"","jetpack_publicize_feature_enabled":true,"jetpack_social_post_already_shared":false,"jetpack_social_options":{"image_generator_settings":{"template":"highway","default_image_id":0,"font":"","enabled":false},"version":2}},"categories":[3,5],"tags":[],"class_list":{"0":"post-5885","1":"post","2":"type-post","3":"status-publish","4":"format-standard","5":"has-post-thumbnail","7":"category-formaciones","8":"category-noticias","9":"czr-hentry"},"jetpack_publicize_connections":[],"jetpack_featured_media_url":"https:\/\/i0.wp.com\/cepronda.com\/blog\/wp-content\/uploads\/2023\/03\/PROVINCIAL-3.jpg?fit=1414%2C2000&ssl=1","jetpack_shortlink":"https:\/\/wp.me\/p8M4X7-1wV","jetpack-related-posts":[{"id":6046,"url":"https:\/\/cepronda.com\/blog\/ii-kit-de-herramientas-digitales-para-centros-rurales-y-aulas-multinivel\/","url_meta":{"origin":5885,"position":0},"title":"II KIT DE HERRAMIENTAS DIGITALES PARA CENTROS RURALES Y AULAS MULTINIVEL","author":"Mamen Moreno","date":"14 septiembre, 2023","format":false,"excerpt":"Abierto el plazo de inscripci\u00f3n para el curso online provincial II KIT DE HERRAMIENTAS DIGITALES PARA CENTROS RURALES Y AULAS MULTINIVEL con c\u00f3digo 242924GE006 \u00a0 Dirigida al\u00a0Profesorado de Centro Rurales\u00a0 Fechas de inscripci\u00f3n: 14\/09\/2023 hasta 27\/09\/2023 Fecha actividad:\u00a0 3 de octubre hasta el 13 de noviembre Lugar de realizaci\u00f3n: AVFP\u2026","rel":"","context":"En \u00abFormaciones\u00bb","block_context":{"text":"Formaciones","link":"https:\/\/cepronda.com\/blog\/category\/formaciones\/"},"img":{"alt_text":"","src":"https:\/\/i0.wp.com\/cepronda.com\/blog\/wp-content\/uploads\/2023\/09\/Diseno-sin-titulo-2.jpg?fit=1080%2C1080&ssl=1&resize=350%2C200","width":350,"height":200,"srcset":"https:\/\/i0.wp.com\/cepronda.com\/blog\/wp-content\/uploads\/2023\/09\/Diseno-sin-titulo-2.jpg?fit=1080%2C1080&ssl=1&resize=350%2C200 1x, https:\/\/i0.wp.com\/cepronda.com\/blog\/wp-content\/uploads\/2023\/09\/Diseno-sin-titulo-2.jpg?fit=1080%2C1080&ssl=1&resize=525%2C300 1.5x, https:\/\/i0.wp.com\/cepronda.com\/blog\/wp-content\/uploads\/2023\/09\/Diseno-sin-titulo-2.jpg?fit=1080%2C1080&ssl=1&resize=700%2C400 2x, https:\/\/i0.wp.com\/cepronda.com\/blog\/wp-content\/uploads\/2023\/09\/Diseno-sin-titulo-2.jpg?fit=1080%2C1080&ssl=1&resize=1050%2C600 3x"},"classes":[]},{"id":7765,"url":"https:\/\/cepronda.com\/blog\/herramientas-de-gestion-de-la-evaluacion-competencial-del-alumnado-en-aulas-multinivel\/","url_meta":{"origin":5885,"position":1},"title":"HERRAMIENTAS DE GESTI\u00d3N DE LA EVALUACI\u00d3N COMPETENCIAL DEL ALUMNADO EN AULAS MULTINIVEL","author":"Mamen Moreno","date":"27 septiembre, 2024","format":false,"excerpt":"Se abre el plazo de inscripci\u00f3n para la actividad presencial \u201cHERRAMIENTAS DE GESTI\u00d3N DE LA EVALUACI\u00d3N COMPETENCIAL DEL ALUMNADO EN AULAS MULTINIVEL\u201d con c\u00f3digo 252924GE011. Duraci\u00f3n de la actividad: 12 horas. 9 horas presenciales y 3 horas de tareas. Fecha de inscripci\u00f3n: 27\/09\/2024 hasta 10\/10\/2024 Fecha de la actividad: 15,\u2026","rel":"","context":"En \u00abFormaciones\u00bb","block_context":{"text":"Formaciones","link":"https:\/\/cepronda.com\/blog\/category\/formaciones\/"},"img":{"alt_text":"","src":"https:\/\/i0.wp.com\/cepronda.com\/blog\/wp-content\/uploads\/2024\/09\/Physical-Assessment.jpg?fit=1080%2C1080&ssl=1&resize=350%2C200","width":350,"height":200,"srcset":"https:\/\/i0.wp.com\/cepronda.com\/blog\/wp-content\/uploads\/2024\/09\/Physical-Assessment.jpg?fit=1080%2C1080&ssl=1&resize=350%2C200 1x, https:\/\/i0.wp.com\/cepronda.com\/blog\/wp-content\/uploads\/2024\/09\/Physical-Assessment.jpg?fit=1080%2C1080&ssl=1&resize=525%2C300 1.5x, https:\/\/i0.wp.com\/cepronda.com\/blog\/wp-content\/uploads\/2024\/09\/Physical-Assessment.jpg?fit=1080%2C1080&ssl=1&resize=700%2C400 2x, https:\/\/i0.wp.com\/cepronda.com\/blog\/wp-content\/uploads\/2024\/09\/Physical-Assessment.jpg?fit=1080%2C1080&ssl=1&resize=1050%2C600 3x"},"classes":[]},{"id":8883,"url":"https:\/\/cepronda.com\/blog\/escuelas-rurales-y-aulas-multinivel-metodologia-programacion-y-evaluacion\/","url_meta":{"origin":5885,"position":2},"title":"ESCUELAS RURALES Y AULAS MULTINIVEL: METODOLOG\u00cdA, PROGRAMACI\u00d3N Y EVALUACI\u00d3N","author":"Mamen Moreno","date":"6 octubre, 2025","format":false,"excerpt":"Se encuentra abierto el plazo de inscripciones para el curso provincial \u201cEscuelas Rurales y Aulas Multinivel: Metodolog\u00eda, Programaci\u00f3n y Evaluaci\u00f3n\u201d, c\u00f3digo 262924GE254 destinado al profesorado de centros rurales y aulas multinivel. Fechas: \u00a05, 12, 19 y 26 de noviembre de 2025Sesiones por videoconferencia:\u00a016:30 a 19:30 hLugar: Sala de videoconferencia Webex\u2026","rel":"","context":"En \u00abFormaciones\u00bb","block_context":{"text":"Formaciones","link":"https:\/\/cepronda.com\/blog\/category\/formaciones\/"},"img":{"alt_text":"","src":"https:\/\/i0.wp.com\/cepronda.com\/blog\/wp-content\/uploads\/2025\/10\/Post-Instagram-Dia-del-Maestro-Verde-1-1.png?fit=960%2C1200&ssl=1&resize=350%2C200","width":350,"height":200,"srcset":"https:\/\/i0.wp.com\/cepronda.com\/blog\/wp-content\/uploads\/2025\/10\/Post-Instagram-Dia-del-Maestro-Verde-1-1.png?fit=960%2C1200&ssl=1&resize=350%2C200 1x, https:\/\/i0.wp.com\/cepronda.com\/blog\/wp-content\/uploads\/2025\/10\/Post-Instagram-Dia-del-Maestro-Verde-1-1.png?fit=960%2C1200&ssl=1&resize=525%2C300 1.5x, https:\/\/i0.wp.com\/cepronda.com\/blog\/wp-content\/uploads\/2025\/10\/Post-Instagram-Dia-del-Maestro-Verde-1-1.png?fit=960%2C1200&ssl=1&resize=700%2C400 2x"},"classes":[]},{"id":5802,"url":"https:\/\/cepronda.com\/blog\/kit-de-herramientas-digitales-para-el-profesorado-i\/","url_meta":{"origin":5885,"position":3},"title":"KIT DE HERRAMIENTAS DIGITALES PARA EL PROFESORADO I","author":"Inmaculada Garc\u00eda","date":"24 febrero, 2023","format":false,"excerpt":"Abierto el plazo de inscripci\u00f3n del CURSO A DISTANCIA: KIT DE HERRAMIENTAS DIGITALES PARA EL PROFESORADO I (232924GE022) M\u00e1s informaci\u00f3n e inscripci\u00f3n: https:\/\/www.juntadeandalucia.es\/educacion\/secretariavirtual\/consultaCEP\/actividad\/232924GE022\/ Fechas de inscripci\u00f3n: 21\/02\/2023 hasta 06\/03\/2023 Fecha actividad: 13\/03\/2023 hasta 21\/04\/2023 \u00a0","rel":"","context":"En \u00abFormaciones\u00bb","block_context":{"text":"Formaciones","link":"https:\/\/cepronda.com\/blog\/category\/formaciones\/"},"img":{"alt_text":"","src":"https:\/\/i0.wp.com\/cepronda.com\/blog\/wp-content\/uploads\/2023\/02\/Colorful-Illustration-Technology-Assists-in-Learning-Poster.png?fit=848%2C1200&ssl=1&resize=350%2C200","width":350,"height":200,"srcset":"https:\/\/i0.wp.com\/cepronda.com\/blog\/wp-content\/uploads\/2023\/02\/Colorful-Illustration-Technology-Assists-in-Learning-Poster.png?fit=848%2C1200&ssl=1&resize=350%2C200 1x, https:\/\/i0.wp.com\/cepronda.com\/blog\/wp-content\/uploads\/2023\/02\/Colorful-Illustration-Technology-Assists-in-Learning-Poster.png?fit=848%2C1200&ssl=1&resize=525%2C300 1.5x, https:\/\/i0.wp.com\/cepronda.com\/blog\/wp-content\/uploads\/2023\/02\/Colorful-Illustration-Technology-Assists-in-Learning-Poster.png?fit=848%2C1200&ssl=1&resize=700%2C400 2x"},"classes":[]},{"id":4113,"url":"https:\/\/cepronda.com\/blog\/dua-y-ensenanza-multinivel-en-centros-rurales\/","url_meta":{"origin":5885,"position":4},"title":"DUA Y ENSE\u00d1ANZA MULTINIVEL EN CENTROS RURALES.","author":"Inmaculada Garc\u00eda","date":"19 enero, 2021","format":false,"excerpt":"Hola compa\u00f1eros y compa\u00f1eras, os informamos que son los \u00faltimos d\u00edas para realizar vuestra inscripci\u00f3n en la actividad formativa \"DUA Y ENSE\u00d1ANZA MULTINIVEL PARA CENTROS RURALES\". Esta actividad forma parte de nuestro I ITINERARIO FORMATIVO PARA CENTROS RURALES y nos acercar\u00e1 a una metodolog\u00eda id\u00f3nea tanto para grupos multinivel como\u2026","rel":"","context":"En \u00abNoticias\u00bb","block_context":{"text":"Noticias","link":"https:\/\/cepronda.com\/blog\/category\/noticias\/"},"img":{"alt_text":"","src":"https:\/\/i0.wp.com\/cepronda.com\/blog\/wp-content\/uploads\/2021\/01\/dua-y-ens-multinivel.jpg?fit=848%2C1200&ssl=1&resize=350%2C200","width":350,"height":200,"srcset":"https:\/\/i0.wp.com\/cepronda.com\/blog\/wp-content\/uploads\/2021\/01\/dua-y-ens-multinivel.jpg?fit=848%2C1200&ssl=1&resize=350%2C200 1x, https:\/\/i0.wp.com\/cepronda.com\/blog\/wp-content\/uploads\/2021\/01\/dua-y-ens-multinivel.jpg?fit=848%2C1200&ssl=1&resize=525%2C300 1.5x, https:\/\/i0.wp.com\/cepronda.com\/blog\/wp-content\/uploads\/2021\/01\/dua-y-ens-multinivel.jpg?fit=848%2C1200&ssl=1&resize=700%2C400 2x"},"classes":[]},{"id":6013,"url":"https:\/\/cepronda.com\/blog\/kit-de-herramientas-digitales-para-el-profesorado-ii-232924ge043\/","url_meta":{"origin":5885,"position":5},"title":"KIT DE HERRAMIENTAS DIGITALES PARA EL PROFESORADO II (232924GE043)","author":"Inmaculada Garc\u00eda","date":"17 abril, 2023","format":false,"excerpt":"Abierto el plazo de inscripci\u00f3n del CURSO A DISTANCIA: KIT DE HERRAMIENTAS DIGITALES PARA EL PROFESORADO II (232924GE043). Curso a distancia en el Aula Virtual del Profesorado, con una duraci\u00f3n de 30h. M\u00e1s informaci\u00f3n e inscripci\u00f3n: https:\/\/www.juntadeandalucia.es\/educacion\/secretariavirtual\/consultaCEP\/actividad\/232924GE043\/ Fecha actividad:\u00a004\/05\/2023 hasta 23\/06\/2023 Fecha inscripci\u00f3n:\u00a017\/04\/2023 hasta 26\/04\/2023 \u00a0","rel":"","context":"En \u00abFormaciones\u00bb","block_context":{"text":"Formaciones","link":"https:\/\/cepronda.com\/blog\/category\/formaciones\/"},"img":{"alt_text":"","src":"https:\/\/i0.wp.com\/cepronda.com\/blog\/wp-content\/uploads\/2023\/02\/Colorful-Illustration-Technology-Assists-in-Learning-Poster.jpg?fit=848%2C1200&ssl=1&resize=350%2C200","width":350,"height":200,"srcset":"https:\/\/i0.wp.com\/cepronda.com\/blog\/wp-content\/uploads\/2023\/02\/Colorful-Illustration-Technology-Assists-in-Learning-Poster.jpg?fit=848%2C1200&ssl=1&resize=350%2C200 1x, https:\/\/i0.wp.com\/cepronda.com\/blog\/wp-content\/uploads\/2023\/02\/Colorful-Illustration-Technology-Assists-in-Learning-Poster.jpg?fit=848%2C1200&ssl=1&resize=525%2C300 1.5x, https:\/\/i0.wp.com\/cepronda.com\/blog\/wp-content\/uploads\/2023\/02\/Colorful-Illustration-Technology-Assists-in-Learning-Poster.jpg?fit=848%2C1200&ssl=1&resize=700%2C400 2x"},"classes":[]}],"jetpack_sharing_enabled":true,"_links":{"self":[{"href":"https:\/\/cepronda.com\/blog\/wp-json\/wp\/v2\/posts\/5885","targetHints":{"allow":["GET"]}}],"collection":[{"href":"https:\/\/cepronda.com\/blog\/wp-json\/wp\/v2\/posts"}],"about":[{"href":"https:\/\/cepronda.com\/blog\/wp-json\/wp\/v2\/types\/post"}],"author":[{"embeddable":true,"href":"https:\/\/cepronda.com\/blog\/wp-json\/wp\/v2\/users\/13"}],"replies":[{"embeddable":true,"href":"https:\/\/cepronda.com\/blog\/wp-json\/wp\/v2\/comments?post=5885"}],"version-history":[{"count":5,"href":"https:\/\/cepronda.com\/blog\/wp-json\/wp\/v2\/posts\/5885\/revisions"}],"predecessor-version":[{"id":5960,"href":"https:\/\/cepronda.com\/blog\/wp-json\/wp\/v2\/posts\/5885\/revisions\/5960"}],"wp:featuredmedia":[{"embeddable":true,"href":"https:\/\/cepronda.com\/blog\/wp-json\/wp\/v2\/media\/5959"}],"wp:attachment":[{"href":"https:\/\/cepronda.com\/blog\/wp-json\/wp\/v2\/media?parent=5885"}],"wp:term":[{"taxonomy":"category","embeddable":true,"href":"https:\/\/cepronda.com\/blog\/wp-json\/wp\/v2\/categories?post=5885"},{"taxonomy":"post_tag","embeddable":true,"href":"https:\/\/cepronda.com\/blog\/wp-json\/wp\/v2\/tags?post=5885"}],"curies":[{"name":"wp","href":"https:\/\/api.w.org\/{rel}","templated":true}]}}